{"id":224418,"date":"2022-04-20T13:45:56","date_gmt":"2022-04-20T11:45:56","guid":{"rendered":"https:\/\/www.intoscana.it\/it\/?p=224418"},"modified":"2022-04-21T12:35:19","modified_gmt":"2022-04-21T10:35:19","slug":"covid-19-in-toscana-6-564-nuovi-casi-eta-media-44-anni-i-decessi-sono-2","status":"publish","type":"post","link":"https:\/\/www.intoscana.it\/it\/covid-19-in-toscana-6-564-nuovi-casi-eta-media-44-anni-i-decessi-sono-2\/","title":{"rendered":"Covid-19: in Toscana 6.564 nuovi casi, et\u00e0 media 44 anni. I decessi sono 22"},"content":{"rendered":"<p>In Toscana <strong>sono 1.062.018 i casi di positivit\u00e0 al Coronavirus,<\/strong> 6.564 in pi\u00f9 rispetto a ieri (952 confermati con tampone molecolare e 5.612 da test rapido antigenico). I nuovi casi sono lo 0,6% in pi\u00f9 rispetto al totale del giorno precedente. I guariti crescono dello 0,7% e raggiungono quota 1.002.588 (94,4% dei casi totali).<\/p>\n<p>Oggi sono stati eseguiti <strong>4.496 tamponi molecolari e 34.805 tamponi antigenici rapidi<\/strong>, di questi il 16,7% \u00e8 risultato positivo. Sono invece 7.927 i soggetti testati oggi (con tampone antigenico e\/o molecolare, escludendo i tamponi di controllo), di cui l&#8217;82,8% \u00e8 risultato positivo. Gli attualmente positivi sono oggi 49.689, -0,2% rispetto a ieri.<\/p>\n<p>I <strong>ricoverati sono 754<\/strong> (4 in meno rispetto a ieri), di cui 23 in terapia intensiva (6 in meno). Si registrano 22 nuovi decessi: 13 uomini e 9 donne con un&#8217;et\u00e0 media di 82,4 anni (1 a Firenze, 1 a Prato, 2 a Pistoia, 1 a Massa Carrara, 3 a Lucca, 3 a Pisa, 3 a Livorno, 2 a Arezzo, 2 a Siena, 4 a Grosseto).<\/p>\n<p>L&#8217;et\u00e0 media dei 6.564 nuovi positivi odierni \u00e8 di <strong>44 anni circa<\/strong> (17% ha meno di 20 anni, 19% tra 20 e 39 anni, 36% tra 40 e 59 anni, 21% tra 60 e 79 anni, 7% ha 80 anni o pi\u00f9).<\/p>\n<h3>I casi di positivit\u00e0 sul territorio<\/h3>\n<p>Di seguito i casi di positivit\u00e0 sul territorio con la variazione rispetto a ieri (952 confermati con tampone molecolare e 5.612 da test rapido antigenico). Sono 296.814 i casi complessivi ad oggi a Firenze (1.587 in pi\u00f9 rispetto a ieri), 73.756 a Prato (365 in pi\u00f9), 85.524 a Pistoia (532 in pi\u00f9), 51.831 a Massa (435 in pi\u00f9), 111.709 a Lucca (671 in pi\u00f9), 121.311 a Pisa (843 in pi\u00f9), 93.310 a Livorno (657 in pi\u00f9), 97.547 ad Arezzo (547 in pi\u00f9), 73.674 a Siena (546 in pi\u00f9), 55.987 a Grosseto (381 in pi\u00f9). Sono 555 i casi positivi notificati in Toscana, ma residenti in altre regioni.<\/p>\n<p>Sono<strong> 2.573 i casi riscontrati oggi nell&#8217;Asl Centro<\/strong>, 2.517 nella Nord Ovest, 1.474 nella Sud est.<\/p>\n<p>La Toscana si trova <strong>al 7\u00b0 posto in Italia come numerosit\u00e0 di casi<\/strong> (comprensivi di residenti e non residenti), con circa 28.759 casi per 100.000 abitanti (media italiana circa 26.602 per 100.000, dato di ieri). Le province di notifica con il tasso pi\u00f9 alto sono Firenze con 29.728 casi per 100.000 abitanti, Pistoia con 29.466, Lucca con 29.094, la pi\u00f9 bassa Grosseto con 25.700.<\/p>\n<p>Complessivamente, <strong>48.935 persone sono in isolamento a casa,<\/strong> poich\u00e9 presentano sintomi lievi che non richiedono cure ospedaliere, o risultano prive di sintomi (77 in meno rispetto a ieri, meno 0,2%).<\/p>\n<p><strong>Le persone ricoverate sono complessivamente 754<\/strong> (4 in meno rispetto a ieri, meno 0,5%), 23 in terapia intensiva (6 in meno rispetto a ieri, meno 20,7%).<\/p>\n<p><strong>Le persone complessivamente guarite sono 1.002.588<\/strong> (6.623 in pi\u00f9 rispetto a ieri, pi\u00f9 0,7%): 0 persone clinicamente guarite (stabili rispetto a ieri), divenute cio\u00e8 asintomatiche dopo aver presentato manifestazioni cliniche associate all&#8217;infezione e 1.002.588 (6.623 in pi\u00f9 rispetto a ieri, pi\u00f9 0,7%) dichiarate guarite a tutti gli effetti, le cosiddette guarigioni virali, con tampone negativo.<\/p>\n<h3>I decessi<\/h3>\n<p><strong>Sono 9.741 i deceduti dall&#8217;inizio dell&#8217;epidemia<\/strong> cosi ripartiti: 3.067 a Firenze, 815 a Prato, 873 a Pistoia, 637 a Massa Carrara, 912 a Lucca, 1.050 a Pisa, 708 a Livorno, 648 ad Arezzo, 523 a Siena, 378 a Grosseto, 130 persone sono decedute sul suolo toscano ma erano residenti fuori regione.<\/p>\n<p>Il tasso grezzo di mortalit\u00e0 toscano (numero di deceduti\/popolazione residente) per Covid-19 \u00e8 di 263,8 x100.000 residenti contro il 273,3 x100.000 della media italiana (10\u00b0 regione). Per quanto riguarda le province, il tasso di mortalit\u00e0 pi\u00f9 alto si riscontra a Massa Carrara (335,6 per 100.000), Prato (307,2) e Firenze (307,2), il pi\u00f9 basso a Grosseto (173,5).<\/p>\n","protected":false},"excerpt":{"rendered":"<p>Le persone ricoverate sono complessivamente 754 (4 in meno rispetto a ieri), 23 in terapia intensiva (6 in meno rispetto a ieri)<\/p>\n","protected":false},"author":525,"featured_media":211858,"comment_status":"open","ping_status":"open","sticky":false,"template":"","format":"standard","meta":{"_acf_changed":false,"footnotes":""},"categories":[494],"tags":[418],"class_list":["post-224418","post","type-post","status-publish","format-standard","has-post-thumbnail","hentry","category-attualita","tag-covid-19"],"acf":[],"yoast_head":"<!-- This site is optimized with the Yoast SEO Premium plugin v24.2 (Yoast SEO v25.6) - https:\/\/yoast.com\/wordpress\/plugins\/seo\/ -->\n<title>Covid-19: in Toscana 6.564 nuovi casi, et\u00e0 media 44 anni. I decessi sono 22 - intoscana<\/title>\n<meta name=\"description\" content=\"Questi i dati - accertati alle ore 12 di oggi sulla base delle richieste della Protezione Civile relativi all&#039;andamento dell&#039;epidemia\" \/>\n<meta name=\"robots\" content=\"index, follow, max-snippet:-1, max-image-preview:large, max-video-preview:-1\" \/>\n<link rel=\"canonical\" href=\"https:\/\/www.intoscana.it\/it\/covid-19-in-toscana-6-564-nuovi-casi-eta-media-44-anni-i-decessi-sono-2\/\" \/>\n<meta property=\"og:locale\" content=\"it_IT\" \/>\n<meta property=\"og:type\" content=\"article\" \/>\n<meta property=\"og:title\" content=\"Covid-19: in Toscana 6.564 nuovi casi, et\u00e0 media 44 anni. I decessi sono 22\" \/>\n<meta property=\"og:description\" content=\"Questi i dati - accertati alle ore 12 di oggi sulla base delle richieste della Protezione Civile relativi all&#039;andamento dell&#039;epidemia\" \/>\n<meta property=\"og:url\" content=\"https:\/\/www.intoscana.it\/it\/covid-19-in-toscana-6-564-nuovi-casi-eta-media-44-anni-i-decessi-sono-2\/\" \/>\n<meta property=\"og:site_name\" content=\"intoscana\" \/>\n<meta property=\"article:publisher\" content=\"https:\/\/www.facebook.com\/intoscana.it\" \/>\n<meta property=\"article:published_time\" content=\"2022-04-20T11:45:56+00:00\" \/>\n<meta property=\"article:modified_time\" content=\"2022-04-21T10:35:19+00:00\" \/>\n<meta property=\"og:image\" content=\"https:\/\/www.intoscana.it\/wp-content\/uploads\/Ragazza-si-toglie-mascherina-Pille-R.-Priske-Unsplash.jpg\" \/>\n\t<meta property=\"og:image:width\" content=\"1920\" \/>\n\t<meta property=\"og:image:height\" content=\"1280\" \/>\n\t<meta property=\"og:image:type\" content=\"image\/jpeg\" \/>\n<meta name=\"author\" content=\"Redazione\" \/>\n<meta name=\"twitter:card\" content=\"summary_large_image\" \/>\n<meta name=\"twitter:creator\" content=\"@intoscana\" \/>\n<meta name=\"twitter:site\" content=\"@intoscana\" \/>\n<meta name=\"twitter:label1\" content=\"Written by\" \/>\n\t<meta name=\"twitter:data1\" content=\"Redazione\" \/>\n\t<meta name=\"twitter:label2\" content=\"Est. reading time\" \/>\n\t<meta name=\"twitter:data2\" content=\"3 minuti\" \/>\n<script type=\"application\/ld+json\" class=\"yoast-schema-graph\">{\"@context\":\"https:\/\/schema.org\",\"@graph\":[{\"@type\":\"WebPage\",\"@id\":\"https:\/\/www.intoscana.it\/it\/covid-19-in-toscana-6-564-nuovi-casi-eta-media-44-anni-i-decessi-sono-2\/\",\"url\":\"https:\/\/www.intoscana.it\/it\/covid-19-in-toscana-6-564-nuovi-casi-eta-media-44-anni-i-decessi-sono-2\/\",\"name\":\"Covid-19: in Toscana 6.564 nuovi casi, et\u00e0 media 44 anni. I decessi sono 22 - intoscana\",\"isPartOf\":{\"@id\":\"https:\/\/www.intoscana.it\/it\/#website\"},\"primaryImageOfPage\":{\"@id\":\"https:\/\/www.intoscana.it\/it\/covid-19-in-toscana-6-564-nuovi-casi-eta-media-44-anni-i-decessi-sono-2\/#primaryimage\"},\"image\":{\"@id\":\"https:\/\/www.intoscana.it\/it\/covid-19-in-toscana-6-564-nuovi-casi-eta-media-44-anni-i-decessi-sono-2\/#primaryimage\"},\"thumbnailUrl\":\"https:\/\/www.intoscana.it\/wp-content\/uploads\/Ragazza-si-toglie-mascherina-Pille-R.-Priske-Unsplash.jpg\",\"datePublished\":\"2022-04-20T11:45:56+00:00\",\"dateModified\":\"2022-04-21T10:35:19+00:00\",\"author\":{\"@id\":\"https:\/\/www.intoscana.it\/it\/#\/schema\/person\/9223810753230f20bd670fdd322661f8\"},\"description\":\"Questi i dati - accertati alle ore 12 di oggi sulla base delle richieste della Protezione Civile relativi all'andamento dell'epidemia\",\"breadcrumb\":{\"@id\":\"https:\/\/www.intoscana.it\/it\/covid-19-in-toscana-6-564-nuovi-casi-eta-media-44-anni-i-decessi-sono-2\/#breadcrumb\"},\"inLanguage\":\"it-IT\",\"potentialAction\":[{\"@type\":\"ReadAction\",\"target\":[\"https:\/\/www.intoscana.it\/it\/covid-19-in-toscana-6-564-nuovi-casi-eta-media-44-anni-i-decessi-sono-2\/\"]}]},{\"@type\":\"ImageObject\",\"inLanguage\":\"it-IT\",\"@id\":\"https:\/\/www.intoscana.it\/it\/covid-19-in-toscana-6-564-nuovi-casi-eta-media-44-anni-i-decessi-sono-2\/#primaryimage\",\"url\":\"https:\/\/www.intoscana.it\/wp-content\/uploads\/Ragazza-si-toglie-mascherina-Pille-R.-Priske-Unsplash.jpg\",\"contentUrl\":\"https:\/\/www.intoscana.it\/wp-content\/uploads\/Ragazza-si-toglie-mascherina-Pille-R.-Priske-Unsplash.jpg\",\"width\":1920,\"height\":1280},{\"@type\":\"BreadcrumbList\",\"@id\":\"https:\/\/www.intoscana.it\/it\/covid-19-in-toscana-6-564-nuovi-casi-eta-media-44-anni-i-decessi-sono-2\/#breadcrumb\",\"itemListElement\":[{\"@type\":\"ListItem\",\"position\":1,\"name\":\"Home\",\"item\":\"https:\/\/www.intoscana.it\/it\/\"},{\"@type\":\"ListItem\",\"position\":2,\"name\":\"Covid-19: in Toscana 6.564 nuovi casi, et\u00e0 media 44 anni. I decessi sono 22\"}]},{\"@type\":\"WebSite\",\"@id\":\"https:\/\/www.intoscana.it\/it\/#website\",\"url\":\"https:\/\/www.intoscana.it\/it\/\",\"name\":\"intoscana\",\"description\":\"\",\"potentialAction\":[{\"@type\":\"SearchAction\",\"target\":{\"@type\":\"EntryPoint\",\"urlTemplate\":\"https:\/\/www.intoscana.it\/it\/?s={search_term_string}\"},\"query-input\":{\"@type\":\"PropertyValueSpecification\",\"valueRequired\":true,\"valueName\":\"search_term_string\"}}],\"inLanguage\":\"it-IT\"},{\"@type\":\"Person\",\"@id\":\"https:\/\/www.intoscana.it\/it\/#\/schema\/person\/9223810753230f20bd670fdd322661f8\",\"name\":\"Redazione\",\"url\":\"https:\/\/www.intoscana.it\/it\/author\/redazione\/\"}]}<\/script>\n<!-- \/ Yoast SEO Premium plugin. -->","yoast_head_json":{"title":"Covid-19: in Toscana 6.564 nuovi casi, et\u00e0 media 44 anni. I decessi sono 22 - intoscana","description":"Questi i dati - accertati alle ore 12 di oggi sulla base delle richieste della Protezione Civile relativi all'andamento dell'epidemia","robots":{"index":"index","follow":"follow","max-snippet":"max-snippet:-1","max-image-preview":"max-image-preview:large","max-video-preview":"max-video-preview:-1"},"canonical":"https:\/\/www.intoscana.it\/it\/covid-19-in-toscana-6-564-nuovi-casi-eta-media-44-anni-i-decessi-sono-2\/","og_locale":"it_IT","og_type":"article","og_title":"Covid-19: in Toscana 6.564 nuovi casi, et\u00e0 media 44 anni. I decessi sono 22","og_description":"Questi i dati - accertati alle ore 12 di oggi sulla base delle richieste della Protezione Civile relativi all'andamento dell'epidemia","og_url":"https:\/\/www.intoscana.it\/it\/covid-19-in-toscana-6-564-nuovi-casi-eta-media-44-anni-i-decessi-sono-2\/","og_site_name":"intoscana","article_publisher":"https:\/\/www.facebook.com\/intoscana.it","article_published_time":"2022-04-20T11:45:56+00:00","article_modified_time":"2022-04-21T10:35:19+00:00","og_image":[{"width":1920,"height":1280,"url":"https:\/\/www.intoscana.it\/wp-content\/uploads\/Ragazza-si-toglie-mascherina-Pille-R.-Priske-Unsplash.jpg","type":"image\/jpeg"}],"author":"Redazione","twitter_card":"summary_large_image","twitter_creator":"@intoscana","twitter_site":"@intoscana","twitter_misc":{"Written by":"Redazione","Est. reading time":"3 minuti"},"schema":{"@context":"https:\/\/schema.org","@graph":[{"@type":"WebPage","@id":"https:\/\/www.intoscana.it\/it\/covid-19-in-toscana-6-564-nuovi-casi-eta-media-44-anni-i-decessi-sono-2\/","url":"https:\/\/www.intoscana.it\/it\/covid-19-in-toscana-6-564-nuovi-casi-eta-media-44-anni-i-decessi-sono-2\/","name":"Covid-19: in Toscana 6.564 nuovi casi, et\u00e0 media 44 anni. I decessi sono 22 - intoscana","isPartOf":{"@id":"https:\/\/www.intoscana.it\/it\/#website"},"primaryImageOfPage":{"@id":"https:\/\/www.intoscana.it\/it\/covid-19-in-toscana-6-564-nuovi-casi-eta-media-44-anni-i-decessi-sono-2\/#primaryimage"},"image":{"@id":"https:\/\/www.intoscana.it\/it\/covid-19-in-toscana-6-564-nuovi-casi-eta-media-44-anni-i-decessi-sono-2\/#primaryimage"},"thumbnailUrl":"https:\/\/www.intoscana.it\/wp-content\/uploads\/Ragazza-si-toglie-mascherina-Pille-R.-Priske-Unsplash.jpg","datePublished":"2022-04-20T11:45:56+00:00","dateModified":"2022-04-21T10:35:19+00:00","author":{"@id":"https:\/\/www.intoscana.it\/it\/#\/schema\/person\/9223810753230f20bd670fdd322661f8"},"description":"Questi i dati - accertati alle ore 12 di oggi sulla base delle richieste della Protezione Civile relativi all'andamento dell'epidemia","breadcrumb":{"@id":"https:\/\/www.intoscana.it\/it\/covid-19-in-toscana-6-564-nuovi-casi-eta-media-44-anni-i-decessi-sono-2\/#breadcrumb"},"inLanguage":"it-IT","potentialAction":[{"@type":"ReadAction","target":["https:\/\/www.intoscana.it\/it\/covid-19-in-toscana-6-564-nuovi-casi-eta-media-44-anni-i-decessi-sono-2\/"]}]},{"@type":"ImageObject","inLanguage":"it-IT","@id":"https:\/\/www.intoscana.it\/it\/covid-19-in-toscana-6-564-nuovi-casi-eta-media-44-anni-i-decessi-sono-2\/#primaryimage","url":"https:\/\/www.intoscana.it\/wp-content\/uploads\/Ragazza-si-toglie-mascherina-Pille-R.-Priske-Unsplash.jpg","contentUrl":"https:\/\/www.intoscana.it\/wp-content\/uploads\/Ragazza-si-toglie-mascherina-Pille-R.-Priske-Unsplash.jpg","width":1920,"height":1280},{"@type":"BreadcrumbList","@id":"https:\/\/www.intoscana.it\/it\/covid-19-in-toscana-6-564-nuovi-casi-eta-media-44-anni-i-decessi-sono-2\/#breadcrumb","itemListElement":[{"@type":"ListItem","position":1,"name":"Home","item":"https:\/\/www.intoscana.it\/it\/"},{"@type":"ListItem","position":2,"name":"Covid-19: in Toscana 6.564 nuovi casi, et\u00e0 media 44 anni. I decessi sono 22"}]},{"@type":"WebSite","@id":"https:\/\/www.intoscana.it\/it\/#website","url":"https:\/\/www.intoscana.it\/it\/","name":"intoscana","description":"","potentialAction":[{"@type":"SearchAction","target":{"@type":"EntryPoint","urlTemplate":"https:\/\/www.intoscana.it\/it\/?s={search_term_string}"},"query-input":{"@type":"PropertyValueSpecification","valueRequired":true,"valueName":"search_term_string"}}],"inLanguage":"it-IT"},{"@type":"Person","@id":"https:\/\/www.intoscana.it\/it\/#\/schema\/person\/9223810753230f20bd670fdd322661f8","name":"Redazione","url":"https:\/\/www.intoscana.it\/it\/author\/redazione\/"}]}},"_links":{"self":[{"href":"https:\/\/www.intoscana.it\/it\/wp-json\/wp\/v2\/posts\/224418","targetHints":{"allow":["GET"]}}],"collection":[{"href":"https:\/\/www.intoscana.it\/it\/wp-json\/wp\/v2\/posts"}],"about":[{"href":"https:\/\/www.intoscana.it\/it\/wp-json\/wp\/v2\/types\/post"}],"author":[{"embeddable":true,"href":"https:\/\/www.intoscana.it\/it\/wp-json\/wp\/v2\/users\/525"}],"replies":[{"embeddable":true,"href":"https:\/\/www.intoscana.it\/it\/wp-json\/wp\/v2\/comments?post=224418"}],"version-history":[{"count":0,"href":"https:\/\/www.intoscana.it\/it\/wp-json\/wp\/v2\/posts\/224418\/revisions"}],"wp:featuredmedia":[{"embeddable":true,"href":"https:\/\/www.intoscana.it\/it\/wp-json\/wp\/v2\/media\/211858"}],"wp:attachment":[{"href":"https:\/\/www.intoscana.it\/it\/wp-json\/wp\/v2\/media?parent=224418"}],"wp:term":[{"taxonomy":"category","embeddable":true,"href":"https:\/\/www.intoscana.it\/it\/wp-json\/wp\/v2\/categories?post=224418"},{"taxonomy":"post_tag","embeddable":true,"href":"https:\/\/www.intoscana.it\/it\/wp-json\/wp\/v2\/tags?post=224418"}],"curies":[{"name":"wp","href":"https:\/\/api.w.org\/{rel}","templated":true}]}}