{"id":224751,"date":"2022-04-21T14:59:40","date_gmt":"2022-04-21T12:59:40","guid":{"rendered":"https:\/\/www.intoscana.it\/it\/?p=224751"},"modified":"2022-04-22T10:10:57","modified_gmt":"2022-04-22T08:10:57","slug":"il-sogno-damore-di-romeo-e-giulietta-per-la-prima-volta-al-maggio-musicale-fiorentino","status":"publish","type":"post","link":"https:\/\/www.intoscana.it\/it\/il-sogno-damore-di-romeo-e-giulietta-per-la-prima-volta-al-maggio-musicale-fiorentino\/","title":{"rendered":"Il sogno d&#8217;amore di Romeo e Giulietta per la prima volta al Maggio Musicale Fiorentino"},"content":{"rendered":"<p>L&#8217;eterna <strong>storia di amore e morte<\/strong> di <strong>Romeo e Giulietta<\/strong> torna sul palco del<a href=\"https:\/\/www.intoscana.it\/it\/articolo\/84esima-edizione-del-maggio-musicale-4-opere-mai-viste-e-10-sinfonie-con-mehta-gatti-e-spivakov-sul-podio\/\" target=\"_blank\" rel=\"noopener\"> <strong>Maggio Musicale Fiorentino<\/strong><\/a> con un&#8217;opera mai rappresentata prima d&#8217;ora.<\/p>\n<p>Si tratta di &#8220;<em><strong>Rom\u00e9o et Juliette&#8221;<\/strong><\/em> di <strong>Charles Gounod<\/strong> che vedr\u00e0 il\u00a0maestro<strong> Henrik N\u00e1n\u00e1si<\/strong> alla guida del coro e dell\u2019orchestra del Maggio, mentre sul podio della sala il maestro <a href=\"https:\/\/www.intoscana.it\/it\/articolo\/zubin-mehta-e-la-moglie-nancy-kovack-hanno-donato-un-milione-di-dollari-al-maggio-musicale\/\" target=\"_blank\" rel=\"noopener\"><strong>Zubin Mehta.<\/strong><\/a><\/p>\n<p>La prima recita del <strong>27 aprile<\/strong> segna il <strong>155esimo \u201ccompleanno\u201d dell\u2019opera<\/strong>, andata in scena la prima volta il 27 aprile 1867 al <strong>Th\u00e9\u00e2tre Lyrique di Parigi.<\/strong><\/p>\n<p>La regia di questa nuova produzione \u00e8 di <strong>Frederic Wake-Walker<\/strong> che porta con s\u00e9 quasi tutto lo staff creativo che \u00e8 stato apprezzato per<a href=\"https:\/\/www.intoscana.it\/it\/articolo\/adriana-lecouvreur-maggio\/\" target=\"_blank\" rel=\"noopener\"><strong> Adriana Lecouvreur<\/strong><\/a>, le scene sono di <strong>Polina Liefers<\/strong>, i costumi di <strong>Julia Katharina Berndt,<\/strong> le coreografie di <strong>Anna Olkhovaya<\/strong>.<\/p>\n<p><strong>Il maestro Henrik N\u00e1n\u00e1si,<\/strong> \u201cdi casa\u201d nei pi\u00f9 importanti teatri del mondo, \u00e8 al suo debutto operistico al <strong>Maggio<\/strong>: <em>\u201c\u00c8 sempre un grande piacere e onore per me tornare al Teatro del <strong>Maggio Musicale Fiorentino,<\/strong> questa volta al prestigioso Festival del Maggio, e dirigere con il coro, questa meravigliosa orchestra dopo due concerti sinfonici ora in una nuova produzione operistica\u201d.<\/em><\/p>\n<p><strong>Il maestro ha poi proseguito analizzando il lavoro di Gounod<\/strong><em>: \u201cInsieme ai nostri meravigliosi membri del cast e al coro, vogliamo avvicinare al pubblico la diversit\u00e0 della musica di Gounod: egli era un maestro del suo mestiere. Non solo aveva un perfetto senso della corretta strumentazione, ma era anche un grande esperto dell&#8217;equilibrio.<strong> In Romeo et Juliette mostra l&#8217;intimit\u00e0 shakespeariana dei giovani innamorati<\/strong> cos\u00ec come l&#8217;aspra lotta tra le due famiglie\u201d.<\/em><\/p>\n<p>Soffermandosi sulla particolarit\u00e0 di questa produzione,<strong> il regista Frederic Wake-Walker<\/strong> ha sottolineato non solo il <strong>lato amoroso della vicenda shakespeariana,<\/strong> ma anche e soprattutto quello tragico: <em>\u201cRomeo e Giulietta non \u00e8 solo una storia d&#8217;amore, \u00e8 una storia di morte:<strong> due giovani desiderano lasciare questo mondo alle spalle, fuggire dalla societ\u00e0 e dalle loro famiglie.<\/strong> La morte rappresenta non solo l&#8217;inevitabile conseguenza dell&#8217;amore giovanile, ma l&#8217;unica via d&#8217;uscita da <strong>un mondo tormentato dall&#8217;odio e dall&#8217;amarezza\u201d.<\/strong><\/em><\/p>\n<figure id=\"post-224760 media-224760\" class=\"align-none\"><img decoding=\"async\" src=\"https:\/\/www.intoscana.it\/wp-content\/uploads\/Romeo-et-Juliette_Prove-\u00a9-Michele-Monasta-Maggio-Musicale-Fiorentino-9-scaled.jpg\" alt=\"\" \/><\/figure>\n<div class=\"titleimg\"><em>Rom\u00e9o et Juliette \u00a9 Michele Monasta-Maggio Musicale Fiorentino\u00a0<\/em><\/div>\n<h3>I protagonisti dell&#8217;Opera<\/h3>\n<p><strong>Juan Diego Fl\u00f3rez \u00e8 Rom\u00e9o<\/strong>: fra i pi\u00f9<strong> celebri, talentuosi e acclamati tenori degli ultimi anni<\/strong>, \u00e8 fra i protagonisti assoluti della scena musicale internazionale e torna al Maggio dopo il concerto straordinario tenuto al maggio il 30 settembre 2020 con la direzione del maestro Carlo Rizzi.<\/p>\n<p><em>\u201cSono molto contento di essere a Firenze \u2013 <\/em><strong>ha detto il tenore<\/strong><em> &#8211; dove a parte il recente concerto, non cantavo in un\u2019opera dal 1998, quando mi esibii in Le Comte Ory di Rossini, al Teatro della Pergola. Sono assolutamente contento del team fantastico di questa produzione, e sono altrettanto contento di poter rifare quest\u2019opera che ho gi\u00e0 affrontato pi\u00f9 volte sia in Per\u00f9 che in Europa. Il ruolo di Rom\u00e9o \u00e8 davvero molto bello, sono anche molto soddisfatto di aver trovato un direttore come Henrik N\u00e1n\u00e1si e un regista come Frederic Wake-Walker. Sono inoltre felice di ritrovare Valentina Naforni\u021b\u0103, con la quale ho gi\u00e0 lavorato in una produzione del Don Pasquale a Vienna e del Werther a Parigi\u201d.<\/em><\/p>\n<p><strong>Valentina Naforni\u021b\u0103 \u00e8 al suo debutto assoluto nel ruolo di Juliette<\/strong>: <em>\u201cInnanzitutto sono molto felice di essere tornata a Firenze. \u00c8 cos\u00ec bello e stimolante essere qui e lavorare alla mia prima Juliette. Non c&#8217;\u00e8 posto migliore e cast migliore per fare questo e cantare di nuovo insieme a Juan Diego Florez mi porta bei ricordi e non vedo l&#8217;ora di mostrare al pubblico il nostro spettacolo, questa storia d&#8217;amore tra due persone giovani e appassionate. Amo Juliette, \u00e8 molto giovane e fragile ma allo stesso tempo forte, indipendente e una donna che non gioca secondo le regole.\u201d<\/em><\/p>\n<p><strong>Alessio Arduini<\/strong> \u00e8 al suo debutto come <strong>Mercutio, <\/strong>il ruolo di<strong> St\u00e9phano <\/strong>vede invece due interpreti\u00a0<strong>V<b>asilisa Berzhanskaya<\/b>\u00a0e <b>Maria Bakarova, <\/b><\/strong>mentre\u00a0<strong>Evgeny Stavinsky<\/strong> interpreta <strong>Fr\u00e8re Laurent.<\/strong><\/p>\n<p>Completano la compagnia di canto <strong>Francesco Milanese nel ruolo di Capulet<\/strong>\u00a0e ben quattro artisti dell\u2019Accademia del Maggio Fiorentino: <strong>Xenia Tziuovaras<\/strong> come Gertrude,<strong> Francesco Samuele Venuti<\/strong> come P\u00e2ris, <strong>Eduardo Martinez<\/strong> come Gr\u00e9gorio e <strong>Lulama Taifasi<\/strong> come Benvolio; completa il cast un altro talento formatosi all\u2019Accademia: <strong>Adriano Gramigni<\/strong> nel ruolo de Le duc de V\u00e9rone.<\/p>\n<figure id=\"post-224755 media-224755\" class=\"align-none\"><img decoding=\"async\" src=\"https:\/\/www.intoscana.it\/wp-content\/uploads\/Romeo-et-Juliette_Prove-\u00a9-Michele-Monasta-Maggio-Musicale-Fiorentino-5-scaled.jpg\" alt=\"\" \/><\/figure>\n<div class=\"titleimg\"><em>Rom\u00e9o et Juliette \u00a9 Michele Monasta-Maggio Musicale Fiorentino<\/em><\/div>\n<h3>Rom\u00e9o et Juliette di Charles Gounod<\/h3>\n<p>Il progetto di realizzare un\u2019opera su <strong>Romeo e Giulietta di Shakespeare<\/strong> accompagn\u00f2 <strong>Charles Gounod<\/strong> fin da giovane e per oltre un ventennio.<\/p>\n<p><strong>Nel 1865,<\/strong> nel pieno della maturit\u00e0 stilistica, il compositore ritorn\u00f2 sul dramma shakespeariano affidando la stesura del libretto a <strong>Jules Barbier e Michel Carr\u00e8,<\/strong> fidati collaboratori gi\u00e0 autori del Faust.<\/p>\n<p>Due anni dopo, <strong>il 27 aprile 1867 Rom\u00e9o et Juliette debutt\u00f2 al Th\u00e9\u00e2tre Lyrique di Parigi<\/strong> ottenendo immediato successo.<\/p>\n<p>Articolato in cinque atti in cui si alternano dialoghi parlati e numeri chiusi &#8211; secondo il modello dell\u2019op\u00e9ra-comique &#8211; Rom\u00e9o et Juliette presenta alcune differenze sostanziali rispetto alla fonte originaria, quali<strong> l\u2019aggiunta del personaggio di St\u00e9phano, paggio di Rom\u00e9o<\/strong> interpretato en travesti da una voce femminile, e<strong> la scena del risveglio di Juliette alla fine dell\u2019opera<\/strong>, che consente un ultimo straziante duetto con l\u2019amato morente.<\/p>\n<p>Ma ci\u00f2 che pi\u00f9 risalta nell\u2019impianto generale dell\u2019opera \u00e8 <strong>l\u2019assoluta supremazia del tema d\u2019amore sul tema della rivalit\u00e0 tra famiglie<\/strong>, che nella fonte shakespeariana \u00e8 invece elemento di pari importanza.<\/p>\n<p>Un&#8217;altra particolarit\u00e0 dell&#8217;opera di Gounod \u00e8 inserimento della <em><strong>&#8220;Danse Bohemienne&#8221;<\/strong> <\/em>che permette di rappresentare<strong> il momento in cui Juliette prende il veleno<\/strong> senza ostacolare troppo il flusso drammatico eseguendo<strong> un balletto di 18 minuti.<\/strong><\/p>\n<p><strong><b>Anna Olkhovaya<\/b>, <\/strong>che cura le coreografie, ha sottolineato l\u2019importanza della\u00a0<strong>Danse Bohemienne<\/strong><i>:<\/i>\u00a0\u201c<em><span lang=\"EN-US\">\u00c8 un crescendo dove ballerini viaggiano nei vari stili di danza: classica, come per esempio nell\u2019ouverture e prologo essendo i doppi di Rom\u00e8o e di Juliette, contemporanea, momenti di d\u00e9fil\u00e9, le danze di carattere, ma sempre adattati all\u2019idea di rappresentare gli esser<\/span><span lang=\"EN-US\">i sovrannaturali, gli spiriti dell\u2019equipage de la Reine Mab.\u00a0Sono loro che mantengono ancora pi\u00f9 viva la connessione d\u2019amore tra Rom\u00e9o e Juliette attraverso la magica ragnatela che preparano nell\u2019arco dell\u2019opera.\u201d<\/span><\/em><\/p>\n<figure id=\"post-224762 media-224762\" class=\"align-none\"><img decoding=\"async\" src=\"https:\/\/www.intoscana.it\/wp-content\/uploads\/Schermata-2022-04-21-alle-14.28.12.jpg\" alt=\"\" \/><\/figure>\n<div class=\"titleimg\">Romeo e Giulietta<\/div>\n<p>&nbsp;<\/p>\n<p>&nbsp;<\/p>\n<p>&nbsp;<\/p>\n","protected":false},"excerpt":{"rendered":"<p>Mercoled\u00ec 27 aprile si terr\u00e0 la prima dell&#8217;opera di Charles Gounod mai eseguita a Firenze, le repliche saranno il 3, 5 e 10 maggio alle ore 20 e l\u20198 maggio alle 15:30<\/p>\n","protected":false},"author":518,"featured_media":224752,"comment_status":"open","ping_status":"open","sticky":false,"template":"","format":"standard","meta":{"_acf_changed":false,"footnotes":""},"categories":[14],"tags":[4474,202,369],"class_list":["post-224751","post","type-post","status-publish","format-standard","has-post-thumbnail","hentry","category-musica","tag-eventi","tag-firenze","tag-maggio-musicale-fiorentino"],"acf":[],"yoast_head":"<!-- This site is optimized with the Yoast SEO Premium plugin v24.2 (Yoast SEO v25.6) - https:\/\/yoast.com\/wordpress\/plugins\/seo\/ -->\n<title>Il sogno d&#039;amore di Romeo e Giulietta per la prima volta al Maggio Musicale Fiorentino - intoscana<\/title>\n<meta name=\"description\" content=\"Mercoled\u00ec 27 aprile si terr\u00e0 la prima dell&#039;opera di Charles Gounod mai eseguita a Firenze, le repliche saranno il 3, 5 e 10 maggio\" \/>\n<meta name=\"robots\" content=\"index, follow, max-snippet:-1, max-image-preview:large, max-video-preview:-1\" \/>\n<link rel=\"canonical\" href=\"https:\/\/www.intoscana.it\/it\/il-sogno-damore-di-romeo-e-giulietta-per-la-prima-volta-al-maggio-musicale-fiorentino\/\" \/>\n<meta property=\"og:locale\" content=\"it_IT\" \/>\n<meta property=\"og:type\" content=\"article\" \/>\n<meta property=\"og:title\" content=\"Il sogno d&#039;amore di Romeo e Giulietta per la prima volta al Maggio Musicale Fiorentino\" \/>\n<meta property=\"og:description\" content=\"Mercoled\u00ec 27 aprile si terr\u00e0 la prima dell&#039;opera di Charles Gounod mai eseguita a Firenze, le repliche saranno il 3, 5 e 10 maggio\" \/>\n<meta property=\"og:url\" content=\"https:\/\/www.intoscana.it\/it\/il-sogno-damore-di-romeo-e-giulietta-per-la-prima-volta-al-maggio-musicale-fiorentino\/\" \/>\n<meta property=\"og:site_name\" content=\"intoscana\" \/>\n<meta property=\"article:publisher\" content=\"https:\/\/www.facebook.com\/intoscana.it\" \/>\n<meta property=\"article:published_time\" content=\"2022-04-21T12:59:40+00:00\" \/>\n<meta property=\"article:modified_time\" content=\"2022-04-22T08:10:57+00:00\" \/>\n<meta property=\"og:image\" content=\"https:\/\/www.intoscana.it\/wp-content\/uploads\/Romeo-et-Juliette_Prove-\u00a9-Michele-Monasta-Maggio-Musicale-Fiorentino-2-scaled.jpg\" \/>\n\t<meta property=\"og:image:width\" content=\"2048\" \/>\n\t<meta property=\"og:image:height\" content=\"1365\" \/>\n\t<meta property=\"og:image:type\" content=\"image\/jpeg\" \/>\n<meta name=\"author\" content=\"Costanza Baldini\" \/>\n<meta name=\"twitter:card\" content=\"summary_large_image\" \/>\n<meta name=\"twitter:creator\" content=\"@intoscana\" \/>\n<meta name=\"twitter:site\" content=\"@intoscana\" \/>\n<meta name=\"twitter:label1\" content=\"Written by\" \/>\n\t<meta name=\"twitter:data1\" content=\"Costanza Baldini\" \/>\n\t<meta name=\"twitter:label2\" content=\"Est. reading time\" \/>\n\t<meta name=\"twitter:data2\" content=\"5 minuti\" \/>\n<script type=\"application\/ld+json\" class=\"yoast-schema-graph\">{\"@context\":\"https:\/\/schema.org\",\"@graph\":[{\"@type\":\"WebPage\",\"@id\":\"https:\/\/www.intoscana.it\/it\/il-sogno-damore-di-romeo-e-giulietta-per-la-prima-volta-al-maggio-musicale-fiorentino\/\",\"url\":\"https:\/\/www.intoscana.it\/it\/il-sogno-damore-di-romeo-e-giulietta-per-la-prima-volta-al-maggio-musicale-fiorentino\/\",\"name\":\"Il sogno d'amore di Romeo e Giulietta per la prima volta al Maggio Musicale Fiorentino - intoscana\",\"isPartOf\":{\"@id\":\"https:\/\/www.intoscana.it\/it\/#website\"},\"primaryImageOfPage\":{\"@id\":\"https:\/\/www.intoscana.it\/it\/il-sogno-damore-di-romeo-e-giulietta-per-la-prima-volta-al-maggio-musicale-fiorentino\/#primaryimage\"},\"image\":{\"@id\":\"https:\/\/www.intoscana.it\/it\/il-sogno-damore-di-romeo-e-giulietta-per-la-prima-volta-al-maggio-musicale-fiorentino\/#primaryimage\"},\"thumbnailUrl\":\"https:\/\/www.intoscana.it\/wp-content\/uploads\/Romeo-et-Juliette_Prove-\u00a9-Michele-Monasta-Maggio-Musicale-Fiorentino-2-scaled.jpg\",\"datePublished\":\"2022-04-21T12:59:40+00:00\",\"dateModified\":\"2022-04-22T08:10:57+00:00\",\"author\":{\"@id\":\"https:\/\/www.intoscana.it\/it\/#\/schema\/person\/d469f35f09739bdf00bf5dd3f0647a82\"},\"description\":\"Mercoled\u00ec 27 aprile si terr\u00e0 la prima dell'opera di Charles Gounod mai eseguita a Firenze, le repliche saranno il 3, 5 e 10 maggio\",\"breadcrumb\":{\"@id\":\"https:\/\/www.intoscana.it\/it\/il-sogno-damore-di-romeo-e-giulietta-per-la-prima-volta-al-maggio-musicale-fiorentino\/#breadcrumb\"},\"inLanguage\":\"it-IT\",\"potentialAction\":[{\"@type\":\"ReadAction\",\"target\":[\"https:\/\/www.intoscana.it\/it\/il-sogno-damore-di-romeo-e-giulietta-per-la-prima-volta-al-maggio-musicale-fiorentino\/\"]}]},{\"@type\":\"ImageObject\",\"inLanguage\":\"it-IT\",\"@id\":\"https:\/\/www.intoscana.it\/it\/il-sogno-damore-di-romeo-e-giulietta-per-la-prima-volta-al-maggio-musicale-fiorentino\/#primaryimage\",\"url\":\"https:\/\/www.intoscana.it\/wp-content\/uploads\/Romeo-et-Juliette_Prove-\u00a9-Michele-Monasta-Maggio-Musicale-Fiorentino-2-scaled.jpg\",\"contentUrl\":\"https:\/\/www.intoscana.it\/wp-content\/uploads\/Romeo-et-Juliette_Prove-\u00a9-Michele-Monasta-Maggio-Musicale-Fiorentino-2-scaled.jpg\",\"width\":2048,\"height\":1365},{\"@type\":\"BreadcrumbList\",\"@id\":\"https:\/\/www.intoscana.it\/it\/il-sogno-damore-di-romeo-e-giulietta-per-la-prima-volta-al-maggio-musicale-fiorentino\/#breadcrumb\",\"itemListElement\":[{\"@type\":\"ListItem\",\"position\":1,\"name\":\"Home\",\"item\":\"https:\/\/www.intoscana.it\/it\/\"},{\"@type\":\"ListItem\",\"position\":2,\"name\":\"Il sogno d&#8217;amore di Romeo e Giulietta per la prima volta al Maggio Musicale Fiorentino\"}]},{\"@type\":\"WebSite\",\"@id\":\"https:\/\/www.intoscana.it\/it\/#website\",\"url\":\"https:\/\/www.intoscana.it\/it\/\",\"name\":\"intoscana\",\"description\":\"\",\"potentialAction\":[{\"@type\":\"SearchAction\",\"target\":{\"@type\":\"EntryPoint\",\"urlTemplate\":\"https:\/\/www.intoscana.it\/it\/?s={search_term_string}\"},\"query-input\":{\"@type\":\"PropertyValueSpecification\",\"valueRequired\":true,\"valueName\":\"search_term_string\"}}],\"inLanguage\":\"it-IT\"},{\"@type\":\"Person\",\"@id\":\"https:\/\/www.intoscana.it\/it\/#\/schema\/person\/d469f35f09739bdf00bf5dd3f0647a82\",\"name\":\"Costanza Baldini\",\"url\":\"https:\/\/www.intoscana.it\/it\/author\/costanza-baldini\/\"}]}<\/script>\n<!-- \/ Yoast SEO Premium plugin. -->","yoast_head_json":{"title":"Il sogno d'amore di Romeo e Giulietta per la prima volta al Maggio Musicale Fiorentino - intoscana","description":"Mercoled\u00ec 27 aprile si terr\u00e0 la prima dell'opera di Charles Gounod mai eseguita a Firenze, le repliche saranno il 3, 5 e 10 maggio","robots":{"index":"index","follow":"follow","max-snippet":"max-snippet:-1","max-image-preview":"max-image-preview:large","max-video-preview":"max-video-preview:-1"},"canonical":"https:\/\/www.intoscana.it\/it\/il-sogno-damore-di-romeo-e-giulietta-per-la-prima-volta-al-maggio-musicale-fiorentino\/","og_locale":"it_IT","og_type":"article","og_title":"Il sogno d'amore di Romeo e Giulietta per la prima volta al Maggio Musicale Fiorentino","og_description":"Mercoled\u00ec 27 aprile si terr\u00e0 la prima dell'opera di Charles Gounod mai eseguita a Firenze, le repliche saranno il 3, 5 e 10 maggio","og_url":"https:\/\/www.intoscana.it\/it\/il-sogno-damore-di-romeo-e-giulietta-per-la-prima-volta-al-maggio-musicale-fiorentino\/","og_site_name":"intoscana","article_publisher":"https:\/\/www.facebook.com\/intoscana.it","article_published_time":"2022-04-21T12:59:40+00:00","article_modified_time":"2022-04-22T08:10:57+00:00","og_image":[{"width":2048,"height":1365,"url":"https:\/\/www.intoscana.it\/wp-content\/uploads\/Romeo-et-Juliette_Prove-\u00a9-Michele-Monasta-Maggio-Musicale-Fiorentino-2-scaled.jpg","type":"image\/jpeg"}],"author":"Costanza Baldini","twitter_card":"summary_large_image","twitter_creator":"@intoscana","twitter_site":"@intoscana","twitter_misc":{"Written by":"Costanza Baldini","Est. reading time":"5 minuti"},"schema":{"@context":"https:\/\/schema.org","@graph":[{"@type":"WebPage","@id":"https:\/\/www.intoscana.it\/it\/il-sogno-damore-di-romeo-e-giulietta-per-la-prima-volta-al-maggio-musicale-fiorentino\/","url":"https:\/\/www.intoscana.it\/it\/il-sogno-damore-di-romeo-e-giulietta-per-la-prima-volta-al-maggio-musicale-fiorentino\/","name":"Il sogno d'amore di Romeo e Giulietta per la prima volta al Maggio Musicale Fiorentino - intoscana","isPartOf":{"@id":"https:\/\/www.intoscana.it\/it\/#website"},"primaryImageOfPage":{"@id":"https:\/\/www.intoscana.it\/it\/il-sogno-damore-di-romeo-e-giulietta-per-la-prima-volta-al-maggio-musicale-fiorentino\/#primaryimage"},"image":{"@id":"https:\/\/www.intoscana.it\/it\/il-sogno-damore-di-romeo-e-giulietta-per-la-prima-volta-al-maggio-musicale-fiorentino\/#primaryimage"},"thumbnailUrl":"https:\/\/www.intoscana.it\/wp-content\/uploads\/Romeo-et-Juliette_Prove-\u00a9-Michele-Monasta-Maggio-Musicale-Fiorentino-2-scaled.jpg","datePublished":"2022-04-21T12:59:40+00:00","dateModified":"2022-04-22T08:10:57+00:00","author":{"@id":"https:\/\/www.intoscana.it\/it\/#\/schema\/person\/d469f35f09739bdf00bf5dd3f0647a82"},"description":"Mercoled\u00ec 27 aprile si terr\u00e0 la prima dell'opera di Charles Gounod mai eseguita a Firenze, le repliche saranno il 3, 5 e 10 maggio","breadcrumb":{"@id":"https:\/\/www.intoscana.it\/it\/il-sogno-damore-di-romeo-e-giulietta-per-la-prima-volta-al-maggio-musicale-fiorentino\/#breadcrumb"},"inLanguage":"it-IT","potentialAction":[{"@type":"ReadAction","target":["https:\/\/www.intoscana.it\/it\/il-sogno-damore-di-romeo-e-giulietta-per-la-prima-volta-al-maggio-musicale-fiorentino\/"]}]},{"@type":"ImageObject","inLanguage":"it-IT","@id":"https:\/\/www.intoscana.it\/it\/il-sogno-damore-di-romeo-e-giulietta-per-la-prima-volta-al-maggio-musicale-fiorentino\/#primaryimage","url":"https:\/\/www.intoscana.it\/wp-content\/uploads\/Romeo-et-Juliette_Prove-\u00a9-Michele-Monasta-Maggio-Musicale-Fiorentino-2-scaled.jpg","contentUrl":"https:\/\/www.intoscana.it\/wp-content\/uploads\/Romeo-et-Juliette_Prove-\u00a9-Michele-Monasta-Maggio-Musicale-Fiorentino-2-scaled.jpg","width":2048,"height":1365},{"@type":"BreadcrumbList","@id":"https:\/\/www.intoscana.it\/it\/il-sogno-damore-di-romeo-e-giulietta-per-la-prima-volta-al-maggio-musicale-fiorentino\/#breadcrumb","itemListElement":[{"@type":"ListItem","position":1,"name":"Home","item":"https:\/\/www.intoscana.it\/it\/"},{"@type":"ListItem","position":2,"name":"Il sogno d&#8217;amore di Romeo e Giulietta per la prima volta al Maggio Musicale Fiorentino"}]},{"@type":"WebSite","@id":"https:\/\/www.intoscana.it\/it\/#website","url":"https:\/\/www.intoscana.it\/it\/","name":"intoscana","description":"","potentialAction":[{"@type":"SearchAction","target":{"@type":"EntryPoint","urlTemplate":"https:\/\/www.intoscana.it\/it\/?s={search_term_string}"},"query-input":{"@type":"PropertyValueSpecification","valueRequired":true,"valueName":"search_term_string"}}],"inLanguage":"it-IT"},{"@type":"Person","@id":"https:\/\/www.intoscana.it\/it\/#\/schema\/person\/d469f35f09739bdf00bf5dd3f0647a82","name":"Costanza Baldini","url":"https:\/\/www.intoscana.it\/it\/author\/costanza-baldini\/"}]}},"_links":{"self":[{"href":"https:\/\/www.intoscana.it\/it\/wp-json\/wp\/v2\/posts\/224751","targetHints":{"allow":["GET"]}}],"collection":[{"href":"https:\/\/www.intoscana.it\/it\/wp-json\/wp\/v2\/posts"}],"about":[{"href":"https:\/\/www.intoscana.it\/it\/wp-json\/wp\/v2\/types\/post"}],"author":[{"embeddable":true,"href":"https:\/\/www.intoscana.it\/it\/wp-json\/wp\/v2\/users\/518"}],"replies":[{"embeddable":true,"href":"https:\/\/www.intoscana.it\/it\/wp-json\/wp\/v2\/comments?post=224751"}],"version-history":[{"count":0,"href":"https:\/\/www.intoscana.it\/it\/wp-json\/wp\/v2\/posts\/224751\/revisions"}],"wp:featuredmedia":[{"embeddable":true,"href":"https:\/\/www.intoscana.it\/it\/wp-json\/wp\/v2\/media\/224752"}],"wp:attachment":[{"href":"https:\/\/www.intoscana.it\/it\/wp-json\/wp\/v2\/media?parent=224751"}],"wp:term":[{"taxonomy":"category","embeddable":true,"href":"https:\/\/www.intoscana.it\/it\/wp-json\/wp\/v2\/categories?post=224751"},{"taxonomy":"post_tag","embeddable":true,"href":"https:\/\/www.intoscana.it\/it\/wp-json\/wp\/v2\/tags?post=224751"}],"curies":[{"name":"wp","href":"https:\/\/api.w.org\/{rel}","templated":true}]}}