{"id":224906,"date":"2022-04-22T17:24:55","date_gmt":"2022-04-22T15:24:55","guid":{"rendered":"https:\/\/www.intoscana.it\/it\/?p=224906"},"modified":"2022-04-23T17:01:31","modified_gmt":"2022-04-23T15:01:31","slug":"mida-2022-foto-documenti-storia-mostra-artigianato","status":"publish","type":"post","link":"https:\/\/www.intoscana.it\/it\/mida-2022-foto-documenti-storia-mostra-artigianato\/","title":{"rendered":"Mida 2022, foto e documenti per raccontare la storia della Mostra dell&#8217;artigianato"},"content":{"rendered":"<p>Un secolo di vita in una mostra. La <strong>Mostra internazionale dell\u2019Artigianato<\/strong> di Firenze ripercorre tutta la sua storia grazie a una esposizione organizzata dalla Regione Toscana e realizzata proprio all\u2019interno dell&#8217;<a href=\"https:\/\/www.intoscana.it\/it\/articolo\/mida-2022-la-mostra-dellartigianato-torna-in-fortezza-tra-antichi-saperi-e-mestieri-4-0\/\" target=\"_blank\" rel=\"noopener\">86 esima edizione di Mida 2022<\/a>. &#8220;<em>La mostra in mostra<\/em>&#8220;, questo il titolo, nasce grazie al tesoro documentale dell\u2019Ente mostra conservato nell\u2019<strong>archivio storico della Regione<\/strong> Toscana. Si tratta di un complesso di carte e di immagini, ancora poco note al pubblico, che permettono di ricostruire la storia della mostra, e, pi\u00f9 in generale dell\u2019artigianato del secolo scorso.<\/p>\n<p>&#8220;<em>Foto e documenti ci permettono di compiere un viaggio nel tempo molto coinvolgente grazie al quale possiamo vedere quanto la mostra sia cambiata e cresciuta nel corso dei decenni, acquisendo sempre pi\u00f9 una dimensione internazionale<\/em>&#8221; \u00e8 il commento del presidente della Regione Toscana <strong>Eugenio Giani<\/strong> e dell\u2019assessore <strong>Stefano Ciuoffo<\/strong>\u00a0nel ringraziar il personale regionale dell\u2019archivio per il lavoro di selezione svolto.<\/p>\n<figure id=\"post-224529 media-224529\" class=\"align-none\">\n<figure id=\"post-225174 media-225174\" class=\"align-none\"><img decoding=\"async\" src=\"https:\/\/www.intoscana.it\/wp-content\/uploads\/PRT_2898.jpg\" alt=\"\" \/><\/figure>\n<\/figure>\n<div class=\"titleimg\">La Mostra Internazionale dell\u2019artigianato &#8211; \u00a9 pagina Facebook La Mostra Internazionale dell&#8217;artigianato<\/div>\n<p>&#8220;<em>Ma questa mostra<\/em> \u2013 proseguono &#8211; <em>racconta anche i cambiamenti e le evoluzioni della produzione artigianale e artistica toscana, italiana e mondiale nel corso del Novecento. Una storia di creativit\u00e0, di ingegno e di operosit\u00e0 che la mostra ha saputo sempre rappresentare mostrando una straordinaria capacit\u00e0 di crescita e di trasformazione<\/em>&#8220;.<\/p>\n<p>&#8220;<em>La mostra in mostra<\/em>&#8221; prende le mosse dalle prime <strong>esposizioni fieristiche artigiane<\/strong> degli anni Venti e dalla nascita poi dell\u2019<strong>Ente Mostra Artigianato<\/strong>, con la prima esposizione inaugurata nel 1931 su 2.000 metri quadri e con la presenza di <strong>438 espositori tutti toscani<\/strong>. L\u2019itinerario espositivo racconta poi, attraverso l\u2019uso dei <strong>documenti dell\u2019archivio<\/strong> e mediante <strong>strumenti multimediali<\/strong>, la storia della Mostra mercato nazionale dell\u2019artigianato e il suo <strong>cammino verso l\u2019internazionalizzazione<\/strong>.<\/p>\n<p>L\u2019esposizione mette in evidenza<strong> il legame con Firenze e la Toscana<\/strong>, il coinvolgimento delle istituzioni pubbliche cittadine, la connessione con i protagonisti della cultura e dell\u2019economia della citt\u00e0. Presenta una galleria di personaggi notissimi del mondo politico, dello spettacolo, del cinema e dello sport in visita alla mostra. Ma, soprattutto, attraverso numerosissime fotografie d\u2019epoca, &#8220;<em>La mostra in mostra<\/em>&#8221; mette in evidenza la grande produzione pluridecennale di <strong>grandi e piccoli artigiani<\/strong>.<\/p>\n","protected":false},"excerpt":{"rendered":"<p>Le testimonianze di un secolo di attivit\u00e0 a Firenze provenienti dall&#8217;archivio della Regione Toscana sono protagoniste dell&#8217;86\u00b0 edizione<\/p>\n","protected":false},"author":525,"featured_media":225175,"comment_status":"open","ping_status":"open","sticky":false,"template":"","format":"standard","meta":{"_acf_changed":false,"footnotes":""},"categories":[9],"tags":[5894,151],"class_list":["post-224906","post","type-post","status-publish","format-standard","has-post-thumbnail","hentry","category-made-in-toscana","tag-mostra-internazionale-dellartigianato","tag-regione-toscana"],"acf":[],"yoast_head":"<!-- This site is optimized with the Yoast SEO Premium plugin v24.2 (Yoast SEO v25.6) - https:\/\/yoast.com\/wordpress\/plugins\/seo\/ -->\n<title>Mida 2022, esposizione sulla storia della Mostra dell&#039;artigianato - intoscana<\/title>\n<meta name=\"description\" content=\"Le testimonianze di un secolo di attivit\u00e0 direttamente dall&#039;archivio della Regione Toscana sono protagoniste dell&#039;86\u00b0 edizione\" \/>\n<meta name=\"robots\" content=\"index, follow, max-snippet:-1, max-image-preview:large, max-video-preview:-1\" \/>\n<link rel=\"canonical\" href=\"https:\/\/www.intoscana.it\/it\/mida-2022-foto-documenti-storia-mostra-artigianato\/\" \/>\n<meta property=\"og:locale\" content=\"it_IT\" \/>\n<meta property=\"og:type\" content=\"article\" \/>\n<meta property=\"og:title\" content=\"Mida 2022, foto e documenti per raccontare la storia della Mostra dell&#039;artigianato\" \/>\n<meta property=\"og:description\" content=\"Le testimonianze di un secolo di attivit\u00e0 direttamente dall&#039;archivio della Regione Toscana sono protagoniste dell&#039;86\u00b0 edizione\" \/>\n<meta property=\"og:url\" content=\"https:\/\/www.intoscana.it\/it\/mida-2022-foto-documenti-storia-mostra-artigianato\/\" \/>\n<meta property=\"og:site_name\" content=\"intoscana\" \/>\n<meta property=\"article:publisher\" content=\"https:\/\/www.facebook.com\/intoscana.it\" \/>\n<meta property=\"article:published_time\" content=\"2022-04-22T15:24:55+00:00\" \/>\n<meta property=\"article:modified_time\" content=\"2022-04-23T15:01:31+00:00\" \/>\n<meta property=\"og:image\" content=\"https:\/\/www.intoscana.it\/wp-content\/uploads\/PRT_2929.jpg\" \/>\n\t<meta property=\"og:image:width\" content=\"1200\" \/>\n\t<meta property=\"og:image:height\" content=\"800\" \/>\n\t<meta property=\"og:image:type\" content=\"image\/jpeg\" \/>\n<meta name=\"author\" content=\"Redazione\" \/>\n<meta name=\"twitter:card\" content=\"summary_large_image\" \/>\n<meta name=\"twitter:creator\" content=\"@intoscana\" \/>\n<meta name=\"twitter:site\" content=\"@intoscana\" \/>\n<meta name=\"twitter:label1\" content=\"Written by\" \/>\n\t<meta name=\"twitter:data1\" content=\"Redazione\" \/>\n\t<meta name=\"twitter:label2\" content=\"Est. reading time\" \/>\n\t<meta name=\"twitter:data2\" content=\"2 minuti\" \/>\n<script type=\"application\/ld+json\" class=\"yoast-schema-graph\">{\"@context\":\"https:\/\/schema.org\",\"@graph\":[{\"@type\":\"WebPage\",\"@id\":\"https:\/\/www.intoscana.it\/it\/mida-2022-foto-documenti-storia-mostra-artigianato\/\",\"url\":\"https:\/\/www.intoscana.it\/it\/mida-2022-foto-documenti-storia-mostra-artigianato\/\",\"name\":\"Mida 2022, esposizione sulla storia della Mostra dell'artigianato - intoscana\",\"isPartOf\":{\"@id\":\"https:\/\/www.intoscana.it\/it\/#website\"},\"primaryImageOfPage\":{\"@id\":\"https:\/\/www.intoscana.it\/it\/mida-2022-foto-documenti-storia-mostra-artigianato\/#primaryimage\"},\"image\":{\"@id\":\"https:\/\/www.intoscana.it\/it\/mida-2022-foto-documenti-storia-mostra-artigianato\/#primaryimage\"},\"thumbnailUrl\":\"https:\/\/www.intoscana.it\/wp-content\/uploads\/PRT_2929.jpg\",\"datePublished\":\"2022-04-22T15:24:55+00:00\",\"dateModified\":\"2022-04-23T15:01:31+00:00\",\"author\":{\"@id\":\"https:\/\/www.intoscana.it\/it\/#\/schema\/person\/9223810753230f20bd670fdd322661f8\"},\"description\":\"Le testimonianze di un secolo di attivit\u00e0 direttamente dall'archivio della Regione Toscana sono protagoniste dell'86\u00b0 edizione\",\"breadcrumb\":{\"@id\":\"https:\/\/www.intoscana.it\/it\/mida-2022-foto-documenti-storia-mostra-artigianato\/#breadcrumb\"},\"inLanguage\":\"it-IT\",\"potentialAction\":[{\"@type\":\"ReadAction\",\"target\":[\"https:\/\/www.intoscana.it\/it\/mida-2022-foto-documenti-storia-mostra-artigianato\/\"]}]},{\"@type\":\"ImageObject\",\"inLanguage\":\"it-IT\",\"@id\":\"https:\/\/www.intoscana.it\/it\/mida-2022-foto-documenti-storia-mostra-artigianato\/#primaryimage\",\"url\":\"https:\/\/www.intoscana.it\/wp-content\/uploads\/PRT_2929.jpg\",\"contentUrl\":\"https:\/\/www.intoscana.it\/wp-content\/uploads\/PRT_2929.jpg\",\"width\":1200,\"height\":800,\"caption\":\"\\\"La mostra in mostra\\\" a Mida 2022\"},{\"@type\":\"BreadcrumbList\",\"@id\":\"https:\/\/www.intoscana.it\/it\/mida-2022-foto-documenti-storia-mostra-artigianato\/#breadcrumb\",\"itemListElement\":[{\"@type\":\"ListItem\",\"position\":1,\"name\":\"Home\",\"item\":\"https:\/\/www.intoscana.it\/it\/\"},{\"@type\":\"ListItem\",\"position\":2,\"name\":\"Mida 2022, foto e documenti per raccontare la storia della Mostra dell&#8217;artigianato\"}]},{\"@type\":\"WebSite\",\"@id\":\"https:\/\/www.intoscana.it\/it\/#website\",\"url\":\"https:\/\/www.intoscana.it\/it\/\",\"name\":\"intoscana\",\"description\":\"\",\"potentialAction\":[{\"@type\":\"SearchAction\",\"target\":{\"@type\":\"EntryPoint\",\"urlTemplate\":\"https:\/\/www.intoscana.it\/it\/?s={search_term_string}\"},\"query-input\":{\"@type\":\"PropertyValueSpecification\",\"valueRequired\":true,\"valueName\":\"search_term_string\"}}],\"inLanguage\":\"it-IT\"},{\"@type\":\"Person\",\"@id\":\"https:\/\/www.intoscana.it\/it\/#\/schema\/person\/9223810753230f20bd670fdd322661f8\",\"name\":\"Redazione\",\"url\":\"https:\/\/www.intoscana.it\/it\/author\/redazione\/\"}]}<\/script>\n<!-- \/ Yoast SEO Premium plugin. -->","yoast_head_json":{"title":"Mida 2022, esposizione sulla storia della Mostra dell'artigianato - intoscana","description":"Le testimonianze di un secolo di attivit\u00e0 direttamente dall'archivio della Regione Toscana sono protagoniste dell'86\u00b0 edizione","robots":{"index":"index","follow":"follow","max-snippet":"max-snippet:-1","max-image-preview":"max-image-preview:large","max-video-preview":"max-video-preview:-1"},"canonical":"https:\/\/www.intoscana.it\/it\/mida-2022-foto-documenti-storia-mostra-artigianato\/","og_locale":"it_IT","og_type":"article","og_title":"Mida 2022, foto e documenti per raccontare la storia della Mostra dell'artigianato","og_description":"Le testimonianze di un secolo di attivit\u00e0 direttamente dall'archivio della Regione Toscana sono protagoniste dell'86\u00b0 edizione","og_url":"https:\/\/www.intoscana.it\/it\/mida-2022-foto-documenti-storia-mostra-artigianato\/","og_site_name":"intoscana","article_publisher":"https:\/\/www.facebook.com\/intoscana.it","article_published_time":"2022-04-22T15:24:55+00:00","article_modified_time":"2022-04-23T15:01:31+00:00","og_image":[{"width":1200,"height":800,"url":"https:\/\/www.intoscana.it\/wp-content\/uploads\/PRT_2929.jpg","type":"image\/jpeg"}],"author":"Redazione","twitter_card":"summary_large_image","twitter_creator":"@intoscana","twitter_site":"@intoscana","twitter_misc":{"Written by":"Redazione","Est. reading time":"2 minuti"},"schema":{"@context":"https:\/\/schema.org","@graph":[{"@type":"WebPage","@id":"https:\/\/www.intoscana.it\/it\/mida-2022-foto-documenti-storia-mostra-artigianato\/","url":"https:\/\/www.intoscana.it\/it\/mida-2022-foto-documenti-storia-mostra-artigianato\/","name":"Mida 2022, esposizione sulla storia della Mostra dell'artigianato - intoscana","isPartOf":{"@id":"https:\/\/www.intoscana.it\/it\/#website"},"primaryImageOfPage":{"@id":"https:\/\/www.intoscana.it\/it\/mida-2022-foto-documenti-storia-mostra-artigianato\/#primaryimage"},"image":{"@id":"https:\/\/www.intoscana.it\/it\/mida-2022-foto-documenti-storia-mostra-artigianato\/#primaryimage"},"thumbnailUrl":"https:\/\/www.intoscana.it\/wp-content\/uploads\/PRT_2929.jpg","datePublished":"2022-04-22T15:24:55+00:00","dateModified":"2022-04-23T15:01:31+00:00","author":{"@id":"https:\/\/www.intoscana.it\/it\/#\/schema\/person\/9223810753230f20bd670fdd322661f8"},"description":"Le testimonianze di un secolo di attivit\u00e0 direttamente dall'archivio della Regione Toscana sono protagoniste dell'86\u00b0 edizione","breadcrumb":{"@id":"https:\/\/www.intoscana.it\/it\/mida-2022-foto-documenti-storia-mostra-artigianato\/#breadcrumb"},"inLanguage":"it-IT","potentialAction":[{"@type":"ReadAction","target":["https:\/\/www.intoscana.it\/it\/mida-2022-foto-documenti-storia-mostra-artigianato\/"]}]},{"@type":"ImageObject","inLanguage":"it-IT","@id":"https:\/\/www.intoscana.it\/it\/mida-2022-foto-documenti-storia-mostra-artigianato\/#primaryimage","url":"https:\/\/www.intoscana.it\/wp-content\/uploads\/PRT_2929.jpg","contentUrl":"https:\/\/www.intoscana.it\/wp-content\/uploads\/PRT_2929.jpg","width":1200,"height":800,"caption":"\"La mostra in mostra\" a Mida 2022"},{"@type":"BreadcrumbList","@id":"https:\/\/www.intoscana.it\/it\/mida-2022-foto-documenti-storia-mostra-artigianato\/#breadcrumb","itemListElement":[{"@type":"ListItem","position":1,"name":"Home","item":"https:\/\/www.intoscana.it\/it\/"},{"@type":"ListItem","position":2,"name":"Mida 2022, foto e documenti per raccontare la storia della Mostra dell&#8217;artigianato"}]},{"@type":"WebSite","@id":"https:\/\/www.intoscana.it\/it\/#website","url":"https:\/\/www.intoscana.it\/it\/","name":"intoscana","description":"","potentialAction":[{"@type":"SearchAction","target":{"@type":"EntryPoint","urlTemplate":"https:\/\/www.intoscana.it\/it\/?s={search_term_string}"},"query-input":{"@type":"PropertyValueSpecification","valueRequired":true,"valueName":"search_term_string"}}],"inLanguage":"it-IT"},{"@type":"Person","@id":"https:\/\/www.intoscana.it\/it\/#\/schema\/person\/9223810753230f20bd670fdd322661f8","name":"Redazione","url":"https:\/\/www.intoscana.it\/it\/author\/redazione\/"}]}},"_links":{"self":[{"href":"https:\/\/www.intoscana.it\/it\/wp-json\/wp\/v2\/posts\/224906","targetHints":{"allow":["GET"]}}],"collection":[{"href":"https:\/\/www.intoscana.it\/it\/wp-json\/wp\/v2\/posts"}],"about":[{"href":"https:\/\/www.intoscana.it\/it\/wp-json\/wp\/v2\/types\/post"}],"author":[{"embeddable":true,"href":"https:\/\/www.intoscana.it\/it\/wp-json\/wp\/v2\/users\/525"}],"replies":[{"embeddable":true,"href":"https:\/\/www.intoscana.it\/it\/wp-json\/wp\/v2\/comments?post=224906"}],"version-history":[{"count":0,"href":"https:\/\/www.intoscana.it\/it\/wp-json\/wp\/v2\/posts\/224906\/revisions"}],"wp:featuredmedia":[{"embeddable":true,"href":"https:\/\/www.intoscana.it\/it\/wp-json\/wp\/v2\/media\/225175"}],"wp:attachment":[{"href":"https:\/\/www.intoscana.it\/it\/wp-json\/wp\/v2\/media?parent=224906"}],"wp:term":[{"taxonomy":"category","embeddable":true,"href":"https:\/\/www.intoscana.it\/it\/wp-json\/wp\/v2\/categories?post=224906"},{"taxonomy":"post_tag","embeddable":true,"href":"https:\/\/www.intoscana.it\/it\/wp-json\/wp\/v2\/tags?post=224906"}],"curies":[{"name":"wp","href":"https:\/\/api.w.org\/{rel}","templated":true}]}}