{"id":224934,"date":"2022-04-22T12:28:39","date_gmt":"2022-04-22T10:28:39","guid":{"rendered":"https:\/\/www.intoscana.it\/it\/?p=224934"},"modified":"2022-04-22T12:28:39","modified_gmt":"2022-04-22T10:28:39","slug":"covid-4-464-nuovi-casi-calano-i-ricoveri-25-i-decessi","status":"publish","type":"post","link":"https:\/\/www.intoscana.it\/it\/covid-4-464-nuovi-casi-calano-i-ricoveri-25-i-decessi\/","title":{"rendered":"Covid, 4.464 nuovi casi: calano i ricoveri. 25 i decessi"},"content":{"rendered":"<p>Sono 4.464 i nuovi casi <strong>Covid<\/strong> in Toscana nelle ultime 24 ore su 25.307 test di cui 4.243 tamponi molecolari e 21.064 test rapidi. Il tasso dei nuovi positivi \u00e8 17,64% (78,4% sulle prime diagnosi). <mark>L&#8217;et\u00e0 media dei nuovi positivi \u00e8 di 48 anni: 15% ha meno di 20 anni, 18% tra 20 e 39 anni, 31% tra 40 e 59 anni, 25% tra 60 e 79 anni, 11% ha 80 anni o pi\u00f9.<\/mark><\/p>\n<p>I <strong>ricoverati<\/strong> sono 709 (35 in meno rispetto a ieri), di cui 19 in terapia intensiva (6 in meno). Oggi si registrano 25 nuovi decessi: 16 uomini e 9 donne con un&#8217;et\u00e0 media di 79,8 anni.<\/p>\n<h3><em>I casi di positivit\u00e0 sul territorio <\/em><\/h3>\n<p>Sono 299.235 i casi complessivi ad oggi a Firenze (1.161 in pi\u00f9 rispetto a ieri), 74.239 a Prato (223 in pi\u00f9), 86.238 a Pistoia (392 in pi\u00f9), 52.346 a Massa (239 in pi\u00f9), 112.653 a Lucca (438 in pi\u00f9), 122.395 a Pisa (516 in pi\u00f9), 94.251 a Livorno (448 in pi\u00f9), 98.365 ad Arezzo (404 in pi\u00f9), 74.387 a Siena (355 in pi\u00f9), 56.531 a Grosseto (288 in pi\u00f9).<\/p>\n<p>Complessivamente, 50.264 persone sono in <strong>isolamento<\/strong> a casa, poich\u00e9 presentano sintomi lievi che non richiedono cure ospedaliere, o risultano prive di sintomi (838 in pi\u00f9 rispetto a ieri, pi\u00f9 1,7%).<\/p>\n<p><mark>Sono 9.785 i deceduti dall&#8217;inizio dell&#8217;epidemia:<\/mark> 3.087 a Firenze, 817 a Prato, 878 a Pistoia, 640 a Massa Carrara, 914 a Lucca, 1.051 a Pisa, 716 a Livorno, 648 ad Arezzo, 525 a Siena, 378 a Grosseto, 131 persone sono decedute sul suolo toscano ma erano residenti fuori regione.<\/p>\n","protected":false},"excerpt":{"rendered":"<p>L&#8217;et\u00e0 media dei positivi sale a 48 anni. Scendono le ospedalizzazioni: 35 in meno rispetto a ieri<\/p>\n","protected":false},"author":525,"featured_media":149584,"comment_status":"open","ping_status":"open","sticky":false,"template":"","format":"standard","meta":{"_acf_changed":false,"footnotes":""},"categories":[494],"tags":[4868,418],"class_list":["post-224934","post","type-post","status-publish","format-standard","has-post-thumbnail","hentry","category-attualita","tag-bollettino-covid-toscana","tag-covid-19"],"acf":[],"yoast_head":"<!-- This site is optimized with the Yoast SEO Premium plugin v24.2 (Yoast SEO v25.6) - https:\/\/yoast.com\/wordpress\/plugins\/seo\/ -->\n<title>Covid, 4.464 nuovi casi: calano i ricoveri. 25 i decessi<\/title>\n<meta name=\"description\" content=\"L&#039;et\u00e0 media dei nuovi positiviin Toscana sale a 48 anni. Scendono le ospedalizzazioni: 35 in meno rispetto a ieri\" \/>\n<meta name=\"robots\" content=\"index, follow, max-snippet:-1, max-image-preview:large, max-video-preview:-1\" \/>\n<link rel=\"canonical\" href=\"https:\/\/www.intoscana.it\/it\/covid-4-464-nuovi-casi-calano-i-ricoveri-25-i-decessi\/\" \/>\n<meta property=\"og:locale\" content=\"it_IT\" \/>\n<meta property=\"og:type\" content=\"article\" \/>\n<meta property=\"og:title\" content=\"Covid, 4.464 nuovi casi: calano i ricoveri. 25 i decessi\" \/>\n<meta property=\"og:description\" content=\"L&#039;et\u00e0 media dei nuovi positiviin Toscana sale a 48 anni. Scendono le ospedalizzazioni: 35 in meno rispetto a ieri\" \/>\n<meta property=\"og:url\" content=\"https:\/\/www.intoscana.it\/it\/covid-4-464-nuovi-casi-calano-i-ricoveri-25-i-decessi\/\" \/>\n<meta property=\"og:site_name\" content=\"intoscana\" \/>\n<meta property=\"article:publisher\" content=\"https:\/\/www.facebook.com\/intoscana.it\" \/>\n<meta property=\"article:published_time\" content=\"2022-04-22T10:28:39+00:00\" \/>\n<meta property=\"og:image\" content=\"https:\/\/www.intoscana.it\/wp-content\/uploads\/Coronavirus_gel.jpeg\" \/>\n\t<meta property=\"og:image:width\" content=\"1899\" \/>\n\t<meta property=\"og:image:height\" content=\"1061\" \/>\n\t<meta property=\"og:image:type\" content=\"image\/jpeg\" \/>\n<meta name=\"author\" content=\"Redazione\" \/>\n<meta name=\"twitter:card\" content=\"summary_large_image\" \/>\n<meta name=\"twitter:creator\" content=\"@intoscana\" \/>\n<meta name=\"twitter:site\" content=\"@intoscana\" \/>\n<meta name=\"twitter:label1\" content=\"Written by\" \/>\n\t<meta name=\"twitter:data1\" content=\"Redazione\" \/>\n\t<meta name=\"twitter:label2\" content=\"Est. reading time\" \/>\n\t<meta name=\"twitter:data2\" content=\"1 minuto\" \/>\n<script type=\"application\/ld+json\" class=\"yoast-schema-graph\">{\"@context\":\"https:\/\/schema.org\",\"@graph\":[{\"@type\":\"WebPage\",\"@id\":\"https:\/\/www.intoscana.it\/it\/covid-4-464-nuovi-casi-calano-i-ricoveri-25-i-decessi\/\",\"url\":\"https:\/\/www.intoscana.it\/it\/covid-4-464-nuovi-casi-calano-i-ricoveri-25-i-decessi\/\",\"name\":\"Covid, 4.464 nuovi casi: calano i ricoveri. 25 i decessi\",\"isPartOf\":{\"@id\":\"https:\/\/www.intoscana.it\/it\/#website\"},\"primaryImageOfPage\":{\"@id\":\"https:\/\/www.intoscana.it\/it\/covid-4-464-nuovi-casi-calano-i-ricoveri-25-i-decessi\/#primaryimage\"},\"image\":{\"@id\":\"https:\/\/www.intoscana.it\/it\/covid-4-464-nuovi-casi-calano-i-ricoveri-25-i-decessi\/#primaryimage\"},\"thumbnailUrl\":\"https:\/\/www.intoscana.it\/wp-content\/uploads\/Coronavirus_gel.jpeg\",\"datePublished\":\"2022-04-22T10:28:39+00:00\",\"author\":{\"@id\":\"https:\/\/www.intoscana.it\/it\/#\/schema\/person\/9223810753230f20bd670fdd322661f8\"},\"description\":\"L'et\u00e0 media dei nuovi positiviin Toscana sale a 48 anni. Scendono le ospedalizzazioni: 35 in meno rispetto a ieri\",\"breadcrumb\":{\"@id\":\"https:\/\/www.intoscana.it\/it\/covid-4-464-nuovi-casi-calano-i-ricoveri-25-i-decessi\/#breadcrumb\"},\"inLanguage\":\"it-IT\",\"potentialAction\":[{\"@type\":\"ReadAction\",\"target\":[\"https:\/\/www.intoscana.it\/it\/covid-4-464-nuovi-casi-calano-i-ricoveri-25-i-decessi\/\"]}]},{\"@type\":\"ImageObject\",\"inLanguage\":\"it-IT\",\"@id\":\"https:\/\/www.intoscana.it\/it\/covid-4-464-nuovi-casi-calano-i-ricoveri-25-i-decessi\/#primaryimage\",\"url\":\"https:\/\/www.intoscana.it\/wp-content\/uploads\/Coronavirus_gel.jpeg\",\"contentUrl\":\"https:\/\/www.intoscana.it\/wp-content\/uploads\/Coronavirus_gel.jpeg\",\"width\":1899,\"height\":1061,\"caption\":\"Coronavirus\"},{\"@type\":\"BreadcrumbList\",\"@id\":\"https:\/\/www.intoscana.it\/it\/covid-4-464-nuovi-casi-calano-i-ricoveri-25-i-decessi\/#breadcrumb\",\"itemListElement\":[{\"@type\":\"ListItem\",\"position\":1,\"name\":\"Home\",\"item\":\"https:\/\/www.intoscana.it\/it\/\"},{\"@type\":\"ListItem\",\"position\":2,\"name\":\"Covid, 4.464 nuovi casi: calano i ricoveri. 25 i decessi\"}]},{\"@type\":\"WebSite\",\"@id\":\"https:\/\/www.intoscana.it\/it\/#website\",\"url\":\"https:\/\/www.intoscana.it\/it\/\",\"name\":\"intoscana\",\"description\":\"\",\"potentialAction\":[{\"@type\":\"SearchAction\",\"target\":{\"@type\":\"EntryPoint\",\"urlTemplate\":\"https:\/\/www.intoscana.it\/it\/?s={search_term_string}\"},\"query-input\":{\"@type\":\"PropertyValueSpecification\",\"valueRequired\":true,\"valueName\":\"search_term_string\"}}],\"inLanguage\":\"it-IT\"},{\"@type\":\"Person\",\"@id\":\"https:\/\/www.intoscana.it\/it\/#\/schema\/person\/9223810753230f20bd670fdd322661f8\",\"name\":\"Redazione\",\"url\":\"https:\/\/www.intoscana.it\/it\/author\/redazione\/\"}]}<\/script>\n<!-- \/ Yoast SEO Premium plugin. -->","yoast_head_json":{"title":"Covid, 4.464 nuovi casi: calano i ricoveri. 25 i decessi","description":"L'et\u00e0 media dei nuovi positiviin Toscana sale a 48 anni. Scendono le ospedalizzazioni: 35 in meno rispetto a ieri","robots":{"index":"index","follow":"follow","max-snippet":"max-snippet:-1","max-image-preview":"max-image-preview:large","max-video-preview":"max-video-preview:-1"},"canonical":"https:\/\/www.intoscana.it\/it\/covid-4-464-nuovi-casi-calano-i-ricoveri-25-i-decessi\/","og_locale":"it_IT","og_type":"article","og_title":"Covid, 4.464 nuovi casi: calano i ricoveri. 25 i decessi","og_description":"L'et\u00e0 media dei nuovi positiviin Toscana sale a 48 anni. Scendono le ospedalizzazioni: 35 in meno rispetto a ieri","og_url":"https:\/\/www.intoscana.it\/it\/covid-4-464-nuovi-casi-calano-i-ricoveri-25-i-decessi\/","og_site_name":"intoscana","article_publisher":"https:\/\/www.facebook.com\/intoscana.it","article_published_time":"2022-04-22T10:28:39+00:00","og_image":[{"width":1899,"height":1061,"url":"https:\/\/www.intoscana.it\/wp-content\/uploads\/Coronavirus_gel.jpeg","type":"image\/jpeg"}],"author":"Redazione","twitter_card":"summary_large_image","twitter_creator":"@intoscana","twitter_site":"@intoscana","twitter_misc":{"Written by":"Redazione","Est. reading time":"1 minuto"},"schema":{"@context":"https:\/\/schema.org","@graph":[{"@type":"WebPage","@id":"https:\/\/www.intoscana.it\/it\/covid-4-464-nuovi-casi-calano-i-ricoveri-25-i-decessi\/","url":"https:\/\/www.intoscana.it\/it\/covid-4-464-nuovi-casi-calano-i-ricoveri-25-i-decessi\/","name":"Covid, 4.464 nuovi casi: calano i ricoveri. 25 i decessi","isPartOf":{"@id":"https:\/\/www.intoscana.it\/it\/#website"},"primaryImageOfPage":{"@id":"https:\/\/www.intoscana.it\/it\/covid-4-464-nuovi-casi-calano-i-ricoveri-25-i-decessi\/#primaryimage"},"image":{"@id":"https:\/\/www.intoscana.it\/it\/covid-4-464-nuovi-casi-calano-i-ricoveri-25-i-decessi\/#primaryimage"},"thumbnailUrl":"https:\/\/www.intoscana.it\/wp-content\/uploads\/Coronavirus_gel.jpeg","datePublished":"2022-04-22T10:28:39+00:00","author":{"@id":"https:\/\/www.intoscana.it\/it\/#\/schema\/person\/9223810753230f20bd670fdd322661f8"},"description":"L'et\u00e0 media dei nuovi positiviin Toscana sale a 48 anni. Scendono le ospedalizzazioni: 35 in meno rispetto a ieri","breadcrumb":{"@id":"https:\/\/www.intoscana.it\/it\/covid-4-464-nuovi-casi-calano-i-ricoveri-25-i-decessi\/#breadcrumb"},"inLanguage":"it-IT","potentialAction":[{"@type":"ReadAction","target":["https:\/\/www.intoscana.it\/it\/covid-4-464-nuovi-casi-calano-i-ricoveri-25-i-decessi\/"]}]},{"@type":"ImageObject","inLanguage":"it-IT","@id":"https:\/\/www.intoscana.it\/it\/covid-4-464-nuovi-casi-calano-i-ricoveri-25-i-decessi\/#primaryimage","url":"https:\/\/www.intoscana.it\/wp-content\/uploads\/Coronavirus_gel.jpeg","contentUrl":"https:\/\/www.intoscana.it\/wp-content\/uploads\/Coronavirus_gel.jpeg","width":1899,"height":1061,"caption":"Coronavirus"},{"@type":"BreadcrumbList","@id":"https:\/\/www.intoscana.it\/it\/covid-4-464-nuovi-casi-calano-i-ricoveri-25-i-decessi\/#breadcrumb","itemListElement":[{"@type":"ListItem","position":1,"name":"Home","item":"https:\/\/www.intoscana.it\/it\/"},{"@type":"ListItem","position":2,"name":"Covid, 4.464 nuovi casi: calano i ricoveri. 25 i decessi"}]},{"@type":"WebSite","@id":"https:\/\/www.intoscana.it\/it\/#website","url":"https:\/\/www.intoscana.it\/it\/","name":"intoscana","description":"","potentialAction":[{"@type":"SearchAction","target":{"@type":"EntryPoint","urlTemplate":"https:\/\/www.intoscana.it\/it\/?s={search_term_string}"},"query-input":{"@type":"PropertyValueSpecification","valueRequired":true,"valueName":"search_term_string"}}],"inLanguage":"it-IT"},{"@type":"Person","@id":"https:\/\/www.intoscana.it\/it\/#\/schema\/person\/9223810753230f20bd670fdd322661f8","name":"Redazione","url":"https:\/\/www.intoscana.it\/it\/author\/redazione\/"}]}},"_links":{"self":[{"href":"https:\/\/www.intoscana.it\/it\/wp-json\/wp\/v2\/posts\/224934","targetHints":{"allow":["GET"]}}],"collection":[{"href":"https:\/\/www.intoscana.it\/it\/wp-json\/wp\/v2\/posts"}],"about":[{"href":"https:\/\/www.intoscana.it\/it\/wp-json\/wp\/v2\/types\/post"}],"author":[{"embeddable":true,"href":"https:\/\/www.intoscana.it\/it\/wp-json\/wp\/v2\/users\/525"}],"replies":[{"embeddable":true,"href":"https:\/\/www.intoscana.it\/it\/wp-json\/wp\/v2\/comments?post=224934"}],"version-history":[{"count":0,"href":"https:\/\/www.intoscana.it\/it\/wp-json\/wp\/v2\/posts\/224934\/revisions"}],"wp:featuredmedia":[{"embeddable":true,"href":"https:\/\/www.intoscana.it\/it\/wp-json\/wp\/v2\/media\/149584"}],"wp:attachment":[{"href":"https:\/\/www.intoscana.it\/it\/wp-json\/wp\/v2\/media?parent=224934"}],"wp:term":[{"taxonomy":"category","embeddable":true,"href":"https:\/\/www.intoscana.it\/it\/wp-json\/wp\/v2\/categories?post=224934"},{"taxonomy":"post_tag","embeddable":true,"href":"https:\/\/www.intoscana.it\/it\/wp-json\/wp\/v2\/tags?post=224934"}],"curies":[{"name":"wp","href":"https:\/\/api.w.org\/{rel}","templated":true}]}}