{"id":225230,"date":"2022-04-26T08:48:20","date_gmt":"2022-04-26T06:48:20","guid":{"rendered":"https:\/\/www.intoscana.it\/it\/?p=225230"},"modified":"2022-04-28T09:17:54","modified_gmt":"2022-04-28T07:17:54","slug":"concerto-primo-maggio-capannori-2022","status":"publish","type":"post","link":"https:\/\/www.intoscana.it\/it\/concerto-primo-maggio-capannori-2022\/","title":{"rendered":"Concerto del primo maggio a Capannori con Max Gazz\u00e8, Riki e Folcast"},"content":{"rendered":"<p>Grande attesa per il <strong>concertone gratuito del 1\u00b0 maggio<\/strong> promosso dal Comune di Capannori, in collaborazione con la<strong> Regione Toscana<\/strong> e con la LEG Live Emotion Group, che ospiter\u00e0, sul palco di piazza Aldo Moro, <strong>Max Gazz\u00e8, Riki, Folcast e gli ANIMEniacs Corp.<\/strong><\/p>\n<p>Il concerto del <strong>1\u00b0 maggio<\/strong> inizier\u00e0<strong> alle ore 16.00<\/strong> con gli <strong>ANIMEniacs Corp,<\/strong> mentre <strong>Riki<\/strong> si esibir\u00e0 alle ore 17.00.<\/p>\n<p>Subito dopo toccher\u00e0 a <strong>Folcast e Max Gazz\u00e8<\/strong> salir\u00e0 sul palco alle 18.30 dopo un intervento delle organizzazioni sindacali.<\/p>\n<p><em>\u201cPer il prossimo 1\u00b0 maggio torniamo a proporre in piazza Aldo Moro musica di alta qualit\u00e0 rispettando il format adottato nelle ultime edizioni, con l&#8217;alternarsi di vari artisti di successo per offrire una proposta musicale variegata e adatta a tutte le et\u00e0 e ai vari gusti musicali &#8211; <\/em><strong>afferma l&#8217;assessore alla cultura, Francesco Cecchetti &#8211;<\/strong><em>. Una grande ripartenza musicale per Capannori. Insieme a Max Gazz\u00e8 vero big della scena musicale nazionale che vanta una lunga e fortunata carriera ci saranno artisti pi\u00f9 giovani ma gi\u00e0 di successo come Riki e Folcast e il noto e apprezzato gruppo &#8216;ANIMEniacs Corp\u2019 che proporr\u00e0 un fantastico e originale viaggio musicale ispirato ai capolavori Disney adatto a tutta la famiglia. Accanto alla musica e al divertimento non mancher\u00e0 un momento di riflessione sui temi del lavoro in un momento non certo facile, grazie alla presenza delle organizzazioni sindacali. Ringraziamo le aziende del territorio che anche quest&#8217;anno hanno contribuito alla realizzazione del concerto\u201d.<\/em><\/p>\n<p>&nbsp;<\/p>\n","protected":false},"excerpt":{"rendered":"<p>Dalle ore 16 in piazza Aldo Moro spazio alla musica italiana di alta qualit\u00e0 con tanti artisti di successo<\/p>\n","protected":false},"author":525,"featured_media":225235,"comment_status":"open","ping_status":"open","sticky":false,"template":"","format":"standard","meta":{"_acf_changed":false,"footnotes":""},"categories":[14],"tags":[216,4474,1585],"class_list":["post-225230","post","type-post","status-publish","format-standard","has-post-thumbnail","hentry","category-musica","tag-concerti","tag-eventi","tag-primo-maggio"],"acf":[],"yoast_head":"<!-- This site is optimized with the Yoast SEO Premium plugin v24.2 (Yoast SEO v25.6) - https:\/\/yoast.com\/wordpress\/plugins\/seo\/ -->\n<title>Concerto del primo maggio a Capannori con Max Gazz\u00e8, Riki e Folcast - intoscana<\/title>\n<meta name=\"description\" content=\"Dalle ore 16 in piazza Aldo Moro spazio alla musica italiana di alta qualit\u00e0 con tanti artisti di successo\" \/>\n<meta name=\"robots\" content=\"index, follow, max-snippet:-1, max-image-preview:large, max-video-preview:-1\" \/>\n<link rel=\"canonical\" href=\"https:\/\/www.intoscana.it\/it\/concerto-primo-maggio-capannori-2022\/\" \/>\n<meta property=\"og:locale\" content=\"it_IT\" \/>\n<meta property=\"og:type\" content=\"article\" \/>\n<meta property=\"og:title\" content=\"Concerto del primo maggio a Capannori con Max Gazz\u00e8, Riki e Folcast\" \/>\n<meta property=\"og:description\" content=\"Dalle ore 16 in piazza Aldo Moro spazio alla musica italiana di alta qualit\u00e0 con tanti artisti di successo\" \/>\n<meta property=\"og:url\" content=\"https:\/\/www.intoscana.it\/it\/concerto-primo-maggio-capannori-2022\/\" \/>\n<meta property=\"og:site_name\" content=\"intoscana\" \/>\n<meta property=\"article:publisher\" content=\"https:\/\/www.facebook.com\/intoscana.it\" \/>\n<meta property=\"article:published_time\" content=\"2022-04-26T06:48:20+00:00\" \/>\n<meta property=\"article:modified_time\" content=\"2022-04-28T07:17:54+00:00\" \/>\n<meta property=\"og:image\" content=\"https:\/\/www.intoscana.it\/wp-content\/uploads\/Copia-di-image_6483441-1-scaled.jpg\" \/>\n\t<meta property=\"og:image:width\" content=\"2048\" \/>\n\t<meta property=\"og:image:height\" content=\"1583\" \/>\n\t<meta property=\"og:image:type\" content=\"image\/jpeg\" \/>\n<meta name=\"author\" content=\"Redazione\" \/>\n<meta name=\"twitter:card\" content=\"summary_large_image\" \/>\n<meta name=\"twitter:creator\" content=\"@intoscana\" \/>\n<meta name=\"twitter:site\" content=\"@intoscana\" \/>\n<meta name=\"twitter:label1\" content=\"Written by\" \/>\n\t<meta name=\"twitter:data1\" content=\"Redazione\" \/>\n\t<meta name=\"twitter:label2\" content=\"Est. reading time\" \/>\n\t<meta name=\"twitter:data2\" content=\"1 minuto\" \/>\n<script type=\"application\/ld+json\" class=\"yoast-schema-graph\">{\"@context\":\"https:\/\/schema.org\",\"@graph\":[{\"@type\":\"WebPage\",\"@id\":\"https:\/\/www.intoscana.it\/it\/concerto-primo-maggio-capannori-2022\/\",\"url\":\"https:\/\/www.intoscana.it\/it\/concerto-primo-maggio-capannori-2022\/\",\"name\":\"Concerto del primo maggio a Capannori con Max Gazz\u00e8, Riki e Folcast - intoscana\",\"isPartOf\":{\"@id\":\"https:\/\/www.intoscana.it\/it\/#website\"},\"primaryImageOfPage\":{\"@id\":\"https:\/\/www.intoscana.it\/it\/concerto-primo-maggio-capannori-2022\/#primaryimage\"},\"image\":{\"@id\":\"https:\/\/www.intoscana.it\/it\/concerto-primo-maggio-capannori-2022\/#primaryimage\"},\"thumbnailUrl\":\"https:\/\/www.intoscana.it\/wp-content\/uploads\/Copia-di-image_6483441-1-scaled.jpg\",\"datePublished\":\"2022-04-26T06:48:20+00:00\",\"dateModified\":\"2022-04-28T07:17:54+00:00\",\"author\":{\"@id\":\"https:\/\/www.intoscana.it\/it\/#\/schema\/person\/9223810753230f20bd670fdd322661f8\"},\"description\":\"Dalle ore 16 in piazza Aldo Moro spazio alla musica italiana di alta qualit\u00e0 con tanti artisti di successo\",\"breadcrumb\":{\"@id\":\"https:\/\/www.intoscana.it\/it\/concerto-primo-maggio-capannori-2022\/#breadcrumb\"},\"inLanguage\":\"it-IT\",\"potentialAction\":[{\"@type\":\"ReadAction\",\"target\":[\"https:\/\/www.intoscana.it\/it\/concerto-primo-maggio-capannori-2022\/\"]}]},{\"@type\":\"ImageObject\",\"inLanguage\":\"it-IT\",\"@id\":\"https:\/\/www.intoscana.it\/it\/concerto-primo-maggio-capannori-2022\/#primaryimage\",\"url\":\"https:\/\/www.intoscana.it\/wp-content\/uploads\/Copia-di-image_6483441-1-scaled.jpg\",\"contentUrl\":\"https:\/\/www.intoscana.it\/wp-content\/uploads\/Copia-di-image_6483441-1-scaled.jpg\",\"width\":2048,\"height\":1583},{\"@type\":\"BreadcrumbList\",\"@id\":\"https:\/\/www.intoscana.it\/it\/concerto-primo-maggio-capannori-2022\/#breadcrumb\",\"itemListElement\":[{\"@type\":\"ListItem\",\"position\":1,\"name\":\"Home\",\"item\":\"https:\/\/www.intoscana.it\/it\/\"},{\"@type\":\"ListItem\",\"position\":2,\"name\":\"Concerto del primo maggio a Capannori con Max Gazz\u00e8, Riki e Folcast\"}]},{\"@type\":\"WebSite\",\"@id\":\"https:\/\/www.intoscana.it\/it\/#website\",\"url\":\"https:\/\/www.intoscana.it\/it\/\",\"name\":\"intoscana\",\"description\":\"\",\"potentialAction\":[{\"@type\":\"SearchAction\",\"target\":{\"@type\":\"EntryPoint\",\"urlTemplate\":\"https:\/\/www.intoscana.it\/it\/?s={search_term_string}\"},\"query-input\":{\"@type\":\"PropertyValueSpecification\",\"valueRequired\":true,\"valueName\":\"search_term_string\"}}],\"inLanguage\":\"it-IT\"},{\"@type\":\"Person\",\"@id\":\"https:\/\/www.intoscana.it\/it\/#\/schema\/person\/9223810753230f20bd670fdd322661f8\",\"name\":\"Redazione\",\"url\":\"https:\/\/www.intoscana.it\/it\/author\/redazione\/\"}]}<\/script>\n<!-- \/ Yoast SEO Premium plugin. -->","yoast_head_json":{"title":"Concerto del primo maggio a Capannori con Max Gazz\u00e8, Riki e Folcast - intoscana","description":"Dalle ore 16 in piazza Aldo Moro spazio alla musica italiana di alta qualit\u00e0 con tanti artisti di successo","robots":{"index":"index","follow":"follow","max-snippet":"max-snippet:-1","max-image-preview":"max-image-preview:large","max-video-preview":"max-video-preview:-1"},"canonical":"https:\/\/www.intoscana.it\/it\/concerto-primo-maggio-capannori-2022\/","og_locale":"it_IT","og_type":"article","og_title":"Concerto del primo maggio a Capannori con Max Gazz\u00e8, Riki e Folcast","og_description":"Dalle ore 16 in piazza Aldo Moro spazio alla musica italiana di alta qualit\u00e0 con tanti artisti di successo","og_url":"https:\/\/www.intoscana.it\/it\/concerto-primo-maggio-capannori-2022\/","og_site_name":"intoscana","article_publisher":"https:\/\/www.facebook.com\/intoscana.it","article_published_time":"2022-04-26T06:48:20+00:00","article_modified_time":"2022-04-28T07:17:54+00:00","og_image":[{"width":2048,"height":1583,"url":"https:\/\/www.intoscana.it\/wp-content\/uploads\/Copia-di-image_6483441-1-scaled.jpg","type":"image\/jpeg"}],"author":"Redazione","twitter_card":"summary_large_image","twitter_creator":"@intoscana","twitter_site":"@intoscana","twitter_misc":{"Written by":"Redazione","Est. reading time":"1 minuto"},"schema":{"@context":"https:\/\/schema.org","@graph":[{"@type":"WebPage","@id":"https:\/\/www.intoscana.it\/it\/concerto-primo-maggio-capannori-2022\/","url":"https:\/\/www.intoscana.it\/it\/concerto-primo-maggio-capannori-2022\/","name":"Concerto del primo maggio a Capannori con Max Gazz\u00e8, Riki e Folcast - intoscana","isPartOf":{"@id":"https:\/\/www.intoscana.it\/it\/#website"},"primaryImageOfPage":{"@id":"https:\/\/www.intoscana.it\/it\/concerto-primo-maggio-capannori-2022\/#primaryimage"},"image":{"@id":"https:\/\/www.intoscana.it\/it\/concerto-primo-maggio-capannori-2022\/#primaryimage"},"thumbnailUrl":"https:\/\/www.intoscana.it\/wp-content\/uploads\/Copia-di-image_6483441-1-scaled.jpg","datePublished":"2022-04-26T06:48:20+00:00","dateModified":"2022-04-28T07:17:54+00:00","author":{"@id":"https:\/\/www.intoscana.it\/it\/#\/schema\/person\/9223810753230f20bd670fdd322661f8"},"description":"Dalle ore 16 in piazza Aldo Moro spazio alla musica italiana di alta qualit\u00e0 con tanti artisti di successo","breadcrumb":{"@id":"https:\/\/www.intoscana.it\/it\/concerto-primo-maggio-capannori-2022\/#breadcrumb"},"inLanguage":"it-IT","potentialAction":[{"@type":"ReadAction","target":["https:\/\/www.intoscana.it\/it\/concerto-primo-maggio-capannori-2022\/"]}]},{"@type":"ImageObject","inLanguage":"it-IT","@id":"https:\/\/www.intoscana.it\/it\/concerto-primo-maggio-capannori-2022\/#primaryimage","url":"https:\/\/www.intoscana.it\/wp-content\/uploads\/Copia-di-image_6483441-1-scaled.jpg","contentUrl":"https:\/\/www.intoscana.it\/wp-content\/uploads\/Copia-di-image_6483441-1-scaled.jpg","width":2048,"height":1583},{"@type":"BreadcrumbList","@id":"https:\/\/www.intoscana.it\/it\/concerto-primo-maggio-capannori-2022\/#breadcrumb","itemListElement":[{"@type":"ListItem","position":1,"name":"Home","item":"https:\/\/www.intoscana.it\/it\/"},{"@type":"ListItem","position":2,"name":"Concerto del primo maggio a Capannori con Max Gazz\u00e8, Riki e Folcast"}]},{"@type":"WebSite","@id":"https:\/\/www.intoscana.it\/it\/#website","url":"https:\/\/www.intoscana.it\/it\/","name":"intoscana","description":"","potentialAction":[{"@type":"SearchAction","target":{"@type":"EntryPoint","urlTemplate":"https:\/\/www.intoscana.it\/it\/?s={search_term_string}"},"query-input":{"@type":"PropertyValueSpecification","valueRequired":true,"valueName":"search_term_string"}}],"inLanguage":"it-IT"},{"@type":"Person","@id":"https:\/\/www.intoscana.it\/it\/#\/schema\/person\/9223810753230f20bd670fdd322661f8","name":"Redazione","url":"https:\/\/www.intoscana.it\/it\/author\/redazione\/"}]}},"_links":{"self":[{"href":"https:\/\/www.intoscana.it\/it\/wp-json\/wp\/v2\/posts\/225230","targetHints":{"allow":["GET"]}}],"collection":[{"href":"https:\/\/www.intoscana.it\/it\/wp-json\/wp\/v2\/posts"}],"about":[{"href":"https:\/\/www.intoscana.it\/it\/wp-json\/wp\/v2\/types\/post"}],"author":[{"embeddable":true,"href":"https:\/\/www.intoscana.it\/it\/wp-json\/wp\/v2\/users\/525"}],"replies":[{"embeddable":true,"href":"https:\/\/www.intoscana.it\/it\/wp-json\/wp\/v2\/comments?post=225230"}],"version-history":[{"count":0,"href":"https:\/\/www.intoscana.it\/it\/wp-json\/wp\/v2\/posts\/225230\/revisions"}],"wp:featuredmedia":[{"embeddable":true,"href":"https:\/\/www.intoscana.it\/it\/wp-json\/wp\/v2\/media\/225235"}],"wp:attachment":[{"href":"https:\/\/www.intoscana.it\/it\/wp-json\/wp\/v2\/media?parent=225230"}],"wp:term":[{"taxonomy":"category","embeddable":true,"href":"https:\/\/www.intoscana.it\/it\/wp-json\/wp\/v2\/categories?post=225230"},{"taxonomy":"post_tag","embeddable":true,"href":"https:\/\/www.intoscana.it\/it\/wp-json\/wp\/v2\/tags?post=225230"}],"curies":[{"name":"wp","href":"https:\/\/api.w.org\/{rel}","templated":true}]}}