{"id":225262,"date":"2022-04-26T09:40:42","date_gmt":"2022-04-26T07:40:42","guid":{"rendered":"https:\/\/www.intoscana.it\/it\/?p=225262"},"modified":"2022-04-26T11:31:19","modified_gmt":"2022-04-26T09:31:19","slug":"concerti-vecchioni-raf-tozzi-bersani-vicario","status":"publish","type":"post","link":"https:\/\/www.intoscana.it\/it\/concerti-vecchioni-raf-tozzi-bersani-vicario\/","title":{"rendered":"Una settimana in musica con Vecchioni, Raf, Tozzi, Bersani, Mannoia e Margherita Vicario"},"content":{"rendered":"<p>La prossima sar\u00e0 una settimana piena di <strong>concerti di grandi cantautori italiani in Toscana.<\/strong><\/p>\n<p>Apre le danze <strong>marted\u00ec 26 Margherita Vicario<\/strong> al <strong>Viper Theatre di Firenze<\/strong> con uno show sorprendente e dinamico. Il live di <strong>Margherita Vicario<\/strong> \u00e8 un rito collettivo a cui tutti sono invitati a partecipare, dagli adulti ai pi\u00f9 piccoli, un progetto che legge il presente in maniera audace e mai banale, composto con la volont\u00e0 di arrivare alla radice delle emozioni.<\/p>\n<figure id=\"post-225275 media-225275\" class=\"align-none\"><img decoding=\"async\" src=\"https:\/\/www.intoscana.it\/wp-content\/uploads\/RAF-TOZZI-foto-ufficiale-2_ph-Luisa-Carcavale-1-scaled.jpg\" alt=\"\" \/><\/figure>\n<p><em>Raf e Tozzi &#8211; \u00a9 Luisa Carcavale<\/em><\/p>\n<p>La stessa sera arrivano finalmente a Firenze (dopo i tanti rimandi a causa del Covid) <strong>Raf e Tozzi.<\/strong> I due fuoriclasse si esibiranno al <strong>Teatro Verdi di Firenze<\/strong> con il tour &#8220;Due &#8211; la nostra storia&#8221;.\u00a0Da <strong>\u201cGloria\u201d<\/strong> a <strong>\u201cSelf Control\u201d<\/strong>, da <strong>\u201cSi pu\u00f2 dare di pi\u00f9\u201d<\/strong> a <strong>\u201cCosa rester\u00e0 degli anni 80\u201d <\/strong>i due big della musica\u00a0presenteranno insieme i successi dei rispettivi repertori.\u00a0<strong>Raf e Umberto Tozzi<\/strong> li rivisiteranno a due voci, nell\u2019atmosfera intima dei teatri, che si scalder\u00e0 grazie a <strong>una scaletta straordinaria e senza tempo.<\/strong><\/p>\n<figure id=\"post-225268 media-225268\" class=\"align-none\"><img decoding=\"async\" src=\"https:\/\/www.intoscana.it\/wp-content\/uploads\/Samuele-Bersani-2022-foto-paolo-de-francesco-scaled.jpg\" alt=\"\" \/><\/figure>\n<p><em>Samuele Bersani &#8211; \u00a9 Paolo de Francesco<br \/>\n<\/em><br \/>\n<strong>Mercoled\u00ec 27<\/strong> arriva <strong>Samuele Bersani al Tuscany Hall<\/strong>.\u00a0Sul palco tanta poesia, musica suonata da una band di sette musicisti (fiati, percussioni, pianoforte, due tastiere, due chitarre, basso, batteria) e la stretta attualit\u00e0 che risuona nei testi senza tempo dell\u2019artista. \u00a0La scaletta \u00e8<strong> il racconto in note di trent&#8217;anni di carriera,<\/strong> ma anche e soprattutto del suo ultimo disco <em><strong>&#8220;Cinema Samuele&#8221;<\/strong><\/em>. Da <strong>&#8220;Harakiri&#8221; <\/strong>a<strong> &#8220;Chicco e Spillo&#8221;,<\/strong> da<strong> &#8220;Il tuo ricordo&#8221;<\/strong> a <strong>&#8220;Spaccacuore&#8221;<\/strong>, e ancora <strong>&#8220;Le Abbagnale&#8221;, &#8220;Pixel&#8221;, &#8220;Le mie parole&#8221;, &#8220;Mezza Bugia&#8221;, &#8220;Psyco&#8221;, &#8220;Coccodrilli&#8221;,<\/strong> Bersani alterna le sue ultime canzoni ai suoi brani pi\u00f9 amati.<\/p>\n<figure id=\"post-225270 media-225270\" class=\"align-none\"><img decoding=\"async\" src=\"https:\/\/www.intoscana.it\/wp-content\/uploads\/vecchioni02.jpg\" alt=\"\" \/><\/figure>\n<p><em>Roberto Vecchioni<\/em><\/p>\n<p><strong>Gioved\u00ec 28<\/strong> aprile\u00a0<strong>Roberto Vecchioni <\/strong>sar\u00e0 <strong>al Teatro Politeama di Prato<\/strong>. Il cantautore\u00a0accompagnato da<b> Massimo Germini<\/b> alla chitarra acustica, affronter\u00e0 i temi a lui pi\u00f9 cari attraverso monologhi e racconti, intervallati dai brani recenti dell\u2019ultimo album<em><strong> \u201cL\u2019Infinito\u201d<\/strong><\/em> e da alcuni classici del suo repertorio.<\/p>\n<figure id=\"post-225307 media-225307\" class=\"align-none\"><img decoding=\"async\" src=\"https:\/\/www.intoscana.it\/wp-content\/uploads\/fiorella_mannoia_mg_5605_foto_di_francesco_scipioni-1-1-scaled.jpg\" alt=\"\" \/><\/figure>\n<p><em>Fiorella Mannoia &#8211; \u00a9 Francesco Scipioni<\/em><\/p>\n<p>Chiude l&#8217;intensa settimana di musica <strong>sabato 30<\/strong>\u00a0<strong>aprile<\/strong> al <strong>Teatro verdi di Firenze Fiorella Mannoia<\/strong>.\u00a0Il tour prende il nome dal programma che l\u2019artista ha condotto su Rai 3, <strong>\u201cLa versione di Fiorella\u201d<\/strong> e in scaletta ci saranno i brani che hanno contraddistinto la sua carriera, dagli inizi fino all\u2019ultimo album <strong>\u201cPadroni di Niente\u201d.<\/strong><\/p>\n<p>Insieme a Fiorella saliranno sul palco <strong>Diego Corradin<\/strong> alla batteria,<strong> Claudio Storniolo<\/strong> al pianoforte e alle tastiere, <strong>Luca Visigalli<\/strong> al basso,<strong> Max Rosati e Alessandro &#8220;DOC&#8221; De Crescenzo<\/strong> alle chitarre, e <strong>Carlo Di Francesco<\/strong> alle percussioni e alla direzione musicale.<\/p>\n","protected":false},"excerpt":{"rendered":"<p>Sei &#8220;Big&#8221; della musica italiana saranno in concerto tra Firenze e Prato<\/p>\n","protected":false},"author":518,"featured_media":148349,"comment_status":"open","ping_status":"open","sticky":false,"template":"","format":"standard","meta":{"_acf_changed":false,"footnotes":""},"categories":[14],"tags":[216,202],"class_list":["post-225262","post","type-post","status-publish","format-standard","has-post-thumbnail","hentry","category-musica","tag-concerti","tag-firenze"],"acf":[],"yoast_head":"<!-- This site is optimized with the Yoast SEO Premium plugin v24.2 (Yoast SEO v25.6) - https:\/\/yoast.com\/wordpress\/plugins\/seo\/ -->\n<title>Una settimana in musica con Vecchioni, Raf, Tozzi, Bersani, Mannoia e Margherita Vicario - intoscana<\/title>\n<meta name=\"description\" content=\"Cinque &quot;Big&quot; della musica italiana saranno in concerto tra Firenze e Prato per un&#039;indimenticabile settimana di concerti in Toscana\" \/>\n<meta name=\"robots\" content=\"index, follow, max-snippet:-1, max-image-preview:large, max-video-preview:-1\" \/>\n<link rel=\"canonical\" href=\"https:\/\/www.intoscana.it\/it\/concerti-vecchioni-raf-tozzi-bersani-vicario\/\" \/>\n<meta property=\"og:locale\" content=\"it_IT\" \/>\n<meta property=\"og:type\" content=\"article\" \/>\n<meta property=\"og:title\" content=\"Una settimana in musica con Vecchioni, Raf, Tozzi, Bersani, Mannoia e Margherita Vicario\" \/>\n<meta property=\"og:description\" content=\"Cinque &quot;Big&quot; della musica italiana saranno in concerto tra Firenze e Prato per un&#039;indimenticabile settimana di concerti in Toscana\" \/>\n<meta property=\"og:url\" content=\"https:\/\/www.intoscana.it\/it\/concerti-vecchioni-raf-tozzi-bersani-vicario\/\" \/>\n<meta property=\"og:site_name\" content=\"intoscana\" \/>\n<meta property=\"article:publisher\" content=\"https:\/\/www.facebook.com\/intoscana.it\" \/>\n<meta property=\"article:published_time\" content=\"2022-04-26T07:40:42+00:00\" \/>\n<meta property=\"article:modified_time\" content=\"2022-04-26T09:31:19+00:00\" \/>\n<meta property=\"og:image\" content=\"https:\/\/www.intoscana.it\/wp-content\/uploads\/Margerita_Vicario.jpeg\" \/>\n\t<meta property=\"og:image:width\" content=\"937\" \/>\n\t<meta property=\"og:image:height\" content=\"834\" \/>\n\t<meta property=\"og:image:type\" content=\"image\/jpeg\" \/>\n<meta name=\"author\" content=\"Costanza Baldini\" \/>\n<meta name=\"twitter:card\" content=\"summary_large_image\" \/>\n<meta name=\"twitter:creator\" content=\"@intoscana\" \/>\n<meta name=\"twitter:site\" content=\"@intoscana\" \/>\n<meta name=\"twitter:label1\" content=\"Written by\" \/>\n\t<meta name=\"twitter:data1\" content=\"Costanza Baldini\" \/>\n\t<meta name=\"twitter:label2\" content=\"Est. reading time\" \/>\n\t<meta name=\"twitter:data2\" content=\"2 minuti\" \/>\n<script type=\"application\/ld+json\" class=\"yoast-schema-graph\">{\"@context\":\"https:\/\/schema.org\",\"@graph\":[{\"@type\":\"WebPage\",\"@id\":\"https:\/\/www.intoscana.it\/it\/concerti-vecchioni-raf-tozzi-bersani-vicario\/\",\"url\":\"https:\/\/www.intoscana.it\/it\/concerti-vecchioni-raf-tozzi-bersani-vicario\/\",\"name\":\"Una settimana in musica con Vecchioni, Raf, Tozzi, Bersani, Mannoia e Margherita Vicario - intoscana\",\"isPartOf\":{\"@id\":\"https:\/\/www.intoscana.it\/it\/#website\"},\"primaryImageOfPage\":{\"@id\":\"https:\/\/www.intoscana.it\/it\/concerti-vecchioni-raf-tozzi-bersani-vicario\/#primaryimage\"},\"image\":{\"@id\":\"https:\/\/www.intoscana.it\/it\/concerti-vecchioni-raf-tozzi-bersani-vicario\/#primaryimage\"},\"thumbnailUrl\":\"https:\/\/www.intoscana.it\/wp-content\/uploads\/Margerita_Vicario.jpeg\",\"datePublished\":\"2022-04-26T07:40:42+00:00\",\"dateModified\":\"2022-04-26T09:31:19+00:00\",\"author\":{\"@id\":\"https:\/\/www.intoscana.it\/it\/#\/schema\/person\/d469f35f09739bdf00bf5dd3f0647a82\"},\"description\":\"Cinque \\\"Big\\\" della musica italiana saranno in concerto tra Firenze e Prato per un'indimenticabile settimana di concerti in Toscana\",\"breadcrumb\":{\"@id\":\"https:\/\/www.intoscana.it\/it\/concerti-vecchioni-raf-tozzi-bersani-vicario\/#breadcrumb\"},\"inLanguage\":\"it-IT\",\"potentialAction\":[{\"@type\":\"ReadAction\",\"target\":[\"https:\/\/www.intoscana.it\/it\/concerti-vecchioni-raf-tozzi-bersani-vicario\/\"]}]},{\"@type\":\"ImageObject\",\"inLanguage\":\"it-IT\",\"@id\":\"https:\/\/www.intoscana.it\/it\/concerti-vecchioni-raf-tozzi-bersani-vicario\/#primaryimage\",\"url\":\"https:\/\/www.intoscana.it\/wp-content\/uploads\/Margerita_Vicario.jpeg\",\"contentUrl\":\"https:\/\/www.intoscana.it\/wp-content\/uploads\/Margerita_Vicario.jpeg\",\"width\":937,\"height\":834,\"caption\":\"Margherita Vicario\"},{\"@type\":\"BreadcrumbList\",\"@id\":\"https:\/\/www.intoscana.it\/it\/concerti-vecchioni-raf-tozzi-bersani-vicario\/#breadcrumb\",\"itemListElement\":[{\"@type\":\"ListItem\",\"position\":1,\"name\":\"Home\",\"item\":\"https:\/\/www.intoscana.it\/it\/\"},{\"@type\":\"ListItem\",\"position\":2,\"name\":\"Una settimana in musica con Vecchioni, Raf, Tozzi, Bersani, Mannoia e Margherita Vicario\"}]},{\"@type\":\"WebSite\",\"@id\":\"https:\/\/www.intoscana.it\/it\/#website\",\"url\":\"https:\/\/www.intoscana.it\/it\/\",\"name\":\"intoscana\",\"description\":\"\",\"potentialAction\":[{\"@type\":\"SearchAction\",\"target\":{\"@type\":\"EntryPoint\",\"urlTemplate\":\"https:\/\/www.intoscana.it\/it\/?s={search_term_string}\"},\"query-input\":{\"@type\":\"PropertyValueSpecification\",\"valueRequired\":true,\"valueName\":\"search_term_string\"}}],\"inLanguage\":\"it-IT\"},{\"@type\":\"Person\",\"@id\":\"https:\/\/www.intoscana.it\/it\/#\/schema\/person\/d469f35f09739bdf00bf5dd3f0647a82\",\"name\":\"Costanza Baldini\",\"url\":\"https:\/\/www.intoscana.it\/it\/author\/costanza-baldini\/\"}]}<\/script>\n<!-- \/ Yoast SEO Premium plugin. -->","yoast_head_json":{"title":"Una settimana in musica con Vecchioni, Raf, Tozzi, Bersani, Mannoia e Margherita Vicario - intoscana","description":"Cinque \"Big\" della musica italiana saranno in concerto tra Firenze e Prato per un'indimenticabile settimana di concerti in Toscana","robots":{"index":"index","follow":"follow","max-snippet":"max-snippet:-1","max-image-preview":"max-image-preview:large","max-video-preview":"max-video-preview:-1"},"canonical":"https:\/\/www.intoscana.it\/it\/concerti-vecchioni-raf-tozzi-bersani-vicario\/","og_locale":"it_IT","og_type":"article","og_title":"Una settimana in musica con Vecchioni, Raf, Tozzi, Bersani, Mannoia e Margherita Vicario","og_description":"Cinque \"Big\" della musica italiana saranno in concerto tra Firenze e Prato per un'indimenticabile settimana di concerti in Toscana","og_url":"https:\/\/www.intoscana.it\/it\/concerti-vecchioni-raf-tozzi-bersani-vicario\/","og_site_name":"intoscana","article_publisher":"https:\/\/www.facebook.com\/intoscana.it","article_published_time":"2022-04-26T07:40:42+00:00","article_modified_time":"2022-04-26T09:31:19+00:00","og_image":[{"width":937,"height":834,"url":"https:\/\/www.intoscana.it\/wp-content\/uploads\/Margerita_Vicario.jpeg","type":"image\/jpeg"}],"author":"Costanza Baldini","twitter_card":"summary_large_image","twitter_creator":"@intoscana","twitter_site":"@intoscana","twitter_misc":{"Written by":"Costanza Baldini","Est. reading time":"2 minuti"},"schema":{"@context":"https:\/\/schema.org","@graph":[{"@type":"WebPage","@id":"https:\/\/www.intoscana.it\/it\/concerti-vecchioni-raf-tozzi-bersani-vicario\/","url":"https:\/\/www.intoscana.it\/it\/concerti-vecchioni-raf-tozzi-bersani-vicario\/","name":"Una settimana in musica con Vecchioni, Raf, Tozzi, Bersani, Mannoia e Margherita Vicario - intoscana","isPartOf":{"@id":"https:\/\/www.intoscana.it\/it\/#website"},"primaryImageOfPage":{"@id":"https:\/\/www.intoscana.it\/it\/concerti-vecchioni-raf-tozzi-bersani-vicario\/#primaryimage"},"image":{"@id":"https:\/\/www.intoscana.it\/it\/concerti-vecchioni-raf-tozzi-bersani-vicario\/#primaryimage"},"thumbnailUrl":"https:\/\/www.intoscana.it\/wp-content\/uploads\/Margerita_Vicario.jpeg","datePublished":"2022-04-26T07:40:42+00:00","dateModified":"2022-04-26T09:31:19+00:00","author":{"@id":"https:\/\/www.intoscana.it\/it\/#\/schema\/person\/d469f35f09739bdf00bf5dd3f0647a82"},"description":"Cinque \"Big\" della musica italiana saranno in concerto tra Firenze e Prato per un'indimenticabile settimana di concerti in Toscana","breadcrumb":{"@id":"https:\/\/www.intoscana.it\/it\/concerti-vecchioni-raf-tozzi-bersani-vicario\/#breadcrumb"},"inLanguage":"it-IT","potentialAction":[{"@type":"ReadAction","target":["https:\/\/www.intoscana.it\/it\/concerti-vecchioni-raf-tozzi-bersani-vicario\/"]}]},{"@type":"ImageObject","inLanguage":"it-IT","@id":"https:\/\/www.intoscana.it\/it\/concerti-vecchioni-raf-tozzi-bersani-vicario\/#primaryimage","url":"https:\/\/www.intoscana.it\/wp-content\/uploads\/Margerita_Vicario.jpeg","contentUrl":"https:\/\/www.intoscana.it\/wp-content\/uploads\/Margerita_Vicario.jpeg","width":937,"height":834,"caption":"Margherita Vicario"},{"@type":"BreadcrumbList","@id":"https:\/\/www.intoscana.it\/it\/concerti-vecchioni-raf-tozzi-bersani-vicario\/#breadcrumb","itemListElement":[{"@type":"ListItem","position":1,"name":"Home","item":"https:\/\/www.intoscana.it\/it\/"},{"@type":"ListItem","position":2,"name":"Una settimana in musica con Vecchioni, Raf, Tozzi, Bersani, Mannoia e Margherita Vicario"}]},{"@type":"WebSite","@id":"https:\/\/www.intoscana.it\/it\/#website","url":"https:\/\/www.intoscana.it\/it\/","name":"intoscana","description":"","potentialAction":[{"@type":"SearchAction","target":{"@type":"EntryPoint","urlTemplate":"https:\/\/www.intoscana.it\/it\/?s={search_term_string}"},"query-input":{"@type":"PropertyValueSpecification","valueRequired":true,"valueName":"search_term_string"}}],"inLanguage":"it-IT"},{"@type":"Person","@id":"https:\/\/www.intoscana.it\/it\/#\/schema\/person\/d469f35f09739bdf00bf5dd3f0647a82","name":"Costanza Baldini","url":"https:\/\/www.intoscana.it\/it\/author\/costanza-baldini\/"}]}},"_links":{"self":[{"href":"https:\/\/www.intoscana.it\/it\/wp-json\/wp\/v2\/posts\/225262","targetHints":{"allow":["GET"]}}],"collection":[{"href":"https:\/\/www.intoscana.it\/it\/wp-json\/wp\/v2\/posts"}],"about":[{"href":"https:\/\/www.intoscana.it\/it\/wp-json\/wp\/v2\/types\/post"}],"author":[{"embeddable":true,"href":"https:\/\/www.intoscana.it\/it\/wp-json\/wp\/v2\/users\/518"}],"replies":[{"embeddable":true,"href":"https:\/\/www.intoscana.it\/it\/wp-json\/wp\/v2\/comments?post=225262"}],"version-history":[{"count":0,"href":"https:\/\/www.intoscana.it\/it\/wp-json\/wp\/v2\/posts\/225262\/revisions"}],"wp:featuredmedia":[{"embeddable":true,"href":"https:\/\/www.intoscana.it\/it\/wp-json\/wp\/v2\/media\/148349"}],"wp:attachment":[{"href":"https:\/\/www.intoscana.it\/it\/wp-json\/wp\/v2\/media?parent=225262"}],"wp:term":[{"taxonomy":"category","embeddable":true,"href":"https:\/\/www.intoscana.it\/it\/wp-json\/wp\/v2\/categories?post=225262"},{"taxonomy":"post_tag","embeddable":true,"href":"https:\/\/www.intoscana.it\/it\/wp-json\/wp\/v2\/tags?post=225262"}],"curies":[{"name":"wp","href":"https:\/\/api.w.org\/{rel}","templated":true}]}}