{"id":225284,"date":"2022-04-26T15:10:42","date_gmt":"2022-04-26T13:10:42","guid":{"rendered":"https:\/\/www.intoscana.it\/it\/?p=225284"},"modified":"2022-04-26T18:06:00","modified_gmt":"2022-04-26T16:06:00","slug":"toscana-serie-tv-cina-otto-puntate-emittente-stato","status":"publish","type":"post","link":"https:\/\/www.intoscana.it\/it\/toscana-serie-tv-cina-otto-puntate-emittente-stato\/","title":{"rendered":"La Toscana diventa una serie tv per la Cina: otto puntate sull&#8217;emittente di Stato"},"content":{"rendered":"<p>Otto puntante da 30 minuti, che raccontano con immagini e voci la <strong>Toscana<\/strong> da nord a sud, dalla montagna alla costa. Una serie tv che \u00e8 un viaggio nella storia, nel paesaggio e nelle tradizioni della regione, che parla la lingua universale della bellezza. Si chiama\u201c<strong><em>Tuscany: travel in a never ending Renaissance\u201d<\/em><\/strong> ed \u00e8 un prodotto nato e creato per la <strong>Cina<\/strong>, che entra nelle case attraverso la tv di Stato Citvc &#8211; un colosso da 200 emittenti televisive e web molto diffuso in Asia &#8211;\u00a0 e parla soprattutto di cultura, quella che ha attraversato i secoli dai Medici a Napoleone e che ha plasmato fino ad oggi la Toscana.<\/p>\n<h3><em>La Toscana dei Medici e di Napoleone<\/em><\/h3>\n<p>La serie tv si svela al pubblico toccando tutte le 10 province, dai grandi centri d&#8217;arte fino all&#8217;isola d&#8217;Elba e ai piccoli borghi patrimonio Unesco, come San Quirico d\u2019Orcia e San Gimignano. Un racconto che mette al centro la creativit\u00e0 dell&#8217;uomo, quello che ha saputo costruire nei secoli attraverso l\u2019ingegno e le arti, e che prova a spiegare perch\u00e9 il <strong>Rinascimento<\/strong> nacque proprio in Toscana.<\/p>\n<p>&#8220;<em>La Toscana anche con questa iniziativa manda al mondo un messaggio di pace e di bellezza. I rapporti tra i popoli saranno sicuramente migliori coltivando l&#8217;ingegno, le arti, la creativit\u00e0 con l&#8217;obiettivo di realizzare il bello, come accade da secoli in Toscana&#8221;<\/em>, ha commentato il presidente della Regione <strong>Eugenio Giani. <\/strong>La presentazione del documentario si \u00e8 tenuta al Pecci di Prato. <mark>All&#8217;incontro, hanno partcipato anche il sindaco di Prato Matteo Biffoni, il Console Generale della Repubblica Popolare Cinese a Firenze, Wang Wengang, il direttore del Pecci, Stefano Collicelli Cagol, il direttore di Fondazione Sistema Toscana, Francesco Palumbo, e il regista Paolo Carrino.<\/mark><\/p>\n<h3><em>In onda in autunno, nell&#8217;anno della Cultura e Turismo Italia-Cina<\/em><\/h3>\n<p>Le otto puntate del progetto coordinato da <strong>Toscana Promozione Turistica<\/strong> e<strong> Fondazione Sistema Toscana<\/strong> \u2013 con la regia di Paolo Carrino e Vincenzo Giordano, a cura di Hongmei Ni\u00e8, delegato di produzione CITCV &#8211; andranno in onda dal prossimo autunno su CCTV, nell&#8217;anno della Cultura e Turismo Italia\u2013Cina.<\/p>\n<p>Le riprese sono state arricchite da interviste a personaggi delle istituzioni, delle arti e della scienza. Figurano tra i protagonisti: il presidente della Regione Toscana <strong>Eugenio Giani<\/strong>, i sindaci di Firenze <strong>Dario Nardella<\/strong>, di Prato <strong>Matteo Biffoni<\/strong>, di Arezzo <strong>Alessandro Ghinelli<\/strong>, di Siena <strong>Luigi De Mossi<\/strong> e di Livorno, <strong>Luca Salvetti<\/strong>. Presenti anche personalit\u00e0 di fama internazionale, ambasciatori della toscanit\u00e0 nel mondo come: <mark>Andrea Bocelli, Giovanna Ferragamo, Albiera Antinori, Franco Cardini, Duccio Balestracci e il candidato all&#8217;Oscar Massimo Cantini Parrini.<\/mark><\/p>\n<p><em>&#8220;Sicuramente molti cinesi conoscono la Toscana e i suoi monumenti pi\u00f9 famosi, ma in tanti non conoscono la sua storia, la sua cultura, i suoi siti Unesco, dalle produzioni artigianali e quelle dell&#8217;arte contemporanea. Le puntate avranno una diffusione molto capillare, sulla televisione che si allarga a ben 36 paesi, ma anche attraverso il web. <\/em>L<em>a conoscenza della Toscana del passato d\u00e0 una spinta alla Toscana contemporanea. Nella serie nasce un confronto tra la nostra regione e la Cina stimolante. Dal Centro Pecci di Prato prosegue il nostro \u201cRinascimento senza fine\u201d<\/em>, ha spiegato il presidente di Fst, <strong>Francesco Palumbo<\/strong>.<\/p>\n<h3><em>Un focus anche sulla comunit\u00e0 cinese di Prato<\/em><\/h3>\n<p>Le telecamere del documentario sono state anche a <strong>Prato<\/strong> per parlare della comunit\u00e0 cinese, la pi\u00f9 grande d\u2019Italia, e per raccontare la storia di <strong>Francesco Datini<\/strong>, famoso mercante pratese del &#8216;300 ritenuto l\u2019inventore dell\u2019assegno.<\/p>\n<p><em>\u201cLa bellezza della Toscana \u00e8 un ponte tra culture, un\u2019occasione per far conoscere in Cina le tante meraviglie dei nostri territori anche attraverso le parole di chi ha scelto di vivere e investire il proprio futuro. Queste otto puntate potranno essere un veicolo di promozione anche per quelle mete meno conosciute in Cina\u201d<\/em>, ha sottolineato <strong>Matteo Biffoni<\/strong>, sindaco di Prato.<\/p>\n<p>Altra data importante:\u00a0 il 29 giugno 2022, quando si celebreranno i 30 anni dell\u2019anniversario del gemellaggio della Toscana con Jiansu a Yangzhou, la citt\u00e0 di Marco Polo. <em>&#8220;Questa trasmissione avviciner\u00e0 ancora di pi\u00f9 il pubblico cinese alle bellezze della Toscana<\/em> \u2013 ha dichiarato il Console cinese <strong>Wang Wengang<\/strong> &#8211; <em>I cinesi sono molto incuriositi dalla moda, dall\u2019arte, dall\u2019enogastronomia e dall\u2019artigianato toscano, sono sicuro che queste otto puntate contribuiranno a farla conoscere meglio e daranno nuovo slancio al turismo<\/em>&#8220;.<\/p>\n","protected":false},"excerpt":{"rendered":"<p>Il documentario andr\u00e0 in onda in autunno sulle Citvc, colosso che conta 200 reti. Al Pecci di Prato, la presentazione del progetto coordinato da Toscana Promozione Turistica e Fondazione Sistema Toscana<\/p>\n","protected":false},"author":545,"featured_media":225414,"comment_status":"open","ping_status":"open","sticky":false,"template":"","format":"standard","meta":{"_acf_changed":false,"footnotes":""},"categories":[493],"tags":[367,158,4552],"class_list":["post-225284","post","type-post","status-publish","format-standard","has-post-thumbnail","hentry","category-cultura","tag-cina","tag-eugenio-giani","tag-serie-tv"],"acf":[],"yoast_head":"<!-- This site is optimized with the Yoast SEO Premium plugin v24.2 (Yoast SEO v25.6) - https:\/\/yoast.com\/wordpress\/plugins\/seo\/ -->\n<title>La Toscana diventa una serie tv per la Cina: 8 puntate sulla rete di Stato<\/title>\n<meta name=\"description\" content=\"Il documentario andr\u00e0 in onda in autunno sulle Citvc. La presentazione al Pecci di Prato del progetto di Fst e Toscana Promozione Turistica\" \/>\n<meta name=\"robots\" content=\"index, follow, max-snippet:-1, max-image-preview:large, max-video-preview:-1\" \/>\n<link rel=\"canonical\" href=\"https:\/\/www.intoscana.it\/it\/toscana-serie-tv-cina-otto-puntate-emittente-stato\/\" \/>\n<meta property=\"og:locale\" content=\"it_IT\" \/>\n<meta property=\"og:type\" content=\"article\" \/>\n<meta property=\"og:title\" content=\"La Toscana diventa una serie tv per la Cina: otto puntate sull&#039;emittente di Stato\" \/>\n<meta property=\"og:description\" content=\"Il documentario andr\u00e0 in onda in autunno sulle Citvc. La presentazione al Pecci di Prato del progetto di Fst e Toscana Promozione Turistica\" \/>\n<meta property=\"og:url\" content=\"https:\/\/www.intoscana.it\/it\/toscana-serie-tv-cina-otto-puntate-emittente-stato\/\" \/>\n<meta property=\"og:site_name\" content=\"intoscana\" \/>\n<meta property=\"article:publisher\" content=\"https:\/\/www.facebook.com\/intoscana.it\" \/>\n<meta property=\"article:published_time\" content=\"2022-04-26T13:10:42+00:00\" \/>\n<meta property=\"article:modified_time\" content=\"2022-04-26T16:06:00+00:00\" \/>\n<meta property=\"og:image\" content=\"https:\/\/www.intoscana.it\/wp-content\/uploads\/Toscana_Rinascimento-Senza-Fine_trailer-still-5.jpg\" \/>\n\t<meta property=\"og:image:width\" content=\"2000\" \/>\n\t<meta property=\"og:image:height\" content=\"829\" \/>\n\t<meta property=\"og:image:type\" content=\"image\/jpeg\" \/>\n<meta name=\"author\" content=\"Clara D&#039;Acunto\" \/>\n<meta name=\"twitter:card\" content=\"summary_large_image\" \/>\n<meta name=\"twitter:creator\" content=\"@intoscana\" \/>\n<meta name=\"twitter:site\" content=\"@intoscana\" \/>\n<meta name=\"twitter:label1\" content=\"Written by\" \/>\n\t<meta name=\"twitter:data1\" content=\"Clara D&#039;Acunto\" \/>\n\t<meta name=\"twitter:label2\" content=\"Est. reading time\" \/>\n\t<meta name=\"twitter:data2\" content=\"4 minuti\" \/>\n<script type=\"application\/ld+json\" class=\"yoast-schema-graph\">{\"@context\":\"https:\/\/schema.org\",\"@graph\":[{\"@type\":\"WebPage\",\"@id\":\"https:\/\/www.intoscana.it\/it\/toscana-serie-tv-cina-otto-puntate-emittente-stato\/\",\"url\":\"https:\/\/www.intoscana.it\/it\/toscana-serie-tv-cina-otto-puntate-emittente-stato\/\",\"name\":\"La Toscana diventa una serie tv per la Cina: 8 puntate sulla rete di Stato\",\"isPartOf\":{\"@id\":\"https:\/\/www.intoscana.it\/it\/#website\"},\"primaryImageOfPage\":{\"@id\":\"https:\/\/www.intoscana.it\/it\/toscana-serie-tv-cina-otto-puntate-emittente-stato\/#primaryimage\"},\"image\":{\"@id\":\"https:\/\/www.intoscana.it\/it\/toscana-serie-tv-cina-otto-puntate-emittente-stato\/#primaryimage\"},\"thumbnailUrl\":\"https:\/\/www.intoscana.it\/wp-content\/uploads\/Toscana_Rinascimento-Senza-Fine_trailer-still-5.jpg\",\"datePublished\":\"2022-04-26T13:10:42+00:00\",\"dateModified\":\"2022-04-26T16:06:00+00:00\",\"author\":{\"@id\":\"https:\/\/www.intoscana.it\/it\/#\/schema\/person\/137419af9ef5d385bde52864a841e6ce\"},\"description\":\"Il documentario andr\u00e0 in onda in autunno sulle Citvc. La presentazione al Pecci di Prato del progetto di Fst e Toscana Promozione Turistica\",\"breadcrumb\":{\"@id\":\"https:\/\/www.intoscana.it\/it\/toscana-serie-tv-cina-otto-puntate-emittente-stato\/#breadcrumb\"},\"inLanguage\":\"it-IT\",\"potentialAction\":[{\"@type\":\"ReadAction\",\"target\":[\"https:\/\/www.intoscana.it\/it\/toscana-serie-tv-cina-otto-puntate-emittente-stato\/\"]}]},{\"@type\":\"ImageObject\",\"inLanguage\":\"it-IT\",\"@id\":\"https:\/\/www.intoscana.it\/it\/toscana-serie-tv-cina-otto-puntate-emittente-stato\/#primaryimage\",\"url\":\"https:\/\/www.intoscana.it\/wp-content\/uploads\/Toscana_Rinascimento-Senza-Fine_trailer-still-5.jpg\",\"contentUrl\":\"https:\/\/www.intoscana.it\/wp-content\/uploads\/Toscana_Rinascimento-Senza-Fine_trailer-still-5.jpg\",\"width\":2000,\"height\":829},{\"@type\":\"BreadcrumbList\",\"@id\":\"https:\/\/www.intoscana.it\/it\/toscana-serie-tv-cina-otto-puntate-emittente-stato\/#breadcrumb\",\"itemListElement\":[{\"@type\":\"ListItem\",\"position\":1,\"name\":\"Home\",\"item\":\"https:\/\/www.intoscana.it\/it\/\"},{\"@type\":\"ListItem\",\"position\":2,\"name\":\"La Toscana diventa una serie tv per la Cina: otto puntate sull&#8217;emittente di Stato\"}]},{\"@type\":\"WebSite\",\"@id\":\"https:\/\/www.intoscana.it\/it\/#website\",\"url\":\"https:\/\/www.intoscana.it\/it\/\",\"name\":\"intoscana\",\"description\":\"\",\"potentialAction\":[{\"@type\":\"SearchAction\",\"target\":{\"@type\":\"EntryPoint\",\"urlTemplate\":\"https:\/\/www.intoscana.it\/it\/?s={search_term_string}\"},\"query-input\":{\"@type\":\"PropertyValueSpecification\",\"valueRequired\":true,\"valueName\":\"search_term_string\"}}],\"inLanguage\":\"it-IT\"},{\"@type\":\"Person\",\"@id\":\"https:\/\/www.intoscana.it\/it\/#\/schema\/person\/137419af9ef5d385bde52864a841e6ce\",\"name\":\"Clara D'Acunto\",\"url\":\"https:\/\/www.intoscana.it\/it\/author\/clara-d_acunto\/\"}]}<\/script>\n<!-- \/ Yoast SEO Premium plugin. -->","yoast_head_json":{"title":"La Toscana diventa una serie tv per la Cina: 8 puntate sulla rete di Stato","description":"Il documentario andr\u00e0 in onda in autunno sulle Citvc. La presentazione al Pecci di Prato del progetto di Fst e Toscana Promozione Turistica","robots":{"index":"index","follow":"follow","max-snippet":"max-snippet:-1","max-image-preview":"max-image-preview:large","max-video-preview":"max-video-preview:-1"},"canonical":"https:\/\/www.intoscana.it\/it\/toscana-serie-tv-cina-otto-puntate-emittente-stato\/","og_locale":"it_IT","og_type":"article","og_title":"La Toscana diventa una serie tv per la Cina: otto puntate sull'emittente di Stato","og_description":"Il documentario andr\u00e0 in onda in autunno sulle Citvc. La presentazione al Pecci di Prato del progetto di Fst e Toscana Promozione Turistica","og_url":"https:\/\/www.intoscana.it\/it\/toscana-serie-tv-cina-otto-puntate-emittente-stato\/","og_site_name":"intoscana","article_publisher":"https:\/\/www.facebook.com\/intoscana.it","article_published_time":"2022-04-26T13:10:42+00:00","article_modified_time":"2022-04-26T16:06:00+00:00","og_image":[{"width":2000,"height":829,"url":"https:\/\/www.intoscana.it\/wp-content\/uploads\/Toscana_Rinascimento-Senza-Fine_trailer-still-5.jpg","type":"image\/jpeg"}],"author":"Clara D'Acunto","twitter_card":"summary_large_image","twitter_creator":"@intoscana","twitter_site":"@intoscana","twitter_misc":{"Written by":"Clara D'Acunto","Est. reading time":"4 minuti"},"schema":{"@context":"https:\/\/schema.org","@graph":[{"@type":"WebPage","@id":"https:\/\/www.intoscana.it\/it\/toscana-serie-tv-cina-otto-puntate-emittente-stato\/","url":"https:\/\/www.intoscana.it\/it\/toscana-serie-tv-cina-otto-puntate-emittente-stato\/","name":"La Toscana diventa una serie tv per la Cina: 8 puntate sulla rete di Stato","isPartOf":{"@id":"https:\/\/www.intoscana.it\/it\/#website"},"primaryImageOfPage":{"@id":"https:\/\/www.intoscana.it\/it\/toscana-serie-tv-cina-otto-puntate-emittente-stato\/#primaryimage"},"image":{"@id":"https:\/\/www.intoscana.it\/it\/toscana-serie-tv-cina-otto-puntate-emittente-stato\/#primaryimage"},"thumbnailUrl":"https:\/\/www.intoscana.it\/wp-content\/uploads\/Toscana_Rinascimento-Senza-Fine_trailer-still-5.jpg","datePublished":"2022-04-26T13:10:42+00:00","dateModified":"2022-04-26T16:06:00+00:00","author":{"@id":"https:\/\/www.intoscana.it\/it\/#\/schema\/person\/137419af9ef5d385bde52864a841e6ce"},"description":"Il documentario andr\u00e0 in onda in autunno sulle Citvc. La presentazione al Pecci di Prato del progetto di Fst e Toscana Promozione Turistica","breadcrumb":{"@id":"https:\/\/www.intoscana.it\/it\/toscana-serie-tv-cina-otto-puntate-emittente-stato\/#breadcrumb"},"inLanguage":"it-IT","potentialAction":[{"@type":"ReadAction","target":["https:\/\/www.intoscana.it\/it\/toscana-serie-tv-cina-otto-puntate-emittente-stato\/"]}]},{"@type":"ImageObject","inLanguage":"it-IT","@id":"https:\/\/www.intoscana.it\/it\/toscana-serie-tv-cina-otto-puntate-emittente-stato\/#primaryimage","url":"https:\/\/www.intoscana.it\/wp-content\/uploads\/Toscana_Rinascimento-Senza-Fine_trailer-still-5.jpg","contentUrl":"https:\/\/www.intoscana.it\/wp-content\/uploads\/Toscana_Rinascimento-Senza-Fine_trailer-still-5.jpg","width":2000,"height":829},{"@type":"BreadcrumbList","@id":"https:\/\/www.intoscana.it\/it\/toscana-serie-tv-cina-otto-puntate-emittente-stato\/#breadcrumb","itemListElement":[{"@type":"ListItem","position":1,"name":"Home","item":"https:\/\/www.intoscana.it\/it\/"},{"@type":"ListItem","position":2,"name":"La Toscana diventa una serie tv per la Cina: otto puntate sull&#8217;emittente di Stato"}]},{"@type":"WebSite","@id":"https:\/\/www.intoscana.it\/it\/#website","url":"https:\/\/www.intoscana.it\/it\/","name":"intoscana","description":"","potentialAction":[{"@type":"SearchAction","target":{"@type":"EntryPoint","urlTemplate":"https:\/\/www.intoscana.it\/it\/?s={search_term_string}"},"query-input":{"@type":"PropertyValueSpecification","valueRequired":true,"valueName":"search_term_string"}}],"inLanguage":"it-IT"},{"@type":"Person","@id":"https:\/\/www.intoscana.it\/it\/#\/schema\/person\/137419af9ef5d385bde52864a841e6ce","name":"Clara D'Acunto","url":"https:\/\/www.intoscana.it\/it\/author\/clara-d_acunto\/"}]}},"_links":{"self":[{"href":"https:\/\/www.intoscana.it\/it\/wp-json\/wp\/v2\/posts\/225284","targetHints":{"allow":["GET"]}}],"collection":[{"href":"https:\/\/www.intoscana.it\/it\/wp-json\/wp\/v2\/posts"}],"about":[{"href":"https:\/\/www.intoscana.it\/it\/wp-json\/wp\/v2\/types\/post"}],"author":[{"embeddable":true,"href":"https:\/\/www.intoscana.it\/it\/wp-json\/wp\/v2\/users\/545"}],"replies":[{"embeddable":true,"href":"https:\/\/www.intoscana.it\/it\/wp-json\/wp\/v2\/comments?post=225284"}],"version-history":[{"count":0,"href":"https:\/\/www.intoscana.it\/it\/wp-json\/wp\/v2\/posts\/225284\/revisions"}],"wp:featuredmedia":[{"embeddable":true,"href":"https:\/\/www.intoscana.it\/it\/wp-json\/wp\/v2\/media\/225414"}],"wp:attachment":[{"href":"https:\/\/www.intoscana.it\/it\/wp-json\/wp\/v2\/media?parent=225284"}],"wp:term":[{"taxonomy":"category","embeddable":true,"href":"https:\/\/www.intoscana.it\/it\/wp-json\/wp\/v2\/categories?post=225284"},{"taxonomy":"post_tag","embeddable":true,"href":"https:\/\/www.intoscana.it\/it\/wp-json\/wp\/v2\/tags?post=225284"}],"curies":[{"name":"wp","href":"https:\/\/api.w.org\/{rel}","templated":true}]}}