{"id":225613,"date":"2022-04-27T13:04:29","date_gmt":"2022-04-27T11:04:29","guid":{"rendered":"https:\/\/www.intoscana.it\/it\/?p=225613"},"modified":"2022-04-27T13:17:30","modified_gmt":"2022-04-27T11:17:30","slug":"il-computer-legge-il-pensiero-cosi-due-malati-di-sla-sono-riusciti-a-comunicare","status":"publish","type":"post","link":"https:\/\/www.intoscana.it\/it\/il-computer-legge-il-pensiero-cosi-due-malati-di-sla-sono-riusciti-a-comunicare\/","title":{"rendered":"Il computer legge il pensiero: cos\u00ec due malati di Sla sono riusciti a comunicare"},"content":{"rendered":"<p>Sono riusciti a rispondere a domande semplici, ma importanti: \u201cCome stai?\u201d, \u201cCome ti senti?\u201d, \u201cHai fame, sete, dolore?\u201d. Sono anche riusciti ad esprimere finalmente un pensiero che era fermo in testa ma non usciva e, tra poco, appena l&#8217;uso della macchina diventer\u00e0 pi\u00f9 familiare, potranno comunicare meglio con i propri cari. <mark>Un passo enorme per due malati di <strong>Sla<\/strong>, la sclerosi laterale amiotrofica, che all&#8217;ospedale di <strong>Pistoia<\/strong> hanno utilizzano il Brain Control-BCI negli ambulatori della Neurologia.<\/mark><\/p>\n<h3><em>Come funziona il Brain Control<\/em><\/h3>\n<p>Un\u2019interfaccia cervello-computer trasforma i pensieri in azioni e cos\u00ec i due pazienti sono riusciti a farsi capire, non senza una grande emozione.\u00a0 Con loro le dottoresse <strong>Chiara Sonnoli<\/strong> e <strong>Michela Grazzini<\/strong>, neurologa e pneumologa, del team dedicato alla Sla che opera nella struttura diretta dal dottor <strong>Gino Volpi<\/strong>.<\/p>\n<p>Il sistema, donato dal Rotary Club Marino Marini Pistoia-Montecatini, \u00e8 in grado di interpretare i segnali elettroencefalografici e per mezzo di un software dedicato li traduce in azioni: <mark>il paziente \u00e8 cos\u00ec in grado di selezionare, tramite il pensiero, le risposte alle domande poste che vengono riversate su un dispositivo informatico (un tablet o un\u00a0 computer) che si esprime vocalmente al posto del paziente stesso.<\/mark> Il dispositivo \u00e8 stato realizzato per pazienti con gravissime disabilit\u00e0 comunicative e motorie, ma con abilit\u00e0 cognitive sufficientemente integre.<\/p>\n<figure id=\"post-225616 media-225616\" class=\"align-none\">\n<figure id=\"post-225617 media-225617\" class=\"align-none\"><img decoding=\"async\" src=\"https:\/\/www.intoscana.it\/wp-content\/uploads\/brain-control-4-e1651058197364.jpg\" alt=\"\" \/><\/figure>\n<\/figure>\n<p>\u201c<em>I sensori posizionati sul caschetto EEG indossato dal paziente<\/em> \u2013spiega la dottoressa Sonnoli &#8211; <em>registrano le onde cerebrali attivate in seguito ad un preciso pensiero che vengono poi decodificate e riversate per mezzo del software su un dispositivo tipo un tablet o un pc per eseguire dei comandi o rispondere a delle domande<\/em>\u201d. L\u2019ospedale di Pistoia \u00e8 il primo a livello aziendale a dotarsi di tale dispositivo informatico e <mark>in futuro potrebbe essere utilizzato anche per chi ha subito gravi traumi o ictus, come malati di sclerosi multipla e di distrofia muscolare.<\/mark><\/p>\n<p>Il Brain Control-BCI, sempre sfruttando solo i pensieri, \u00e8 in grado di aiutare anche i pazienti in uno stato avanzato della disabilit\u00e0 che hanno per\u00f2 conservato movimenti residui (ad esempio nelle pupille) che vengono comunque tradotti dal sistema per far interagire i malati con il mondo esterno.<\/p>\n","protected":false},"excerpt":{"rendered":"<p>All&#8217;ospedale di Pistoia, la tecnologia innovativa permette di dare voce alle risposte dei pazienti decodificando le onde celebrali<\/p>\n","protected":false},"author":525,"featured_media":225616,"comment_status":"open","ping_status":"open","sticky":false,"template":"","format":"standard","meta":{"_acf_changed":false,"footnotes":""},"categories":[18],"tags":[442,215,141],"class_list":["post-225613","post","type-post","status-publish","format-standard","has-post-thumbnail","hentry","category-salute","tag-ospedale","tag-pistoia","tag-tecnologia"],"acf":[],"yoast_head":"<!-- This site is optimized with the Yoast SEO Premium plugin v24.2 (Yoast SEO v25.6) - https:\/\/yoast.com\/wordpress\/plugins\/seo\/ -->\n<title>Il computer legge il pensiero: cos\u00ec due malati di Sla sono riusciti a comunicare - intoscana<\/title>\n<meta name=\"description\" content=\"All&#039;ospedale di Pistoia, la tecnologia innovativa permette di dare voce alle risposte dei pazienti decodificando le onde celebrali\" \/>\n<meta name=\"robots\" content=\"index, follow, max-snippet:-1, max-image-preview:large, max-video-preview:-1\" \/>\n<link rel=\"canonical\" href=\"https:\/\/www.intoscana.it\/it\/il-computer-legge-il-pensiero-cosi-due-malati-di-sla-sono-riusciti-a-comunicare\/\" \/>\n<meta property=\"og:locale\" content=\"it_IT\" \/>\n<meta property=\"og:type\" content=\"article\" \/>\n<meta property=\"og:title\" content=\"Il computer legge il pensiero: cos\u00ec due malati di Sla sono riusciti a comunicare\" \/>\n<meta property=\"og:description\" content=\"All&#039;ospedale di Pistoia, la tecnologia innovativa permette di dare voce alle risposte dei pazienti decodificando le onde celebrali\" \/>\n<meta property=\"og:url\" content=\"https:\/\/www.intoscana.it\/it\/il-computer-legge-il-pensiero-cosi-due-malati-di-sla-sono-riusciti-a-comunicare\/\" \/>\n<meta property=\"og:site_name\" content=\"intoscana\" \/>\n<meta property=\"article:publisher\" content=\"https:\/\/www.facebook.com\/intoscana.it\" \/>\n<meta property=\"article:published_time\" content=\"2022-04-27T11:04:29+00:00\" \/>\n<meta property=\"article:modified_time\" content=\"2022-04-27T11:17:30+00:00\" \/>\n<meta property=\"og:image\" content=\"https:\/\/www.intoscana.it\/wp-content\/uploads\/brain-control-3.jpg\" \/>\n\t<meta property=\"og:image:width\" content=\"800\" \/>\n\t<meta property=\"og:image:height\" content=\"558\" \/>\n\t<meta property=\"og:image:type\" content=\"image\/jpeg\" \/>\n<meta name=\"author\" content=\"Redazione\" \/>\n<meta name=\"twitter:card\" content=\"summary_large_image\" \/>\n<meta name=\"twitter:creator\" content=\"@intoscana\" \/>\n<meta name=\"twitter:site\" content=\"@intoscana\" \/>\n<meta name=\"twitter:label1\" content=\"Written by\" \/>\n\t<meta name=\"twitter:data1\" content=\"Redazione\" \/>\n\t<meta name=\"twitter:label2\" content=\"Est. reading time\" \/>\n\t<meta name=\"twitter:data2\" content=\"2 minuti\" \/>\n<script type=\"application\/ld+json\" class=\"yoast-schema-graph\">{\"@context\":\"https:\/\/schema.org\",\"@graph\":[{\"@type\":\"WebPage\",\"@id\":\"https:\/\/www.intoscana.it\/it\/il-computer-legge-il-pensiero-cosi-due-malati-di-sla-sono-riusciti-a-comunicare\/\",\"url\":\"https:\/\/www.intoscana.it\/it\/il-computer-legge-il-pensiero-cosi-due-malati-di-sla-sono-riusciti-a-comunicare\/\",\"name\":\"Il computer legge il pensiero: cos\u00ec due malati di Sla sono riusciti a comunicare - intoscana\",\"isPartOf\":{\"@id\":\"https:\/\/www.intoscana.it\/it\/#website\"},\"primaryImageOfPage\":{\"@id\":\"https:\/\/www.intoscana.it\/it\/il-computer-legge-il-pensiero-cosi-due-malati-di-sla-sono-riusciti-a-comunicare\/#primaryimage\"},\"image\":{\"@id\":\"https:\/\/www.intoscana.it\/it\/il-computer-legge-il-pensiero-cosi-due-malati-di-sla-sono-riusciti-a-comunicare\/#primaryimage\"},\"thumbnailUrl\":\"https:\/\/www.intoscana.it\/wp-content\/uploads\/brain-control-3.jpg\",\"datePublished\":\"2022-04-27T11:04:29+00:00\",\"dateModified\":\"2022-04-27T11:17:30+00:00\",\"author\":{\"@id\":\"https:\/\/www.intoscana.it\/it\/#\/schema\/person\/9223810753230f20bd670fdd322661f8\"},\"description\":\"All'ospedale di Pistoia, la tecnologia innovativa permette di dare voce alle risposte dei pazienti decodificando le onde celebrali\",\"breadcrumb\":{\"@id\":\"https:\/\/www.intoscana.it\/it\/il-computer-legge-il-pensiero-cosi-due-malati-di-sla-sono-riusciti-a-comunicare\/#breadcrumb\"},\"inLanguage\":\"it-IT\",\"potentialAction\":[{\"@type\":\"ReadAction\",\"target\":[\"https:\/\/www.intoscana.it\/it\/il-computer-legge-il-pensiero-cosi-due-malati-di-sla-sono-riusciti-a-comunicare\/\"]}]},{\"@type\":\"ImageObject\",\"inLanguage\":\"it-IT\",\"@id\":\"https:\/\/www.intoscana.it\/it\/il-computer-legge-il-pensiero-cosi-due-malati-di-sla-sono-riusciti-a-comunicare\/#primaryimage\",\"url\":\"https:\/\/www.intoscana.it\/wp-content\/uploads\/brain-control-3.jpg\",\"contentUrl\":\"https:\/\/www.intoscana.it\/wp-content\/uploads\/brain-control-3.jpg\",\"width\":800,\"height\":558},{\"@type\":\"BreadcrumbList\",\"@id\":\"https:\/\/www.intoscana.it\/it\/il-computer-legge-il-pensiero-cosi-due-malati-di-sla-sono-riusciti-a-comunicare\/#breadcrumb\",\"itemListElement\":[{\"@type\":\"ListItem\",\"position\":1,\"name\":\"Home\",\"item\":\"https:\/\/www.intoscana.it\/it\/\"},{\"@type\":\"ListItem\",\"position\":2,\"name\":\"Il computer legge il pensiero: cos\u00ec due malati di Sla sono riusciti a comunicare\"}]},{\"@type\":\"WebSite\",\"@id\":\"https:\/\/www.intoscana.it\/it\/#website\",\"url\":\"https:\/\/www.intoscana.it\/it\/\",\"name\":\"intoscana\",\"description\":\"\",\"potentialAction\":[{\"@type\":\"SearchAction\",\"target\":{\"@type\":\"EntryPoint\",\"urlTemplate\":\"https:\/\/www.intoscana.it\/it\/?s={search_term_string}\"},\"query-input\":{\"@type\":\"PropertyValueSpecification\",\"valueRequired\":true,\"valueName\":\"search_term_string\"}}],\"inLanguage\":\"it-IT\"},{\"@type\":\"Person\",\"@id\":\"https:\/\/www.intoscana.it\/it\/#\/schema\/person\/9223810753230f20bd670fdd322661f8\",\"name\":\"Redazione\",\"url\":\"https:\/\/www.intoscana.it\/it\/author\/redazione\/\"}]}<\/script>\n<!-- \/ Yoast SEO Premium plugin. -->","yoast_head_json":{"title":"Il computer legge il pensiero: cos\u00ec due malati di Sla sono riusciti a comunicare - intoscana","description":"All'ospedale di Pistoia, la tecnologia innovativa permette di dare voce alle risposte dei pazienti decodificando le onde celebrali","robots":{"index":"index","follow":"follow","max-snippet":"max-snippet:-1","max-image-preview":"max-image-preview:large","max-video-preview":"max-video-preview:-1"},"canonical":"https:\/\/www.intoscana.it\/it\/il-computer-legge-il-pensiero-cosi-due-malati-di-sla-sono-riusciti-a-comunicare\/","og_locale":"it_IT","og_type":"article","og_title":"Il computer legge il pensiero: cos\u00ec due malati di Sla sono riusciti a comunicare","og_description":"All'ospedale di Pistoia, la tecnologia innovativa permette di dare voce alle risposte dei pazienti decodificando le onde celebrali","og_url":"https:\/\/www.intoscana.it\/it\/il-computer-legge-il-pensiero-cosi-due-malati-di-sla-sono-riusciti-a-comunicare\/","og_site_name":"intoscana","article_publisher":"https:\/\/www.facebook.com\/intoscana.it","article_published_time":"2022-04-27T11:04:29+00:00","article_modified_time":"2022-04-27T11:17:30+00:00","og_image":[{"width":800,"height":558,"url":"https:\/\/www.intoscana.it\/wp-content\/uploads\/brain-control-3.jpg","type":"image\/jpeg"}],"author":"Redazione","twitter_card":"summary_large_image","twitter_creator":"@intoscana","twitter_site":"@intoscana","twitter_misc":{"Written by":"Redazione","Est. reading time":"2 minuti"},"schema":{"@context":"https:\/\/schema.org","@graph":[{"@type":"WebPage","@id":"https:\/\/www.intoscana.it\/it\/il-computer-legge-il-pensiero-cosi-due-malati-di-sla-sono-riusciti-a-comunicare\/","url":"https:\/\/www.intoscana.it\/it\/il-computer-legge-il-pensiero-cosi-due-malati-di-sla-sono-riusciti-a-comunicare\/","name":"Il computer legge il pensiero: cos\u00ec due malati di Sla sono riusciti a comunicare - intoscana","isPartOf":{"@id":"https:\/\/www.intoscana.it\/it\/#website"},"primaryImageOfPage":{"@id":"https:\/\/www.intoscana.it\/it\/il-computer-legge-il-pensiero-cosi-due-malati-di-sla-sono-riusciti-a-comunicare\/#primaryimage"},"image":{"@id":"https:\/\/www.intoscana.it\/it\/il-computer-legge-il-pensiero-cosi-due-malati-di-sla-sono-riusciti-a-comunicare\/#primaryimage"},"thumbnailUrl":"https:\/\/www.intoscana.it\/wp-content\/uploads\/brain-control-3.jpg","datePublished":"2022-04-27T11:04:29+00:00","dateModified":"2022-04-27T11:17:30+00:00","author":{"@id":"https:\/\/www.intoscana.it\/it\/#\/schema\/person\/9223810753230f20bd670fdd322661f8"},"description":"All'ospedale di Pistoia, la tecnologia innovativa permette di dare voce alle risposte dei pazienti decodificando le onde celebrali","breadcrumb":{"@id":"https:\/\/www.intoscana.it\/it\/il-computer-legge-il-pensiero-cosi-due-malati-di-sla-sono-riusciti-a-comunicare\/#breadcrumb"},"inLanguage":"it-IT","potentialAction":[{"@type":"ReadAction","target":["https:\/\/www.intoscana.it\/it\/il-computer-legge-il-pensiero-cosi-due-malati-di-sla-sono-riusciti-a-comunicare\/"]}]},{"@type":"ImageObject","inLanguage":"it-IT","@id":"https:\/\/www.intoscana.it\/it\/il-computer-legge-il-pensiero-cosi-due-malati-di-sla-sono-riusciti-a-comunicare\/#primaryimage","url":"https:\/\/www.intoscana.it\/wp-content\/uploads\/brain-control-3.jpg","contentUrl":"https:\/\/www.intoscana.it\/wp-content\/uploads\/brain-control-3.jpg","width":800,"height":558},{"@type":"BreadcrumbList","@id":"https:\/\/www.intoscana.it\/it\/il-computer-legge-il-pensiero-cosi-due-malati-di-sla-sono-riusciti-a-comunicare\/#breadcrumb","itemListElement":[{"@type":"ListItem","position":1,"name":"Home","item":"https:\/\/www.intoscana.it\/it\/"},{"@type":"ListItem","position":2,"name":"Il computer legge il pensiero: cos\u00ec due malati di Sla sono riusciti a comunicare"}]},{"@type":"WebSite","@id":"https:\/\/www.intoscana.it\/it\/#website","url":"https:\/\/www.intoscana.it\/it\/","name":"intoscana","description":"","potentialAction":[{"@type":"SearchAction","target":{"@type":"EntryPoint","urlTemplate":"https:\/\/www.intoscana.it\/it\/?s={search_term_string}"},"query-input":{"@type":"PropertyValueSpecification","valueRequired":true,"valueName":"search_term_string"}}],"inLanguage":"it-IT"},{"@type":"Person","@id":"https:\/\/www.intoscana.it\/it\/#\/schema\/person\/9223810753230f20bd670fdd322661f8","name":"Redazione","url":"https:\/\/www.intoscana.it\/it\/author\/redazione\/"}]}},"_links":{"self":[{"href":"https:\/\/www.intoscana.it\/it\/wp-json\/wp\/v2\/posts\/225613","targetHints":{"allow":["GET"]}}],"collection":[{"href":"https:\/\/www.intoscana.it\/it\/wp-json\/wp\/v2\/posts"}],"about":[{"href":"https:\/\/www.intoscana.it\/it\/wp-json\/wp\/v2\/types\/post"}],"author":[{"embeddable":true,"href":"https:\/\/www.intoscana.it\/it\/wp-json\/wp\/v2\/users\/525"}],"replies":[{"embeddable":true,"href":"https:\/\/www.intoscana.it\/it\/wp-json\/wp\/v2\/comments?post=225613"}],"version-history":[{"count":0,"href":"https:\/\/www.intoscana.it\/it\/wp-json\/wp\/v2\/posts\/225613\/revisions"}],"wp:featuredmedia":[{"embeddable":true,"href":"https:\/\/www.intoscana.it\/it\/wp-json\/wp\/v2\/media\/225616"}],"wp:attachment":[{"href":"https:\/\/www.intoscana.it\/it\/wp-json\/wp\/v2\/media?parent=225613"}],"wp:term":[{"taxonomy":"category","embeddable":true,"href":"https:\/\/www.intoscana.it\/it\/wp-json\/wp\/v2\/categories?post=225613"},{"taxonomy":"post_tag","embeddable":true,"href":"https:\/\/www.intoscana.it\/it\/wp-json\/wp\/v2\/tags?post=225613"}],"curies":[{"name":"wp","href":"https:\/\/api.w.org\/{rel}","templated":true}]}}