{"id":225700,"date":"2022-04-27T16:15:42","date_gmt":"2022-04-27T14:15:42","guid":{"rendered":"https:\/\/www.intoscana.it\/it\/?p=225700"},"modified":"2022-04-27T16:17:11","modified_gmt":"2022-04-27T14:17:11","slug":"distretto-economia-circolare-empoli","status":"publish","type":"post","link":"https:\/\/www.intoscana.it\/it\/distretto-economia-circolare-empoli\/","title":{"rendered":"Rifiuti: un nuovo distretto per l\u2019economia circolare a Empoli"},"content":{"rendered":"<p>Nella cornice del consiglio comunale di <strong>Empoli<\/strong> \u00e8 stato presentato lo studio di fattibilit\u00e0 per dare vita al <strong>distretto per l\u2019economia circolare<\/strong> sul territorio empolese e ridare nuova vita ad oltre <strong>200mila tonnellate di rifiuti <\/strong>ogni anno.<\/p>\n<p>L\u2019impianto, che sar\u00e0 realizzato grazie ad un investimento complessivo da <strong>400 milioni di euro<\/strong>, sar\u00e0 in grado di chiudere il ciclo dei rifiuti e, da questi, ottenere metanolo che potr\u00e0 essere utilizzato per la produzione di biocarburanti o dell&#8217;industria chimica.<\/p>\n<p>L\u2019iniziativa nasce per volont\u00e0 <strong>dell\u2019Alleanza per l&#8217;economia circolare<\/strong>, lanciata a fine marzo con l\u2019obiettivo di mettere in campo aziende del territorio e soggetti leader tecnologici nel campo ambientale, come Alia spa, Maire Tecnimont &#8211; NextChem, Suez, e Zignago Vetro, con l\u2019obiettivo di inserire questo progetto nel nuovo piano dell\u2019economia circolare della <strong>Regione Toscana<\/strong>.<\/p>\n<h3>Riciclo e nuovi posti di lavoro<\/h3>\n<p>L\u2019investimento di circa 400 milioni di euro permetter\u00e0 di impegnare circa <strong>600 addetti in fase di costruzione<\/strong> e circa <strong>200 occupati<\/strong>, tra diretti e indiretti, a regime. L\u2019impianto sar\u00e0 in grado di trattare circa 200.000 tonnellate di rifiuti ogni anno e di produrre <strong>nuovi prodotti circolari<\/strong>, come ad esempio l\u2019idrogeno ed il metanolo, vettore energetico che pu\u00f2 essere utilizzato sia nella produzione di biocarburanti sia nei cicli produttivi dell\u2019industria chimica.<\/p>\n<p>Un altro elemento rilevante del progetto \u00e8 sicuramente legato alle <strong>potenziali integrazioni con le filiere locali<\/strong> e in particolare con la vetreria di Zignago. Sinergie che saranno in grado di generare benefici per entrambe le realt\u00e0, dato l\u2019utilizzo di utilities comuni, il recupero di cascami termici e l\u2019ottimizzazione del ciclo delle acque, fino all\u2019avvio di un progetto sperimentale per l\u2019alimentazione green dei forni attraverso l\u2019idrogeno prodotto dagli scarti.<\/p>\n<h3>Coinvolgimento della cittadinanza<\/h3>\n<p>Un progetto che vedr\u00e0 coinvolta tutta la comunit\u00e0 di Empoli per quello che si prospetta come una opportunit\u00e0 di investimento sul territorio. L&#8217;amministrazione comunale ha chiesto alle aziende coinvolte che <strong>ogni singolo passaggio sia condiviso e reso accessibile alla cittadinanza<\/strong>, come \u00e8 successo per questa presentazione in consiglio. Parallelamente a questo, il <strong>Comune di Empoli<\/strong> si attiver\u00e0 per studiare anche nuovi strumenti di partecipazione e coinvolgimento dei cittadini, chiedendo massima garanzia in ordine ai temi della salute, del bilancio ambientale che deve essere positivo e delle ricadute sul territorio, sia in termini occupazionali che di <strong>una forte riduzione della Tari<\/strong>.<\/p>\n<p>\u201c<em>Dai nostri studi di fattibilit\u00e0<\/em> \u2013 ha dichiarato <strong>Alberto Irace<\/strong>, amministratore delegato di Alia &#8211; <strong><em>l\u2019area industriale del Terrafino<\/em><\/strong><em> \u00e8 risultata tra le migliori in Toscana per ospitare un Distretto circolare, grazie ad una ottima logistica e ad una integrazione con i poli del riciclo meccanico gi\u00e0 presenti nell\u2019area industriale. Il riciclo chimico consentir\u00e0 la chiusura del cerchio dell\u2019economia circolare, in stretta sinergia con le filiere del vetro e della carta che hanno qui su Empoli una storica tradizione. Si tratta di una soluzione che vogliamo <strong>condividere con il territorio e il tessuto sociale locale<\/strong>, raccogliendo istanze e proposte, con l&#8217;obiettivo di contribuire finalmente a rendere questo territorio e la Toscana una regione autosufficiente nella gestione e smaltimento dei rifiuti, con benefici misurabili per l\u2019ambiente e le collettivit\u00e0<\/em>\u201d.<\/p>\n","protected":false},"excerpt":{"rendered":"<p>Alia, capofila dell\u2019iniziativa, ha presentato il progetto al consiglio comunale di Empoli. Investimento da 400 milioni di euro<\/p>\n","protected":false},"author":507,"featured_media":80157,"comment_status":"open","ping_status":"open","sticky":false,"template":"","format":"standard","meta":{"_acf_changed":false,"footnotes":""},"categories":[19],"tags":[4877,4904,392],"class_list":["post-225700","post","type-post","status-publish","format-standard","has-post-thumbnail","hentry","category-ambiente","tag-economia-circolare","tag-empoli","tag-rifiuti"],"acf":[],"yoast_head":"<!-- This site is optimized with the Yoast SEO Premium plugin v24.2 (Yoast SEO v25.6) - https:\/\/yoast.com\/wordpress\/plugins\/seo\/ -->\n<title>Rifiuti: un nuovo distretto per l\u2019economia circolare a Empoli - intoscana<\/title>\n<meta name=\"robots\" content=\"index, follow, max-snippet:-1, max-image-preview:large, max-video-preview:-1\" \/>\n<link rel=\"canonical\" href=\"https:\/\/www.intoscana.it\/it\/distretto-economia-circolare-empoli\/\" \/>\n<meta property=\"og:locale\" content=\"it_IT\" \/>\n<meta property=\"og:type\" content=\"article\" \/>\n<meta property=\"og:title\" content=\"Rifiuti: un nuovo distretto per l\u2019economia circolare a Empoli\" \/>\n<meta property=\"og:description\" content=\"Alia, capofila dell\u2019iniziativa, ha presentato il progetto al consiglio comunale di Empoli. Investimento da 400 milioni di euro\" \/>\n<meta property=\"og:url\" content=\"https:\/\/www.intoscana.it\/it\/distretto-economia-circolare-empoli\/\" \/>\n<meta property=\"og:site_name\" content=\"intoscana\" \/>\n<meta property=\"article:publisher\" content=\"https:\/\/www.facebook.com\/intoscana.it\" \/>\n<meta property=\"article:published_time\" content=\"2022-04-27T14:15:42+00:00\" \/>\n<meta property=\"article:modified_time\" content=\"2022-04-27T14:17:11+00:00\" \/>\n<meta property=\"og:image\" content=\"https:\/\/www.intoscana.it\/wp-content\/uploads\/riciclo-rifiuti.jpg\" \/>\n\t<meta property=\"og:image:width\" content=\"680\" \/>\n\t<meta property=\"og:image:height\" content=\"325\" \/>\n\t<meta property=\"og:image:type\" content=\"image\/jpeg\" \/>\n<meta name=\"author\" content=\"Chiara Bianchini\" \/>\n<meta name=\"twitter:card\" content=\"summary_large_image\" \/>\n<meta name=\"twitter:creator\" content=\"@intoscana\" \/>\n<meta name=\"twitter:site\" content=\"@intoscana\" \/>\n<meta name=\"twitter:label1\" content=\"Written by\" \/>\n\t<meta name=\"twitter:data1\" content=\"Chiara Bianchini\" \/>\n\t<meta name=\"twitter:label2\" content=\"Est. reading time\" \/>\n\t<meta name=\"twitter:data2\" content=\"3 minuti\" \/>\n<script type=\"application\/ld+json\" class=\"yoast-schema-graph\">{\"@context\":\"https:\/\/schema.org\",\"@graph\":[{\"@type\":\"WebPage\",\"@id\":\"https:\/\/www.intoscana.it\/it\/distretto-economia-circolare-empoli\/\",\"url\":\"https:\/\/www.intoscana.it\/it\/distretto-economia-circolare-empoli\/\",\"name\":\"Rifiuti: un nuovo distretto per l\u2019economia circolare a Empoli - intoscana\",\"isPartOf\":{\"@id\":\"https:\/\/www.intoscana.it\/it\/#website\"},\"primaryImageOfPage\":{\"@id\":\"https:\/\/www.intoscana.it\/it\/distretto-economia-circolare-empoli\/#primaryimage\"},\"image\":{\"@id\":\"https:\/\/www.intoscana.it\/it\/distretto-economia-circolare-empoli\/#primaryimage\"},\"thumbnailUrl\":\"https:\/\/www.intoscana.it\/wp-content\/uploads\/riciclo-rifiuti.jpg\",\"datePublished\":\"2022-04-27T14:15:42+00:00\",\"dateModified\":\"2022-04-27T14:17:11+00:00\",\"author\":{\"@id\":\"https:\/\/www.intoscana.it\/it\/#\/schema\/person\/010af92117f50561886339ad5b873a41\"},\"breadcrumb\":{\"@id\":\"https:\/\/www.intoscana.it\/it\/distretto-economia-circolare-empoli\/#breadcrumb\"},\"inLanguage\":\"it-IT\",\"potentialAction\":[{\"@type\":\"ReadAction\",\"target\":[\"https:\/\/www.intoscana.it\/it\/distretto-economia-circolare-empoli\/\"]}]},{\"@type\":\"ImageObject\",\"inLanguage\":\"it-IT\",\"@id\":\"https:\/\/www.intoscana.it\/it\/distretto-economia-circolare-empoli\/#primaryimage\",\"url\":\"https:\/\/www.intoscana.it\/wp-content\/uploads\/riciclo-rifiuti.jpg\",\"contentUrl\":\"https:\/\/www.intoscana.it\/wp-content\/uploads\/riciclo-rifiuti.jpg\",\"width\":680,\"height\":325},{\"@type\":\"BreadcrumbList\",\"@id\":\"https:\/\/www.intoscana.it\/it\/distretto-economia-circolare-empoli\/#breadcrumb\",\"itemListElement\":[{\"@type\":\"ListItem\",\"position\":1,\"name\":\"Home\",\"item\":\"https:\/\/www.intoscana.it\/it\/\"},{\"@type\":\"ListItem\",\"position\":2,\"name\":\"Rifiuti: un nuovo distretto per l\u2019economia circolare a Empoli\"}]},{\"@type\":\"WebSite\",\"@id\":\"https:\/\/www.intoscana.it\/it\/#website\",\"url\":\"https:\/\/www.intoscana.it\/it\/\",\"name\":\"intoscana\",\"description\":\"\",\"potentialAction\":[{\"@type\":\"SearchAction\",\"target\":{\"@type\":\"EntryPoint\",\"urlTemplate\":\"https:\/\/www.intoscana.it\/it\/?s={search_term_string}\"},\"query-input\":{\"@type\":\"PropertyValueSpecification\",\"valueRequired\":true,\"valueName\":\"search_term_string\"}}],\"inLanguage\":\"it-IT\"},{\"@type\":\"Person\",\"@id\":\"https:\/\/www.intoscana.it\/it\/#\/schema\/person\/010af92117f50561886339ad5b873a41\",\"name\":\"Chiara Bianchini\",\"sameAs\":[\"c.bianchini@fst.it\"],\"url\":\"https:\/\/www.intoscana.it\/it\/author\/chiara-bianchini\/\"}]}<\/script>\n<!-- \/ Yoast SEO Premium plugin. -->","yoast_head_json":{"title":"Rifiuti: un nuovo distretto per l\u2019economia circolare a Empoli - intoscana","robots":{"index":"index","follow":"follow","max-snippet":"max-snippet:-1","max-image-preview":"max-image-preview:large","max-video-preview":"max-video-preview:-1"},"canonical":"https:\/\/www.intoscana.it\/it\/distretto-economia-circolare-empoli\/","og_locale":"it_IT","og_type":"article","og_title":"Rifiuti: un nuovo distretto per l\u2019economia circolare a Empoli","og_description":"Alia, capofila dell\u2019iniziativa, ha presentato il progetto al consiglio comunale di Empoli. Investimento da 400 milioni di euro","og_url":"https:\/\/www.intoscana.it\/it\/distretto-economia-circolare-empoli\/","og_site_name":"intoscana","article_publisher":"https:\/\/www.facebook.com\/intoscana.it","article_published_time":"2022-04-27T14:15:42+00:00","article_modified_time":"2022-04-27T14:17:11+00:00","og_image":[{"width":680,"height":325,"url":"https:\/\/www.intoscana.it\/wp-content\/uploads\/riciclo-rifiuti.jpg","type":"image\/jpeg"}],"author":"Chiara Bianchini","twitter_card":"summary_large_image","twitter_creator":"@intoscana","twitter_site":"@intoscana","twitter_misc":{"Written by":"Chiara Bianchini","Est. reading time":"3 minuti"},"schema":{"@context":"https:\/\/schema.org","@graph":[{"@type":"WebPage","@id":"https:\/\/www.intoscana.it\/it\/distretto-economia-circolare-empoli\/","url":"https:\/\/www.intoscana.it\/it\/distretto-economia-circolare-empoli\/","name":"Rifiuti: un nuovo distretto per l\u2019economia circolare a Empoli - intoscana","isPartOf":{"@id":"https:\/\/www.intoscana.it\/it\/#website"},"primaryImageOfPage":{"@id":"https:\/\/www.intoscana.it\/it\/distretto-economia-circolare-empoli\/#primaryimage"},"image":{"@id":"https:\/\/www.intoscana.it\/it\/distretto-economia-circolare-empoli\/#primaryimage"},"thumbnailUrl":"https:\/\/www.intoscana.it\/wp-content\/uploads\/riciclo-rifiuti.jpg","datePublished":"2022-04-27T14:15:42+00:00","dateModified":"2022-04-27T14:17:11+00:00","author":{"@id":"https:\/\/www.intoscana.it\/it\/#\/schema\/person\/010af92117f50561886339ad5b873a41"},"breadcrumb":{"@id":"https:\/\/www.intoscana.it\/it\/distretto-economia-circolare-empoli\/#breadcrumb"},"inLanguage":"it-IT","potentialAction":[{"@type":"ReadAction","target":["https:\/\/www.intoscana.it\/it\/distretto-economia-circolare-empoli\/"]}]},{"@type":"ImageObject","inLanguage":"it-IT","@id":"https:\/\/www.intoscana.it\/it\/distretto-economia-circolare-empoli\/#primaryimage","url":"https:\/\/www.intoscana.it\/wp-content\/uploads\/riciclo-rifiuti.jpg","contentUrl":"https:\/\/www.intoscana.it\/wp-content\/uploads\/riciclo-rifiuti.jpg","width":680,"height":325},{"@type":"BreadcrumbList","@id":"https:\/\/www.intoscana.it\/it\/distretto-economia-circolare-empoli\/#breadcrumb","itemListElement":[{"@type":"ListItem","position":1,"name":"Home","item":"https:\/\/www.intoscana.it\/it\/"},{"@type":"ListItem","position":2,"name":"Rifiuti: un nuovo distretto per l\u2019economia circolare a Empoli"}]},{"@type":"WebSite","@id":"https:\/\/www.intoscana.it\/it\/#website","url":"https:\/\/www.intoscana.it\/it\/","name":"intoscana","description":"","potentialAction":[{"@type":"SearchAction","target":{"@type":"EntryPoint","urlTemplate":"https:\/\/www.intoscana.it\/it\/?s={search_term_string}"},"query-input":{"@type":"PropertyValueSpecification","valueRequired":true,"valueName":"search_term_string"}}],"inLanguage":"it-IT"},{"@type":"Person","@id":"https:\/\/www.intoscana.it\/it\/#\/schema\/person\/010af92117f50561886339ad5b873a41","name":"Chiara Bianchini","sameAs":["c.bianchini@fst.it"],"url":"https:\/\/www.intoscana.it\/it\/author\/chiara-bianchini\/"}]}},"_links":{"self":[{"href":"https:\/\/www.intoscana.it\/it\/wp-json\/wp\/v2\/posts\/225700","targetHints":{"allow":["GET"]}}],"collection":[{"href":"https:\/\/www.intoscana.it\/it\/wp-json\/wp\/v2\/posts"}],"about":[{"href":"https:\/\/www.intoscana.it\/it\/wp-json\/wp\/v2\/types\/post"}],"author":[{"embeddable":true,"href":"https:\/\/www.intoscana.it\/it\/wp-json\/wp\/v2\/users\/507"}],"replies":[{"embeddable":true,"href":"https:\/\/www.intoscana.it\/it\/wp-json\/wp\/v2\/comments?post=225700"}],"version-history":[{"count":0,"href":"https:\/\/www.intoscana.it\/it\/wp-json\/wp\/v2\/posts\/225700\/revisions"}],"wp:featuredmedia":[{"embeddable":true,"href":"https:\/\/www.intoscana.it\/it\/wp-json\/wp\/v2\/media\/80157"}],"wp:attachment":[{"href":"https:\/\/www.intoscana.it\/it\/wp-json\/wp\/v2\/media?parent=225700"}],"wp:term":[{"taxonomy":"category","embeddable":true,"href":"https:\/\/www.intoscana.it\/it\/wp-json\/wp\/v2\/categories?post=225700"},{"taxonomy":"post_tag","embeddable":true,"href":"https:\/\/www.intoscana.it\/it\/wp-json\/wp\/v2\/tags?post=225700"}],"curies":[{"name":"wp","href":"https:\/\/api.w.org\/{rel}","templated":true}]}}