{"id":225716,"date":"2022-04-27T16:48:10","date_gmt":"2022-04-27T14:48:10","guid":{"rendered":"https:\/\/www.intoscana.it\/it\/?p=225716"},"modified":"2022-04-27T16:48:10","modified_gmt":"2022-04-27T14:48:10","slug":"elisa-tommaso-paradiso-sangiovanni-ghali-rkomi-canini-alle-follonica-summer-nights","status":"publish","type":"post","link":"https:\/\/www.intoscana.it\/it\/elisa-tommaso-paradiso-sangiovanni-ghali-rkomi-canini-alle-follonica-summer-nights\/","title":{"rendered":"Elisa, Tommaso Paradiso, Sangiovanni, Ghali, Rkomi, Canini alle &#8220;Follonica Summer Nights&#8221;"},"content":{"rendered":"<p>Torna il <strong>Follonica Summer Nights<\/strong> che da gioved\u00ec 28 luglio proporr\u00e0 ancora una volta un ricco calendario di appuntamenti con alcuni<strong> tra i pi\u00f9 amati artisti italiani.<\/strong><\/p>\n<p>Il festival \u00a0si conferma anche in questa edizione come un punto di riferimento nazionale per la musica dal vivo e momento culturale innovativo, prestigioso e divertente per l\u2019<strong>estate follonichese.<\/strong><\/p>\n<p>I nomi gi\u00e0 annunciati, a cui si aggiungeranno sorprese nei prossimi giorni, confermano la direzione del Festival verso contenuti trasversali e attuali.<\/p>\n<p><strong>Punta di diamante<\/strong> della scelta artistica, il concerto evento di <strong>Elisa<\/strong>: il suo <em><strong>\u201cBack to the Future Live Tour\u201d<\/strong><\/em> \u00e8 non solo un messaggio per l\u2019ambiente, ma sopratutto un importante riconoscimento per il territorio in cui avr\u00e0 luogo.<\/p>\n<p>Tutte le location scelte sono di particolare valore naturale e paesaggistico e pensate sulla base di<strong> un protocollo per un basso impatto ambientale.<\/strong><\/p>\n<p>L\u2019appuntamento del <strong>Follonica Summer Nights<\/strong> si conferma al Parco Centrale a partire da gioved\u00ec 28 luglio con il concerto di<strong> Tommaso Paradiso<\/strong> per il suo \u201cTommy Summer Tour\u201d, seguir\u00e0 il \u201cBack to the future Live Tour\u201d di <strong>Elisa<\/strong> il 29 luglio, gioved\u00ec 4 agosto toccher\u00e0 a <strong>Sangiovanni<\/strong> con il suo \u201cCadere Volare Live\u201d, Il 9 agosto tappa del tour di <strong>Ghali<\/strong> \u201cEstate Tour\u201d, mercoled\u00ec 17 agosto <strong>Rkomi<\/strong> con il suo \u2018 Insuperabile Summer Tour\u2019 , il 18 agosto l\u2019amatissimo <strong>Grease il Musical<\/strong> e sabato 19 agosto <a href=\"https:\/\/www.intoscana.it\/it\/articolo\/confessioni-jonathan-canini-vernacolo-benigni\/\" target=\"_blank\" rel=\"noopener\"><strong>Jonathan Canini<\/strong><\/a> con <em><strong>Cappuccetto Rozzo.<\/strong><\/em><\/p>\n<p>A realizzare il festival \u00e8 l&#8217;agenzia <strong>LEG Live Emotion Group<\/strong>, diretta da Sandro Giacomelli, Tania Ferri ed Elisabetta De Luca.<\/p>\n<p><strong>Il Sindaco Andrea Benini dichiara<\/strong>\u00a0&#8220;<em>Follonica si prepara ad ospitare una nuova edizione del Follonica Summer Nights e finalmente, da quest&#8217;anno, \u00e8 possibile organizzare una rassegna ancora pi\u00f9 ampia rispetto alle edizioni precedenti, con grandi nomi della scena musicale e artistica. L&#8217;assegnazione del bando che si \u00e8 concluso poche settimane fa ha infatti la durata di tre anni: in questo modo la rassegna potr\u00e0 crescere, con eventi che potranno essere organizzati anche in periodi diversi rispetto ai mesi di luglio o agosto. Questa manifestazione si \u00e8 ormai consolidata come una delle principali rassegne artistiche dell&#8217;estate toscana, grazie ad un programma di altissima qualit\u00e0, fatto di concerti e spettacoli. Insomma, abbiamo voluto alzare ancora di pi\u00f9 l&#8217;asticella\u2019&#8221;.<\/em><\/p>\n<figure id=\"post-223078 media-223078\" class=\"align-none\"><img decoding=\"async\" src=\"https:\/\/www.intoscana.it\/wp-content\/uploads\/Tommaso-Paradiso-IMG_7306-copy-1.jpg-credito-ALESSANDRO-DEGLI-ANGIOLI-pic.jpg\" alt=\"\" \/><\/figure>\n<div class=\"titleimg\">Tommaso Paradiso &#8211; \u00a9 Alessandro Degli Angioli<\/div>\n<h3>Il calendario dei concerti<\/h3>\n<p>28 luglio Tommaso Paradiso<br \/>\n29 luglio Elisa<br \/>\n4 agosto Sangiovanni<br \/>\n9 agosto Ghali<br \/>\n17 agosto Rkomi<br \/>\n19 agosto Grease Il Musical<br \/>\n20 agosto Jonathan Canini<\/p>\n","protected":false},"excerpt":{"rendered":"<p>Dal 28 luglio al 20 agosto torna uno degli appuntamenti pi\u00f9 importanti dell&#8217;estate musicale toscana<\/p>\n","protected":false},"author":525,"featured_media":73137,"comment_status":"open","ping_status":"open","sticky":false,"template":"","format":"standard","meta":{"_acf_changed":false,"footnotes":""},"categories":[14],"tags":[216,235,399,4474,228],"class_list":["post-225716","post","type-post","status-publish","format-standard","has-post-thumbnail","hentry","category-musica","tag-concerti","tag-estate","tag-estate-in-toscana","tag-eventi","tag-festival"],"acf":[],"yoast_head":"<!-- This site is optimized with the Yoast SEO Premium plugin v24.2 (Yoast SEO v25.6) - https:\/\/yoast.com\/wordpress\/plugins\/seo\/ -->\n<title>Elisa, Tommaso Paradiso, Sangiovanni, Ghali, Rkomi, Canini alle &quot;Follonica Summer Nights&quot; - intoscana<\/title>\n<meta name=\"description\" content=\"Dal 28 luglio al 20 agosto torna uno degli appuntamenti pi\u00f9 importanti dell&#039;estate musicale toscana\" \/>\n<meta name=\"robots\" content=\"index, follow, max-snippet:-1, max-image-preview:large, max-video-preview:-1\" \/>\n<link rel=\"canonical\" href=\"https:\/\/www.intoscana.it\/it\/elisa-tommaso-paradiso-sangiovanni-ghali-rkomi-canini-alle-follonica-summer-nights\/\" \/>\n<meta property=\"og:locale\" content=\"it_IT\" \/>\n<meta property=\"og:type\" content=\"article\" \/>\n<meta property=\"og:title\" content=\"Elisa, Tommaso Paradiso, Sangiovanni, Ghali, Rkomi, Canini alle &quot;Follonica Summer Nights&quot;\" \/>\n<meta property=\"og:description\" content=\"Dal 28 luglio al 20 agosto torna uno degli appuntamenti pi\u00f9 importanti dell&#039;estate musicale toscana\" \/>\n<meta property=\"og:url\" content=\"https:\/\/www.intoscana.it\/it\/elisa-tommaso-paradiso-sangiovanni-ghali-rkomi-canini-alle-follonica-summer-nights\/\" \/>\n<meta property=\"og:site_name\" content=\"intoscana\" \/>\n<meta property=\"article:publisher\" content=\"https:\/\/www.facebook.com\/intoscana.it\" \/>\n<meta property=\"article:published_time\" content=\"2022-04-27T14:48:10+00:00\" \/>\n<meta property=\"og:image\" content=\"https:\/\/www.intoscana.it\/wp-content\/uploads\/elisa-polemica-nonna-madeddu.jpg\" \/>\n\t<meta property=\"og:image:width\" content=\"1000\" \/>\n\t<meta property=\"og:image:height\" content=\"603\" \/>\n\t<meta property=\"og:image:type\" content=\"image\/jpeg\" \/>\n<meta name=\"author\" content=\"Redazione\" \/>\n<meta name=\"twitter:card\" content=\"summary_large_image\" \/>\n<meta name=\"twitter:creator\" content=\"@intoscana\" \/>\n<meta name=\"twitter:site\" content=\"@intoscana\" \/>\n<meta name=\"twitter:label1\" content=\"Written by\" \/>\n\t<meta name=\"twitter:data1\" content=\"Redazione\" \/>\n\t<meta name=\"twitter:label2\" content=\"Est. reading time\" \/>\n\t<meta name=\"twitter:data2\" content=\"2 minuti\" \/>\n<script type=\"application\/ld+json\" class=\"yoast-schema-graph\">{\"@context\":\"https:\/\/schema.org\",\"@graph\":[{\"@type\":\"WebPage\",\"@id\":\"https:\/\/www.intoscana.it\/it\/elisa-tommaso-paradiso-sangiovanni-ghali-rkomi-canini-alle-follonica-summer-nights\/\",\"url\":\"https:\/\/www.intoscana.it\/it\/elisa-tommaso-paradiso-sangiovanni-ghali-rkomi-canini-alle-follonica-summer-nights\/\",\"name\":\"Elisa, Tommaso Paradiso, Sangiovanni, Ghali, Rkomi, Canini alle \\\"Follonica Summer Nights\\\" - intoscana\",\"isPartOf\":{\"@id\":\"https:\/\/www.intoscana.it\/it\/#website\"},\"primaryImageOfPage\":{\"@id\":\"https:\/\/www.intoscana.it\/it\/elisa-tommaso-paradiso-sangiovanni-ghali-rkomi-canini-alle-follonica-summer-nights\/#primaryimage\"},\"image\":{\"@id\":\"https:\/\/www.intoscana.it\/it\/elisa-tommaso-paradiso-sangiovanni-ghali-rkomi-canini-alle-follonica-summer-nights\/#primaryimage\"},\"thumbnailUrl\":\"https:\/\/www.intoscana.it\/wp-content\/uploads\/elisa-polemica-nonna-madeddu.jpg\",\"datePublished\":\"2022-04-27T14:48:10+00:00\",\"author\":{\"@id\":\"https:\/\/www.intoscana.it\/it\/#\/schema\/person\/9223810753230f20bd670fdd322661f8\"},\"description\":\"Dal 28 luglio al 20 agosto torna uno degli appuntamenti pi\u00f9 importanti dell'estate musicale toscana\",\"breadcrumb\":{\"@id\":\"https:\/\/www.intoscana.it\/it\/elisa-tommaso-paradiso-sangiovanni-ghali-rkomi-canini-alle-follonica-summer-nights\/#breadcrumb\"},\"inLanguage\":\"it-IT\",\"potentialAction\":[{\"@type\":\"ReadAction\",\"target\":[\"https:\/\/www.intoscana.it\/it\/elisa-tommaso-paradiso-sangiovanni-ghali-rkomi-canini-alle-follonica-summer-nights\/\"]}]},{\"@type\":\"ImageObject\",\"inLanguage\":\"it-IT\",\"@id\":\"https:\/\/www.intoscana.it\/it\/elisa-tommaso-paradiso-sangiovanni-ghali-rkomi-canini-alle-follonica-summer-nights\/#primaryimage\",\"url\":\"https:\/\/www.intoscana.it\/wp-content\/uploads\/elisa-polemica-nonna-madeddu.jpg\",\"contentUrl\":\"https:\/\/www.intoscana.it\/wp-content\/uploads\/elisa-polemica-nonna-madeddu.jpg\",\"width\":1000,\"height\":603},{\"@type\":\"BreadcrumbList\",\"@id\":\"https:\/\/www.intoscana.it\/it\/elisa-tommaso-paradiso-sangiovanni-ghali-rkomi-canini-alle-follonica-summer-nights\/#breadcrumb\",\"itemListElement\":[{\"@type\":\"ListItem\",\"position\":1,\"name\":\"Home\",\"item\":\"https:\/\/www.intoscana.it\/it\/\"},{\"@type\":\"ListItem\",\"position\":2,\"name\":\"Elisa, Tommaso Paradiso, Sangiovanni, Ghali, Rkomi, Canini alle &#8220;Follonica Summer Nights&#8221;\"}]},{\"@type\":\"WebSite\",\"@id\":\"https:\/\/www.intoscana.it\/it\/#website\",\"url\":\"https:\/\/www.intoscana.it\/it\/\",\"name\":\"intoscana\",\"description\":\"\",\"potentialAction\":[{\"@type\":\"SearchAction\",\"target\":{\"@type\":\"EntryPoint\",\"urlTemplate\":\"https:\/\/www.intoscana.it\/it\/?s={search_term_string}\"},\"query-input\":{\"@type\":\"PropertyValueSpecification\",\"valueRequired\":true,\"valueName\":\"search_term_string\"}}],\"inLanguage\":\"it-IT\"},{\"@type\":\"Person\",\"@id\":\"https:\/\/www.intoscana.it\/it\/#\/schema\/person\/9223810753230f20bd670fdd322661f8\",\"name\":\"Redazione\",\"url\":\"https:\/\/www.intoscana.it\/it\/author\/redazione\/\"}]}<\/script>\n<!-- \/ Yoast SEO Premium plugin. -->","yoast_head_json":{"title":"Elisa, Tommaso Paradiso, Sangiovanni, Ghali, Rkomi, Canini alle \"Follonica Summer Nights\" - intoscana","description":"Dal 28 luglio al 20 agosto torna uno degli appuntamenti pi\u00f9 importanti dell'estate musicale toscana","robots":{"index":"index","follow":"follow","max-snippet":"max-snippet:-1","max-image-preview":"max-image-preview:large","max-video-preview":"max-video-preview:-1"},"canonical":"https:\/\/www.intoscana.it\/it\/elisa-tommaso-paradiso-sangiovanni-ghali-rkomi-canini-alle-follonica-summer-nights\/","og_locale":"it_IT","og_type":"article","og_title":"Elisa, Tommaso Paradiso, Sangiovanni, Ghali, Rkomi, Canini alle \"Follonica Summer Nights\"","og_description":"Dal 28 luglio al 20 agosto torna uno degli appuntamenti pi\u00f9 importanti dell'estate musicale toscana","og_url":"https:\/\/www.intoscana.it\/it\/elisa-tommaso-paradiso-sangiovanni-ghali-rkomi-canini-alle-follonica-summer-nights\/","og_site_name":"intoscana","article_publisher":"https:\/\/www.facebook.com\/intoscana.it","article_published_time":"2022-04-27T14:48:10+00:00","og_image":[{"width":1000,"height":603,"url":"https:\/\/www.intoscana.it\/wp-content\/uploads\/elisa-polemica-nonna-madeddu.jpg","type":"image\/jpeg"}],"author":"Redazione","twitter_card":"summary_large_image","twitter_creator":"@intoscana","twitter_site":"@intoscana","twitter_misc":{"Written by":"Redazione","Est. reading time":"2 minuti"},"schema":{"@context":"https:\/\/schema.org","@graph":[{"@type":"WebPage","@id":"https:\/\/www.intoscana.it\/it\/elisa-tommaso-paradiso-sangiovanni-ghali-rkomi-canini-alle-follonica-summer-nights\/","url":"https:\/\/www.intoscana.it\/it\/elisa-tommaso-paradiso-sangiovanni-ghali-rkomi-canini-alle-follonica-summer-nights\/","name":"Elisa, Tommaso Paradiso, Sangiovanni, Ghali, Rkomi, Canini alle \"Follonica Summer Nights\" - intoscana","isPartOf":{"@id":"https:\/\/www.intoscana.it\/it\/#website"},"primaryImageOfPage":{"@id":"https:\/\/www.intoscana.it\/it\/elisa-tommaso-paradiso-sangiovanni-ghali-rkomi-canini-alle-follonica-summer-nights\/#primaryimage"},"image":{"@id":"https:\/\/www.intoscana.it\/it\/elisa-tommaso-paradiso-sangiovanni-ghali-rkomi-canini-alle-follonica-summer-nights\/#primaryimage"},"thumbnailUrl":"https:\/\/www.intoscana.it\/wp-content\/uploads\/elisa-polemica-nonna-madeddu.jpg","datePublished":"2022-04-27T14:48:10+00:00","author":{"@id":"https:\/\/www.intoscana.it\/it\/#\/schema\/person\/9223810753230f20bd670fdd322661f8"},"description":"Dal 28 luglio al 20 agosto torna uno degli appuntamenti pi\u00f9 importanti dell'estate musicale toscana","breadcrumb":{"@id":"https:\/\/www.intoscana.it\/it\/elisa-tommaso-paradiso-sangiovanni-ghali-rkomi-canini-alle-follonica-summer-nights\/#breadcrumb"},"inLanguage":"it-IT","potentialAction":[{"@type":"ReadAction","target":["https:\/\/www.intoscana.it\/it\/elisa-tommaso-paradiso-sangiovanni-ghali-rkomi-canini-alle-follonica-summer-nights\/"]}]},{"@type":"ImageObject","inLanguage":"it-IT","@id":"https:\/\/www.intoscana.it\/it\/elisa-tommaso-paradiso-sangiovanni-ghali-rkomi-canini-alle-follonica-summer-nights\/#primaryimage","url":"https:\/\/www.intoscana.it\/wp-content\/uploads\/elisa-polemica-nonna-madeddu.jpg","contentUrl":"https:\/\/www.intoscana.it\/wp-content\/uploads\/elisa-polemica-nonna-madeddu.jpg","width":1000,"height":603},{"@type":"BreadcrumbList","@id":"https:\/\/www.intoscana.it\/it\/elisa-tommaso-paradiso-sangiovanni-ghali-rkomi-canini-alle-follonica-summer-nights\/#breadcrumb","itemListElement":[{"@type":"ListItem","position":1,"name":"Home","item":"https:\/\/www.intoscana.it\/it\/"},{"@type":"ListItem","position":2,"name":"Elisa, Tommaso Paradiso, Sangiovanni, Ghali, Rkomi, Canini alle &#8220;Follonica Summer Nights&#8221;"}]},{"@type":"WebSite","@id":"https:\/\/www.intoscana.it\/it\/#website","url":"https:\/\/www.intoscana.it\/it\/","name":"intoscana","description":"","potentialAction":[{"@type":"SearchAction","target":{"@type":"EntryPoint","urlTemplate":"https:\/\/www.intoscana.it\/it\/?s={search_term_string}"},"query-input":{"@type":"PropertyValueSpecification","valueRequired":true,"valueName":"search_term_string"}}],"inLanguage":"it-IT"},{"@type":"Person","@id":"https:\/\/www.intoscana.it\/it\/#\/schema\/person\/9223810753230f20bd670fdd322661f8","name":"Redazione","url":"https:\/\/www.intoscana.it\/it\/author\/redazione\/"}]}},"_links":{"self":[{"href":"https:\/\/www.intoscana.it\/it\/wp-json\/wp\/v2\/posts\/225716","targetHints":{"allow":["GET"]}}],"collection":[{"href":"https:\/\/www.intoscana.it\/it\/wp-json\/wp\/v2\/posts"}],"about":[{"href":"https:\/\/www.intoscana.it\/it\/wp-json\/wp\/v2\/types\/post"}],"author":[{"embeddable":true,"href":"https:\/\/www.intoscana.it\/it\/wp-json\/wp\/v2\/users\/525"}],"replies":[{"embeddable":true,"href":"https:\/\/www.intoscana.it\/it\/wp-json\/wp\/v2\/comments?post=225716"}],"version-history":[{"count":0,"href":"https:\/\/www.intoscana.it\/it\/wp-json\/wp\/v2\/posts\/225716\/revisions"}],"wp:featuredmedia":[{"embeddable":true,"href":"https:\/\/www.intoscana.it\/it\/wp-json\/wp\/v2\/media\/73137"}],"wp:attachment":[{"href":"https:\/\/www.intoscana.it\/it\/wp-json\/wp\/v2\/media?parent=225716"}],"wp:term":[{"taxonomy":"category","embeddable":true,"href":"https:\/\/www.intoscana.it\/it\/wp-json\/wp\/v2\/categories?post=225716"},{"taxonomy":"post_tag","embeddable":true,"href":"https:\/\/www.intoscana.it\/it\/wp-json\/wp\/v2\/tags?post=225716"}],"curies":[{"name":"wp","href":"https:\/\/api.w.org\/{rel}","templated":true}]}}