{"id":225827,"date":"2022-04-28T11:01:20","date_gmt":"2022-04-28T09:01:20","guid":{"rendered":"https:\/\/www.intoscana.it\/it\/?p=225827"},"modified":"2022-04-28T13:22:03","modified_gmt":"2022-04-28T11:22:03","slug":"florence-jewellery-week-firenze-2022","status":"publish","type":"post","link":"https:\/\/www.intoscana.it\/it\/florence-jewellery-week-firenze-2022\/","title":{"rendered":"Nuove tecnologie e artigianato: creativi da tutto il mondo a Firenze per la &#8220;Florence Jewellery Week&#8221;"},"content":{"rendered":"<p>A Firenze <strong>dal 28 aprile al 2 maggio<\/strong> una settimana dedicata al mondo dei gioielli con la <a href=\"https:\/\/www.preziosa.org\" target=\"_blank\" rel=\"noopener\"><em><strong>&#8220;Florence Jewellery Week&#8221;<\/strong><\/em>.<\/a><\/p>\n<p>L&#8217;evento \u00e8 dedicato alla complessa relazione tra<strong> ricerca artistica, artigianato, design e nuove tecnologie <\/strong>e si sviluppa\u00a0vari luoghi della citt\u00e0 in cui si terranno <strong>mostre, seminari e incontri con <\/strong>alcuni dei<strong> pi\u00f9 innovativi artisti orafi internazionali<\/strong>.<\/p>\n<p>Novit\u00e0 di questa edizione \u00e8 &#8220;<strong>Preziosa Makers<\/strong>&#8220;, progetto nato dalla collaborazione tra Lao e la manifestazione Artigianato e Palazzo, una vetrina per artigiani e designer selezionati da un comitato scientifico che si terr\u00e0 alle <strong>Scuderie di Palazzo Corsini<\/strong>.<\/p>\n<p><strong>&#8220;Preziosa Makers&#8221;<\/strong> mira a dare visibilit\u00e0 e spazio a<strong> tanti creativi<\/strong> che potranno presentare le loro opere al pubblico di FJW, per una commercializzazione diretta dei loro manufatti.<\/p>\n<figure id=\"post-225861 media-225861\" class=\"align-none\"><em><img decoding=\"async\" src=\"https:\/\/www.intoscana.it\/wp-content\/uploads\/kalman_crime_hood_2.jpg\" alt=\"\" \/><\/em><\/figure>\n<div class=\"titleimg\"><em>Lauren Kalman<\/em><\/div>\n<h3>PREZIOSA nella Galleria delle Carrozze a Palazzo Medici Riccardi<\/h3>\n<p>L&#8217;epicentro della manifestazione sar\u00e0 la mostra principale <em>&#8220;<strong>PREZIOSA&#8221;<\/strong>\u00a0<\/em>allestita nella suggestiva cornice della <strong>Galleria delle Carrozze di Palazzo Medici Riccardi.<\/strong><\/p>\n<p>I nove artisti invitati sono tutte personalit\u00e0 affermate e premiate della scena artistica internazionale: <strong>Lauren Kalman, Anya Kivarkis, Rein Vollenga, Sam Tho Duong, Jayne Wallace, Kazumi Nagano, Conversation Piece (Beatrice Brovia &amp; Nicolas Cheng), Ana Rajcevic e Barbara Paganin.<\/strong><\/p>\n<p>Uno degli obiettivi principali di FJW2022 \u00e8 quello di capire, attraverso il lavoro di questi autori, come stanno<strong> ridefinendo gli orizzonti del gioiello contemporaneo,<\/strong> un campo che si trova oggi ad affrontare la progressiva disintegrazione di categorizzazioni obsolete, aprendosi alla<strong> fusione di linguaggi espressivi<\/strong> e all&#8217;<strong>intersezione di pratiche artistiche.<\/strong><\/p>\n<p>In mostra non solo gioielli, ma anche <strong>sculture indossabili in grado di trasformare profondamente chi le indossa<\/strong>, avanzando un concetto di &#8220;decorazione&#8221; che arriva a<strong> ridisegnare i corpi<\/strong>, rimodellando aspetto esteriore e identit\u00e0.<\/p>\n<p>Un altro tema chiave \u00e8 la <strong>smaterializzazione dell&#8217;oggetto nell&#8217;era digitale,<\/strong> basata sulla cultura dell&#8217;immagine e veicolata dalle nuove tecnologie, capaci anche, d&#8217;altro canto, di offrire nuove possibilit\u00e0 di connessione, nella creazione di <strong>gioielli multimediali.<\/strong><\/p>\n<p>Un tema attuale che riguarda la produzione contemporanea di ornamenti \u00e8 la pratica dell&#8217;<strong>upcycling, o riciclo creativo,<\/strong> che d\u00e0 nuovo prestigio a oggetti e materiali di scarto, la cui destinazione si rinnova e la cui preziosit\u00e0 \u00e8 frutto dell&#8217;abilit\u00e0 dell&#8217;artigiano.<\/p>\n<figure id=\"post-225863 media-225863\" class=\"align-none\"><img decoding=\"async\" src=\"https:\/\/www.intoscana.it\/wp-content\/uploads\/N\u00b037b_ridotto2.jpg\" alt=\"\" \/><\/figure>\n<div class=\"titleimg\"><em>Charlotte Vanhoubroeck<\/em><\/div>\n<h3>PREZIOSA Young nella Galleria di Palazzo Coveri<\/h3>\n<p>Durante la Florence Jewellery Week saranno in mostra le opere dei vincitori del <em><strong>&#8220;Preziosa Young&#8221;<\/strong><\/em> alla <strong>Galleria del Palazzo Coveri<\/strong>.<\/p>\n<p>L&#8217;esposizione sar\u00e0 la <strong>prima tappa di una mostra itinerante,<\/strong> che raggiunger\u00e0 diversi luoghi nel mondo:\u00a0Padova, i\u00a0Paesi Bassi,\u00a0Shanghai,\u00a0Polonia,\u00a0Barcellona.<\/p>\n<p>Nel 2022 hanno vinto: <strong>Xinia Guan e Zhipeng Wang<\/strong> dalla Cina, <strong>Anne Lahn Hornbaek Hansen<\/strong> dalla Danimarca, <strong>Pilynn Siriphanich<\/strong> dalla Thailandia,<strong> Charlotte Vanhoubroeck<\/strong> dal Belgio.<\/p>\n<p>Come ogni anno dal 2008, i requisiti per vincere il concorso sono <strong>qualit\u00e0 del design e della realizzazione, uso sperimentale e contemporaneo dei materiali, innovazione concettuale e tecnica<\/strong>.<\/p>\n<p>La selezione, effettuata in totale trasparenza poich\u00e9 i giurati non conoscono i nomi dei partecipanti, n\u00e9 il loro paese di origine o la loro formazione, fa del concorso <strong>Preziosa Young un evento affidabile e riconosciuto a livello internazionale,<\/strong> che cattura e promuove lo spirito e le nuove tematiche del <strong>gioiello contemporaneo.<\/strong><\/p>\n<figure id=\"post-225843 media-225843\" class=\"align-none\"><img decoding=\"async\" src=\"https:\/\/www.intoscana.it\/wp-content\/uploads\/The_Headpiece_.jpg\" alt=\"\" \/><\/figure>\n<p><em>The Headpiece, Giovanni Corvaja<\/em><\/p>\n<h3>La collezione Bollmann a Palazzo del Pegaso<\/h3>\n<p>Ventotto oggetti provenienti dalla <strong>prestigiosa\u00a0collezione Bollmann,<\/strong> una delle pi\u00f9 vaste raccolte di gioielli del mondo appartenente alla coppia austriaca <strong>Karl e Heidi Bollmann<\/strong> saranno esposti in <strong>Consiglio regionale<\/strong>\u00a0nello <strong>spazio espositivo Carlo Azeglio Ciampi\u00a0<\/strong>(via de Pucci, 16r) per la quarta edizione della <em><strong>\u2018Florence\u00a0Jewellery\u00a0Week\u2019<\/strong><\/em>.<\/p>\n<p>I <strong>pezzi in mostra<\/strong> sono stati realizzati da alcune delle personalit\u00e0 di spicco che hanno determinato il corso del <strong>&#8220;Nuovo Gioiello&#8221;<\/strong> dalla seconda met\u00e0 del secolo scorso e fino ai giorni nostri.<\/p>\n<p>Figure autorevoli come <strong>Manfred Bischoff, Peter Chang, Yasuki Hiramatsu, Fritz Maierhofer, Bruno Martinazzi, Francesco Pavan, Ruudt Peters, Gerd Rothmann, Peter Skubic<\/strong>, sono oggi considerati dalla critica <strong>pionieri e avanguardisti della ricerca orafa internazionale<\/strong>, per aver introdotto materiali che fino ad allora non facevano parte del repertorio orafo o per aver rivitalizzato forme, tecniche e contenuti, trattando il gioiello come veicolo privilegiato di una specifica intuizione artistica e come occasione per approfondire la sperimentazione sui materiali.<\/p>\n<p>La mostra accoglie anche <strong>un vero e proprio capolavoro dell\u2019arte orafa,<\/strong> un <strong>colbacco interamente realizzato in fili di oro<\/strong> pi\u00f9 sottili di un capello e interamente tessuto a mano dal <strong>maestro orafo\u00a0Giovanni Corvaja,<\/strong> il cui lavoro \u00e8 riconosciuto in tutto il mondo.<\/p>\n<figure id=\"post-225875 media-225875\" class=\"align-none\"><img decoding=\"async\" src=\"https:\/\/www.intoscana.it\/wp-content\/uploads\/tush.jpg\" alt=\"\" \/><\/figure>\n<div class=\"titleimg\"><em>Rein Vollenga<\/em><\/div>\n","protected":false},"excerpt":{"rendered":"<p>Dal 28 aprile al 2 maggio torna l&#8217;evento dedicato alla complessa relazione tra gioiello contemporaneo, ricerca artistica, artigianato, design e nuove tecnologie<\/p>\n","protected":false},"author":518,"featured_media":225828,"comment_status":"open","ping_status":"open","sticky":false,"template":"","format":"standard","meta":{"_acf_changed":false,"footnotes":""},"categories":[493],"tags":[227,278,202,222],"class_list":["post-225827","post","type-post","status-publish","format-standard","has-post-thumbnail","hentry","category-cultura","tag-arte-contemporanea","tag-artigianato","tag-firenze","tag-mostre"],"acf":[],"yoast_head":"<!-- This site is optimized with the Yoast SEO Premium plugin v24.2 (Yoast SEO v25.6) - https:\/\/yoast.com\/wordpress\/plugins\/seo\/ -->\n<title>Nuove tecnologie e artigianato: creativi da tutto il mondo a Firenze per la &quot;Florence Jewellery Week&quot; - intoscana<\/title>\n<meta name=\"description\" content=\"Dal 28 aprile al 2 maggio torna l&#039;evento \u00e8 dedicato alla complessa relazione tra gioiello contemporaneo, arte, artigianato, design\" \/>\n<meta name=\"robots\" content=\"index, follow, max-snippet:-1, max-image-preview:large, max-video-preview:-1\" \/>\n<link rel=\"canonical\" href=\"https:\/\/www.intoscana.it\/it\/florence-jewellery-week-firenze-2022\/\" \/>\n<meta property=\"og:locale\" content=\"it_IT\" \/>\n<meta property=\"og:type\" content=\"article\" \/>\n<meta property=\"og:title\" content=\"Nuove tecnologie e artigianato: creativi da tutto il mondo a Firenze per la &quot;Florence Jewellery Week&quot;\" \/>\n<meta property=\"og:description\" content=\"Dal 28 aprile al 2 maggio torna l&#039;evento \u00e8 dedicato alla complessa relazione tra gioiello contemporaneo, arte, artigianato, design\" \/>\n<meta property=\"og:url\" content=\"https:\/\/www.intoscana.it\/it\/florence-jewellery-week-firenze-2022\/\" \/>\n<meta property=\"og:site_name\" content=\"intoscana\" \/>\n<meta property=\"article:publisher\" content=\"https:\/\/www.facebook.com\/intoscana.it\" \/>\n<meta property=\"article:published_time\" content=\"2022-04-28T09:01:20+00:00\" \/>\n<meta property=\"article:modified_time\" content=\"2022-04-28T11:22:03+00:00\" \/>\n<meta property=\"og:image\" content=\"https:\/\/www.intoscana.it\/wp-content\/uploads\/ANA-RAJCEVIC_-2.jpg\" \/>\n\t<meta property=\"og:image:width\" content=\"639\" \/>\n\t<meta property=\"og:image:height\" content=\"535\" \/>\n\t<meta property=\"og:image:type\" content=\"image\/jpeg\" \/>\n<meta name=\"author\" content=\"Costanza Baldini\" \/>\n<meta name=\"twitter:card\" content=\"summary_large_image\" \/>\n<meta name=\"twitter:creator\" content=\"@intoscana\" \/>\n<meta name=\"twitter:site\" content=\"@intoscana\" \/>\n<meta name=\"twitter:label1\" content=\"Written by\" \/>\n\t<meta name=\"twitter:data1\" content=\"Costanza Baldini\" \/>\n\t<meta name=\"twitter:label2\" content=\"Est. reading time\" \/>\n\t<meta name=\"twitter:data2\" content=\"4 minuti\" \/>\n<script type=\"application\/ld+json\" class=\"yoast-schema-graph\">{\"@context\":\"https:\/\/schema.org\",\"@graph\":[{\"@type\":\"WebPage\",\"@id\":\"https:\/\/www.intoscana.it\/it\/florence-jewellery-week-firenze-2022\/\",\"url\":\"https:\/\/www.intoscana.it\/it\/florence-jewellery-week-firenze-2022\/\",\"name\":\"Nuove tecnologie e artigianato: creativi da tutto il mondo a Firenze per la \\\"Florence Jewellery Week\\\" - intoscana\",\"isPartOf\":{\"@id\":\"https:\/\/www.intoscana.it\/it\/#website\"},\"primaryImageOfPage\":{\"@id\":\"https:\/\/www.intoscana.it\/it\/florence-jewellery-week-firenze-2022\/#primaryimage\"},\"image\":{\"@id\":\"https:\/\/www.intoscana.it\/it\/florence-jewellery-week-firenze-2022\/#primaryimage\"},\"thumbnailUrl\":\"https:\/\/www.intoscana.it\/wp-content\/uploads\/ANA-RAJCEVIC_-2.jpg\",\"datePublished\":\"2022-04-28T09:01:20+00:00\",\"dateModified\":\"2022-04-28T11:22:03+00:00\",\"author\":{\"@id\":\"https:\/\/www.intoscana.it\/it\/#\/schema\/person\/d469f35f09739bdf00bf5dd3f0647a82\"},\"description\":\"Dal 28 aprile al 2 maggio torna l'evento \u00e8 dedicato alla complessa relazione tra gioiello contemporaneo, arte, artigianato, design\",\"breadcrumb\":{\"@id\":\"https:\/\/www.intoscana.it\/it\/florence-jewellery-week-firenze-2022\/#breadcrumb\"},\"inLanguage\":\"it-IT\",\"potentialAction\":[{\"@type\":\"ReadAction\",\"target\":[\"https:\/\/www.intoscana.it\/it\/florence-jewellery-week-firenze-2022\/\"]}]},{\"@type\":\"ImageObject\",\"inLanguage\":\"it-IT\",\"@id\":\"https:\/\/www.intoscana.it\/it\/florence-jewellery-week-firenze-2022\/#primaryimage\",\"url\":\"https:\/\/www.intoscana.it\/wp-content\/uploads\/ANA-RAJCEVIC_-2.jpg\",\"contentUrl\":\"https:\/\/www.intoscana.it\/wp-content\/uploads\/ANA-RAJCEVIC_-2.jpg\",\"width\":639,\"height\":535,\"caption\":\"Ana Rajcevic\"},{\"@type\":\"BreadcrumbList\",\"@id\":\"https:\/\/www.intoscana.it\/it\/florence-jewellery-week-firenze-2022\/#breadcrumb\",\"itemListElement\":[{\"@type\":\"ListItem\",\"position\":1,\"name\":\"Home\",\"item\":\"https:\/\/www.intoscana.it\/it\/\"},{\"@type\":\"ListItem\",\"position\":2,\"name\":\"Nuove tecnologie e artigianato: creativi da tutto il mondo a Firenze per la &#8220;Florence Jewellery Week&#8221;\"}]},{\"@type\":\"WebSite\",\"@id\":\"https:\/\/www.intoscana.it\/it\/#website\",\"url\":\"https:\/\/www.intoscana.it\/it\/\",\"name\":\"intoscana\",\"description\":\"\",\"potentialAction\":[{\"@type\":\"SearchAction\",\"target\":{\"@type\":\"EntryPoint\",\"urlTemplate\":\"https:\/\/www.intoscana.it\/it\/?s={search_term_string}\"},\"query-input\":{\"@type\":\"PropertyValueSpecification\",\"valueRequired\":true,\"valueName\":\"search_term_string\"}}],\"inLanguage\":\"it-IT\"},{\"@type\":\"Person\",\"@id\":\"https:\/\/www.intoscana.it\/it\/#\/schema\/person\/d469f35f09739bdf00bf5dd3f0647a82\",\"name\":\"Costanza Baldini\",\"url\":\"https:\/\/www.intoscana.it\/it\/author\/costanza-baldini\/\"}]}<\/script>\n<!-- \/ Yoast SEO Premium plugin. -->","yoast_head_json":{"title":"Nuove tecnologie e artigianato: creativi da tutto il mondo a Firenze per la \"Florence Jewellery Week\" - intoscana","description":"Dal 28 aprile al 2 maggio torna l'evento \u00e8 dedicato alla complessa relazione tra gioiello contemporaneo, arte, artigianato, design","robots":{"index":"index","follow":"follow","max-snippet":"max-snippet:-1","max-image-preview":"max-image-preview:large","max-video-preview":"max-video-preview:-1"},"canonical":"https:\/\/www.intoscana.it\/it\/florence-jewellery-week-firenze-2022\/","og_locale":"it_IT","og_type":"article","og_title":"Nuove tecnologie e artigianato: creativi da tutto il mondo a Firenze per la \"Florence Jewellery Week\"","og_description":"Dal 28 aprile al 2 maggio torna l'evento \u00e8 dedicato alla complessa relazione tra gioiello contemporaneo, arte, artigianato, design","og_url":"https:\/\/www.intoscana.it\/it\/florence-jewellery-week-firenze-2022\/","og_site_name":"intoscana","article_publisher":"https:\/\/www.facebook.com\/intoscana.it","article_published_time":"2022-04-28T09:01:20+00:00","article_modified_time":"2022-04-28T11:22:03+00:00","og_image":[{"width":639,"height":535,"url":"https:\/\/www.intoscana.it\/wp-content\/uploads\/ANA-RAJCEVIC_-2.jpg","type":"image\/jpeg"}],"author":"Costanza Baldini","twitter_card":"summary_large_image","twitter_creator":"@intoscana","twitter_site":"@intoscana","twitter_misc":{"Written by":"Costanza Baldini","Est. reading time":"4 minuti"},"schema":{"@context":"https:\/\/schema.org","@graph":[{"@type":"WebPage","@id":"https:\/\/www.intoscana.it\/it\/florence-jewellery-week-firenze-2022\/","url":"https:\/\/www.intoscana.it\/it\/florence-jewellery-week-firenze-2022\/","name":"Nuove tecnologie e artigianato: creativi da tutto il mondo a Firenze per la \"Florence Jewellery Week\" - intoscana","isPartOf":{"@id":"https:\/\/www.intoscana.it\/it\/#website"},"primaryImageOfPage":{"@id":"https:\/\/www.intoscana.it\/it\/florence-jewellery-week-firenze-2022\/#primaryimage"},"image":{"@id":"https:\/\/www.intoscana.it\/it\/florence-jewellery-week-firenze-2022\/#primaryimage"},"thumbnailUrl":"https:\/\/www.intoscana.it\/wp-content\/uploads\/ANA-RAJCEVIC_-2.jpg","datePublished":"2022-04-28T09:01:20+00:00","dateModified":"2022-04-28T11:22:03+00:00","author":{"@id":"https:\/\/www.intoscana.it\/it\/#\/schema\/person\/d469f35f09739bdf00bf5dd3f0647a82"},"description":"Dal 28 aprile al 2 maggio torna l'evento \u00e8 dedicato alla complessa relazione tra gioiello contemporaneo, arte, artigianato, design","breadcrumb":{"@id":"https:\/\/www.intoscana.it\/it\/florence-jewellery-week-firenze-2022\/#breadcrumb"},"inLanguage":"it-IT","potentialAction":[{"@type":"ReadAction","target":["https:\/\/www.intoscana.it\/it\/florence-jewellery-week-firenze-2022\/"]}]},{"@type":"ImageObject","inLanguage":"it-IT","@id":"https:\/\/www.intoscana.it\/it\/florence-jewellery-week-firenze-2022\/#primaryimage","url":"https:\/\/www.intoscana.it\/wp-content\/uploads\/ANA-RAJCEVIC_-2.jpg","contentUrl":"https:\/\/www.intoscana.it\/wp-content\/uploads\/ANA-RAJCEVIC_-2.jpg","width":639,"height":535,"caption":"Ana Rajcevic"},{"@type":"BreadcrumbList","@id":"https:\/\/www.intoscana.it\/it\/florence-jewellery-week-firenze-2022\/#breadcrumb","itemListElement":[{"@type":"ListItem","position":1,"name":"Home","item":"https:\/\/www.intoscana.it\/it\/"},{"@type":"ListItem","position":2,"name":"Nuove tecnologie e artigianato: creativi da tutto il mondo a Firenze per la &#8220;Florence Jewellery Week&#8221;"}]},{"@type":"WebSite","@id":"https:\/\/www.intoscana.it\/it\/#website","url":"https:\/\/www.intoscana.it\/it\/","name":"intoscana","description":"","potentialAction":[{"@type":"SearchAction","target":{"@type":"EntryPoint","urlTemplate":"https:\/\/www.intoscana.it\/it\/?s={search_term_string}"},"query-input":{"@type":"PropertyValueSpecification","valueRequired":true,"valueName":"search_term_string"}}],"inLanguage":"it-IT"},{"@type":"Person","@id":"https:\/\/www.intoscana.it\/it\/#\/schema\/person\/d469f35f09739bdf00bf5dd3f0647a82","name":"Costanza Baldini","url":"https:\/\/www.intoscana.it\/it\/author\/costanza-baldini\/"}]}},"_links":{"self":[{"href":"https:\/\/www.intoscana.it\/it\/wp-json\/wp\/v2\/posts\/225827","targetHints":{"allow":["GET"]}}],"collection":[{"href":"https:\/\/www.intoscana.it\/it\/wp-json\/wp\/v2\/posts"}],"about":[{"href":"https:\/\/www.intoscana.it\/it\/wp-json\/wp\/v2\/types\/post"}],"author":[{"embeddable":true,"href":"https:\/\/www.intoscana.it\/it\/wp-json\/wp\/v2\/users\/518"}],"replies":[{"embeddable":true,"href":"https:\/\/www.intoscana.it\/it\/wp-json\/wp\/v2\/comments?post=225827"}],"version-history":[{"count":0,"href":"https:\/\/www.intoscana.it\/it\/wp-json\/wp\/v2\/posts\/225827\/revisions"}],"wp:featuredmedia":[{"embeddable":true,"href":"https:\/\/www.intoscana.it\/it\/wp-json\/wp\/v2\/media\/225828"}],"wp:attachment":[{"href":"https:\/\/www.intoscana.it\/it\/wp-json\/wp\/v2\/media?parent=225827"}],"wp:term":[{"taxonomy":"category","embeddable":true,"href":"https:\/\/www.intoscana.it\/it\/wp-json\/wp\/v2\/categories?post=225827"},{"taxonomy":"post_tag","embeddable":true,"href":"https:\/\/www.intoscana.it\/it\/wp-json\/wp\/v2\/tags?post=225827"}],"curies":[{"name":"wp","href":"https:\/\/api.w.org\/{rel}","templated":true}]}}