{"id":225900,"date":"2022-04-28T16:08:38","date_gmt":"2022-04-28T14:08:38","guid":{"rendered":"https:\/\/www.intoscana.it\/it\/?p=225900"},"modified":"2022-04-28T17:03:55","modified_gmt":"2022-04-28T15:03:55","slug":"mi-sono-perso-nel-bosco-il-viaggio-nel-sogno-di-alessandro-fiori","status":"publish","type":"post","link":"https:\/\/www.intoscana.it\/it\/mi-sono-perso-nel-bosco-il-viaggio-nel-sogno-di-alessandro-fiori\/","title":{"rendered":"&#8220;Mi sono perso nel bosco&#8221; il viaggio nel sogno di Alessandro Fiori"},"content":{"rendered":"<p>Un cavallo bianco irrompe in una tranquilla scena casalinga, \u00e8 questa la copertina del nuovo disco di <strong>una delle personalit\u00e0 pi\u00f9 creative e indecifrabili\u00a0<\/strong>di tutto il <strong>panorama indipendente italiano<\/strong> degli ultimi vent\u2019anni.<\/p>\n<p>Stiamo parlando del <strong>cantautore toscano Alessandro Fiori<\/strong> che\u00a0a sei anni\u00a0dal precedente lavoro<em><strong><a href=\"https:\/\/www.intoscana.it\/it\/dettaglio-video\/il-cantautore-casentinese-alessandro-fiori-presenta-plancton\/\" target=\"_blank\" rel=\"noopener\"> \u201cPlancton\u201d<\/a><\/strong><\/em>\u00a0ha pubblicato il suo nuovo album solista <em><strong>\u201cMi sono perso nel bosco\u201d\u00a0<\/strong><\/em>uscito per l&#8217;<strong>etichetta 42Records.<\/strong><\/p>\n<p><strong><em>\u201cMi sono perso nel bosco\u201d<\/em> \u00e8 un disco d\u2019amore<\/strong>. Amore in ogni sua forma e tempo, esplorato in ogni sua sfumatura e momento. <strong>Dodici canzoni, scritte per la maggior parte al pianoforte,<\/strong> che tratteggiano un microcosmo personale, raccontato con <strong>delicatezza e poesia.<\/strong><\/p>\n<p>Scritto e composto da Fiori (eccezion fatta per la canzone \u201cPigi Pigi\u201d), il disco \u00e8 anche il <strong>frutto di un lavoro collettivo.<\/strong><\/p>\n<p>Oltre ai produttori <strong>Giovanni Ferrario<\/strong> (PJ Harvey, <a href=\"https:\/\/www.intoscana.it\/it\/dettaglio-video\/once-upon-a-time-in-italy-il-nuovo-disco-di-hugo-race-tra-laustralia-e-la-toscana\/\" target=\"_blank\" rel=\"noopener\"><strong>Hugo Race<\/strong><\/a>, Rokia Traor\u00e9, Scisma\u2026) e <strong>Alessandro \u201cAsso\u201d Stefana<\/strong> (<a href=\"https:\/\/www.intoscana.it\/it\/dettaglio-video\/volterra-citta-toscana-della-cultura-con-capossela-gli-spettacoli-lemozione-la-pace\/\" target=\"_blank\" rel=\"noopener\"><strong>Vinicio Capossela<\/strong><\/a>, PJ Harvey, Guano Padano, Mike Patton), tanti sono i musicisti che per la grande stima che hanno nei confronti di Alessandro hanno voluto collaborare alla realizzazione dell\u2019album.<\/p>\n<p>Da <strong>Brunori Sas<\/strong> a <strong>Levante,<\/strong> da <strong>Colapesce<\/strong> a <strong>Massimo Martellotta<\/strong>, e poi <strong>Dente, IOSONOUNCANE ed Enrico Gabrielli<\/strong> &#8211; con cui per anni Alessandro ha condiviso uno dei suoi progetti pi\u00f9 luminosi, i <strong>Mariposa.<\/strong><\/p>\n<h3>Ecco la nostra intervista<\/h3>\n<p><strong>Ciao Alessandro! La prima cosa che mi ha colpito del tuo disco \u00e8 la copertina, questa bellissima foto di un cavallo bianco che salta un tavolo. Un qualcosa di selvaggio che irrompe in una scena tranquilla, casalinga. Mi sono chiesta chi fosse questo cavallo, forse sei te?<\/strong><\/p>\n<p>Boh, che ne so, possibile. Se tu l&#8217;hai pensato senz&#8217;altro \u00e8 cos\u00ec, o sono io, o sono delle mie aspirazioni o dei miei desideri, una parte di me. Questa<strong> \u00e8 una foto bellissima <\/strong>di <strong>Hannes Wallrafen <\/strong>un<strong> fotografo olandese realizzata dei primissimi anni &#8217;90<\/strong> in cui ancora non esisteva Phoshop, scendo me eccezionale.<\/p>\n<p><strong>Il disco si intitola &#8220;Mi sono perso nel bosco&#8221;, per chi non lo sa tu vivi in un bosco, in una situazione forse po&#8217; diversa dalla vita frenetica che facciamo tutti noi. Pensi che questo si rifletta nella tua musica?<\/strong><\/p>\n<p>Non lo so, ho delle perplessit\u00e0 su questo. Io <strong>credo che se anche fossi andato a vivere a New York il disco sarebbe venuto esattamente cos\u00ec,<\/strong> sono sincero. Per me <strong>il luogo dove abitiamo \u00e8 quello che abbiamo dentro<\/strong> non quello che abbiamo fuori. Noi siamo qui perch\u00e8 abbiamo fatto delle valutazioni io e mia moglie e pensavamo che fosse il posto ideale dove crescere dei bambini. Per\u00f2 per quanto riguarda la relazione con la creativit\u00e0 non credo che questo vada a influire molto, anche perch\u00e8<strong> \u00e8 un disco tutt&#8217;altro che rilassante per certi versi.\u00a0<\/strong><\/p>\n<p><strong>In effetti \u00e8 un disco molto irrequieto, in cui ci sono tantissime domande e non sempre ci sono anche le risposte. Mi sembra che questo disco si chieda\u00a0continuamente come funziona l&#8217;amore, ecco, mi sembra un tema presente in quasi tutte le canzoni (<em>Buonanotte amore, Io e te, Amami meglio, Fermo accanto a te, L&#8217;appuntamento<\/em>)<\/strong><\/p>\n<p>Mi conosci io non mi faccio tante domande, ho un modo di lavorare abbastanza istintivo. A guardare il disco da fuori pi\u00f9 che farsi tante domande sull&#8217;amore, mi sembra che<strong> l&#8217;amore venga scelto come arma migliore per aprire delle porte,<\/strong> per scardinare qualcosa che non va, mi sembra <strong>la migliore soluzione che viene trovata per riuscire ad uscire dal bosco.<\/strong><\/p>\n<p><strong>Il disco ha una genesi molto lunga, mi ricordo di aver ascoltato il pezzo &#8220;Una sera&#8221; proprio all&#8217;inizio del primo lockdown, tu l&#8217;hai pubblicato su Facebook regalandoci un capolavoro, una canzone che mi fece molto bene ascoltare in un momento non proprio facilissimo. Hanno partecipato a questo disco tanti tuoi amici, mi sembra quasi\u00a0un abbraccio che ti hanno dato tutte queste persone, ti hanno &#8220;coccolato&#8221;<\/strong><\/p>\n<p>Ma infatti s\u00ec dai, la messa in onda della \u00a0canzone<strong> &#8220;Una sera&#8221;<\/strong> per voce e piano ai tempi del primo lockdown ha sortito un effetto di ricompattamento di una situazione che stava portando tutti a vivere nell&#8217;incertezza, una situazione in cui ognuno viveva nella sua casa, ci sentivamo tutti molto lontani all&#8217;improvviso. <strong>La canzone mi ha fatto riavvicinare alle persone ed \u00e8 quello che \u00e8 successo anche nel disco <\/strong>con la\u00a0partecipazione di tutti questi<strong> musicisti eccezionali. <\/strong>E&#8217; stato come\u00a0rivendicare il\u00a0piacere di vedere la scena come una squadra unita.<\/p>\n<p><iframe loading=\"lazy\" title=\"YouTube video player\" src=\"https:\/\/www.youtube.com\/embed\/VzuT5yeZL-0\" width=\"800\" height=\"500\" frameborder=\"0\" allowfullscreen=\"allowfullscreen\"><span data-mce-type=\"bookmark\" style=\"display: inline-block; width: 0px; overflow: hidden; line-height: 0;\" class=\"mce_SELRES_start\">\ufeff<\/span><\/iframe><\/p>\n<p><strong>&#8220;Mi sono perso nel bosco&#8221; segna anche l&#8217;ingresso nell&#8217;etichetta 42 Records, come mai questa decisione?\u00a0<\/strong><\/p>\n<p>Con i ragazzi della <strong>42 Records<\/strong> ci conoscevamo da tantissimi anni,<strong> Giacomo Fiorenza<\/strong> addirittura aveva mixato e masterizzato<em><strong> &#8220;Attento a me stesso&#8221;<\/strong><\/em> nel 2009. Con<strong> Emiliano Colasanti<\/strong> c&#8217;\u00e8 una stima reciproca da un decennio. Diciamo che la sorte ha deciso che questo era il momento giusto per iniziare a fare qualcosa insieme.<\/p>\n<p><strong>Mi ha colpito molto il duetto con Levante che \u00e8 davvero delizioso in &#8220;Fermo accanto a te&#8221;, mai per\u00f2 avrei immaginato di trovarla in un disco di Alessandro Fiori, com&#8217;\u00e8 nata la vostra collaborazione?<\/strong><\/p>\n<p>Di tutti gli artisti che ci sono nel disco l&#8217;unica che non avevo avuto ancora il piacere di conoscere \u00e8 proprio Claudia. Inizialmente quando ho scritto il pezzo, <strong>dentro di me mi sono sempre immaginato la voce della Bert\u00e8<\/strong> perch\u00e8 ha un timbro che non d\u00e0 proprio speranza alle avance della parte maschile nel dialogo. Poi questa cosa non \u00e8 stata possibile, e allora il mio manager ha proposto di chiedere a <strong>Levante che ha amato il pezzo e l&#8217;ha cantato con piacere e soprattutto con un certo divertimento<\/strong>. Direi che l&#8217;esperimento \u00e8 proprio riuscito.<\/p>\n<p><strong>Se tu dovessi definire questo disco con un aggettivo come lo definiresti?<\/strong><\/p>\n<p>E&#8217; una domanda molto difficile, diciamo onirico, dato che <strong>inizia con l&#8217;uscita da un incubo<\/strong> e finisce con l&#8217;idea che <em>&#8220;<strong>la vita non \u00e8 altro che un sogno dimenticato da un altro sogno che s&#8217;\u00e8\u00a0<\/strong><b>svegliato di soprassalto perch\u00e8 ha sognato troppo silenzio e si \u00e8 spaventato&#8221;<\/b>,<\/em> prendendo come riferimento <strong>Calder\u00f2n de la Barca. <\/strong>Direi che\u00a0uno che gli aggettivi che potrebbero descriverlo \u00e8 proprio\u00a0<strong>onirico.<\/strong><\/p>\n<p><strong>Tu pensi a chi ascolter\u00e0 la tua musica mentre componi?<\/strong><\/p>\n<p>Assolutamente s\u00ec, penso tanto a questa cosa. Quando sono al pianoforte a comporre penso gi\u00e0 a una stanza piena di gente che mi ascolta.<strong> Guardo i fantasmi che ho intorno, gli guardo gli occhi. Se vedo che sono occhi innamorati sento che la canzone sta andando nella giusta\u00a0direzione.<\/strong>\u00a0Non so in realt\u00e0 cos&#8217;\u00e8 una canzone, io lavoro su pi\u00f9 quello che \u00e8 una comunicazione d&#8217;amore tra me e chi mi ascolta. In realt\u00e0 non so mai com&#8217;\u00e8 una canzone finch\u00e8 questi fantasmi non si sono trasformati in persone vere e la ascoltano.<\/p>\n<p><strong>In un&#8217;intervista hai detto &#8220;Ho scritto questo disco per amare ed essere amato&#8221;, \u00e8 riuscito questo tentativo? Penso di s\u00ec&#8230;<\/strong><\/p>\n<p>Assolutamente s\u00ec, io sono molto fortunato, <strong>ho avuto la fortuna di amare ed essere amato e soprattutto di avere con me una compagna meravigliosa come la Silvia<\/strong> che mi da veramente la libert\u00e0 e l&#8217;energia per continuare a perseguire nel mio percorso d&#8217;arte.<\/p>\n<figure id=\"post-225901 media-225901\" class=\"align-none\"><img decoding=\"async\" src=\"https:\/\/www.intoscana.it\/wp-content\/uploads\/AlessandroFiori_CoverDisco-scaled.jpg\" alt=\"\" \/><\/figure>\n<div class=\"titleimg\">Alessandro Fiori<\/div>\n","protected":false},"excerpt":{"rendered":"<p>Dopo sei anni di silenzio il cantautore toscano ha pubblicato il suo nuovo album uscito per l&#8217;etichetta 42 Records<\/p>\n","protected":false},"author":518,"featured_media":225903,"comment_status":"open","ping_status":"open","sticky":false,"template":"","format":"standard","meta":{"_acf_changed":false,"footnotes":""},"categories":[14],"tags":[3138],"class_list":["post-225900","post","type-post","status-publish","format-standard","has-post-thumbnail","hentry","category-musica","tag-interviste-agli-artisti"],"acf":[],"yoast_head":"<!-- This site is optimized with the Yoast SEO Premium plugin v24.2 (Yoast SEO v25.6) - https:\/\/yoast.com\/wordpress\/plugins\/seo\/ -->\n<title>&quot;Mi sono perso nel bosco&quot; il viaggio nel sogno di Alessandro Fiori - intoscana<\/title>\n<meta name=\"description\" content=\"Dopo sei anni di silenzio il cantautore toscano ha pubblicato il suo nuovo album uscito per l&#039;etichetta tra 42 Records\" \/>\n<meta name=\"robots\" content=\"index, follow, max-snippet:-1, max-image-preview:large, max-video-preview:-1\" \/>\n<link rel=\"canonical\" href=\"https:\/\/www.intoscana.it\/it\/mi-sono-perso-nel-bosco-il-viaggio-nel-sogno-di-alessandro-fiori\/\" \/>\n<meta property=\"og:locale\" content=\"it_IT\" \/>\n<meta property=\"og:type\" content=\"article\" \/>\n<meta property=\"og:title\" content=\"&quot;Mi sono perso nel bosco&quot; il viaggio nel sogno di Alessandro Fiori\" \/>\n<meta property=\"og:description\" content=\"Dopo sei anni di silenzio il cantautore toscano ha pubblicato il suo nuovo album uscito per l&#039;etichetta tra 42 Records\" \/>\n<meta property=\"og:url\" content=\"https:\/\/www.intoscana.it\/it\/mi-sono-perso-nel-bosco-il-viaggio-nel-sogno-di-alessandro-fiori\/\" \/>\n<meta property=\"og:site_name\" content=\"intoscana\" \/>\n<meta property=\"article:publisher\" content=\"https:\/\/www.facebook.com\/intoscana.it\" \/>\n<meta property=\"article:published_time\" content=\"2022-04-28T14:08:38+00:00\" \/>\n<meta property=\"article:modified_time\" content=\"2022-04-28T15:03:55+00:00\" \/>\n<meta property=\"og:image\" content=\"https:\/\/www.intoscana.it\/wp-content\/uploads\/Alessandro-Fiori_foto-di-Stefano-Amerigo-Santoni-scaled.jpg\" \/>\n\t<meta property=\"og:image:width\" content=\"2048\" \/>\n\t<meta property=\"og:image:height\" content=\"1152\" \/>\n\t<meta property=\"og:image:type\" content=\"image\/jpeg\" \/>\n<meta name=\"author\" content=\"Costanza Baldini\" \/>\n<meta name=\"twitter:card\" content=\"summary_large_image\" \/>\n<meta name=\"twitter:creator\" content=\"@intoscana\" \/>\n<meta name=\"twitter:site\" content=\"@intoscana\" \/>\n<meta name=\"twitter:label1\" content=\"Written by\" \/>\n\t<meta name=\"twitter:data1\" content=\"Costanza Baldini\" \/>\n\t<meta name=\"twitter:label2\" content=\"Est. reading time\" \/>\n\t<meta name=\"twitter:data2\" content=\"6 minuti\" \/>\n<script type=\"application\/ld+json\" class=\"yoast-schema-graph\">{\"@context\":\"https:\/\/schema.org\",\"@graph\":[{\"@type\":\"WebPage\",\"@id\":\"https:\/\/www.intoscana.it\/it\/mi-sono-perso-nel-bosco-il-viaggio-nel-sogno-di-alessandro-fiori\/\",\"url\":\"https:\/\/www.intoscana.it\/it\/mi-sono-perso-nel-bosco-il-viaggio-nel-sogno-di-alessandro-fiori\/\",\"name\":\"\\\"Mi sono perso nel bosco\\\" il viaggio nel sogno di Alessandro Fiori - intoscana\",\"isPartOf\":{\"@id\":\"https:\/\/www.intoscana.it\/it\/#website\"},\"primaryImageOfPage\":{\"@id\":\"https:\/\/www.intoscana.it\/it\/mi-sono-perso-nel-bosco-il-viaggio-nel-sogno-di-alessandro-fiori\/#primaryimage\"},\"image\":{\"@id\":\"https:\/\/www.intoscana.it\/it\/mi-sono-perso-nel-bosco-il-viaggio-nel-sogno-di-alessandro-fiori\/#primaryimage\"},\"thumbnailUrl\":\"https:\/\/www.intoscana.it\/wp-content\/uploads\/Alessandro-Fiori_foto-di-Stefano-Amerigo-Santoni-scaled.jpg\",\"datePublished\":\"2022-04-28T14:08:38+00:00\",\"dateModified\":\"2022-04-28T15:03:55+00:00\",\"author\":{\"@id\":\"https:\/\/www.intoscana.it\/it\/#\/schema\/person\/d469f35f09739bdf00bf5dd3f0647a82\"},\"description\":\"Dopo sei anni di silenzio il cantautore toscano ha pubblicato il suo nuovo album uscito per l'etichetta tra 42 Records\",\"breadcrumb\":{\"@id\":\"https:\/\/www.intoscana.it\/it\/mi-sono-perso-nel-bosco-il-viaggio-nel-sogno-di-alessandro-fiori\/#breadcrumb\"},\"inLanguage\":\"it-IT\",\"potentialAction\":[{\"@type\":\"ReadAction\",\"target\":[\"https:\/\/www.intoscana.it\/it\/mi-sono-perso-nel-bosco-il-viaggio-nel-sogno-di-alessandro-fiori\/\"]}]},{\"@type\":\"ImageObject\",\"inLanguage\":\"it-IT\",\"@id\":\"https:\/\/www.intoscana.it\/it\/mi-sono-perso-nel-bosco-il-viaggio-nel-sogno-di-alessandro-fiori\/#primaryimage\",\"url\":\"https:\/\/www.intoscana.it\/wp-content\/uploads\/Alessandro-Fiori_foto-di-Stefano-Amerigo-Santoni-scaled.jpg\",\"contentUrl\":\"https:\/\/www.intoscana.it\/wp-content\/uploads\/Alessandro-Fiori_foto-di-Stefano-Amerigo-Santoni-scaled.jpg\",\"width\":2048,\"height\":1152},{\"@type\":\"BreadcrumbList\",\"@id\":\"https:\/\/www.intoscana.it\/it\/mi-sono-perso-nel-bosco-il-viaggio-nel-sogno-di-alessandro-fiori\/#breadcrumb\",\"itemListElement\":[{\"@type\":\"ListItem\",\"position\":1,\"name\":\"Home\",\"item\":\"https:\/\/www.intoscana.it\/it\/\"},{\"@type\":\"ListItem\",\"position\":2,\"name\":\"&#8220;Mi sono perso nel bosco&#8221; il viaggio nel sogno di Alessandro Fiori\"}]},{\"@type\":\"WebSite\",\"@id\":\"https:\/\/www.intoscana.it\/it\/#website\",\"url\":\"https:\/\/www.intoscana.it\/it\/\",\"name\":\"intoscana\",\"description\":\"\",\"potentialAction\":[{\"@type\":\"SearchAction\",\"target\":{\"@type\":\"EntryPoint\",\"urlTemplate\":\"https:\/\/www.intoscana.it\/it\/?s={search_term_string}\"},\"query-input\":{\"@type\":\"PropertyValueSpecification\",\"valueRequired\":true,\"valueName\":\"search_term_string\"}}],\"inLanguage\":\"it-IT\"},{\"@type\":\"Person\",\"@id\":\"https:\/\/www.intoscana.it\/it\/#\/schema\/person\/d469f35f09739bdf00bf5dd3f0647a82\",\"name\":\"Costanza Baldini\",\"url\":\"https:\/\/www.intoscana.it\/it\/author\/costanza-baldini\/\"}]}<\/script>\n<!-- \/ Yoast SEO Premium plugin. -->","yoast_head_json":{"title":"\"Mi sono perso nel bosco\" il viaggio nel sogno di Alessandro Fiori - intoscana","description":"Dopo sei anni di silenzio il cantautore toscano ha pubblicato il suo nuovo album uscito per l'etichetta tra 42 Records","robots":{"index":"index","follow":"follow","max-snippet":"max-snippet:-1","max-image-preview":"max-image-preview:large","max-video-preview":"max-video-preview:-1"},"canonical":"https:\/\/www.intoscana.it\/it\/mi-sono-perso-nel-bosco-il-viaggio-nel-sogno-di-alessandro-fiori\/","og_locale":"it_IT","og_type":"article","og_title":"\"Mi sono perso nel bosco\" il viaggio nel sogno di Alessandro Fiori","og_description":"Dopo sei anni di silenzio il cantautore toscano ha pubblicato il suo nuovo album uscito per l'etichetta tra 42 Records","og_url":"https:\/\/www.intoscana.it\/it\/mi-sono-perso-nel-bosco-il-viaggio-nel-sogno-di-alessandro-fiori\/","og_site_name":"intoscana","article_publisher":"https:\/\/www.facebook.com\/intoscana.it","article_published_time":"2022-04-28T14:08:38+00:00","article_modified_time":"2022-04-28T15:03:55+00:00","og_image":[{"width":2048,"height":1152,"url":"https:\/\/www.intoscana.it\/wp-content\/uploads\/Alessandro-Fiori_foto-di-Stefano-Amerigo-Santoni-scaled.jpg","type":"image\/jpeg"}],"author":"Costanza Baldini","twitter_card":"summary_large_image","twitter_creator":"@intoscana","twitter_site":"@intoscana","twitter_misc":{"Written by":"Costanza Baldini","Est. reading time":"6 minuti"},"schema":{"@context":"https:\/\/schema.org","@graph":[{"@type":"WebPage","@id":"https:\/\/www.intoscana.it\/it\/mi-sono-perso-nel-bosco-il-viaggio-nel-sogno-di-alessandro-fiori\/","url":"https:\/\/www.intoscana.it\/it\/mi-sono-perso-nel-bosco-il-viaggio-nel-sogno-di-alessandro-fiori\/","name":"\"Mi sono perso nel bosco\" il viaggio nel sogno di Alessandro Fiori - intoscana","isPartOf":{"@id":"https:\/\/www.intoscana.it\/it\/#website"},"primaryImageOfPage":{"@id":"https:\/\/www.intoscana.it\/it\/mi-sono-perso-nel-bosco-il-viaggio-nel-sogno-di-alessandro-fiori\/#primaryimage"},"image":{"@id":"https:\/\/www.intoscana.it\/it\/mi-sono-perso-nel-bosco-il-viaggio-nel-sogno-di-alessandro-fiori\/#primaryimage"},"thumbnailUrl":"https:\/\/www.intoscana.it\/wp-content\/uploads\/Alessandro-Fiori_foto-di-Stefano-Amerigo-Santoni-scaled.jpg","datePublished":"2022-04-28T14:08:38+00:00","dateModified":"2022-04-28T15:03:55+00:00","author":{"@id":"https:\/\/www.intoscana.it\/it\/#\/schema\/person\/d469f35f09739bdf00bf5dd3f0647a82"},"description":"Dopo sei anni di silenzio il cantautore toscano ha pubblicato il suo nuovo album uscito per l'etichetta tra 42 Records","breadcrumb":{"@id":"https:\/\/www.intoscana.it\/it\/mi-sono-perso-nel-bosco-il-viaggio-nel-sogno-di-alessandro-fiori\/#breadcrumb"},"inLanguage":"it-IT","potentialAction":[{"@type":"ReadAction","target":["https:\/\/www.intoscana.it\/it\/mi-sono-perso-nel-bosco-il-viaggio-nel-sogno-di-alessandro-fiori\/"]}]},{"@type":"ImageObject","inLanguage":"it-IT","@id":"https:\/\/www.intoscana.it\/it\/mi-sono-perso-nel-bosco-il-viaggio-nel-sogno-di-alessandro-fiori\/#primaryimage","url":"https:\/\/www.intoscana.it\/wp-content\/uploads\/Alessandro-Fiori_foto-di-Stefano-Amerigo-Santoni-scaled.jpg","contentUrl":"https:\/\/www.intoscana.it\/wp-content\/uploads\/Alessandro-Fiori_foto-di-Stefano-Amerigo-Santoni-scaled.jpg","width":2048,"height":1152},{"@type":"BreadcrumbList","@id":"https:\/\/www.intoscana.it\/it\/mi-sono-perso-nel-bosco-il-viaggio-nel-sogno-di-alessandro-fiori\/#breadcrumb","itemListElement":[{"@type":"ListItem","position":1,"name":"Home","item":"https:\/\/www.intoscana.it\/it\/"},{"@type":"ListItem","position":2,"name":"&#8220;Mi sono perso nel bosco&#8221; il viaggio nel sogno di Alessandro Fiori"}]},{"@type":"WebSite","@id":"https:\/\/www.intoscana.it\/it\/#website","url":"https:\/\/www.intoscana.it\/it\/","name":"intoscana","description":"","potentialAction":[{"@type":"SearchAction","target":{"@type":"EntryPoint","urlTemplate":"https:\/\/www.intoscana.it\/it\/?s={search_term_string}"},"query-input":{"@type":"PropertyValueSpecification","valueRequired":true,"valueName":"search_term_string"}}],"inLanguage":"it-IT"},{"@type":"Person","@id":"https:\/\/www.intoscana.it\/it\/#\/schema\/person\/d469f35f09739bdf00bf5dd3f0647a82","name":"Costanza Baldini","url":"https:\/\/www.intoscana.it\/it\/author\/costanza-baldini\/"}]}},"_links":{"self":[{"href":"https:\/\/www.intoscana.it\/it\/wp-json\/wp\/v2\/posts\/225900","targetHints":{"allow":["GET"]}}],"collection":[{"href":"https:\/\/www.intoscana.it\/it\/wp-json\/wp\/v2\/posts"}],"about":[{"href":"https:\/\/www.intoscana.it\/it\/wp-json\/wp\/v2\/types\/post"}],"author":[{"embeddable":true,"href":"https:\/\/www.intoscana.it\/it\/wp-json\/wp\/v2\/users\/518"}],"replies":[{"embeddable":true,"href":"https:\/\/www.intoscana.it\/it\/wp-json\/wp\/v2\/comments?post=225900"}],"version-history":[{"count":0,"href":"https:\/\/www.intoscana.it\/it\/wp-json\/wp\/v2\/posts\/225900\/revisions"}],"wp:featuredmedia":[{"embeddable":true,"href":"https:\/\/www.intoscana.it\/it\/wp-json\/wp\/v2\/media\/225903"}],"wp:attachment":[{"href":"https:\/\/www.intoscana.it\/it\/wp-json\/wp\/v2\/media?parent=225900"}],"wp:term":[{"taxonomy":"category","embeddable":true,"href":"https:\/\/www.intoscana.it\/it\/wp-json\/wp\/v2\/categories?post=225900"},{"taxonomy":"post_tag","embeddable":true,"href":"https:\/\/www.intoscana.it\/it\/wp-json\/wp\/v2\/tags?post=225900"}],"curies":[{"name":"wp","href":"https:\/\/api.w.org\/{rel}","templated":true}]}}