{"id":225938,"date":"2022-04-28T13:28:09","date_gmt":"2022-04-28T11:28:09","guid":{"rendered":"https:\/\/www.intoscana.it\/it\/?p=225938"},"modified":"2022-04-29T12:02:58","modified_gmt":"2022-04-29T10:02:58","slug":"covid-19-bollettino-toscana","status":"publish","type":"post","link":"https:\/\/www.intoscana.it\/it\/covid-19-bollettino-toscana\/","title":{"rendered":"Covid-19, sono 3.763 i nuovi casi, et\u00e0 media 44 anni. Nove i decessi"},"content":{"rendered":"<p>Covid-19, in Toscana sono 1.090.991 i casi di positivit\u00e0. Si tratta di 3.763 in pi\u00f9 rispetto a ieri (952 confermati con tampone molecolare e 2.811 da test rapido antigenico). L&#8217;et\u00e0 media \u00e8 di 44 anni. I nuovi casi sono lo 0,3%. <strong>I guariti<\/strong> crescono dello 0,4% e raggiungono<strong> quota 1.031.863<\/strong> (94,6% dei casi totali).<\/p>\n<p>Oggi sono stati eseguiti <strong>3.839 tamponi molecolari e 20.685 tamponi antigenici rapidi<\/strong>, di questi il 15,3% \u00e8 risultato positivo. Sono invece 5.046 i soggetti testati oggi (con tampone antigenico e\/o molecolare, escludendo i tamponi di controllo), di cui il 74,6% \u00e8 risultato positivo. <strong>Gli attualmente positivi sono oggi 49.294<\/strong>, -1,6% rispetto a ieri.<\/p>\n<p>Sono <strong>304.333 i casi complessivi ad oggi a Firenze<\/strong> (1.030 in pi\u00f9 rispetto a ieri), 75.339 a Prato (232 in pi\u00f9), 87.801 a Pistoia (281 in pi\u00f9), 53.416 a Massa (189 in pi\u00f9), 114.611 a Lucca (356 in pi\u00f9), 124.806 a Pisa (496 in pi\u00f9), 96.336 a Livorno (350 in pi\u00f9), 100.029 ad Arezzo (279 in pi\u00f9), 75.962 a Siena (309 in pi\u00f9), 57.803 a Grosseto (241 in pi\u00f9). Sono 555 i casi positivi notificati in Toscana, ma residenti in altre regioni.<\/p>\n<p><strong>Le persone ricoverate<\/strong> nei posti letto dedicati ai pazienti COVID oggi <strong>sono 669<\/strong> (4 in meno rispetto a ieri, meno 0,6%), 23 in terapia intensiva (stabili rispetto a ieri).<\/p>\n<p>Oggi si registrano <strong>9 nuovi decessi<\/strong>: 4 uomini e 5 donne con un&#8217;et\u00e0 media di 85,7 anni. Relativamente alla provincia di residenza, le 9 persone decedute sono: 1 a Firenze, 2 a Pistoia, 2 a Lucca, 3 a Pisa, 1 a Livorno.<\/p>\n<p>Sono <strong>9.834 i deceduti dall&#8217;inizio dell&#8217;epidemia<\/strong> cosi ripartiti: 3.101 a Firenze, 820 a Prato, 885 a Pistoia, 642 a Massa Carrara, 918 a Lucca, 1.063 a Pisa, 719 a Livorno, 648 ad Arezzo, 525 a Siena, 379 a Grosseto, 134 persone sono decedute sul suolo toscano ma erano residenti fuori regione.<\/p>\n","protected":false},"excerpt":{"rendered":"<p>Le persone ricoverate sono 669 (4 in meno rispetto a ieri, &#8211; 0,6%), 23 in terapia intensiva (stabili rispetto a ieri)<\/p>\n","protected":false},"author":525,"featured_media":194289,"comment_status":"open","ping_status":"open","sticky":false,"template":"","format":"standard","meta":{"_acf_changed":false,"footnotes":""},"categories":[494],"tags":[418],"class_list":["post-225938","post","type-post","status-publish","format-standard","has-post-thumbnail","hentry","category-attualita","tag-covid-19"],"acf":[],"yoast_head":"<!-- This site is optimized with the Yoast SEO Premium plugin v24.2 (Yoast SEO v25.6) - https:\/\/yoast.com\/wordpress\/plugins\/seo\/ -->\n<title>Covid-19, 3.763 i nuovi casi, et\u00e0 media 44 anni. Nove i decessi - intoscana<\/title>\n<meta name=\"description\" content=\"Le persone ricoverate sono 669 (4 in meno rispetto a ieri, - 0,6%), 23 in terapia intensiva (stabili rispetto a ieri)\" \/>\n<meta name=\"robots\" content=\"index, follow, max-snippet:-1, max-image-preview:large, max-video-preview:-1\" \/>\n<link rel=\"canonical\" href=\"https:\/\/www.intoscana.it\/it\/covid-19-bollettino-toscana\/\" \/>\n<meta property=\"og:locale\" content=\"it_IT\" \/>\n<meta property=\"og:type\" content=\"article\" \/>\n<meta property=\"og:title\" content=\"Covid-19, sono 3.763 i nuovi casi, et\u00e0 media 44 anni. Nove i decessi\" \/>\n<meta property=\"og:description\" content=\"Le persone ricoverate sono 669 (4 in meno rispetto a ieri, - 0,6%), 23 in terapia intensiva (stabili rispetto a ieri)\" \/>\n<meta property=\"og:url\" content=\"https:\/\/www.intoscana.it\/it\/covid-19-bollettino-toscana\/\" \/>\n<meta property=\"og:site_name\" content=\"intoscana\" \/>\n<meta property=\"article:publisher\" content=\"https:\/\/www.facebook.com\/intoscana.it\" \/>\n<meta property=\"article:published_time\" content=\"2022-04-28T11:28:09+00:00\" \/>\n<meta property=\"article:modified_time\" content=\"2022-04-29T10:02:58+00:00\" \/>\n<meta property=\"og:image\" content=\"https:\/\/www.intoscana.it\/wp-content\/uploads\/creaf_prato_vaccini_3-scaled.jpg\" \/>\n\t<meta property=\"og:image:width\" content=\"2048\" \/>\n\t<meta property=\"og:image:height\" content=\"1363\" \/>\n\t<meta property=\"og:image:type\" content=\"image\/jpeg\" \/>\n<meta name=\"author\" content=\"Redazione\" \/>\n<meta name=\"twitter:card\" content=\"summary_large_image\" \/>\n<meta name=\"twitter:creator\" content=\"@intoscana\" \/>\n<meta name=\"twitter:site\" content=\"@intoscana\" \/>\n<meta name=\"twitter:label1\" content=\"Written by\" \/>\n\t<meta name=\"twitter:data1\" content=\"Redazione\" \/>\n\t<meta name=\"twitter:label2\" content=\"Est. reading time\" \/>\n\t<meta name=\"twitter:data2\" content=\"1 minuto\" \/>\n<script type=\"application\/ld+json\" class=\"yoast-schema-graph\">{\"@context\":\"https:\/\/schema.org\",\"@graph\":[{\"@type\":\"WebPage\",\"@id\":\"https:\/\/www.intoscana.it\/it\/covid-19-bollettino-toscana\/\",\"url\":\"https:\/\/www.intoscana.it\/it\/covid-19-bollettino-toscana\/\",\"name\":\"Covid-19, 3.763 i nuovi casi, et\u00e0 media 44 anni. Nove i decessi - intoscana\",\"isPartOf\":{\"@id\":\"https:\/\/www.intoscana.it\/it\/#website\"},\"primaryImageOfPage\":{\"@id\":\"https:\/\/www.intoscana.it\/it\/covid-19-bollettino-toscana\/#primaryimage\"},\"image\":{\"@id\":\"https:\/\/www.intoscana.it\/it\/covid-19-bollettino-toscana\/#primaryimage\"},\"thumbnailUrl\":\"https:\/\/www.intoscana.it\/wp-content\/uploads\/creaf_prato_vaccini_3-scaled.jpg\",\"datePublished\":\"2022-04-28T11:28:09+00:00\",\"dateModified\":\"2022-04-29T10:02:58+00:00\",\"author\":{\"@id\":\"https:\/\/www.intoscana.it\/it\/#\/schema\/person\/9223810753230f20bd670fdd322661f8\"},\"description\":\"Le persone ricoverate sono 669 (4 in meno rispetto a ieri, - 0,6%), 23 in terapia intensiva (stabili rispetto a ieri)\",\"breadcrumb\":{\"@id\":\"https:\/\/www.intoscana.it\/it\/covid-19-bollettino-toscana\/#breadcrumb\"},\"inLanguage\":\"it-IT\",\"potentialAction\":[{\"@type\":\"ReadAction\",\"target\":[\"https:\/\/www.intoscana.it\/it\/covid-19-bollettino-toscana\/\"]}]},{\"@type\":\"ImageObject\",\"inLanguage\":\"it-IT\",\"@id\":\"https:\/\/www.intoscana.it\/it\/covid-19-bollettino-toscana\/#primaryimage\",\"url\":\"https:\/\/www.intoscana.it\/wp-content\/uploads\/creaf_prato_vaccini_3-scaled.jpg\",\"contentUrl\":\"https:\/\/www.intoscana.it\/wp-content\/uploads\/creaf_prato_vaccini_3-scaled.jpg\",\"width\":2048,\"height\":1363,\"caption\":\"Infermieri e personale sanitario in reperto Covid (Centro Pegaso di Prato)\"},{\"@type\":\"BreadcrumbList\",\"@id\":\"https:\/\/www.intoscana.it\/it\/covid-19-bollettino-toscana\/#breadcrumb\",\"itemListElement\":[{\"@type\":\"ListItem\",\"position\":1,\"name\":\"Home\",\"item\":\"https:\/\/www.intoscana.it\/it\/\"},{\"@type\":\"ListItem\",\"position\":2,\"name\":\"Covid-19, sono 3.763 i nuovi casi, et\u00e0 media 44 anni. Nove i decessi\"}]},{\"@type\":\"WebSite\",\"@id\":\"https:\/\/www.intoscana.it\/it\/#website\",\"url\":\"https:\/\/www.intoscana.it\/it\/\",\"name\":\"intoscana\",\"description\":\"\",\"potentialAction\":[{\"@type\":\"SearchAction\",\"target\":{\"@type\":\"EntryPoint\",\"urlTemplate\":\"https:\/\/www.intoscana.it\/it\/?s={search_term_string}\"},\"query-input\":{\"@type\":\"PropertyValueSpecification\",\"valueRequired\":true,\"valueName\":\"search_term_string\"}}],\"inLanguage\":\"it-IT\"},{\"@type\":\"Person\",\"@id\":\"https:\/\/www.intoscana.it\/it\/#\/schema\/person\/9223810753230f20bd670fdd322661f8\",\"name\":\"Redazione\",\"url\":\"https:\/\/www.intoscana.it\/it\/author\/redazione\/\"}]}<\/script>\n<!-- \/ Yoast SEO Premium plugin. -->","yoast_head_json":{"title":"Covid-19, 3.763 i nuovi casi, et\u00e0 media 44 anni. Nove i decessi - intoscana","description":"Le persone ricoverate sono 669 (4 in meno rispetto a ieri, - 0,6%), 23 in terapia intensiva (stabili rispetto a ieri)","robots":{"index":"index","follow":"follow","max-snippet":"max-snippet:-1","max-image-preview":"max-image-preview:large","max-video-preview":"max-video-preview:-1"},"canonical":"https:\/\/www.intoscana.it\/it\/covid-19-bollettino-toscana\/","og_locale":"it_IT","og_type":"article","og_title":"Covid-19, sono 3.763 i nuovi casi, et\u00e0 media 44 anni. Nove i decessi","og_description":"Le persone ricoverate sono 669 (4 in meno rispetto a ieri, - 0,6%), 23 in terapia intensiva (stabili rispetto a ieri)","og_url":"https:\/\/www.intoscana.it\/it\/covid-19-bollettino-toscana\/","og_site_name":"intoscana","article_publisher":"https:\/\/www.facebook.com\/intoscana.it","article_published_time":"2022-04-28T11:28:09+00:00","article_modified_time":"2022-04-29T10:02:58+00:00","og_image":[{"width":2048,"height":1363,"url":"https:\/\/www.intoscana.it\/wp-content\/uploads\/creaf_prato_vaccini_3-scaled.jpg","type":"image\/jpeg"}],"author":"Redazione","twitter_card":"summary_large_image","twitter_creator":"@intoscana","twitter_site":"@intoscana","twitter_misc":{"Written by":"Redazione","Est. reading time":"1 minuto"},"schema":{"@context":"https:\/\/schema.org","@graph":[{"@type":"WebPage","@id":"https:\/\/www.intoscana.it\/it\/covid-19-bollettino-toscana\/","url":"https:\/\/www.intoscana.it\/it\/covid-19-bollettino-toscana\/","name":"Covid-19, 3.763 i nuovi casi, et\u00e0 media 44 anni. Nove i decessi - intoscana","isPartOf":{"@id":"https:\/\/www.intoscana.it\/it\/#website"},"primaryImageOfPage":{"@id":"https:\/\/www.intoscana.it\/it\/covid-19-bollettino-toscana\/#primaryimage"},"image":{"@id":"https:\/\/www.intoscana.it\/it\/covid-19-bollettino-toscana\/#primaryimage"},"thumbnailUrl":"https:\/\/www.intoscana.it\/wp-content\/uploads\/creaf_prato_vaccini_3-scaled.jpg","datePublished":"2022-04-28T11:28:09+00:00","dateModified":"2022-04-29T10:02:58+00:00","author":{"@id":"https:\/\/www.intoscana.it\/it\/#\/schema\/person\/9223810753230f20bd670fdd322661f8"},"description":"Le persone ricoverate sono 669 (4 in meno rispetto a ieri, - 0,6%), 23 in terapia intensiva (stabili rispetto a ieri)","breadcrumb":{"@id":"https:\/\/www.intoscana.it\/it\/covid-19-bollettino-toscana\/#breadcrumb"},"inLanguage":"it-IT","potentialAction":[{"@type":"ReadAction","target":["https:\/\/www.intoscana.it\/it\/covid-19-bollettino-toscana\/"]}]},{"@type":"ImageObject","inLanguage":"it-IT","@id":"https:\/\/www.intoscana.it\/it\/covid-19-bollettino-toscana\/#primaryimage","url":"https:\/\/www.intoscana.it\/wp-content\/uploads\/creaf_prato_vaccini_3-scaled.jpg","contentUrl":"https:\/\/www.intoscana.it\/wp-content\/uploads\/creaf_prato_vaccini_3-scaled.jpg","width":2048,"height":1363,"caption":"Infermieri e personale sanitario in reperto Covid (Centro Pegaso di Prato)"},{"@type":"BreadcrumbList","@id":"https:\/\/www.intoscana.it\/it\/covid-19-bollettino-toscana\/#breadcrumb","itemListElement":[{"@type":"ListItem","position":1,"name":"Home","item":"https:\/\/www.intoscana.it\/it\/"},{"@type":"ListItem","position":2,"name":"Covid-19, sono 3.763 i nuovi casi, et\u00e0 media 44 anni. Nove i decessi"}]},{"@type":"WebSite","@id":"https:\/\/www.intoscana.it\/it\/#website","url":"https:\/\/www.intoscana.it\/it\/","name":"intoscana","description":"","potentialAction":[{"@type":"SearchAction","target":{"@type":"EntryPoint","urlTemplate":"https:\/\/www.intoscana.it\/it\/?s={search_term_string}"},"query-input":{"@type":"PropertyValueSpecification","valueRequired":true,"valueName":"search_term_string"}}],"inLanguage":"it-IT"},{"@type":"Person","@id":"https:\/\/www.intoscana.it\/it\/#\/schema\/person\/9223810753230f20bd670fdd322661f8","name":"Redazione","url":"https:\/\/www.intoscana.it\/it\/author\/redazione\/"}]}},"_links":{"self":[{"href":"https:\/\/www.intoscana.it\/it\/wp-json\/wp\/v2\/posts\/225938","targetHints":{"allow":["GET"]}}],"collection":[{"href":"https:\/\/www.intoscana.it\/it\/wp-json\/wp\/v2\/posts"}],"about":[{"href":"https:\/\/www.intoscana.it\/it\/wp-json\/wp\/v2\/types\/post"}],"author":[{"embeddable":true,"href":"https:\/\/www.intoscana.it\/it\/wp-json\/wp\/v2\/users\/525"}],"replies":[{"embeddable":true,"href":"https:\/\/www.intoscana.it\/it\/wp-json\/wp\/v2\/comments?post=225938"}],"version-history":[{"count":0,"href":"https:\/\/www.intoscana.it\/it\/wp-json\/wp\/v2\/posts\/225938\/revisions"}],"wp:featuredmedia":[{"embeddable":true,"href":"https:\/\/www.intoscana.it\/it\/wp-json\/wp\/v2\/media\/194289"}],"wp:attachment":[{"href":"https:\/\/www.intoscana.it\/it\/wp-json\/wp\/v2\/media?parent=225938"}],"wp:term":[{"taxonomy":"category","embeddable":true,"href":"https:\/\/www.intoscana.it\/it\/wp-json\/wp\/v2\/categories?post=225938"},{"taxonomy":"post_tag","embeddable":true,"href":"https:\/\/www.intoscana.it\/it\/wp-json\/wp\/v2\/tags?post=225938"}],"curies":[{"name":"wp","href":"https:\/\/api.w.org\/{rel}","templated":true}]}}