{"id":226148,"date":"2022-04-29T12:02:41","date_gmt":"2022-04-29T10:02:41","guid":{"rendered":"https:\/\/www.intoscana.it\/it\/?p=226148"},"modified":"2022-04-29T12:02:41","modified_gmt":"2022-04-29T10:02:41","slug":"covid-19-in-toscana-3-639-nuovi-casi-eta-media-46-anni-i-decessi-sono-8","status":"publish","type":"post","link":"https:\/\/www.intoscana.it\/it\/covid-19-in-toscana-3-639-nuovi-casi-eta-media-46-anni-i-decessi-sono-8\/","title":{"rendered":"Covid-19: in Toscana 3.639 nuovi casi, et\u00e0 media 46 anni, i decessi sono 8"},"content":{"rendered":"<p>In Toscana sono 1.094.630 i casi di positivit\u00e0 al Coronavirus, <strong>3.639 in pi\u00f9 rispetto a ieri<\/strong> (1.124 confermati con tampone molecolare e 2.515 da test rapido antigenico). I nuovi casi sono lo 0,3% in pi\u00f9 rispetto al totale del giorno precedente.\u00a0I guariti crescono dello 0,1% e raggiungono quota 1.033.174 (94,4% dei casi totali).<\/p>\n<p>Oggi sono stati eseguiti<strong> 3.804 tamponi molecolari e 18.806 tamponi antigenici rapidi,<\/strong> di questi il 16,1% \u00e8 risultato positivo. Sono invece 4.837 i soggetti testati oggi (con tampone antigenico e\/o molecolare, escludendo i tamponi di controllo), di cui il 75,2% \u00e8 risultato positivo.<\/p>\n<p>Gli attualmente positivi sono oggi 51.614, +4,7% rispetto a ieri.<strong> I ricoverati sono 655<\/strong> (14 in meno rispetto a ieri), di cui 21 in terapia intensiva (2 in meno). Oggi si registrano<strong> 8 nuovi decessi: 7 uomini e una donna con un&#8217;et\u00e0 media di 78,3 anni.<\/strong><\/p>\n<p>L&#8217;et\u00e0 media dei 3.639 nuovi positivi odierni \u00e8 di 46 anni circa (16% ha meno di 20 anni, 20% tra 20 e 39 anni, 31% tra 40 e 59 anni, 23% tra 60 e 79 anni, 10% ha 80 anni o pi\u00f9).<\/p>\n<h3>I casi di positivit\u00e0 sul territorio<\/h3>\n<p>Di seguito i casi di positivit\u00e0 sul territorio con la variazione rispetto a ieri (1.124 confermati con tampone molecolare e 2.515 da test rapido antigenico). Sono 305.340 i casi complessivi ad oggi a Firenze (1.007 in pi\u00f9 rispetto a ieri), 75.541 a Prato (202 in pi\u00f9), 88.068 a Pistoia (267 in pi\u00f9), 53.608 a Massa (192 in pi\u00f9), 114.957 a Lucca (346 in pi\u00f9), 125.255 a Pisa (449 in pi\u00f9), 96.705 a Livorno (369 in pi\u00f9), 100.332 ad Arezzo (303 in pi\u00f9), 76.269 a Siena (307 in pi\u00f9), 58.000 a Grosseto (197 in pi\u00f9). Sono 555 i casi positivi notificati in Toscana, ma residenti in altre regioni.<\/p>\n<p><strong>Sono 1.518 i casi riscontrati oggi nell&#8217;Asl Centro,<\/strong> 1.314 nella Nord Ovest, 807 nella Sud est.<\/p>\n<p><strong>La Toscana si trova al 7\u00b0 posto in Italia come numerosit\u00e0 di casi<\/strong> (comprensivi di residenti e non residenti), con circa 29.642 casi per 100.000 abitanti (media italiana circa 27.601 x100.000, dato di ieri). Le province di notifica con il tasso pi\u00f9 alto sono Firenze con 30.582 casi x100.000 abitanti, Pistoia con 30.343, Pisa con 29.967, la pi\u00f9 bassa Grosseto con 26.624.<\/p>\n<p>Complessivamente, <strong>50.959 persone sono in isolamento a casa<\/strong>, poich\u00e9 presentano sintomi lievi che non richiedono cure ospedaliere, o risultano prive di sintomi (2.334 in pi\u00f9 rispetto a ieri, pi\u00f9 4,8%).<\/p>\n<p><strong>Le persone ricoverate<\/strong> nei posti letto dedicati ai pazienti COVID <strong>oggi sono complessivamente 655<\/strong> (14 in meno rispetto a ieri, meno 2,1%), 21 in terapia intensiva (2 in meno rispetto a ieri, meno 8,7%).<\/p>\n<p><strong>Le persone complessivamente guarite sono 1.033.174<\/strong> (1.311 in pi\u00f9 rispetto a ieri, pi\u00f9 0,1%): 0 persone clinicamente guarite (stabili rispetto a ieri), divenute cio\u00e8 asintomatiche dopo aver presentato manifestazioni cliniche associate all&#8217;infezione e 1.033.174 (1.311 in pi\u00f9 rispetto a ieri, pi\u00f9 0,1%) dichiarate guarite a tutti gli effetti, le cosiddette guarigioni virali, con tampone negativo.<\/p>\n<h3>I decessi<\/h3>\n<p>Oggi si registrano <strong>8 nuovi decessi: 7 uomini e una donna con un&#8217;et\u00e0 media di 78,3 anni.<\/strong><\/p>\n<p>Relativamente alla provincia di residenza, le persone decedute sono: 1 a Prato, 2 a Pistoia, 2 a Massa Carrara, 1 a Pisa, 1 a Arezzo, 1 a Siena.<\/p>\n<p><strong>Sono 9.842 i deceduti dall&#8217;inizio dell&#8217;epidemia<\/strong> cosi ripartiti: 3.101 a Firenze, 821 a Prato, 887 a Pistoia, 644 a Massa Carrara, 918 a Lucca, 1.064 a Pisa, 719 a Livorno, 649 ad Arezzo, 526 a Siena, 379 a Grosseto, 134 persone sono decedute sul suolo toscano ma erano residenti fuori regione.<\/p>\n<p>Il tasso grezzo di mortalit\u00e0 toscano (numero di deceduti\/popolazione residente) per Covid-19 \u00e8 di 266,5 x100.000 residenti contro il 275,6 x100.000 della media italiana (10\u00b0 regione). Per quanto riguarda le province, il tasso di mortalit\u00e0 pi\u00f9 alto si riscontra a Massa Carrara (339,2 x100.000), Firenze (310,6 x100.000) e Prato (309,5 x100.000), il pi\u00f9 basso a Grosseto (174,0 x100.000).<\/p>\n","protected":false},"excerpt":{"rendered":"<p>Questi i dati accertati sulla base delle richieste della Protezione Civile Nazionale relativi all&#8217;andamento dell&#8217;epidemia in regione<\/p>\n","protected":false},"author":525,"featured_media":194293,"comment_status":"open","ping_status":"open","sticky":false,"template":"","format":"standard","meta":{"_acf_changed":false,"footnotes":""},"categories":[494],"tags":[4868,418],"class_list":["post-226148","post","type-post","status-publish","format-standard","has-post-thumbnail","hentry","category-attualita","tag-bollettino-covid-toscana","tag-covid-19"],"acf":[],"yoast_head":"<!-- This site is optimized with the Yoast SEO Premium plugin v24.2 (Yoast SEO v25.6) - https:\/\/yoast.com\/wordpress\/plugins\/seo\/ -->\n<title>Covid-19: in Toscana 3.639 nuovi casi, et\u00e0 media 46 anni, i decessi sono 8 - intoscana<\/title>\n<meta name=\"description\" content=\"Questi i dati accertati sulla base delle richieste della Protezione Civile Nazionale relativi all&#039;andamento dell&#039;epidemia in regione\" \/>\n<meta name=\"robots\" content=\"index, follow, max-snippet:-1, max-image-preview:large, max-video-preview:-1\" \/>\n<link rel=\"canonical\" href=\"https:\/\/www.intoscana.it\/it\/covid-19-in-toscana-3-639-nuovi-casi-eta-media-46-anni-i-decessi-sono-8\/\" \/>\n<meta property=\"og:locale\" content=\"it_IT\" \/>\n<meta property=\"og:type\" content=\"article\" \/>\n<meta property=\"og:title\" content=\"Covid-19: in Toscana 3.639 nuovi casi, et\u00e0 media 46 anni, i decessi sono 8\" \/>\n<meta property=\"og:description\" content=\"Questi i dati accertati sulla base delle richieste della Protezione Civile Nazionale relativi all&#039;andamento dell&#039;epidemia in regione\" \/>\n<meta property=\"og:url\" content=\"https:\/\/www.intoscana.it\/it\/covid-19-in-toscana-3-639-nuovi-casi-eta-media-46-anni-i-decessi-sono-8\/\" \/>\n<meta property=\"og:site_name\" content=\"intoscana\" \/>\n<meta property=\"article:publisher\" content=\"https:\/\/www.facebook.com\/intoscana.it\" \/>\n<meta property=\"article:published_time\" content=\"2022-04-29T10:02:41+00:00\" \/>\n<meta property=\"og:image\" content=\"https:\/\/www.intoscana.it\/wp-content\/uploads\/creaf_prato_vaccini_5-scaled.jpg\" \/>\n\t<meta property=\"og:image:width\" content=\"2048\" \/>\n\t<meta property=\"og:image:height\" content=\"1363\" \/>\n\t<meta property=\"og:image:type\" content=\"image\/jpeg\" \/>\n<meta name=\"author\" content=\"Redazione\" \/>\n<meta name=\"twitter:card\" content=\"summary_large_image\" \/>\n<meta name=\"twitter:creator\" content=\"@intoscana\" \/>\n<meta name=\"twitter:site\" content=\"@intoscana\" \/>\n<meta name=\"twitter:label1\" content=\"Written by\" \/>\n\t<meta name=\"twitter:data1\" content=\"Redazione\" \/>\n\t<meta name=\"twitter:label2\" content=\"Est. reading time\" \/>\n\t<meta name=\"twitter:data2\" content=\"3 minuti\" \/>\n<script type=\"application\/ld+json\" class=\"yoast-schema-graph\">{\"@context\":\"https:\/\/schema.org\",\"@graph\":[{\"@type\":\"WebPage\",\"@id\":\"https:\/\/www.intoscana.it\/it\/covid-19-in-toscana-3-639-nuovi-casi-eta-media-46-anni-i-decessi-sono-8\/\",\"url\":\"https:\/\/www.intoscana.it\/it\/covid-19-in-toscana-3-639-nuovi-casi-eta-media-46-anni-i-decessi-sono-8\/\",\"name\":\"Covid-19: in Toscana 3.639 nuovi casi, et\u00e0 media 46 anni, i decessi sono 8 - intoscana\",\"isPartOf\":{\"@id\":\"https:\/\/www.intoscana.it\/it\/#website\"},\"primaryImageOfPage\":{\"@id\":\"https:\/\/www.intoscana.it\/it\/covid-19-in-toscana-3-639-nuovi-casi-eta-media-46-anni-i-decessi-sono-8\/#primaryimage\"},\"image\":{\"@id\":\"https:\/\/www.intoscana.it\/it\/covid-19-in-toscana-3-639-nuovi-casi-eta-media-46-anni-i-decessi-sono-8\/#primaryimage\"},\"thumbnailUrl\":\"https:\/\/www.intoscana.it\/wp-content\/uploads\/creaf_prato_vaccini_5-scaled.jpg\",\"datePublished\":\"2022-04-29T10:02:41+00:00\",\"author\":{\"@id\":\"https:\/\/www.intoscana.it\/it\/#\/schema\/person\/9223810753230f20bd670fdd322661f8\"},\"description\":\"Questi i dati accertati sulla base delle richieste della Protezione Civile Nazionale relativi all'andamento dell'epidemia in regione\",\"breadcrumb\":{\"@id\":\"https:\/\/www.intoscana.it\/it\/covid-19-in-toscana-3-639-nuovi-casi-eta-media-46-anni-i-decessi-sono-8\/#breadcrumb\"},\"inLanguage\":\"it-IT\",\"potentialAction\":[{\"@type\":\"ReadAction\",\"target\":[\"https:\/\/www.intoscana.it\/it\/covid-19-in-toscana-3-639-nuovi-casi-eta-media-46-anni-i-decessi-sono-8\/\"]}]},{\"@type\":\"ImageObject\",\"inLanguage\":\"it-IT\",\"@id\":\"https:\/\/www.intoscana.it\/it\/covid-19-in-toscana-3-639-nuovi-casi-eta-media-46-anni-i-decessi-sono-8\/#primaryimage\",\"url\":\"https:\/\/www.intoscana.it\/wp-content\/uploads\/creaf_prato_vaccini_5-scaled.jpg\",\"contentUrl\":\"https:\/\/www.intoscana.it\/wp-content\/uploads\/creaf_prato_vaccini_5-scaled.jpg\",\"width\":2048,\"height\":1363,\"caption\":\"Infermieri e personale sanitario in reperto Covid (Centro Pegaso di Prato)\"},{\"@type\":\"BreadcrumbList\",\"@id\":\"https:\/\/www.intoscana.it\/it\/covid-19-in-toscana-3-639-nuovi-casi-eta-media-46-anni-i-decessi-sono-8\/#breadcrumb\",\"itemListElement\":[{\"@type\":\"ListItem\",\"position\":1,\"name\":\"Home\",\"item\":\"https:\/\/www.intoscana.it\/it\/\"},{\"@type\":\"ListItem\",\"position\":2,\"name\":\"Covid-19: in Toscana 3.639 nuovi casi, et\u00e0 media 46 anni, i decessi sono 8\"}]},{\"@type\":\"WebSite\",\"@id\":\"https:\/\/www.intoscana.it\/it\/#website\",\"url\":\"https:\/\/www.intoscana.it\/it\/\",\"name\":\"intoscana\",\"description\":\"\",\"potentialAction\":[{\"@type\":\"SearchAction\",\"target\":{\"@type\":\"EntryPoint\",\"urlTemplate\":\"https:\/\/www.intoscana.it\/it\/?s={search_term_string}\"},\"query-input\":{\"@type\":\"PropertyValueSpecification\",\"valueRequired\":true,\"valueName\":\"search_term_string\"}}],\"inLanguage\":\"it-IT\"},{\"@type\":\"Person\",\"@id\":\"https:\/\/www.intoscana.it\/it\/#\/schema\/person\/9223810753230f20bd670fdd322661f8\",\"name\":\"Redazione\",\"url\":\"https:\/\/www.intoscana.it\/it\/author\/redazione\/\"}]}<\/script>\n<!-- \/ Yoast SEO Premium plugin. -->","yoast_head_json":{"title":"Covid-19: in Toscana 3.639 nuovi casi, et\u00e0 media 46 anni, i decessi sono 8 - intoscana","description":"Questi i dati accertati sulla base delle richieste della Protezione Civile Nazionale relativi all'andamento dell'epidemia in regione","robots":{"index":"index","follow":"follow","max-snippet":"max-snippet:-1","max-image-preview":"max-image-preview:large","max-video-preview":"max-video-preview:-1"},"canonical":"https:\/\/www.intoscana.it\/it\/covid-19-in-toscana-3-639-nuovi-casi-eta-media-46-anni-i-decessi-sono-8\/","og_locale":"it_IT","og_type":"article","og_title":"Covid-19: in Toscana 3.639 nuovi casi, et\u00e0 media 46 anni, i decessi sono 8","og_description":"Questi i dati accertati sulla base delle richieste della Protezione Civile Nazionale relativi all'andamento dell'epidemia in regione","og_url":"https:\/\/www.intoscana.it\/it\/covid-19-in-toscana-3-639-nuovi-casi-eta-media-46-anni-i-decessi-sono-8\/","og_site_name":"intoscana","article_publisher":"https:\/\/www.facebook.com\/intoscana.it","article_published_time":"2022-04-29T10:02:41+00:00","og_image":[{"width":2048,"height":1363,"url":"https:\/\/www.intoscana.it\/wp-content\/uploads\/creaf_prato_vaccini_5-scaled.jpg","type":"image\/jpeg"}],"author":"Redazione","twitter_card":"summary_large_image","twitter_creator":"@intoscana","twitter_site":"@intoscana","twitter_misc":{"Written by":"Redazione","Est. reading time":"3 minuti"},"schema":{"@context":"https:\/\/schema.org","@graph":[{"@type":"WebPage","@id":"https:\/\/www.intoscana.it\/it\/covid-19-in-toscana-3-639-nuovi-casi-eta-media-46-anni-i-decessi-sono-8\/","url":"https:\/\/www.intoscana.it\/it\/covid-19-in-toscana-3-639-nuovi-casi-eta-media-46-anni-i-decessi-sono-8\/","name":"Covid-19: in Toscana 3.639 nuovi casi, et\u00e0 media 46 anni, i decessi sono 8 - intoscana","isPartOf":{"@id":"https:\/\/www.intoscana.it\/it\/#website"},"primaryImageOfPage":{"@id":"https:\/\/www.intoscana.it\/it\/covid-19-in-toscana-3-639-nuovi-casi-eta-media-46-anni-i-decessi-sono-8\/#primaryimage"},"image":{"@id":"https:\/\/www.intoscana.it\/it\/covid-19-in-toscana-3-639-nuovi-casi-eta-media-46-anni-i-decessi-sono-8\/#primaryimage"},"thumbnailUrl":"https:\/\/www.intoscana.it\/wp-content\/uploads\/creaf_prato_vaccini_5-scaled.jpg","datePublished":"2022-04-29T10:02:41+00:00","author":{"@id":"https:\/\/www.intoscana.it\/it\/#\/schema\/person\/9223810753230f20bd670fdd322661f8"},"description":"Questi i dati accertati sulla base delle richieste della Protezione Civile Nazionale relativi all'andamento dell'epidemia in regione","breadcrumb":{"@id":"https:\/\/www.intoscana.it\/it\/covid-19-in-toscana-3-639-nuovi-casi-eta-media-46-anni-i-decessi-sono-8\/#breadcrumb"},"inLanguage":"it-IT","potentialAction":[{"@type":"ReadAction","target":["https:\/\/www.intoscana.it\/it\/covid-19-in-toscana-3-639-nuovi-casi-eta-media-46-anni-i-decessi-sono-8\/"]}]},{"@type":"ImageObject","inLanguage":"it-IT","@id":"https:\/\/www.intoscana.it\/it\/covid-19-in-toscana-3-639-nuovi-casi-eta-media-46-anni-i-decessi-sono-8\/#primaryimage","url":"https:\/\/www.intoscana.it\/wp-content\/uploads\/creaf_prato_vaccini_5-scaled.jpg","contentUrl":"https:\/\/www.intoscana.it\/wp-content\/uploads\/creaf_prato_vaccini_5-scaled.jpg","width":2048,"height":1363,"caption":"Infermieri e personale sanitario in reperto Covid (Centro Pegaso di Prato)"},{"@type":"BreadcrumbList","@id":"https:\/\/www.intoscana.it\/it\/covid-19-in-toscana-3-639-nuovi-casi-eta-media-46-anni-i-decessi-sono-8\/#breadcrumb","itemListElement":[{"@type":"ListItem","position":1,"name":"Home","item":"https:\/\/www.intoscana.it\/it\/"},{"@type":"ListItem","position":2,"name":"Covid-19: in Toscana 3.639 nuovi casi, et\u00e0 media 46 anni, i decessi sono 8"}]},{"@type":"WebSite","@id":"https:\/\/www.intoscana.it\/it\/#website","url":"https:\/\/www.intoscana.it\/it\/","name":"intoscana","description":"","potentialAction":[{"@type":"SearchAction","target":{"@type":"EntryPoint","urlTemplate":"https:\/\/www.intoscana.it\/it\/?s={search_term_string}"},"query-input":{"@type":"PropertyValueSpecification","valueRequired":true,"valueName":"search_term_string"}}],"inLanguage":"it-IT"},{"@type":"Person","@id":"https:\/\/www.intoscana.it\/it\/#\/schema\/person\/9223810753230f20bd670fdd322661f8","name":"Redazione","url":"https:\/\/www.intoscana.it\/it\/author\/redazione\/"}]}},"_links":{"self":[{"href":"https:\/\/www.intoscana.it\/it\/wp-json\/wp\/v2\/posts\/226148","targetHints":{"allow":["GET"]}}],"collection":[{"href":"https:\/\/www.intoscana.it\/it\/wp-json\/wp\/v2\/posts"}],"about":[{"href":"https:\/\/www.intoscana.it\/it\/wp-json\/wp\/v2\/types\/post"}],"author":[{"embeddable":true,"href":"https:\/\/www.intoscana.it\/it\/wp-json\/wp\/v2\/users\/525"}],"replies":[{"embeddable":true,"href":"https:\/\/www.intoscana.it\/it\/wp-json\/wp\/v2\/comments?post=226148"}],"version-history":[{"count":0,"href":"https:\/\/www.intoscana.it\/it\/wp-json\/wp\/v2\/posts\/226148\/revisions"}],"wp:featuredmedia":[{"embeddable":true,"href":"https:\/\/www.intoscana.it\/it\/wp-json\/wp\/v2\/media\/194293"}],"wp:attachment":[{"href":"https:\/\/www.intoscana.it\/it\/wp-json\/wp\/v2\/media?parent=226148"}],"wp:term":[{"taxonomy":"category","embeddable":true,"href":"https:\/\/www.intoscana.it\/it\/wp-json\/wp\/v2\/categories?post=226148"},{"taxonomy":"post_tag","embeddable":true,"href":"https:\/\/www.intoscana.it\/it\/wp-json\/wp\/v2\/tags?post=226148"}],"curies":[{"name":"wp","href":"https:\/\/api.w.org\/{rel}","templated":true}]}}