{"id":226153,"date":"2022-04-29T12:18:44","date_gmt":"2022-04-29T10:18:44","guid":{"rendered":"https:\/\/www.intoscana.it\/it\/?p=226153"},"modified":"2022-04-29T16:21:15","modified_gmt":"2022-04-29T14:21:15","slug":"prato-campi-bisenzio-laboratori-merende-bambini-ucraini","status":"publish","type":"post","link":"https:\/\/www.intoscana.it\/it\/prato-campi-bisenzio-laboratori-merende-bambini-ucraini\/","title":{"rendered":"A Prato e Campi Bisenzio laboratori e merende per conoscere i bambini ucraini e le loro famiglie"},"content":{"rendered":"<p>Il Comune di Prato, in collaborazione con l&#8217;associazione Cieli Aperti, organizza <strong>spazi di socializzazione gratuiti rivolti ai minori ucraini<\/strong> presenti sul territorio.<\/p>\n<p>Saranno <strong>momenti di incontro, gioco e accompagnamento allo studio<\/strong> progettati per offrire un supporto e un&#8217;opportunit\u00e0 di condivisione ai bambini e alle bambine recentemente arrivati a Prato dall&#8217;<strong>Ucraina.<\/strong><\/p>\n<p><strong>I laboratori hanno inizio il<\/strong> <strong>2 maggio<\/strong> e sono pensati prima di tutto per <strong>creare un luogo comunitario di dialogo,<\/strong> in cui i minori possano sia socializzare insieme a tutti gli altri partecipanti alle attivit\u00e0 offerte dall&#8217;Associazione Cieli Aperti, sia avere <strong>un momento di scambio<\/strong> con i pari provenienti dalla stessa comunit\u00e0.<\/p>\n<p>Gli spazi di socializzazione prevedono<strong> tre incontri alla settimana in orario pomeridiano<\/strong> e sono rivolti<strong> a minori dai 6 ai 16 anni di et\u00e0<\/strong>.<\/p>\n<p><em>&#8220;In collaborazione con gli Istituti scolastici del territorio <\/em><strong>&#8211; afferma l&#8217;assessore alla Cittadinanza Simone Mangani-<\/strong><em> abbiamo pensato di strutturare un&#8217;azione coordinata per offrire un punto di accoglienza e supporto ai bambini e ragazzi ucraini. Un momento di ascolto per provare a capire i bisogni della comunit\u00e0, partendo dai pi\u00f9 giovani&#8221;.<\/em><\/p>\n<p>Per informazioni e iscrizioni \u00e8 possibile rivolgersi all&#8217;Associazione Cieli Aperti, via Marengo 51, telefono 0574-607226.<\/p>\n<figure id=\"post-226155 media-226155\" class=\"align-none\"><img decoding=\"async\" src=\"https:\/\/www.intoscana.it\/wp-content\/uploads\/Merenda-al-Teatrodante.jpeg\" alt=\"\" \/><\/figure>\n<h3>Una merenda al Teatrodante Carlo Monni<\/h3>\n<p>Una merenda per costruire comunit\u00e0, promuovere l\u2019integrazione e fare accoglienza attiva.\u00a0\u00c8 questa l\u2019iniziativa che si terr\u00e0 domani, sabato 30 aprile alle 16.00, nel foyer del <strong>Teatrodante Carlo Monni di Campi Bisenzio<\/strong> (piazza Dante 23).<\/p>\n<p>Grandi e piccoli cittadini di Campi e di ogni luogo sono invitati a un pomeriggio<strong> tra dolci e salatini per conoscere i bambini ucraini<\/strong> ospiti della F<strong>ondazione Spazio Reale di San Donnino,<\/strong> insieme alle loro famiglie.<\/p>\n<p>Ad animare l\u2019incontro ci sar\u00e0 <strong>il mago e illusionista Mattia Boschi,<\/strong> campigiano di nascita e gi\u00e0 collaboratore di Disney Channel e RAIGulp, oltre che protagonista di tanti spettacoli di successo, tra levitazioni, trasformazioni e apparizioni.<\/p>\n<p><em>\u201cDall\u2019inizio del conflitto ci sono state moltissime manifestazioni di solidariet\u00e0 e iniziative per la pace e per il popolo ucraino, che poi col perdurare della situazione sono andate lentamente diradandosi\u201d<\/em> \u2013 racconta <strong>il direttore artistico del teatro Andrea Bruno Savelli.<\/strong><\/p>\n<p>E continua: \u201c<em>In questo periodo i bambini in fuga con le loro famiglie stanno affrontando l\u2019inserimento a scuola, e provando a immaginare le loro difficolt\u00e0 e il loro spaesamento abbiamo deciso di regalargli una festa magica, perch\u00e9 la magia \u00e8 un linguaggio universale che speriamo riesca a comunicare la nostra vicinanza. Vorremmo farli sentire accolti, e rassicurarli del fatto che con lo scorrere del tempo non ci siamo abituati a questa barbarie che \u00e8 la guerra. Vogliamo essere presenti e attivi in questo momento, come lo siamo gi\u00e0 stati per emergenze precedenti e come lo saremo sempre, sperando si vada verso un mondo dove ce ne sar\u00e0 via via meno bisogno\u201d.<\/em><\/p>\n<p><strong>L\u2019ingresso \u00e8 gratuito per tutti<\/strong>, con prenotazione consigliata al 3463038170 &#8211; biglietteria@teatrodante.it.<\/p>\n<p>&nbsp;<\/p>\n","protected":false},"excerpt":{"rendered":"<p>A Prato il 2 maggio si aprono spazi di socializzazione, a Campi sabato 30 aprile merenda con spettacolo di magia per un incontro tra piccoli e grandi cittadini e gli ospiti della Fondazione Spazio Reale di San Donnino<\/p>\n","protected":false},"author":525,"featured_media":214888,"comment_status":"open","ping_status":"open","sticky":false,"template":"","format":"standard","meta":{"_acf_changed":false,"footnotes":""},"categories":[494],"tags":[6427,236],"class_list":["post-226153","post","type-post","status-publish","format-standard","has-post-thumbnail","hentry","category-attualita","tag-guerra-ucraina","tag-teatro"],"acf":[],"yoast_head":"<!-- This site is optimized with the Yoast SEO Premium plugin v24.2 (Yoast SEO v25.6) - https:\/\/yoast.com\/wordpress\/plugins\/seo\/ -->\n<title>A Prato e Campi laboratori e merende per bambini ucraini - intoscana<\/title>\n<meta name=\"description\" content=\"A Prato il 2 maggio si aprono spazi di socializzazione, a Campi sabato 30 aprile merenda con spettacolo di magia\" \/>\n<meta name=\"robots\" content=\"index, follow, max-snippet:-1, max-image-preview:large, max-video-preview:-1\" \/>\n<link rel=\"canonical\" href=\"https:\/\/www.intoscana.it\/it\/prato-campi-bisenzio-laboratori-merende-bambini-ucraini\/\" \/>\n<meta property=\"og:locale\" content=\"it_IT\" \/>\n<meta property=\"og:type\" content=\"article\" \/>\n<meta property=\"og:title\" content=\"A Prato e Campi Bisenzio laboratori e merende per conoscere i bambini ucraini e le loro famiglie\" \/>\n<meta property=\"og:description\" content=\"A Prato il 2 maggio si aprono spazi di socializzazione, a Campi sabato 30 aprile merenda con spettacolo di magia\" \/>\n<meta property=\"og:url\" content=\"https:\/\/www.intoscana.it\/it\/prato-campi-bisenzio-laboratori-merende-bambini-ucraini\/\" \/>\n<meta property=\"og:site_name\" content=\"intoscana\" \/>\n<meta property=\"article:publisher\" content=\"https:\/\/www.facebook.com\/intoscana.it\" \/>\n<meta property=\"article:published_time\" content=\"2022-04-29T10:18:44+00:00\" \/>\n<meta property=\"article:modified_time\" content=\"2022-04-29T14:21:15+00:00\" \/>\n<meta property=\"og:image\" content=\"https:\/\/www.intoscana.it\/wp-content\/uploads\/Ucraina-1-scaled.jpg\" \/>\n\t<meta property=\"og:image:width\" content=\"2048\" \/>\n\t<meta property=\"og:image:height\" content=\"1365\" \/>\n\t<meta property=\"og:image:type\" content=\"image\/jpeg\" \/>\n<meta name=\"author\" content=\"Redazione\" \/>\n<meta name=\"twitter:card\" content=\"summary_large_image\" \/>\n<meta name=\"twitter:creator\" content=\"@intoscana\" \/>\n<meta name=\"twitter:site\" content=\"@intoscana\" \/>\n<meta name=\"twitter:label1\" content=\"Written by\" \/>\n\t<meta name=\"twitter:data1\" content=\"Redazione\" \/>\n\t<meta name=\"twitter:label2\" content=\"Est. reading time\" \/>\n\t<meta name=\"twitter:data2\" content=\"2 minuti\" \/>\n<script type=\"application\/ld+json\" class=\"yoast-schema-graph\">{\"@context\":\"https:\/\/schema.org\",\"@graph\":[{\"@type\":\"WebPage\",\"@id\":\"https:\/\/www.intoscana.it\/it\/prato-campi-bisenzio-laboratori-merende-bambini-ucraini\/\",\"url\":\"https:\/\/www.intoscana.it\/it\/prato-campi-bisenzio-laboratori-merende-bambini-ucraini\/\",\"name\":\"A Prato e Campi laboratori e merende per bambini ucraini - intoscana\",\"isPartOf\":{\"@id\":\"https:\/\/www.intoscana.it\/it\/#website\"},\"primaryImageOfPage\":{\"@id\":\"https:\/\/www.intoscana.it\/it\/prato-campi-bisenzio-laboratori-merende-bambini-ucraini\/#primaryimage\"},\"image\":{\"@id\":\"https:\/\/www.intoscana.it\/it\/prato-campi-bisenzio-laboratori-merende-bambini-ucraini\/#primaryimage\"},\"thumbnailUrl\":\"https:\/\/www.intoscana.it\/wp-content\/uploads\/Ucraina-1-scaled.jpg\",\"datePublished\":\"2022-04-29T10:18:44+00:00\",\"dateModified\":\"2022-04-29T14:21:15+00:00\",\"author\":{\"@id\":\"https:\/\/www.intoscana.it\/it\/#\/schema\/person\/9223810753230f20bd670fdd322661f8\"},\"description\":\"A Prato il 2 maggio si aprono spazi di socializzazione, a Campi sabato 30 aprile merenda con spettacolo di magia\",\"breadcrumb\":{\"@id\":\"https:\/\/www.intoscana.it\/it\/prato-campi-bisenzio-laboratori-merende-bambini-ucraini\/#breadcrumb\"},\"inLanguage\":\"it-IT\",\"potentialAction\":[{\"@type\":\"ReadAction\",\"target\":[\"https:\/\/www.intoscana.it\/it\/prato-campi-bisenzio-laboratori-merende-bambini-ucraini\/\"]}]},{\"@type\":\"ImageObject\",\"inLanguage\":\"it-IT\",\"@id\":\"https:\/\/www.intoscana.it\/it\/prato-campi-bisenzio-laboratori-merende-bambini-ucraini\/#primaryimage\",\"url\":\"https:\/\/www.intoscana.it\/wp-content\/uploads\/Ucraina-1-scaled.jpg\",\"contentUrl\":\"https:\/\/www.intoscana.it\/wp-content\/uploads\/Ucraina-1-scaled.jpg\",\"width\":2048,\"height\":1365,\"caption\":\"Ucraina\"},{\"@type\":\"BreadcrumbList\",\"@id\":\"https:\/\/www.intoscana.it\/it\/prato-campi-bisenzio-laboratori-merende-bambini-ucraini\/#breadcrumb\",\"itemListElement\":[{\"@type\":\"ListItem\",\"position\":1,\"name\":\"Home\",\"item\":\"https:\/\/www.intoscana.it\/it\/\"},{\"@type\":\"ListItem\",\"position\":2,\"name\":\"A Prato e Campi Bisenzio laboratori e merende per conoscere i bambini ucraini e le loro famiglie\"}]},{\"@type\":\"WebSite\",\"@id\":\"https:\/\/www.intoscana.it\/it\/#website\",\"url\":\"https:\/\/www.intoscana.it\/it\/\",\"name\":\"intoscana\",\"description\":\"\",\"potentialAction\":[{\"@type\":\"SearchAction\",\"target\":{\"@type\":\"EntryPoint\",\"urlTemplate\":\"https:\/\/www.intoscana.it\/it\/?s={search_term_string}\"},\"query-input\":{\"@type\":\"PropertyValueSpecification\",\"valueRequired\":true,\"valueName\":\"search_term_string\"}}],\"inLanguage\":\"it-IT\"},{\"@type\":\"Person\",\"@id\":\"https:\/\/www.intoscana.it\/it\/#\/schema\/person\/9223810753230f20bd670fdd322661f8\",\"name\":\"Redazione\",\"url\":\"https:\/\/www.intoscana.it\/it\/author\/redazione\/\"}]}<\/script>\n<!-- \/ Yoast SEO Premium plugin. -->","yoast_head_json":{"title":"A Prato e Campi laboratori e merende per bambini ucraini - intoscana","description":"A Prato il 2 maggio si aprono spazi di socializzazione, a Campi sabato 30 aprile merenda con spettacolo di magia","robots":{"index":"index","follow":"follow","max-snippet":"max-snippet:-1","max-image-preview":"max-image-preview:large","max-video-preview":"max-video-preview:-1"},"canonical":"https:\/\/www.intoscana.it\/it\/prato-campi-bisenzio-laboratori-merende-bambini-ucraini\/","og_locale":"it_IT","og_type":"article","og_title":"A Prato e Campi Bisenzio laboratori e merende per conoscere i bambini ucraini e le loro famiglie","og_description":"A Prato il 2 maggio si aprono spazi di socializzazione, a Campi sabato 30 aprile merenda con spettacolo di magia","og_url":"https:\/\/www.intoscana.it\/it\/prato-campi-bisenzio-laboratori-merende-bambini-ucraini\/","og_site_name":"intoscana","article_publisher":"https:\/\/www.facebook.com\/intoscana.it","article_published_time":"2022-04-29T10:18:44+00:00","article_modified_time":"2022-04-29T14:21:15+00:00","og_image":[{"width":2048,"height":1365,"url":"https:\/\/www.intoscana.it\/wp-content\/uploads\/Ucraina-1-scaled.jpg","type":"image\/jpeg"}],"author":"Redazione","twitter_card":"summary_large_image","twitter_creator":"@intoscana","twitter_site":"@intoscana","twitter_misc":{"Written by":"Redazione","Est. reading time":"2 minuti"},"schema":{"@context":"https:\/\/schema.org","@graph":[{"@type":"WebPage","@id":"https:\/\/www.intoscana.it\/it\/prato-campi-bisenzio-laboratori-merende-bambini-ucraini\/","url":"https:\/\/www.intoscana.it\/it\/prato-campi-bisenzio-laboratori-merende-bambini-ucraini\/","name":"A Prato e Campi laboratori e merende per bambini ucraini - intoscana","isPartOf":{"@id":"https:\/\/www.intoscana.it\/it\/#website"},"primaryImageOfPage":{"@id":"https:\/\/www.intoscana.it\/it\/prato-campi-bisenzio-laboratori-merende-bambini-ucraini\/#primaryimage"},"image":{"@id":"https:\/\/www.intoscana.it\/it\/prato-campi-bisenzio-laboratori-merende-bambini-ucraini\/#primaryimage"},"thumbnailUrl":"https:\/\/www.intoscana.it\/wp-content\/uploads\/Ucraina-1-scaled.jpg","datePublished":"2022-04-29T10:18:44+00:00","dateModified":"2022-04-29T14:21:15+00:00","author":{"@id":"https:\/\/www.intoscana.it\/it\/#\/schema\/person\/9223810753230f20bd670fdd322661f8"},"description":"A Prato il 2 maggio si aprono spazi di socializzazione, a Campi sabato 30 aprile merenda con spettacolo di magia","breadcrumb":{"@id":"https:\/\/www.intoscana.it\/it\/prato-campi-bisenzio-laboratori-merende-bambini-ucraini\/#breadcrumb"},"inLanguage":"it-IT","potentialAction":[{"@type":"ReadAction","target":["https:\/\/www.intoscana.it\/it\/prato-campi-bisenzio-laboratori-merende-bambini-ucraini\/"]}]},{"@type":"ImageObject","inLanguage":"it-IT","@id":"https:\/\/www.intoscana.it\/it\/prato-campi-bisenzio-laboratori-merende-bambini-ucraini\/#primaryimage","url":"https:\/\/www.intoscana.it\/wp-content\/uploads\/Ucraina-1-scaled.jpg","contentUrl":"https:\/\/www.intoscana.it\/wp-content\/uploads\/Ucraina-1-scaled.jpg","width":2048,"height":1365,"caption":"Ucraina"},{"@type":"BreadcrumbList","@id":"https:\/\/www.intoscana.it\/it\/prato-campi-bisenzio-laboratori-merende-bambini-ucraini\/#breadcrumb","itemListElement":[{"@type":"ListItem","position":1,"name":"Home","item":"https:\/\/www.intoscana.it\/it\/"},{"@type":"ListItem","position":2,"name":"A Prato e Campi Bisenzio laboratori e merende per conoscere i bambini ucraini e le loro famiglie"}]},{"@type":"WebSite","@id":"https:\/\/www.intoscana.it\/it\/#website","url":"https:\/\/www.intoscana.it\/it\/","name":"intoscana","description":"","potentialAction":[{"@type":"SearchAction","target":{"@type":"EntryPoint","urlTemplate":"https:\/\/www.intoscana.it\/it\/?s={search_term_string}"},"query-input":{"@type":"PropertyValueSpecification","valueRequired":true,"valueName":"search_term_string"}}],"inLanguage":"it-IT"},{"@type":"Person","@id":"https:\/\/www.intoscana.it\/it\/#\/schema\/person\/9223810753230f20bd670fdd322661f8","name":"Redazione","url":"https:\/\/www.intoscana.it\/it\/author\/redazione\/"}]}},"_links":{"self":[{"href":"https:\/\/www.intoscana.it\/it\/wp-json\/wp\/v2\/posts\/226153","targetHints":{"allow":["GET"]}}],"collection":[{"href":"https:\/\/www.intoscana.it\/it\/wp-json\/wp\/v2\/posts"}],"about":[{"href":"https:\/\/www.intoscana.it\/it\/wp-json\/wp\/v2\/types\/post"}],"author":[{"embeddable":true,"href":"https:\/\/www.intoscana.it\/it\/wp-json\/wp\/v2\/users\/525"}],"replies":[{"embeddable":true,"href":"https:\/\/www.intoscana.it\/it\/wp-json\/wp\/v2\/comments?post=226153"}],"version-history":[{"count":0,"href":"https:\/\/www.intoscana.it\/it\/wp-json\/wp\/v2\/posts\/226153\/revisions"}],"wp:featuredmedia":[{"embeddable":true,"href":"https:\/\/www.intoscana.it\/it\/wp-json\/wp\/v2\/media\/214888"}],"wp:attachment":[{"href":"https:\/\/www.intoscana.it\/it\/wp-json\/wp\/v2\/media?parent=226153"}],"wp:term":[{"taxonomy":"category","embeddable":true,"href":"https:\/\/www.intoscana.it\/it\/wp-json\/wp\/v2\/categories?post=226153"},{"taxonomy":"post_tag","embeddable":true,"href":"https:\/\/www.intoscana.it\/it\/wp-json\/wp\/v2\/tags?post=226153"}],"curies":[{"name":"wp","href":"https:\/\/api.w.org\/{rel}","templated":true}]}}