{"id":226317,"date":"2022-04-30T09:25:37","date_gmt":"2022-04-30T07:25:37","guid":{"rendered":"https:\/\/www.intoscana.it\/it\/?p=226317"},"modified":"2022-05-02T14:34:38","modified_gmt":"2022-05-02T12:34:38","slug":"campioni-del-mondo-1982-2022-ad-arezzo-in-mostra-quarantanni-di-figurine","status":"publish","type":"post","link":"https:\/\/www.intoscana.it\/it\/campioni-del-mondo-1982-2022-ad-arezzo-in-mostra-quarantanni-di-figurine\/","title":{"rendered":"&#8220;Campioni del mondo! 1982-2022&#8221; ad Arezzo in mostra quarant&#8217;anni di figurine"},"content":{"rendered":"<p>Se <strong>Pier Paolo Pasolini<\/strong>\u00a0diceva che\u00a0<em>\u201cil calcio \u00e8 l\u2019ultima rappresentazione sacra del nostro tempo\u201d<\/em>, possiamo dire che collezionare figurine <strong>\u00e8 un rito pagano che si tramanda di generazione in generazione<\/strong> e che non ha mai perso il suo fascino.<\/p>\n<p><em><strong>\u201cCampioni del Mondo! 1982-2022 \u2013 Quarant\u2019anni di figurine Mondiali\u201d<\/strong><\/em>\u00a0 \u00e8 il titolo della singolare esposizione che <strong>dal 30 aprile al 29 maggio<\/strong> viene ospitata ad <strong>Arezzo, nella Sala Turini della Biblioteca Citt\u00e0 di Arezzo<\/strong> (via dei Pileati, 8).<\/p>\n<p>Sar\u00e0 esposto il materiale di <strong>Gianni Bellini,<\/strong> emiliano, <strong>il maggiore collezionista di album di calcio al mondo<\/strong>, che oggi conta circa <strong>4mila album e due milioni e mezzo di figurine.<\/strong><\/p>\n<p>Bellini non \u00e8 solo un collezionista, \u00e8 un entusiasta dell\u2019universo delle figurine e del calcio, con un sogno nel cassetto:<strong> creare il primo museo al mondo della figurina dei calciatori.<\/strong><\/p>\n<figure id=\"post-226319 media-226319\" class=\"align-none\"><img decoding=\"async\" src=\"https:\/\/www.intoscana.it\/wp-content\/uploads\/unnamed-12-1-scaled.jpg\" alt=\"\" \/><\/figure>\n<div class=\"titleimg\">Campioni del Mondo<\/div>\n<p><em>&#8220;Le figurine di ogni decennio<\/em> \u2013<strong> ha dichiarato Gianni Bellini<\/strong> \u2013, <em>sono lo specchio del paese, anzi dei paesi reali e con questa mostra Arezzo far\u00e0 fare ai suoi visitatori, in particolare nei giorni della Fiera dell\u2019Antiquariato, un tuffo nel passato. Una sorta di \u201ccom\u2019eravamo\u201d da rivivere attraverso gli album e le figurine dell\u2019Italia del 1982 che nel disincanto generale vinse la terza stella a quarantaquattro anni di distanza dall\u2019ultimo titolo iridato\u201d.<\/em><\/p>\n<p>E cosa sia <strong>l\u2019album delle figurine che lega ognuno di noi a ricordi di infanzia e adolescenza indelebili,<\/strong> non solo calcistici, gliel\u2019ha detto una volta <strong>Giancarlo Antognoni<\/strong>, uno dei protagonisti della Nazionale di Bearzot che alz\u00f2 la Coppa del Mondo al Santiago Bernabeu:<em> \u201cAntognoni \u2013 confessa Gianni Bellini &#8211; mi disse che non \u00e8 stato l\u2019esordio in Nazionale a farlo sentire arrivato, ma la sua prima figurina nell\u2019album della serie A\u201d.<\/em><\/p>\n<p><em><strong>\u201cCampioni del Mondo! 1982-2022 \u2013 Quarant\u2019anni di figurine Mondiali\u201d<\/strong> <\/em>si caratterizzer\u00e0 per alcuni focus, da<strong> Paolo Rossi a Francesco Graziani<\/strong>, all\u2019<strong>U.S. Arezzo<\/strong> che proprio in quell\u2019anno conquistava la promozione in serie B dopo che dodici mesi prima aveva vinto la Coppa Italia di categoria.<\/p>\n<p><strong>La mostra sar\u00e0 aperta ogni fine settimana dal 30 aprile al 29 maggio<\/strong> nei giorni di venerd\u00ec, sabato e domenica con orario 10-13 e 15-18. Fanno eccezione i giorni di venerd\u00ec 20 e venerd\u00ec 27 maggio in cui non sar\u00e0 possibile visitare l\u2019esposizione. Ingresso libero.<\/p>\n<figure id=\"post-226320 media-226320\" class=\"align-none\"><img decoding=\"async\" src=\"https:\/\/www.intoscana.it\/wp-content\/uploads\/unnamed-13-1-scaled.jpg\" alt=\"\" \/><\/figure>\n<div class=\"titleimg\">Campioni del Mondo<\/div>\n<p>&nbsp;<\/p>\n","protected":false},"excerpt":{"rendered":"<p>Fino al 29 maggio in mostra il materiale di Gianni Bellini, emiliano, il maggiore collezionista di album di calcio al mondo, che oggi conta circa 4mila album e due milioni e mezzo di figurine<\/p>\n","protected":false},"author":525,"featured_media":226318,"comment_status":"open","ping_status":"open","sticky":false,"template":"","format":"standard","meta":{"_acf_changed":false,"footnotes":""},"categories":[4],"tags":[196,222],"class_list":["post-226317","post","type-post","status-publish","format-standard","has-post-thumbnail","hentry","category-storie","tag-arezzo","tag-mostre"],"acf":[],"yoast_head":"<!-- This site is optimized with the Yoast SEO Premium plugin v24.2 (Yoast SEO v25.6) - https:\/\/yoast.com\/wordpress\/plugins\/seo\/ -->\n<title>&quot;Campioni del mondo! 1982-2022&quot; ad Arezzo in mostra quarant&#039;anni di figurine - intoscana<\/title>\n<meta name=\"description\" content=\"Dal 30 aprile al 29 maggio, ogni fine settimana ad Arezzo, la mostra delle figurine dell\u2019Italia Mundial nel 40\u00b0 anniversario della 3a stella\" \/>\n<meta name=\"robots\" content=\"index, follow, max-snippet:-1, max-image-preview:large, max-video-preview:-1\" \/>\n<link rel=\"canonical\" href=\"https:\/\/www.intoscana.it\/it\/campioni-del-mondo-1982-2022-ad-arezzo-in-mostra-quarantanni-di-figurine\/\" \/>\n<meta property=\"og:locale\" content=\"it_IT\" \/>\n<meta property=\"og:type\" content=\"article\" \/>\n<meta property=\"og:title\" content=\"&quot;Campioni del mondo! 1982-2022&quot; ad Arezzo in mostra quarant&#039;anni di figurine\" \/>\n<meta property=\"og:description\" content=\"Dal 30 aprile al 29 maggio, ogni fine settimana ad Arezzo, la mostra delle figurine dell\u2019Italia Mundial nel 40\u00b0 anniversario della 3a stella\" \/>\n<meta property=\"og:url\" content=\"https:\/\/www.intoscana.it\/it\/campioni-del-mondo-1982-2022-ad-arezzo-in-mostra-quarantanni-di-figurine\/\" \/>\n<meta property=\"og:site_name\" content=\"intoscana\" \/>\n<meta property=\"article:publisher\" content=\"https:\/\/www.facebook.com\/intoscana.it\" \/>\n<meta property=\"article:published_time\" content=\"2022-04-30T07:25:37+00:00\" \/>\n<meta property=\"article:modified_time\" content=\"2022-05-02T12:34:38+00:00\" \/>\n<meta property=\"og:image\" content=\"https:\/\/www.intoscana.it\/wp-content\/uploads\/unnamed-11-2.jpg\" \/>\n\t<meta property=\"og:image:width\" content=\"1532\" \/>\n\t<meta property=\"og:image:height\" content=\"1104\" \/>\n\t<meta property=\"og:image:type\" content=\"image\/jpeg\" \/>\n<meta name=\"author\" content=\"Redazione\" \/>\n<meta name=\"twitter:card\" content=\"summary_large_image\" \/>\n<meta name=\"twitter:creator\" content=\"@intoscana\" \/>\n<meta name=\"twitter:site\" content=\"@intoscana\" \/>\n<meta name=\"twitter:label1\" content=\"Written by\" \/>\n\t<meta name=\"twitter:data1\" content=\"Redazione\" \/>\n\t<meta name=\"twitter:label2\" content=\"Est. reading time\" \/>\n\t<meta name=\"twitter:data2\" content=\"2 minuti\" \/>\n<script type=\"application\/ld+json\" class=\"yoast-schema-graph\">{\"@context\":\"https:\/\/schema.org\",\"@graph\":[{\"@type\":\"WebPage\",\"@id\":\"https:\/\/www.intoscana.it\/it\/campioni-del-mondo-1982-2022-ad-arezzo-in-mostra-quarantanni-di-figurine\/\",\"url\":\"https:\/\/www.intoscana.it\/it\/campioni-del-mondo-1982-2022-ad-arezzo-in-mostra-quarantanni-di-figurine\/\",\"name\":\"\\\"Campioni del mondo! 1982-2022\\\" ad Arezzo in mostra quarant'anni di figurine - intoscana\",\"isPartOf\":{\"@id\":\"https:\/\/www.intoscana.it\/it\/#website\"},\"primaryImageOfPage\":{\"@id\":\"https:\/\/www.intoscana.it\/it\/campioni-del-mondo-1982-2022-ad-arezzo-in-mostra-quarantanni-di-figurine\/#primaryimage\"},\"image\":{\"@id\":\"https:\/\/www.intoscana.it\/it\/campioni-del-mondo-1982-2022-ad-arezzo-in-mostra-quarantanni-di-figurine\/#primaryimage\"},\"thumbnailUrl\":\"https:\/\/www.intoscana.it\/wp-content\/uploads\/unnamed-11-2.jpg\",\"datePublished\":\"2022-04-30T07:25:37+00:00\",\"dateModified\":\"2022-05-02T12:34:38+00:00\",\"author\":{\"@id\":\"https:\/\/www.intoscana.it\/it\/#\/schema\/person\/9223810753230f20bd670fdd322661f8\"},\"description\":\"Dal 30 aprile al 29 maggio, ogni fine settimana ad Arezzo, la mostra delle figurine dell\u2019Italia Mundial nel 40\u00b0 anniversario della 3a stella\",\"breadcrumb\":{\"@id\":\"https:\/\/www.intoscana.it\/it\/campioni-del-mondo-1982-2022-ad-arezzo-in-mostra-quarantanni-di-figurine\/#breadcrumb\"},\"inLanguage\":\"it-IT\",\"potentialAction\":[{\"@type\":\"ReadAction\",\"target\":[\"https:\/\/www.intoscana.it\/it\/campioni-del-mondo-1982-2022-ad-arezzo-in-mostra-quarantanni-di-figurine\/\"]}]},{\"@type\":\"ImageObject\",\"inLanguage\":\"it-IT\",\"@id\":\"https:\/\/www.intoscana.it\/it\/campioni-del-mondo-1982-2022-ad-arezzo-in-mostra-quarantanni-di-figurine\/#primaryimage\",\"url\":\"https:\/\/www.intoscana.it\/wp-content\/uploads\/unnamed-11-2.jpg\",\"contentUrl\":\"https:\/\/www.intoscana.it\/wp-content\/uploads\/unnamed-11-2.jpg\",\"width\":1532,\"height\":1104},{\"@type\":\"BreadcrumbList\",\"@id\":\"https:\/\/www.intoscana.it\/it\/campioni-del-mondo-1982-2022-ad-arezzo-in-mostra-quarantanni-di-figurine\/#breadcrumb\",\"itemListElement\":[{\"@type\":\"ListItem\",\"position\":1,\"name\":\"Home\",\"item\":\"https:\/\/www.intoscana.it\/it\/\"},{\"@type\":\"ListItem\",\"position\":2,\"name\":\"&#8220;Campioni del mondo! 1982-2022&#8221; ad Arezzo in mostra quarant&#8217;anni di figurine\"}]},{\"@type\":\"WebSite\",\"@id\":\"https:\/\/www.intoscana.it\/it\/#website\",\"url\":\"https:\/\/www.intoscana.it\/it\/\",\"name\":\"intoscana\",\"description\":\"\",\"potentialAction\":[{\"@type\":\"SearchAction\",\"target\":{\"@type\":\"EntryPoint\",\"urlTemplate\":\"https:\/\/www.intoscana.it\/it\/?s={search_term_string}\"},\"query-input\":{\"@type\":\"PropertyValueSpecification\",\"valueRequired\":true,\"valueName\":\"search_term_string\"}}],\"inLanguage\":\"it-IT\"},{\"@type\":\"Person\",\"@id\":\"https:\/\/www.intoscana.it\/it\/#\/schema\/person\/9223810753230f20bd670fdd322661f8\",\"name\":\"Redazione\",\"url\":\"https:\/\/www.intoscana.it\/it\/author\/redazione\/\"}]}<\/script>\n<!-- \/ Yoast SEO Premium plugin. -->","yoast_head_json":{"title":"\"Campioni del mondo! 1982-2022\" ad Arezzo in mostra quarant'anni di figurine - intoscana","description":"Dal 30 aprile al 29 maggio, ogni fine settimana ad Arezzo, la mostra delle figurine dell\u2019Italia Mundial nel 40\u00b0 anniversario della 3a stella","robots":{"index":"index","follow":"follow","max-snippet":"max-snippet:-1","max-image-preview":"max-image-preview:large","max-video-preview":"max-video-preview:-1"},"canonical":"https:\/\/www.intoscana.it\/it\/campioni-del-mondo-1982-2022-ad-arezzo-in-mostra-quarantanni-di-figurine\/","og_locale":"it_IT","og_type":"article","og_title":"\"Campioni del mondo! 1982-2022\" ad Arezzo in mostra quarant'anni di figurine","og_description":"Dal 30 aprile al 29 maggio, ogni fine settimana ad Arezzo, la mostra delle figurine dell\u2019Italia Mundial nel 40\u00b0 anniversario della 3a stella","og_url":"https:\/\/www.intoscana.it\/it\/campioni-del-mondo-1982-2022-ad-arezzo-in-mostra-quarantanni-di-figurine\/","og_site_name":"intoscana","article_publisher":"https:\/\/www.facebook.com\/intoscana.it","article_published_time":"2022-04-30T07:25:37+00:00","article_modified_time":"2022-05-02T12:34:38+00:00","og_image":[{"width":1532,"height":1104,"url":"https:\/\/www.intoscana.it\/wp-content\/uploads\/unnamed-11-2.jpg","type":"image\/jpeg"}],"author":"Redazione","twitter_card":"summary_large_image","twitter_creator":"@intoscana","twitter_site":"@intoscana","twitter_misc":{"Written by":"Redazione","Est. reading time":"2 minuti"},"schema":{"@context":"https:\/\/schema.org","@graph":[{"@type":"WebPage","@id":"https:\/\/www.intoscana.it\/it\/campioni-del-mondo-1982-2022-ad-arezzo-in-mostra-quarantanni-di-figurine\/","url":"https:\/\/www.intoscana.it\/it\/campioni-del-mondo-1982-2022-ad-arezzo-in-mostra-quarantanni-di-figurine\/","name":"\"Campioni del mondo! 1982-2022\" ad Arezzo in mostra quarant'anni di figurine - intoscana","isPartOf":{"@id":"https:\/\/www.intoscana.it\/it\/#website"},"primaryImageOfPage":{"@id":"https:\/\/www.intoscana.it\/it\/campioni-del-mondo-1982-2022-ad-arezzo-in-mostra-quarantanni-di-figurine\/#primaryimage"},"image":{"@id":"https:\/\/www.intoscana.it\/it\/campioni-del-mondo-1982-2022-ad-arezzo-in-mostra-quarantanni-di-figurine\/#primaryimage"},"thumbnailUrl":"https:\/\/www.intoscana.it\/wp-content\/uploads\/unnamed-11-2.jpg","datePublished":"2022-04-30T07:25:37+00:00","dateModified":"2022-05-02T12:34:38+00:00","author":{"@id":"https:\/\/www.intoscana.it\/it\/#\/schema\/person\/9223810753230f20bd670fdd322661f8"},"description":"Dal 30 aprile al 29 maggio, ogni fine settimana ad Arezzo, la mostra delle figurine dell\u2019Italia Mundial nel 40\u00b0 anniversario della 3a stella","breadcrumb":{"@id":"https:\/\/www.intoscana.it\/it\/campioni-del-mondo-1982-2022-ad-arezzo-in-mostra-quarantanni-di-figurine\/#breadcrumb"},"inLanguage":"it-IT","potentialAction":[{"@type":"ReadAction","target":["https:\/\/www.intoscana.it\/it\/campioni-del-mondo-1982-2022-ad-arezzo-in-mostra-quarantanni-di-figurine\/"]}]},{"@type":"ImageObject","inLanguage":"it-IT","@id":"https:\/\/www.intoscana.it\/it\/campioni-del-mondo-1982-2022-ad-arezzo-in-mostra-quarantanni-di-figurine\/#primaryimage","url":"https:\/\/www.intoscana.it\/wp-content\/uploads\/unnamed-11-2.jpg","contentUrl":"https:\/\/www.intoscana.it\/wp-content\/uploads\/unnamed-11-2.jpg","width":1532,"height":1104},{"@type":"BreadcrumbList","@id":"https:\/\/www.intoscana.it\/it\/campioni-del-mondo-1982-2022-ad-arezzo-in-mostra-quarantanni-di-figurine\/#breadcrumb","itemListElement":[{"@type":"ListItem","position":1,"name":"Home","item":"https:\/\/www.intoscana.it\/it\/"},{"@type":"ListItem","position":2,"name":"&#8220;Campioni del mondo! 1982-2022&#8221; ad Arezzo in mostra quarant&#8217;anni di figurine"}]},{"@type":"WebSite","@id":"https:\/\/www.intoscana.it\/it\/#website","url":"https:\/\/www.intoscana.it\/it\/","name":"intoscana","description":"","potentialAction":[{"@type":"SearchAction","target":{"@type":"EntryPoint","urlTemplate":"https:\/\/www.intoscana.it\/it\/?s={search_term_string}"},"query-input":{"@type":"PropertyValueSpecification","valueRequired":true,"valueName":"search_term_string"}}],"inLanguage":"it-IT"},{"@type":"Person","@id":"https:\/\/www.intoscana.it\/it\/#\/schema\/person\/9223810753230f20bd670fdd322661f8","name":"Redazione","url":"https:\/\/www.intoscana.it\/it\/author\/redazione\/"}]}},"_links":{"self":[{"href":"https:\/\/www.intoscana.it\/it\/wp-json\/wp\/v2\/posts\/226317","targetHints":{"allow":["GET"]}}],"collection":[{"href":"https:\/\/www.intoscana.it\/it\/wp-json\/wp\/v2\/posts"}],"about":[{"href":"https:\/\/www.intoscana.it\/it\/wp-json\/wp\/v2\/types\/post"}],"author":[{"embeddable":true,"href":"https:\/\/www.intoscana.it\/it\/wp-json\/wp\/v2\/users\/525"}],"replies":[{"embeddable":true,"href":"https:\/\/www.intoscana.it\/it\/wp-json\/wp\/v2\/comments?post=226317"}],"version-history":[{"count":0,"href":"https:\/\/www.intoscana.it\/it\/wp-json\/wp\/v2\/posts\/226317\/revisions"}],"wp:featuredmedia":[{"embeddable":true,"href":"https:\/\/www.intoscana.it\/it\/wp-json\/wp\/v2\/media\/226318"}],"wp:attachment":[{"href":"https:\/\/www.intoscana.it\/it\/wp-json\/wp\/v2\/media?parent=226317"}],"wp:term":[{"taxonomy":"category","embeddable":true,"href":"https:\/\/www.intoscana.it\/it\/wp-json\/wp\/v2\/categories?post=226317"},{"taxonomy":"post_tag","embeddable":true,"href":"https:\/\/www.intoscana.it\/it\/wp-json\/wp\/v2\/tags?post=226317"}],"curies":[{"name":"wp","href":"https:\/\/api.w.org\/{rel}","templated":true}]}}