{"id":226336,"date":"2022-04-30T13:20:30","date_gmt":"2022-04-30T11:20:30","guid":{"rendered":"https:\/\/www.intoscana.it\/it\/?p=226336"},"modified":"2022-05-02T09:40:35","modified_gmt":"2022-05-02T07:40:35","slug":"covid-19-in-toscana-2-921-nuovi-casi-eta-media-46-anni-i-decessi-sono-5","status":"publish","type":"post","link":"https:\/\/www.intoscana.it\/it\/covid-19-in-toscana-2-921-nuovi-casi-eta-media-46-anni-i-decessi-sono-5\/","title":{"rendered":"Covid-19: in Toscana 2.921 nuovi casi, et\u00e0 media 46 anni, i decessi sono 5"},"content":{"rendered":"<p>In Toscana sono 1.097.551 i casi di positivit\u00e0 al Coronavirus, <strong>2.921 in pi\u00f9 rispetto a ieri<\/strong> (756 confermati con tampone molecolare e 2.165 da test rapido antigenico). I nuovi casi sono lo 0,3% in pi\u00f9 rispetto al totale del giorno precedente. I guariti crescono dello 0,2% e raggiungono quota 1.035.643 (94,4% dei casi totali).<\/p>\n<p>Oggi sono stati eseguiti <strong>3.201 tamponi molecolari e 17.553 tamponi antigenici rapidi,<\/strong> di questi il 14,1% \u00e8 risultato positivo. Sono invece 3.948 i soggetti testati oggi (con tampone antigenico e\/o molecolare, escludendo i tamponi di controllo), di cui il 74% \u00e8 risultato positivo. Gli attualmente positivi sono oggi 52.061, +0,9% rispetto a ieri. <strong>I ricoverati sono 641<\/strong> (14 in meno rispetto a ieri), di cui 22 in terapia intensiva (1 in pi\u00f9). Oggi si registrano 5 nuovi decessi: 2 uomini e 3 donne con un&#8217;et\u00e0 media di 84,2 anni.<\/p>\n<p><strong>L&#8217;et\u00e0 media dei 2.921 nuovi positivi odierni \u00e8 di 46 anni circa<\/strong> (15% ha meno di 20 anni, 19% tra 20 e 39 anni, 29% tra 40 e 59 anni, 24% tra 60 e 79 anni, 11% ha 80 anni o pi\u00f9).<\/p>\n<h3>I casi di positivit\u00e0 sul territorio<\/h3>\n<p>Di seguito i casi di positivit\u00e0 sul territorio con la variazione rispetto a ieri (756 confermati con tampone molecolare e 2.165 da test rapido antigenico). Sono 306.128 i casi complessivi ad oggi a Firenze (788 in pi\u00f9 rispetto a ieri), 75.697 a Prato (156 in pi\u00f9), 88.288 a Pistoia (220 in pi\u00f9), 53.731 a Massa (123 in pi\u00f9), 115.240 a Lucca (283 in pi\u00f9), 125.619 a Pisa (364 in pi\u00f9), 97.033 a Livorno (328 in pi\u00f9), 100.586 ad Arezzo (254 in pi\u00f9), 76.489 a Siena (220 in pi\u00f9), 58.185 a Grosseto (185 in pi\u00f9). Sono 555 i casi positivi notificati in Toscana, ma residenti in altre regioni.<\/p>\n<p><strong>Sono 1.200 i casi riscontrati oggi nell&#8217;Asl Centro<\/strong>, 1.062 nella Nord Ovest, 659 nella Sud est.<\/p>\n<p>La Toscana si trova al <strong>7\u00b0 posto in Italia come numerosit\u00e0 di casi<\/strong> (comprensivi di residenti e non residenti), con circa 29.721 casi per 100.000 abitanti (media italiana circa 27.701 x100.000, dato di ieri). Le province di notifica con il tasso pi\u00f9 alto sono Firenze con 30.661 casi x100.000 abitanti, Pistoia con 30.418, Pisa con 30.054, la pi\u00f9 bassa Grosseto con 26.709.<\/p>\n<p>Complessivamente,<strong> 51.420 persone sono in isolamento a casa,<\/strong> poich\u00e9 presentano sintomi lievi che non richiedono cure ospedaliere, o risultano prive di sintomi (461 in pi\u00f9 rispetto a ieri, pi\u00f9 0,9%).<\/p>\n<p><strong>Le persone ricoverate nei posti letto dedicati ai pazienti COVID<\/strong> oggi sono complessivamente <strong>641<\/strong> (14 in meno rispetto a ieri, meno 2,1%), <strong>22 in terapia intensiva<\/strong> (1 in pi\u00f9 rispetto a ieri, pi\u00f9 4,8%).<\/p>\n<p><strong>Le persone complessivamente guarite sono 1.035.643<\/strong> (2.469 in pi\u00f9 rispetto a ieri, pi\u00f9 0,2%): 0 persone clinicamente guarite (stabili rispetto a ieri), divenute cio\u00e8 asintomatiche dopo aver presentato manifestazioni cliniche associate all&#8217;infezione e 1.035.643 (2.469 in pi\u00f9 rispetto a ieri, pi\u00f9 0,2%) dichiarate guarite a tutti gli effetti, le cosiddette guarigioni virali, con tampone negativo.<\/p>\n<h3>I decessi<\/h3>\n<p>Oggi si registrano <strong>5 nuovi decessi: 2 uomini e 3 donne con un&#8217;et\u00e0 media di 84,2 anni.<\/strong><\/p>\n<p>Relativamente alla provincia di residenza,<strong> le persone decedute sono: 1 a Massa Carrara, 2 a Pisa, 1 a Siena, 1 a Grosseto.<\/strong><\/p>\n<p>Sono 9.847 i deceduti dall&#8217;inizio dell&#8217;epidemia cosi ripartiti: 3.101 a Firenze, 821 a Prato, 887 a Pistoia, 645 a Massa Carrara, 918 a Lucca, 1.066 a Pisa, 719 a Livorno, 649 ad Arezzo, 527 a Siena, 380 a Grosseto, 134 persone sono decedute sul suolo toscano ma erano residenti fuori regione.<\/p>\n<p>Il tasso grezzo di mortalit\u00e0 toscano (numero di deceduti\/popolazione residente) per Covid-19 \u00e8 di 266,6 x100.000 residenti contro il 275,8 x100.000 della media italiana (10\u00b0 regione). Per quanto riguarda le province, il tasso di mortalit\u00e0 pi\u00f9 alto si riscontra a Massa Carrara (339,8 x100.000), Firenze (310,6 x100.000) e Prato (309,5 x100.000), il pi\u00f9 basso a Grosseto (174,4 x100.000).<\/p>\n","protected":false},"excerpt":{"rendered":"<p>Oggi sono stati eseguiti 3.201 tamponi molecolari e 17.553 tamponi antigenici rapidi, di questi il 14,1% \u00e8 risultato positivo. Sono invece 3.948 i soggetti testati oggi di cui il 74% \u00e8 risultato positivo<\/p>\n","protected":false},"author":525,"featured_media":191044,"comment_status":"open","ping_status":"open","sticky":false,"template":"","format":"standard","meta":{"_acf_changed":false,"footnotes":""},"categories":[494],"tags":[4868,418],"class_list":["post-226336","post","type-post","status-publish","format-standard","has-post-thumbnail","hentry","category-attualita","tag-bollettino-covid-toscana","tag-covid-19"],"acf":[],"yoast_head":"<!-- This site is optimized with the Yoast SEO Premium plugin v24.2 (Yoast SEO v25.6) - https:\/\/yoast.com\/wordpress\/plugins\/seo\/ -->\n<title>Covid-19: in Toscana 2.921 nuovi casi, et\u00e0 media 46 anni, i decessi sono 5 - intoscana<\/title>\n<meta name=\"description\" content=\"Oggi sono stati eseguiti 3.201 tamponi molecolari e 17.553 tamponi antigenici rapidi, di questi il 14,1% \u00e8 risultato positivo\" \/>\n<meta name=\"robots\" content=\"index, follow, max-snippet:-1, max-image-preview:large, max-video-preview:-1\" \/>\n<link rel=\"canonical\" href=\"https:\/\/www.intoscana.it\/it\/covid-19-in-toscana-2-921-nuovi-casi-eta-media-46-anni-i-decessi-sono-5\/\" \/>\n<meta property=\"og:locale\" content=\"it_IT\" \/>\n<meta property=\"og:type\" content=\"article\" \/>\n<meta property=\"og:title\" content=\"Covid-19: in Toscana 2.921 nuovi casi, et\u00e0 media 46 anni, i decessi sono 5\" \/>\n<meta property=\"og:description\" content=\"Oggi sono stati eseguiti 3.201 tamponi molecolari e 17.553 tamponi antigenici rapidi, di questi il 14,1% \u00e8 risultato positivo\" \/>\n<meta property=\"og:url\" content=\"https:\/\/www.intoscana.it\/it\/covid-19-in-toscana-2-921-nuovi-casi-eta-media-46-anni-i-decessi-sono-5\/\" \/>\n<meta property=\"og:site_name\" content=\"intoscana\" \/>\n<meta property=\"article:publisher\" content=\"https:\/\/www.facebook.com\/intoscana.it\" \/>\n<meta property=\"article:published_time\" content=\"2022-04-30T11:20:30+00:00\" \/>\n<meta property=\"article:modified_time\" content=\"2022-05-02T07:40:35+00:00\" \/>\n<meta property=\"og:image\" content=\"https:\/\/www.intoscana.it\/wp-content\/uploads\/Ragazze-con-mascherina-Masao-Mask-Unsplash.jpg\" \/>\n\t<meta property=\"og:image:width\" content=\"1920\" \/>\n\t<meta property=\"og:image:height\" content=\"1280\" \/>\n\t<meta property=\"og:image:type\" content=\"image\/jpeg\" \/>\n<meta name=\"author\" content=\"Redazione\" \/>\n<meta name=\"twitter:card\" content=\"summary_large_image\" \/>\n<meta name=\"twitter:creator\" content=\"@intoscana\" \/>\n<meta name=\"twitter:site\" content=\"@intoscana\" \/>\n<meta name=\"twitter:label1\" content=\"Written by\" \/>\n\t<meta name=\"twitter:data1\" content=\"Redazione\" \/>\n\t<meta name=\"twitter:label2\" content=\"Est. reading time\" \/>\n\t<meta name=\"twitter:data2\" content=\"3 minuti\" \/>\n<script type=\"application\/ld+json\" class=\"yoast-schema-graph\">{\"@context\":\"https:\/\/schema.org\",\"@graph\":[{\"@type\":\"WebPage\",\"@id\":\"https:\/\/www.intoscana.it\/it\/covid-19-in-toscana-2-921-nuovi-casi-eta-media-46-anni-i-decessi-sono-5\/\",\"url\":\"https:\/\/www.intoscana.it\/it\/covid-19-in-toscana-2-921-nuovi-casi-eta-media-46-anni-i-decessi-sono-5\/\",\"name\":\"Covid-19: in Toscana 2.921 nuovi casi, et\u00e0 media 46 anni, i decessi sono 5 - intoscana\",\"isPartOf\":{\"@id\":\"https:\/\/www.intoscana.it\/it\/#website\"},\"primaryImageOfPage\":{\"@id\":\"https:\/\/www.intoscana.it\/it\/covid-19-in-toscana-2-921-nuovi-casi-eta-media-46-anni-i-decessi-sono-5\/#primaryimage\"},\"image\":{\"@id\":\"https:\/\/www.intoscana.it\/it\/covid-19-in-toscana-2-921-nuovi-casi-eta-media-46-anni-i-decessi-sono-5\/#primaryimage\"},\"thumbnailUrl\":\"https:\/\/www.intoscana.it\/wp-content\/uploads\/Ragazze-con-mascherina-Masao-Mask-Unsplash.jpg\",\"datePublished\":\"2022-04-30T11:20:30+00:00\",\"dateModified\":\"2022-05-02T07:40:35+00:00\",\"author\":{\"@id\":\"https:\/\/www.intoscana.it\/it\/#\/schema\/person\/9223810753230f20bd670fdd322661f8\"},\"description\":\"Oggi sono stati eseguiti 3.201 tamponi molecolari e 17.553 tamponi antigenici rapidi, di questi il 14,1% \u00e8 risultato positivo\",\"breadcrumb\":{\"@id\":\"https:\/\/www.intoscana.it\/it\/covid-19-in-toscana-2-921-nuovi-casi-eta-media-46-anni-i-decessi-sono-5\/#breadcrumb\"},\"inLanguage\":\"it-IT\",\"potentialAction\":[{\"@type\":\"ReadAction\",\"target\":[\"https:\/\/www.intoscana.it\/it\/covid-19-in-toscana-2-921-nuovi-casi-eta-media-46-anni-i-decessi-sono-5\/\"]}]},{\"@type\":\"ImageObject\",\"inLanguage\":\"it-IT\",\"@id\":\"https:\/\/www.intoscana.it\/it\/covid-19-in-toscana-2-921-nuovi-casi-eta-media-46-anni-i-decessi-sono-5\/#primaryimage\",\"url\":\"https:\/\/www.intoscana.it\/wp-content\/uploads\/Ragazze-con-mascherina-Masao-Mask-Unsplash.jpg\",\"contentUrl\":\"https:\/\/www.intoscana.it\/wp-content\/uploads\/Ragazze-con-mascherina-Masao-Mask-Unsplash.jpg\",\"width\":1920,\"height\":1280,\"caption\":\"Ragazze con mascherina\"},{\"@type\":\"BreadcrumbList\",\"@id\":\"https:\/\/www.intoscana.it\/it\/covid-19-in-toscana-2-921-nuovi-casi-eta-media-46-anni-i-decessi-sono-5\/#breadcrumb\",\"itemListElement\":[{\"@type\":\"ListItem\",\"position\":1,\"name\":\"Home\",\"item\":\"https:\/\/www.intoscana.it\/it\/\"},{\"@type\":\"ListItem\",\"position\":2,\"name\":\"Covid-19: in Toscana 2.921 nuovi casi, et\u00e0 media 46 anni, i decessi sono 5\"}]},{\"@type\":\"WebSite\",\"@id\":\"https:\/\/www.intoscana.it\/it\/#website\",\"url\":\"https:\/\/www.intoscana.it\/it\/\",\"name\":\"intoscana\",\"description\":\"\",\"potentialAction\":[{\"@type\":\"SearchAction\",\"target\":{\"@type\":\"EntryPoint\",\"urlTemplate\":\"https:\/\/www.intoscana.it\/it\/?s={search_term_string}\"},\"query-input\":{\"@type\":\"PropertyValueSpecification\",\"valueRequired\":true,\"valueName\":\"search_term_string\"}}],\"inLanguage\":\"it-IT\"},{\"@type\":\"Person\",\"@id\":\"https:\/\/www.intoscana.it\/it\/#\/schema\/person\/9223810753230f20bd670fdd322661f8\",\"name\":\"Redazione\",\"url\":\"https:\/\/www.intoscana.it\/it\/author\/redazione\/\"}]}<\/script>\n<!-- \/ Yoast SEO Premium plugin. -->","yoast_head_json":{"title":"Covid-19: in Toscana 2.921 nuovi casi, et\u00e0 media 46 anni, i decessi sono 5 - intoscana","description":"Oggi sono stati eseguiti 3.201 tamponi molecolari e 17.553 tamponi antigenici rapidi, di questi il 14,1% \u00e8 risultato positivo","robots":{"index":"index","follow":"follow","max-snippet":"max-snippet:-1","max-image-preview":"max-image-preview:large","max-video-preview":"max-video-preview:-1"},"canonical":"https:\/\/www.intoscana.it\/it\/covid-19-in-toscana-2-921-nuovi-casi-eta-media-46-anni-i-decessi-sono-5\/","og_locale":"it_IT","og_type":"article","og_title":"Covid-19: in Toscana 2.921 nuovi casi, et\u00e0 media 46 anni, i decessi sono 5","og_description":"Oggi sono stati eseguiti 3.201 tamponi molecolari e 17.553 tamponi antigenici rapidi, di questi il 14,1% \u00e8 risultato positivo","og_url":"https:\/\/www.intoscana.it\/it\/covid-19-in-toscana-2-921-nuovi-casi-eta-media-46-anni-i-decessi-sono-5\/","og_site_name":"intoscana","article_publisher":"https:\/\/www.facebook.com\/intoscana.it","article_published_time":"2022-04-30T11:20:30+00:00","article_modified_time":"2022-05-02T07:40:35+00:00","og_image":[{"width":1920,"height":1280,"url":"https:\/\/www.intoscana.it\/wp-content\/uploads\/Ragazze-con-mascherina-Masao-Mask-Unsplash.jpg","type":"image\/jpeg"}],"author":"Redazione","twitter_card":"summary_large_image","twitter_creator":"@intoscana","twitter_site":"@intoscana","twitter_misc":{"Written by":"Redazione","Est. reading time":"3 minuti"},"schema":{"@context":"https:\/\/schema.org","@graph":[{"@type":"WebPage","@id":"https:\/\/www.intoscana.it\/it\/covid-19-in-toscana-2-921-nuovi-casi-eta-media-46-anni-i-decessi-sono-5\/","url":"https:\/\/www.intoscana.it\/it\/covid-19-in-toscana-2-921-nuovi-casi-eta-media-46-anni-i-decessi-sono-5\/","name":"Covid-19: in Toscana 2.921 nuovi casi, et\u00e0 media 46 anni, i decessi sono 5 - intoscana","isPartOf":{"@id":"https:\/\/www.intoscana.it\/it\/#website"},"primaryImageOfPage":{"@id":"https:\/\/www.intoscana.it\/it\/covid-19-in-toscana-2-921-nuovi-casi-eta-media-46-anni-i-decessi-sono-5\/#primaryimage"},"image":{"@id":"https:\/\/www.intoscana.it\/it\/covid-19-in-toscana-2-921-nuovi-casi-eta-media-46-anni-i-decessi-sono-5\/#primaryimage"},"thumbnailUrl":"https:\/\/www.intoscana.it\/wp-content\/uploads\/Ragazze-con-mascherina-Masao-Mask-Unsplash.jpg","datePublished":"2022-04-30T11:20:30+00:00","dateModified":"2022-05-02T07:40:35+00:00","author":{"@id":"https:\/\/www.intoscana.it\/it\/#\/schema\/person\/9223810753230f20bd670fdd322661f8"},"description":"Oggi sono stati eseguiti 3.201 tamponi molecolari e 17.553 tamponi antigenici rapidi, di questi il 14,1% \u00e8 risultato positivo","breadcrumb":{"@id":"https:\/\/www.intoscana.it\/it\/covid-19-in-toscana-2-921-nuovi-casi-eta-media-46-anni-i-decessi-sono-5\/#breadcrumb"},"inLanguage":"it-IT","potentialAction":[{"@type":"ReadAction","target":["https:\/\/www.intoscana.it\/it\/covid-19-in-toscana-2-921-nuovi-casi-eta-media-46-anni-i-decessi-sono-5\/"]}]},{"@type":"ImageObject","inLanguage":"it-IT","@id":"https:\/\/www.intoscana.it\/it\/covid-19-in-toscana-2-921-nuovi-casi-eta-media-46-anni-i-decessi-sono-5\/#primaryimage","url":"https:\/\/www.intoscana.it\/wp-content\/uploads\/Ragazze-con-mascherina-Masao-Mask-Unsplash.jpg","contentUrl":"https:\/\/www.intoscana.it\/wp-content\/uploads\/Ragazze-con-mascherina-Masao-Mask-Unsplash.jpg","width":1920,"height":1280,"caption":"Ragazze con mascherina"},{"@type":"BreadcrumbList","@id":"https:\/\/www.intoscana.it\/it\/covid-19-in-toscana-2-921-nuovi-casi-eta-media-46-anni-i-decessi-sono-5\/#breadcrumb","itemListElement":[{"@type":"ListItem","position":1,"name":"Home","item":"https:\/\/www.intoscana.it\/it\/"},{"@type":"ListItem","position":2,"name":"Covid-19: in Toscana 2.921 nuovi casi, et\u00e0 media 46 anni, i decessi sono 5"}]},{"@type":"WebSite","@id":"https:\/\/www.intoscana.it\/it\/#website","url":"https:\/\/www.intoscana.it\/it\/","name":"intoscana","description":"","potentialAction":[{"@type":"SearchAction","target":{"@type":"EntryPoint","urlTemplate":"https:\/\/www.intoscana.it\/it\/?s={search_term_string}"},"query-input":{"@type":"PropertyValueSpecification","valueRequired":true,"valueName":"search_term_string"}}],"inLanguage":"it-IT"},{"@type":"Person","@id":"https:\/\/www.intoscana.it\/it\/#\/schema\/person\/9223810753230f20bd670fdd322661f8","name":"Redazione","url":"https:\/\/www.intoscana.it\/it\/author\/redazione\/"}]}},"_links":{"self":[{"href":"https:\/\/www.intoscana.it\/it\/wp-json\/wp\/v2\/posts\/226336","targetHints":{"allow":["GET"]}}],"collection":[{"href":"https:\/\/www.intoscana.it\/it\/wp-json\/wp\/v2\/posts"}],"about":[{"href":"https:\/\/www.intoscana.it\/it\/wp-json\/wp\/v2\/types\/post"}],"author":[{"embeddable":true,"href":"https:\/\/www.intoscana.it\/it\/wp-json\/wp\/v2\/users\/525"}],"replies":[{"embeddable":true,"href":"https:\/\/www.intoscana.it\/it\/wp-json\/wp\/v2\/comments?post=226336"}],"version-history":[{"count":0,"href":"https:\/\/www.intoscana.it\/it\/wp-json\/wp\/v2\/posts\/226336\/revisions"}],"wp:featuredmedia":[{"embeddable":true,"href":"https:\/\/www.intoscana.it\/it\/wp-json\/wp\/v2\/media\/191044"}],"wp:attachment":[{"href":"https:\/\/www.intoscana.it\/it\/wp-json\/wp\/v2\/media?parent=226336"}],"wp:term":[{"taxonomy":"category","embeddable":true,"href":"https:\/\/www.intoscana.it\/it\/wp-json\/wp\/v2\/categories?post=226336"},{"taxonomy":"post_tag","embeddable":true,"href":"https:\/\/www.intoscana.it\/it\/wp-json\/wp\/v2\/tags?post=226336"}],"curies":[{"name":"wp","href":"https:\/\/api.w.org\/{rel}","templated":true}]}}