{"id":226646,"date":"2022-05-03T10:06:30","date_gmt":"2022-05-03T08:06:30","guid":{"rendered":"https:\/\/www.intoscana.it\/it\/?p=226646"},"modified":"2022-05-03T10:06:30","modified_gmt":"2022-05-03T08:06:30","slug":"pinhdar-concerto-pisa-caracol","status":"publish","type":"post","link":"https:\/\/www.intoscana.it\/it\/pinhdar-concerto-pisa-caracol\/","title":{"rendered":"Benvenuti in un&#8217;altra dimensione: il &#8220;trip-hop&#8221; dei PINHDAR in concerto a Pisa"},"content":{"rendered":"<p>I <strong>PINHDAR<\/strong> sono la cantante e autrice <strong>Cecilia Miradoli<\/strong> e il musicista e produttore <strong>Max Tarenzi<\/strong>, in passato fondatori della rock band <strong>Nomoredolls<\/strong> e del festival internazionale <strong>A Night Like This<\/strong>. Ad essi si aggiunge nella formazione live il polistrumentista <strong>Alessandro Baris.<\/strong><\/p>\n<p><em><strong>\u201cParallel\u201d<\/strong><\/em> \u00e8 il loro secondo album uscito il 26 marzo 2021 per l&#8217;etichetta inglese Fruits de Mer Records.<\/p>\n<p>Dopo l&#8217;omonimo esordio del 2019, ben accolto anche all\u2019estero, soprattutto nel<strong> Regno Unito dove hanno gi\u00e0 realizzato due brevi tour<\/strong>, in questo nuovo lavoro la fusione di <strong>art rock e trip hop<\/strong> del duo di Milano trova una peculiare e moderna chiave di lettura, in equilibrio tra avvolgente eleganza, ritmiche risucchianti e conturbante cupezza, senza rinunciare a influenze <strong>new wave, shoegaze e indie rock.<\/strong><\/p>\n<p><iframe loading=\"lazy\" title=\"YouTube video player\" src=\"https:\/\/www.youtube.com\/embed\/kYhaj-v5krk\" width=\"800\" height=\"500\" frameborder=\"0\" allowfullscreen=\"allowfullscreen\"><span data-mce-type=\"bookmark\" style=\"display: inline-block; width: 0px; overflow: hidden; line-height: 0;\" class=\"mce_SELRES_start\">\ufeff<\/span><\/iframe><\/p>\n<p><strong>Miradoli e Tarenzi<\/strong> hanno adottato<strong> un approccio minimalista<\/strong> riducendo il loro sound a una combinazione di pochi fattori strettamente necessari.<\/p>\n<p>Ampio spazio \u00e8 riservato alle parti vocali, che dal canto pi\u00f9 melodico si aprono a <strong>sussurri e inserti spoken,<\/strong> sino a <strong>influenze operistiche o a derive irregolari<\/strong> che richiamano suggestioni tra <strong>Portishead e Kate Bush.<\/strong><\/p>\n<p>Le trame strumentali sono invece date dall&#8217;uso di s<strong>intetizzatori analogici, chitarre e batteria elettronica.<\/strong><\/p>\n<p>Anticipato da due singoli, l\u2019album \u00e8 stato <strong>interamente registrato durante il lockdown<\/strong> causato dall\u2019epidemia di COVID-19 ed \u00e8 stato successivamente<strong> co-prodotto a distanza da Howie B,<\/strong> celebre musicista e produttore scozzese gi\u00e0 al lavoro con artisti tra i quali <strong>Bj\u00f6rk, Massive Attack, Tricky, Everything But The Girl, U2<\/strong> e molti altri che ha dichiarato: \u201c<em>Lavorare assieme ai PINHDAR \u00e8 stato un autentico piacere sonoro. Lavorare in remoto a questo progetto \u00e8 stata una grande sfida sia per me sia per la band. <strong>Questa lontananza geografica ha conferito un colore in pi\u00f9 all\u2019album. Un colore che risplende<\/strong><\/em><strong>\u201d.<\/strong><\/p>\n<figure id=\"post-226650 media-226650\" class=\"align-none\"><img decoding=\"async\" src=\"https:\/\/www.intoscana.it\/wp-content\/uploads\/PINHDAR-scogli-scaled-1-scaled.jpg\" alt=\"\" \/><\/figure>\n<p><strong>PINHDAR in concerto sabato 7 maggio 2022<\/strong><br \/>\n<strong>Caracol Contemporanea Casa del Popolo<\/strong><br \/>\nVia C. Cattaneo 64 \u2013 Pisa<br \/>\nIngresso 5\u20ac Riservato Soci ARCI<br \/>\n<strong>A seguire dj-set by Egodrom (Wardance\/Violent Playground)<\/strong><\/p>\n","protected":false},"excerpt":{"rendered":"<p>Sabato 7 maggio al Caracol Contemporanea Casa del Popolo arriva il duo amato da Howie B e formato da Cecilia Miradoli e Max Terenzi<\/p>\n","protected":false},"author":525,"featured_media":226630,"comment_status":"open","ping_status":"open","sticky":false,"template":"","format":"standard","meta":{"_acf_changed":false,"footnotes":""},"categories":[14],"tags":[216,203],"class_list":["post-226646","post","type-post","status-publish","format-standard","has-post-thumbnail","hentry","category-musica","tag-concerti","tag-pisa"],"acf":[],"yoast_head":"<!-- This site is optimized with the Yoast SEO Premium plugin v24.2 (Yoast SEO v25.6) - https:\/\/yoast.com\/wordpress\/plugins\/seo\/ -->\n<title>Benvenuti in un&#039;altra dimensione: il &quot;trip-hop&quot; dei PINHDAR in concerto a Pisa - intoscana<\/title>\n<meta name=\"description\" content=\"Sabato 7 maggio al Caracol Contemporanea Casa del Popolo arriva il duo amato da Howie B e formato da Cecilia Miradoli e Max Terenzi\" \/>\n<meta name=\"robots\" content=\"index, follow, max-snippet:-1, max-image-preview:large, max-video-preview:-1\" \/>\n<link rel=\"canonical\" href=\"https:\/\/www.intoscana.it\/it\/pinhdar-concerto-pisa-caracol\/\" \/>\n<meta property=\"og:locale\" content=\"it_IT\" \/>\n<meta property=\"og:type\" content=\"article\" \/>\n<meta property=\"og:title\" content=\"Benvenuti in un&#039;altra dimensione: il &quot;trip-hop&quot; dei PINHDAR in concerto a Pisa\" \/>\n<meta property=\"og:description\" content=\"Sabato 7 maggio al Caracol Contemporanea Casa del Popolo arriva il duo amato da Howie B e formato da Cecilia Miradoli e Max Terenzi\" \/>\n<meta property=\"og:url\" content=\"https:\/\/www.intoscana.it\/it\/pinhdar-concerto-pisa-caracol\/\" \/>\n<meta property=\"og:site_name\" content=\"intoscana\" \/>\n<meta property=\"article:publisher\" content=\"https:\/\/www.facebook.com\/intoscana.it\" \/>\n<meta property=\"article:published_time\" content=\"2022-05-03T08:06:30+00:00\" \/>\n<meta property=\"og:image\" content=\"https:\/\/www.intoscana.it\/wp-content\/uploads\/PINHDAR-4-scaled-1-scaled.jpg\" \/>\n\t<meta property=\"og:image:width\" content=\"2048\" \/>\n\t<meta property=\"og:image:height\" content=\"1448\" \/>\n\t<meta property=\"og:image:type\" content=\"image\/jpeg\" \/>\n<meta name=\"author\" content=\"Redazione\" \/>\n<meta name=\"twitter:card\" content=\"summary_large_image\" \/>\n<meta name=\"twitter:creator\" content=\"@intoscana\" \/>\n<meta name=\"twitter:site\" content=\"@intoscana\" \/>\n<meta name=\"twitter:label1\" content=\"Written by\" \/>\n\t<meta name=\"twitter:data1\" content=\"Redazione\" \/>\n\t<meta name=\"twitter:label2\" content=\"Est. reading time\" \/>\n\t<meta name=\"twitter:data2\" content=\"2 minuti\" \/>\n<script type=\"application\/ld+json\" class=\"yoast-schema-graph\">{\"@context\":\"https:\/\/schema.org\",\"@graph\":[{\"@type\":\"WebPage\",\"@id\":\"https:\/\/www.intoscana.it\/it\/pinhdar-concerto-pisa-caracol\/\",\"url\":\"https:\/\/www.intoscana.it\/it\/pinhdar-concerto-pisa-caracol\/\",\"name\":\"Benvenuti in un'altra dimensione: il \\\"trip-hop\\\" dei PINHDAR in concerto a Pisa - intoscana\",\"isPartOf\":{\"@id\":\"https:\/\/www.intoscana.it\/it\/#website\"},\"primaryImageOfPage\":{\"@id\":\"https:\/\/www.intoscana.it\/it\/pinhdar-concerto-pisa-caracol\/#primaryimage\"},\"image\":{\"@id\":\"https:\/\/www.intoscana.it\/it\/pinhdar-concerto-pisa-caracol\/#primaryimage\"},\"thumbnailUrl\":\"https:\/\/www.intoscana.it\/wp-content\/uploads\/PINHDAR-4-scaled-1-scaled.jpg\",\"datePublished\":\"2022-05-03T08:06:30+00:00\",\"author\":{\"@id\":\"https:\/\/www.intoscana.it\/it\/#\/schema\/person\/9223810753230f20bd670fdd322661f8\"},\"description\":\"Sabato 7 maggio al Caracol Contemporanea Casa del Popolo arriva il duo amato da Howie B e formato da Cecilia Miradoli e Max Terenzi\",\"breadcrumb\":{\"@id\":\"https:\/\/www.intoscana.it\/it\/pinhdar-concerto-pisa-caracol\/#breadcrumb\"},\"inLanguage\":\"it-IT\",\"potentialAction\":[{\"@type\":\"ReadAction\",\"target\":[\"https:\/\/www.intoscana.it\/it\/pinhdar-concerto-pisa-caracol\/\"]}]},{\"@type\":\"ImageObject\",\"inLanguage\":\"it-IT\",\"@id\":\"https:\/\/www.intoscana.it\/it\/pinhdar-concerto-pisa-caracol\/#primaryimage\",\"url\":\"https:\/\/www.intoscana.it\/wp-content\/uploads\/PINHDAR-4-scaled-1-scaled.jpg\",\"contentUrl\":\"https:\/\/www.intoscana.it\/wp-content\/uploads\/PINHDAR-4-scaled-1-scaled.jpg\",\"width\":2048,\"height\":1448},{\"@type\":\"BreadcrumbList\",\"@id\":\"https:\/\/www.intoscana.it\/it\/pinhdar-concerto-pisa-caracol\/#breadcrumb\",\"itemListElement\":[{\"@type\":\"ListItem\",\"position\":1,\"name\":\"Home\",\"item\":\"https:\/\/www.intoscana.it\/it\/\"},{\"@type\":\"ListItem\",\"position\":2,\"name\":\"Benvenuti in un&#8217;altra dimensione: il &#8220;trip-hop&#8221; dei PINHDAR in concerto a Pisa\"}]},{\"@type\":\"WebSite\",\"@id\":\"https:\/\/www.intoscana.it\/it\/#website\",\"url\":\"https:\/\/www.intoscana.it\/it\/\",\"name\":\"intoscana\",\"description\":\"\",\"potentialAction\":[{\"@type\":\"SearchAction\",\"target\":{\"@type\":\"EntryPoint\",\"urlTemplate\":\"https:\/\/www.intoscana.it\/it\/?s={search_term_string}\"},\"query-input\":{\"@type\":\"PropertyValueSpecification\",\"valueRequired\":true,\"valueName\":\"search_term_string\"}}],\"inLanguage\":\"it-IT\"},{\"@type\":\"Person\",\"@id\":\"https:\/\/www.intoscana.it\/it\/#\/schema\/person\/9223810753230f20bd670fdd322661f8\",\"name\":\"Redazione\",\"url\":\"https:\/\/www.intoscana.it\/it\/author\/redazione\/\"}]}<\/script>\n<!-- \/ Yoast SEO Premium plugin. -->","yoast_head_json":{"title":"Benvenuti in un'altra dimensione: il \"trip-hop\" dei PINHDAR in concerto a Pisa - intoscana","description":"Sabato 7 maggio al Caracol Contemporanea Casa del Popolo arriva il duo amato da Howie B e formato da Cecilia Miradoli e Max Terenzi","robots":{"index":"index","follow":"follow","max-snippet":"max-snippet:-1","max-image-preview":"max-image-preview:large","max-video-preview":"max-video-preview:-1"},"canonical":"https:\/\/www.intoscana.it\/it\/pinhdar-concerto-pisa-caracol\/","og_locale":"it_IT","og_type":"article","og_title":"Benvenuti in un'altra dimensione: il \"trip-hop\" dei PINHDAR in concerto a Pisa","og_description":"Sabato 7 maggio al Caracol Contemporanea Casa del Popolo arriva il duo amato da Howie B e formato da Cecilia Miradoli e Max Terenzi","og_url":"https:\/\/www.intoscana.it\/it\/pinhdar-concerto-pisa-caracol\/","og_site_name":"intoscana","article_publisher":"https:\/\/www.facebook.com\/intoscana.it","article_published_time":"2022-05-03T08:06:30+00:00","og_image":[{"width":2048,"height":1448,"url":"https:\/\/www.intoscana.it\/wp-content\/uploads\/PINHDAR-4-scaled-1-scaled.jpg","type":"image\/jpeg"}],"author":"Redazione","twitter_card":"summary_large_image","twitter_creator":"@intoscana","twitter_site":"@intoscana","twitter_misc":{"Written by":"Redazione","Est. reading time":"2 minuti"},"schema":{"@context":"https:\/\/schema.org","@graph":[{"@type":"WebPage","@id":"https:\/\/www.intoscana.it\/it\/pinhdar-concerto-pisa-caracol\/","url":"https:\/\/www.intoscana.it\/it\/pinhdar-concerto-pisa-caracol\/","name":"Benvenuti in un'altra dimensione: il \"trip-hop\" dei PINHDAR in concerto a Pisa - intoscana","isPartOf":{"@id":"https:\/\/www.intoscana.it\/it\/#website"},"primaryImageOfPage":{"@id":"https:\/\/www.intoscana.it\/it\/pinhdar-concerto-pisa-caracol\/#primaryimage"},"image":{"@id":"https:\/\/www.intoscana.it\/it\/pinhdar-concerto-pisa-caracol\/#primaryimage"},"thumbnailUrl":"https:\/\/www.intoscana.it\/wp-content\/uploads\/PINHDAR-4-scaled-1-scaled.jpg","datePublished":"2022-05-03T08:06:30+00:00","author":{"@id":"https:\/\/www.intoscana.it\/it\/#\/schema\/person\/9223810753230f20bd670fdd322661f8"},"description":"Sabato 7 maggio al Caracol Contemporanea Casa del Popolo arriva il duo amato da Howie B e formato da Cecilia Miradoli e Max Terenzi","breadcrumb":{"@id":"https:\/\/www.intoscana.it\/it\/pinhdar-concerto-pisa-caracol\/#breadcrumb"},"inLanguage":"it-IT","potentialAction":[{"@type":"ReadAction","target":["https:\/\/www.intoscana.it\/it\/pinhdar-concerto-pisa-caracol\/"]}]},{"@type":"ImageObject","inLanguage":"it-IT","@id":"https:\/\/www.intoscana.it\/it\/pinhdar-concerto-pisa-caracol\/#primaryimage","url":"https:\/\/www.intoscana.it\/wp-content\/uploads\/PINHDAR-4-scaled-1-scaled.jpg","contentUrl":"https:\/\/www.intoscana.it\/wp-content\/uploads\/PINHDAR-4-scaled-1-scaled.jpg","width":2048,"height":1448},{"@type":"BreadcrumbList","@id":"https:\/\/www.intoscana.it\/it\/pinhdar-concerto-pisa-caracol\/#breadcrumb","itemListElement":[{"@type":"ListItem","position":1,"name":"Home","item":"https:\/\/www.intoscana.it\/it\/"},{"@type":"ListItem","position":2,"name":"Benvenuti in un&#8217;altra dimensione: il &#8220;trip-hop&#8221; dei PINHDAR in concerto a Pisa"}]},{"@type":"WebSite","@id":"https:\/\/www.intoscana.it\/it\/#website","url":"https:\/\/www.intoscana.it\/it\/","name":"intoscana","description":"","potentialAction":[{"@type":"SearchAction","target":{"@type":"EntryPoint","urlTemplate":"https:\/\/www.intoscana.it\/it\/?s={search_term_string}"},"query-input":{"@type":"PropertyValueSpecification","valueRequired":true,"valueName":"search_term_string"}}],"inLanguage":"it-IT"},{"@type":"Person","@id":"https:\/\/www.intoscana.it\/it\/#\/schema\/person\/9223810753230f20bd670fdd322661f8","name":"Redazione","url":"https:\/\/www.intoscana.it\/it\/author\/redazione\/"}]}},"_links":{"self":[{"href":"https:\/\/www.intoscana.it\/it\/wp-json\/wp\/v2\/posts\/226646","targetHints":{"allow":["GET"]}}],"collection":[{"href":"https:\/\/www.intoscana.it\/it\/wp-json\/wp\/v2\/posts"}],"about":[{"href":"https:\/\/www.intoscana.it\/it\/wp-json\/wp\/v2\/types\/post"}],"author":[{"embeddable":true,"href":"https:\/\/www.intoscana.it\/it\/wp-json\/wp\/v2\/users\/525"}],"replies":[{"embeddable":true,"href":"https:\/\/www.intoscana.it\/it\/wp-json\/wp\/v2\/comments?post=226646"}],"version-history":[{"count":0,"href":"https:\/\/www.intoscana.it\/it\/wp-json\/wp\/v2\/posts\/226646\/revisions"}],"wp:featuredmedia":[{"embeddable":true,"href":"https:\/\/www.intoscana.it\/it\/wp-json\/wp\/v2\/media\/226630"}],"wp:attachment":[{"href":"https:\/\/www.intoscana.it\/it\/wp-json\/wp\/v2\/media?parent=226646"}],"wp:term":[{"taxonomy":"category","embeddable":true,"href":"https:\/\/www.intoscana.it\/it\/wp-json\/wp\/v2\/categories?post=226646"},{"taxonomy":"post_tag","embeddable":true,"href":"https:\/\/www.intoscana.it\/it\/wp-json\/wp\/v2\/tags?post=226646"}],"curies":[{"name":"wp","href":"https:\/\/api.w.org\/{rel}","templated":true}]}}