{"id":226907,"date":"2022-05-04T16:48:15","date_gmt":"2022-05-04T14:48:15","guid":{"rendered":"https:\/\/www.intoscana.it\/it\/?p=226907"},"modified":"2022-05-04T16:48:15","modified_gmt":"2022-05-04T14:48:15","slug":"unione-vini-italiani-sceglie-lamberto-frescobaldi-presidente","status":"publish","type":"post","link":"https:\/\/www.intoscana.it\/it\/unione-vini-italiani-sceglie-lamberto-frescobaldi-presidente\/","title":{"rendered":"L&#8217;Unione italiana vini sceglie Lamberto Frescobaldi per puntare sulla sostenibilit\u00e0"},"content":{"rendered":"<p>Lamberto Frescobaldi \u00e8 il nuovo presidente di <strong>Unione italiana vini<\/strong> (Uiv). La Toscana del vino esulta per la nomina dell&#8217;erede della storica casata di viticoltori: si pensi che rappresenta la 30esima generazione. L&#8217;elezione di Frescobaldi \u00e8 avvenuta a Roma: \u00e8 stato eletto all\u2019unanimit\u00e0 dal Consiglio nazionale. La nomina \u00e8 avvenuta in occasione dell\u2019assemblea generale della principale associazione del settore.<\/p>\n<p>Il presidente della Marchesi Frescobaldi succede a <strong>Ernesto Abbona<\/strong>. Sar\u00e0 affiancato dai vicepresidenti <strong>Chiara Lungarotti<\/strong> (amministratore unico delle Cantine Lungarotti) e <strong>Sandro Sartor<\/strong> (AD Ruffino Group e regione Emea di Constellation Brands).<\/p>\n<p>\u201c<em>Tra le priorit\u00e0 del prossimo mandato<\/em> \u2013 ha detto <strong>Lamberto Frescobaldi<\/strong> \u2013 <em>vi \u00e8 certamente quella di dare continuit\u00e0 all\u2019attivit\u00e0 dei miei predecessori, che hanno fatto di Unione italiana vini una organizzazione in grado di coinvolgere e rappresentare in maniera organica tutte le componenti della filiera produttiva. Saremo particolarmente attenti sia in ambito nazionale che internazionale ai temi caldi del settore, a partire da quelli legati alla salute fino ai vini sostenibili, che con la nuova norma unica hanno la possibilit\u00e0 di dare una risposta concreta a un aspetto in altri settori abusato e oggetto di greenwashing. Vorremmo infine riuscire a dare un\u2019identit\u00e0 a una parte cospicua di quel 50% di vino italiano non a denominazione<\/em>\u201d.<\/p>\n<figure id=\"post-226909 media-226909\" class=\"align-none\"><img decoding=\"async\" src=\"https:\/\/www.intoscana.it\/wp-content\/uploads\/Nipozzano-3-Media.jpeg\" alt=\"\" \/><\/figure>\n<div class=\"titleimg\">Lamberto Frescobaldi a Nipozzano &#8211; \u00a9 Frescobaldi<\/div>\n<h3>Una vita nel segno del vino<\/h3>\n<p><strong>Lamberto Frescobaldi<\/strong>, fiorentino, rappresenta la trentesima generazione di viticoltori della famiglia. Laurea in viticoltura all\u2019Universit\u00e0 di Davis, California, guida un\u2019azienda \u2013 la <a href=\"https:\/\/www.frescobaldi.com\/it\" target=\"_blank\" rel=\"noopener\">Marchesi Frescobaldi<\/a> &#8211; di circa <strong>1.500 ettari vitati<\/strong> suddivisi nelle varie Tenute in Toscana e in Friuli. <strong>Accademico dei Georgofili<\/strong>, il nuovo presidente Uiv (gi\u00e0 vicepresidente) ha anche sviluppato la collaborazione con <a href=\"https:\/\/www.intoscana.it\/it\/articolo\/frescobaldi-non-solo-gorgona-potrebbe-produrre-vino-anche-a-pianosa\/\" target=\"_blank\" rel=\"noopener\"><strong>l\u2019Istituto di Pena dell\u2019Isola della Gorgona<\/strong><\/a> per la produzione di vini all\u2019interno del carcere.<\/p>\n<h3>Il ruolo dell&#8217;Unione italiana vini<\/h3>\n<p>L&#8217;Unione italiana vini <strong>conta oggi circa 730 soci<\/strong> in rappresentanza di pi\u00f9 di <strong>150mila viticoltori<\/strong> e <strong>oltre l\u201985% del fatturato<\/strong> italiano di vino. L\u2019associazione, attiva dal 1895, \u00e8 composta oggi da circa <strong>un centinaio di addetti<\/strong> tra Roma, Milano e Verona.<\/p>\n<h3>Dalla Toscana il sostegno a Frescobaldi<\/h3>\n<p style=\"font-weight: 400;\">\u201c<em>E&#8217; una persona di grande esperienza, siamo molto soddisfatti\u201d<\/em>: questo il commento il presidente di Confagricoltura Toscana <strong>Marco Neri<\/strong> dopo l&#8217;elezione di Frescobaldi. \u201c<em>Rappresenta una garanzia per l&#8217;intero settore<\/em> &#8211; ha aggiunto Neri -. <em>La sua elezione a presidente dell&#8217;Unione italiana vini porter\u00e0 vantaggi a tutto il comparto. Da parte nostra la collaborazione sar\u00e0 massima<\/em>\u201d.<\/p>\n<div dir=\"auto\"><span style=\"font-family: georgia, serif;\">\u201c<em>Per noi\u00a0la nomina di Lamberto\u00a0<span class=\"il\">Frescobaldi<\/span> \u00e8 un orgoglio. Lamberto, nostro storico socio, \u00e8 una persona di grande affidabilit\u00e0, conosce benissimo il settore e interpreta al meglio i suoi ideali. E rappresenta l&#8217;eccellenza della Toscana. Siamo felicissimi<\/em>\u201d: c<\/span><span style=\"font-family: georgia, serif;\">os\u00ec il presidente del Consorzio Vino Chianti <strong>Giovanni Busi<\/strong>. &#8220;<\/span><span style=\"font-family: georgia, serif;\"><em>La Toscana \u00e8 ancora una volta terra di grandi uomini. Riusciremo a portare avanti insieme un percorso di crescita per tutto il comparto<\/em>\u201d assicura Busi.<\/span><\/div>\n","protected":false},"excerpt":{"rendered":"<p>Il discendente della storica casata vinicola fiorentina alla guida dell&#8217;associazione che conta 730 soci e rappresenta pi\u00f9 di 150mila viticoltori<\/p>\n","protected":false},"author":554,"featured_media":226914,"comment_status":"open","ping_status":"open","sticky":false,"template":"","format":"standard","meta":{"_acf_changed":false,"footnotes":""},"categories":[8],"tags":[371,224],"class_list":["post-226907","post","type-post","status-publish","format-standard","has-post-thumbnail","hentry","category-enogastronomia","tag-sostenibilita","tag-vino"],"acf":[],"yoast_head":"<!-- This site is optimized with the Yoast SEO Premium plugin v24.2 (Yoast SEO v25.6) - https:\/\/yoast.com\/wordpress\/plugins\/seo\/ -->\n<title>L&#039;Unione vini italiani sceglie Lamberto Frescobaldi - intoscana<\/title>\n<meta name=\"description\" content=\"Il discendente della storica casata vinicola fiorentina alla guida dell&#039;associazione che conta 730 soci e rappresenta 150mila viticoltori\" \/>\n<meta name=\"robots\" content=\"index, follow, max-snippet:-1, max-image-preview:large, max-video-preview:-1\" \/>\n<link rel=\"canonical\" href=\"https:\/\/www.intoscana.it\/it\/unione-vini-italiani-sceglie-lamberto-frescobaldi-presidente\/\" \/>\n<meta property=\"og:locale\" content=\"it_IT\" \/>\n<meta property=\"og:type\" content=\"article\" \/>\n<meta property=\"og:title\" content=\"L&#039;Unione italiana vini sceglie Lamberto Frescobaldi per puntare sulla sostenibilit\u00e0\" \/>\n<meta property=\"og:description\" content=\"Il discendente della storica casata vinicola fiorentina alla guida dell&#039;associazione che conta 730 soci e rappresenta 150mila viticoltori\" \/>\n<meta property=\"og:url\" content=\"https:\/\/www.intoscana.it\/it\/unione-vini-italiani-sceglie-lamberto-frescobaldi-presidente\/\" \/>\n<meta property=\"og:site_name\" content=\"intoscana\" \/>\n<meta property=\"article:publisher\" content=\"https:\/\/www.facebook.com\/intoscana.it\" \/>\n<meta property=\"article:published_time\" content=\"2022-05-04T14:48:15+00:00\" \/>\n<meta property=\"og:image\" content=\"https:\/\/www.intoscana.it\/wp-content\/uploads\/Lamberto-Frescobaldi_presidente-Uiv-scaled-e1651657189506.jpg\" \/>\n\t<meta property=\"og:image:width\" content=\"1365\" \/>\n\t<meta property=\"og:image:height\" content=\"1008\" \/>\n\t<meta property=\"og:image:type\" content=\"image\/jpeg\" \/>\n<meta name=\"author\" content=\"Raffaella Galamini\" \/>\n<meta name=\"twitter:card\" content=\"summary_large_image\" \/>\n<meta name=\"twitter:creator\" content=\"@orio\" \/>\n<meta name=\"twitter:site\" content=\"@intoscana\" \/>\n<meta name=\"twitter:label1\" content=\"Written by\" \/>\n\t<meta name=\"twitter:data1\" content=\"Raffaella Galamini\" \/>\n\t<meta name=\"twitter:label2\" content=\"Est. reading time\" \/>\n\t<meta name=\"twitter:data2\" content=\"2 minuti\" \/>\n<script type=\"application\/ld+json\" class=\"yoast-schema-graph\">{\"@context\":\"https:\/\/schema.org\",\"@graph\":[{\"@type\":\"WebPage\",\"@id\":\"https:\/\/www.intoscana.it\/it\/unione-vini-italiani-sceglie-lamberto-frescobaldi-presidente\/\",\"url\":\"https:\/\/www.intoscana.it\/it\/unione-vini-italiani-sceglie-lamberto-frescobaldi-presidente\/\",\"name\":\"L'Unione vini italiani sceglie Lamberto Frescobaldi - intoscana\",\"isPartOf\":{\"@id\":\"https:\/\/www.intoscana.it\/it\/#website\"},\"primaryImageOfPage\":{\"@id\":\"https:\/\/www.intoscana.it\/it\/unione-vini-italiani-sceglie-lamberto-frescobaldi-presidente\/#primaryimage\"},\"image\":{\"@id\":\"https:\/\/www.intoscana.it\/it\/unione-vini-italiani-sceglie-lamberto-frescobaldi-presidente\/#primaryimage\"},\"thumbnailUrl\":\"https:\/\/www.intoscana.it\/wp-content\/uploads\/Lamberto-Frescobaldi_presidente-Uiv-scaled-e1651657189506.jpg\",\"datePublished\":\"2022-05-04T14:48:15+00:00\",\"author\":{\"@id\":\"https:\/\/www.intoscana.it\/it\/#\/schema\/person\/9eb9daa846a49fe51af39a73d9d1986b\"},\"description\":\"Il discendente della storica casata vinicola fiorentina alla guida dell'associazione che conta 730 soci e rappresenta 150mila viticoltori\",\"breadcrumb\":{\"@id\":\"https:\/\/www.intoscana.it\/it\/unione-vini-italiani-sceglie-lamberto-frescobaldi-presidente\/#breadcrumb\"},\"inLanguage\":\"it-IT\",\"potentialAction\":[{\"@type\":\"ReadAction\",\"target\":[\"https:\/\/www.intoscana.it\/it\/unione-vini-italiani-sceglie-lamberto-frescobaldi-presidente\/\"]}]},{\"@type\":\"ImageObject\",\"inLanguage\":\"it-IT\",\"@id\":\"https:\/\/www.intoscana.it\/it\/unione-vini-italiani-sceglie-lamberto-frescobaldi-presidente\/#primaryimage\",\"url\":\"https:\/\/www.intoscana.it\/wp-content\/uploads\/Lamberto-Frescobaldi_presidente-Uiv-scaled-e1651657189506.jpg\",\"contentUrl\":\"https:\/\/www.intoscana.it\/wp-content\/uploads\/Lamberto-Frescobaldi_presidente-Uiv-scaled-e1651657189506.jpg\",\"width\":1365,\"height\":1008,\"caption\":\"Lamberto Frescobaldi\"},{\"@type\":\"BreadcrumbList\",\"@id\":\"https:\/\/www.intoscana.it\/it\/unione-vini-italiani-sceglie-lamberto-frescobaldi-presidente\/#breadcrumb\",\"itemListElement\":[{\"@type\":\"ListItem\",\"position\":1,\"name\":\"Home\",\"item\":\"https:\/\/www.intoscana.it\/it\/\"},{\"@type\":\"ListItem\",\"position\":2,\"name\":\"L&#8217;Unione italiana vini sceglie Lamberto Frescobaldi per puntare sulla sostenibilit\u00e0\"}]},{\"@type\":\"WebSite\",\"@id\":\"https:\/\/www.intoscana.it\/it\/#website\",\"url\":\"https:\/\/www.intoscana.it\/it\/\",\"name\":\"intoscana\",\"description\":\"\",\"potentialAction\":[{\"@type\":\"SearchAction\",\"target\":{\"@type\":\"EntryPoint\",\"urlTemplate\":\"https:\/\/www.intoscana.it\/it\/?s={search_term_string}\"},\"query-input\":{\"@type\":\"PropertyValueSpecification\",\"valueRequired\":true,\"valueName\":\"search_term_string\"}}],\"inLanguage\":\"it-IT\"},{\"@type\":\"Person\",\"@id\":\"https:\/\/www.intoscana.it\/it\/#\/schema\/person\/9eb9daa846a49fe51af39a73d9d1986b\",\"name\":\"Raffaella Galamini\",\"sameAs\":[\"https:\/\/x.com\/orio\"],\"url\":\"https:\/\/www.intoscana.it\/it\/author\/r-galamini\/\"}]}<\/script>\n<!-- \/ Yoast SEO Premium plugin. -->","yoast_head_json":{"title":"L'Unione vini italiani sceglie Lamberto Frescobaldi - intoscana","description":"Il discendente della storica casata vinicola fiorentina alla guida dell'associazione che conta 730 soci e rappresenta 150mila viticoltori","robots":{"index":"index","follow":"follow","max-snippet":"max-snippet:-1","max-image-preview":"max-image-preview:large","max-video-preview":"max-video-preview:-1"},"canonical":"https:\/\/www.intoscana.it\/it\/unione-vini-italiani-sceglie-lamberto-frescobaldi-presidente\/","og_locale":"it_IT","og_type":"article","og_title":"L'Unione italiana vini sceglie Lamberto Frescobaldi per puntare sulla sostenibilit\u00e0","og_description":"Il discendente della storica casata vinicola fiorentina alla guida dell'associazione che conta 730 soci e rappresenta 150mila viticoltori","og_url":"https:\/\/www.intoscana.it\/it\/unione-vini-italiani-sceglie-lamberto-frescobaldi-presidente\/","og_site_name":"intoscana","article_publisher":"https:\/\/www.facebook.com\/intoscana.it","article_published_time":"2022-05-04T14:48:15+00:00","og_image":[{"width":1365,"height":1008,"url":"https:\/\/www.intoscana.it\/wp-content\/uploads\/Lamberto-Frescobaldi_presidente-Uiv-scaled-e1651657189506.jpg","type":"image\/jpeg"}],"author":"Raffaella Galamini","twitter_card":"summary_large_image","twitter_creator":"@orio","twitter_site":"@intoscana","twitter_misc":{"Written by":"Raffaella Galamini","Est. reading time":"2 minuti"},"schema":{"@context":"https:\/\/schema.org","@graph":[{"@type":"WebPage","@id":"https:\/\/www.intoscana.it\/it\/unione-vini-italiani-sceglie-lamberto-frescobaldi-presidente\/","url":"https:\/\/www.intoscana.it\/it\/unione-vini-italiani-sceglie-lamberto-frescobaldi-presidente\/","name":"L'Unione vini italiani sceglie Lamberto Frescobaldi - intoscana","isPartOf":{"@id":"https:\/\/www.intoscana.it\/it\/#website"},"primaryImageOfPage":{"@id":"https:\/\/www.intoscana.it\/it\/unione-vini-italiani-sceglie-lamberto-frescobaldi-presidente\/#primaryimage"},"image":{"@id":"https:\/\/www.intoscana.it\/it\/unione-vini-italiani-sceglie-lamberto-frescobaldi-presidente\/#primaryimage"},"thumbnailUrl":"https:\/\/www.intoscana.it\/wp-content\/uploads\/Lamberto-Frescobaldi_presidente-Uiv-scaled-e1651657189506.jpg","datePublished":"2022-05-04T14:48:15+00:00","author":{"@id":"https:\/\/www.intoscana.it\/it\/#\/schema\/person\/9eb9daa846a49fe51af39a73d9d1986b"},"description":"Il discendente della storica casata vinicola fiorentina alla guida dell'associazione che conta 730 soci e rappresenta 150mila viticoltori","breadcrumb":{"@id":"https:\/\/www.intoscana.it\/it\/unione-vini-italiani-sceglie-lamberto-frescobaldi-presidente\/#breadcrumb"},"inLanguage":"it-IT","potentialAction":[{"@type":"ReadAction","target":["https:\/\/www.intoscana.it\/it\/unione-vini-italiani-sceglie-lamberto-frescobaldi-presidente\/"]}]},{"@type":"ImageObject","inLanguage":"it-IT","@id":"https:\/\/www.intoscana.it\/it\/unione-vini-italiani-sceglie-lamberto-frescobaldi-presidente\/#primaryimage","url":"https:\/\/www.intoscana.it\/wp-content\/uploads\/Lamberto-Frescobaldi_presidente-Uiv-scaled-e1651657189506.jpg","contentUrl":"https:\/\/www.intoscana.it\/wp-content\/uploads\/Lamberto-Frescobaldi_presidente-Uiv-scaled-e1651657189506.jpg","width":1365,"height":1008,"caption":"Lamberto Frescobaldi"},{"@type":"BreadcrumbList","@id":"https:\/\/www.intoscana.it\/it\/unione-vini-italiani-sceglie-lamberto-frescobaldi-presidente\/#breadcrumb","itemListElement":[{"@type":"ListItem","position":1,"name":"Home","item":"https:\/\/www.intoscana.it\/it\/"},{"@type":"ListItem","position":2,"name":"L&#8217;Unione italiana vini sceglie Lamberto Frescobaldi per puntare sulla sostenibilit\u00e0"}]},{"@type":"WebSite","@id":"https:\/\/www.intoscana.it\/it\/#website","url":"https:\/\/www.intoscana.it\/it\/","name":"intoscana","description":"","potentialAction":[{"@type":"SearchAction","target":{"@type":"EntryPoint","urlTemplate":"https:\/\/www.intoscana.it\/it\/?s={search_term_string}"},"query-input":{"@type":"PropertyValueSpecification","valueRequired":true,"valueName":"search_term_string"}}],"inLanguage":"it-IT"},{"@type":"Person","@id":"https:\/\/www.intoscana.it\/it\/#\/schema\/person\/9eb9daa846a49fe51af39a73d9d1986b","name":"Raffaella Galamini","sameAs":["https:\/\/x.com\/orio"],"url":"https:\/\/www.intoscana.it\/it\/author\/r-galamini\/"}]}},"_links":{"self":[{"href":"https:\/\/www.intoscana.it\/it\/wp-json\/wp\/v2\/posts\/226907","targetHints":{"allow":["GET"]}}],"collection":[{"href":"https:\/\/www.intoscana.it\/it\/wp-json\/wp\/v2\/posts"}],"about":[{"href":"https:\/\/www.intoscana.it\/it\/wp-json\/wp\/v2\/types\/post"}],"author":[{"embeddable":true,"href":"https:\/\/www.intoscana.it\/it\/wp-json\/wp\/v2\/users\/554"}],"replies":[{"embeddable":true,"href":"https:\/\/www.intoscana.it\/it\/wp-json\/wp\/v2\/comments?post=226907"}],"version-history":[{"count":0,"href":"https:\/\/www.intoscana.it\/it\/wp-json\/wp\/v2\/posts\/226907\/revisions"}],"wp:featuredmedia":[{"embeddable":true,"href":"https:\/\/www.intoscana.it\/it\/wp-json\/wp\/v2\/media\/226914"}],"wp:attachment":[{"href":"https:\/\/www.intoscana.it\/it\/wp-json\/wp\/v2\/media?parent=226907"}],"wp:term":[{"taxonomy":"category","embeddable":true,"href":"https:\/\/www.intoscana.it\/it\/wp-json\/wp\/v2\/categories?post=226907"},{"taxonomy":"post_tag","embeddable":true,"href":"https:\/\/www.intoscana.it\/it\/wp-json\/wp\/v2\/tags?post=226907"}],"curies":[{"name":"wp","href":"https:\/\/api.w.org\/{rel}","templated":true}]}}