{"id":226937,"date":"2022-05-04T12:18:14","date_gmt":"2022-05-04T10:18:14","guid":{"rendered":"https:\/\/www.intoscana.it\/it\/?p=226937"},"modified":"2022-05-05T11:23:58","modified_gmt":"2022-05-05T09:23:58","slug":"covid-19-in-toscana-2-521-nuovi-casi-eta-media-44-anni-i-decessi-sono-13","status":"publish","type":"post","link":"https:\/\/www.intoscana.it\/it\/covid-19-in-toscana-2-521-nuovi-casi-eta-media-44-anni-i-decessi-sono-13\/","title":{"rendered":"Covid-19: in Toscana 2.521 nuovi casi, et\u00e0 media 44 anni. I decessi sono 13"},"content":{"rendered":"<p>In Toscana sono 1.106.846 i casi di positivit\u00e0 al Coronavirus,<strong> 2.521 in pi\u00f9 rispetto a ieri<\/strong> (661 confermati con tampone molecolare e 1.860 da test rapido antigenico). I nuovi casi sono lo 0,2% in pi\u00f9 rispetto al totale del giorno precedente. I guariti crescono dello 0,4% e raggiungono quota 1.050.707 (94,9% dei casi totali).<\/p>\n<p>Oggi sono stati eseguiti<strong> 3.112 tamponi molecolari e 16.128 tamponi antigenici rapidi,<\/strong> di questi il 13,1% \u00e8 risultato positivo. Sono invece 3.704 i soggetti testati oggi (con tampone antigenico e\/o molecolare, escludendo i tamponi di controllo), di cui il 68,1% \u00e8 risultato positivo.<\/p>\n<p><strong>Gli attualmente positivi sono oggi 46.247,<\/strong> -2,9% rispetto a ieri. I ricoverati sono 592 (24 in meno rispetto a ieri), di cui 25 in terapia intensiva (3 in pi\u00f9). Oggi si registrano<strong> 13 nuovi decessi: 6 uomini e 7 donne<\/strong> con un&#8217;et\u00e0 media di 81,8 anni.<\/p>\n<p>L&#8217;et\u00e0 media dei 2.521 nuovi positivi odierni \u00e8 di<strong> 44 anni circa<\/strong> (18% ha meno di 20 anni, 20% tra 20 e 39 anni, 29% tra 40 e 59 anni, 23% tra 60 e 79 anni, 10% ha 80 anni o pi\u00f9).<\/p>\n<h3>I casi di positivit\u00e0 sul territorio<\/h3>\n<p>Di seguito i casi di positivit\u00e0 sul territorio con la variazione rispetto a ieri (661 confermati con tampone molecolare e 1.860 da test rapido antigenico). Sono<strong> 308.520 i casi complessivi ad oggi a Firenze<\/strong> (680 in pi\u00f9 rispetto a ieri), 76.215 a Prato (122 in pi\u00f9), 88.985 a Pistoia (177 in pi\u00f9), 54.222 a Massa (126 in pi\u00f9), 116.154 a Lucca (260 in pi\u00f9), 126.842 a Pisa (338 in pi\u00f9), 97.944 a Livorno (246 in pi\u00f9), 101.365 ad Arezzo (195 in pi\u00f9), 77.302 a Siena (231 in pi\u00f9), 58.742 a Grosseto (146 in pi\u00f9). Sono 555 i casi positivi notificati in Toscana, ma residenti in altre regioni.<\/p>\n<p><strong>Sono 1.009 i casi riscontrati oggi nell&#8217;Asl Centro<\/strong>, 940 nella Nord Ovest, 572 nella Sud est.<\/p>\n<p>La Toscana si trova al 7\u00b0 posto in Italia come numerosit\u00e0 di casi (comprensivi di residenti e non residenti), con circa 29.973 casi per 100.000 abitanti (media italiana circa 28.000 x100.000, dato di ieri). Le province di notifica con il tasso pi\u00f9 alto sono Firenze con 30.900 casi x100.000 abitanti, Pistoia con 30.659, Pisa con 30.346, la pi\u00f9 bassa Grosseto con 26.965.<\/p>\n<p>Complessivamente, <strong>45.655 persone sono in isolamento a casa,<\/strong> poich\u00e9 presentano sintomi lievi che non richiedono cure ospedaliere, o risultano prive di sintomi (1.334 in meno rispetto a ieri, meno 2,8%).<\/p>\n<p><strong>Le persone ricoverate<\/strong> nei posti letto dedicati ai pazienti COVID oggi <strong>sono complessivamente 592<\/strong> (24 in meno rispetto a ieri, meno 3,9%),<strong> 25 in terapia intensiva<\/strong> (3 in pi\u00f9 rispetto a ieri, pi\u00f9 13,6%).<\/p>\n<p><strong>Le persone complessivamente guarite sono 1.050.707<\/strong> (3.866 in pi\u00f9 rispetto a ieri, pi\u00f9 0,4%): 0 persone clinicamente guarite (stabili rispetto a ieri), divenute cio\u00e8 asintomatiche dopo aver presentato manifestazioni cliniche associate all&#8217;infezione e 1.050.707 (3.866 in pi\u00f9 rispetto a ieri, pi\u00f9 0,4%) dichiarate guarite a tutti gli effetti, le cosiddette guarigioni virali, con tampone negativo.<\/p>\n<h3>I decessi<\/h3>\n<p>Relativamente alla provincia di residenza, <strong>le 13 persone decedute<\/strong> sono: 1 a Firenze, 1 a Prato, 3 a Pistoia, 1 a Massa Carrara, 1 a Lucca, 2 a Pisa, 2 a Livorno, 1 a Arezzo, 1 a Grosseto.<\/p>\n<p><strong>Sono 9.892 i deceduti dall&#8217;inizio dell&#8217;epidemia<\/strong> cosi ripartiti: 3.113 a Firenze, 824 a Prato, 890 a Pistoia, 647 a Massa Carrara, 920 a Lucca, 1.075 a Pisa, 724 a Livorno, 651 ad Arezzo, 529 a Siena, 384 a Grosseto, 135 persone sono decedute sul suolo toscano ma erano residenti fuori regione.<\/p>\n<p>Il tasso grezzo di mortalit\u00e0 toscano (numero di deceduti\/popolazione residente) per Covid-19 \u00e8 di 267,9 x100.000 residenti contro il 276,7 x100.000 della media italiana (10\u00b0 regione). Per quanto riguarda le province, il tasso di mortalit\u00e0 pi\u00f9 alto si riscontra a Massa Carrara (340,8 x100.000), Firenze (311,8 x100.000) e Prato (310,6 x100.000), il pi\u00f9 basso a Grosseto (176,3 x100.000).<\/p>\n","protected":false},"excerpt":{"rendered":"<p>Oggi sono stati eseguiti 3.112 tamponi molecolari e 16.128 tamponi antigenici rapidi, di questi il 13,1% \u00e8 risultato positivo<\/p>\n","protected":false},"author":525,"featured_media":181172,"comment_status":"open","ping_status":"open","sticky":false,"template":"","format":"standard","meta":{"_acf_changed":false,"footnotes":""},"categories":[494],"tags":[4868,418],"class_list":["post-226937","post","type-post","status-publish","format-standard","has-post-thumbnail","hentry","category-attualita","tag-bollettino-covid-toscana","tag-covid-19"],"acf":[],"yoast_head":"<!-- This site is optimized with the Yoast SEO Premium plugin v24.2 (Yoast SEO v25.6) - https:\/\/yoast.com\/wordpress\/plugins\/seo\/ -->\n<title>Covid-19: in Toscana 2.521 nuovi casi, et\u00e0 media 44 anni. I decessi sono 13 - intoscana<\/title>\n<meta name=\"description\" content=\"Oggi sono stati eseguiti 3.112 tamponi molecolari e 16.128 tamponi antigenici rapidi, di questi il 13,1% \u00e8 risultato positivo\" \/>\n<meta name=\"robots\" content=\"index, follow, max-snippet:-1, max-image-preview:large, max-video-preview:-1\" \/>\n<link rel=\"canonical\" href=\"https:\/\/www.intoscana.it\/it\/covid-19-in-toscana-2-521-nuovi-casi-eta-media-44-anni-i-decessi-sono-13\/\" \/>\n<meta property=\"og:locale\" content=\"it_IT\" \/>\n<meta property=\"og:type\" content=\"article\" \/>\n<meta property=\"og:title\" content=\"Covid-19: in Toscana 2.521 nuovi casi, et\u00e0 media 44 anni. I decessi sono 13\" \/>\n<meta property=\"og:description\" content=\"Oggi sono stati eseguiti 3.112 tamponi molecolari e 16.128 tamponi antigenici rapidi, di questi il 13,1% \u00e8 risultato positivo\" \/>\n<meta property=\"og:url\" content=\"https:\/\/www.intoscana.it\/it\/covid-19-in-toscana-2-521-nuovi-casi-eta-media-44-anni-i-decessi-sono-13\/\" \/>\n<meta property=\"og:site_name\" content=\"intoscana\" \/>\n<meta property=\"article:publisher\" content=\"https:\/\/www.facebook.com\/intoscana.it\" \/>\n<meta property=\"article:published_time\" content=\"2022-05-04T10:18:14+00:00\" \/>\n<meta property=\"article:modified_time\" content=\"2022-05-05T09:23:58+00:00\" \/>\n<meta property=\"og:image\" content=\"https:\/\/www.intoscana.it\/wp-content\/uploads\/Ragazza-con-mascherina-Zach-Vessels-Unsplash.jpg\" \/>\n\t<meta property=\"og:image:width\" content=\"1920\" \/>\n\t<meta property=\"og:image:height\" content=\"1080\" \/>\n\t<meta property=\"og:image:type\" content=\"image\/jpeg\" \/>\n<meta name=\"author\" content=\"Redazione\" \/>\n<meta name=\"twitter:card\" content=\"summary_large_image\" \/>\n<meta name=\"twitter:creator\" content=\"@intoscana\" \/>\n<meta name=\"twitter:site\" content=\"@intoscana\" \/>\n<meta name=\"twitter:label1\" content=\"Written by\" \/>\n\t<meta name=\"twitter:data1\" content=\"Redazione\" \/>\n\t<meta name=\"twitter:label2\" content=\"Est. reading time\" \/>\n\t<meta name=\"twitter:data2\" content=\"3 minuti\" \/>\n<script type=\"application\/ld+json\" class=\"yoast-schema-graph\">{\"@context\":\"https:\/\/schema.org\",\"@graph\":[{\"@type\":\"WebPage\",\"@id\":\"https:\/\/www.intoscana.it\/it\/covid-19-in-toscana-2-521-nuovi-casi-eta-media-44-anni-i-decessi-sono-13\/\",\"url\":\"https:\/\/www.intoscana.it\/it\/covid-19-in-toscana-2-521-nuovi-casi-eta-media-44-anni-i-decessi-sono-13\/\",\"name\":\"Covid-19: in Toscana 2.521 nuovi casi, et\u00e0 media 44 anni. I decessi sono 13 - intoscana\",\"isPartOf\":{\"@id\":\"https:\/\/www.intoscana.it\/it\/#website\"},\"primaryImageOfPage\":{\"@id\":\"https:\/\/www.intoscana.it\/it\/covid-19-in-toscana-2-521-nuovi-casi-eta-media-44-anni-i-decessi-sono-13\/#primaryimage\"},\"image\":{\"@id\":\"https:\/\/www.intoscana.it\/it\/covid-19-in-toscana-2-521-nuovi-casi-eta-media-44-anni-i-decessi-sono-13\/#primaryimage\"},\"thumbnailUrl\":\"https:\/\/www.intoscana.it\/wp-content\/uploads\/Ragazza-con-mascherina-Zach-Vessels-Unsplash.jpg\",\"datePublished\":\"2022-05-04T10:18:14+00:00\",\"dateModified\":\"2022-05-05T09:23:58+00:00\",\"author\":{\"@id\":\"https:\/\/www.intoscana.it\/it\/#\/schema\/person\/9223810753230f20bd670fdd322661f8\"},\"description\":\"Oggi sono stati eseguiti 3.112 tamponi molecolari e 16.128 tamponi antigenici rapidi, di questi il 13,1% \u00e8 risultato positivo\",\"breadcrumb\":{\"@id\":\"https:\/\/www.intoscana.it\/it\/covid-19-in-toscana-2-521-nuovi-casi-eta-media-44-anni-i-decessi-sono-13\/#breadcrumb\"},\"inLanguage\":\"it-IT\",\"potentialAction\":[{\"@type\":\"ReadAction\",\"target\":[\"https:\/\/www.intoscana.it\/it\/covid-19-in-toscana-2-521-nuovi-casi-eta-media-44-anni-i-decessi-sono-13\/\"]}]},{\"@type\":\"ImageObject\",\"inLanguage\":\"it-IT\",\"@id\":\"https:\/\/www.intoscana.it\/it\/covid-19-in-toscana-2-521-nuovi-casi-eta-media-44-anni-i-decessi-sono-13\/#primaryimage\",\"url\":\"https:\/\/www.intoscana.it\/wp-content\/uploads\/Ragazza-con-mascherina-Zach-Vessels-Unsplash.jpg\",\"contentUrl\":\"https:\/\/www.intoscana.it\/wp-content\/uploads\/Ragazza-con-mascherina-Zach-Vessels-Unsplash.jpg\",\"width\":1920,\"height\":1080},{\"@type\":\"BreadcrumbList\",\"@id\":\"https:\/\/www.intoscana.it\/it\/covid-19-in-toscana-2-521-nuovi-casi-eta-media-44-anni-i-decessi-sono-13\/#breadcrumb\",\"itemListElement\":[{\"@type\":\"ListItem\",\"position\":1,\"name\":\"Home\",\"item\":\"https:\/\/www.intoscana.it\/it\/\"},{\"@type\":\"ListItem\",\"position\":2,\"name\":\"Covid-19: in Toscana 2.521 nuovi casi, et\u00e0 media 44 anni. I decessi sono 13\"}]},{\"@type\":\"WebSite\",\"@id\":\"https:\/\/www.intoscana.it\/it\/#website\",\"url\":\"https:\/\/www.intoscana.it\/it\/\",\"name\":\"intoscana\",\"description\":\"\",\"potentialAction\":[{\"@type\":\"SearchAction\",\"target\":{\"@type\":\"EntryPoint\",\"urlTemplate\":\"https:\/\/www.intoscana.it\/it\/?s={search_term_string}\"},\"query-input\":{\"@type\":\"PropertyValueSpecification\",\"valueRequired\":true,\"valueName\":\"search_term_string\"}}],\"inLanguage\":\"it-IT\"},{\"@type\":\"Person\",\"@id\":\"https:\/\/www.intoscana.it\/it\/#\/schema\/person\/9223810753230f20bd670fdd322661f8\",\"name\":\"Redazione\",\"url\":\"https:\/\/www.intoscana.it\/it\/author\/redazione\/\"}]}<\/script>\n<!-- \/ Yoast SEO Premium plugin. -->","yoast_head_json":{"title":"Covid-19: in Toscana 2.521 nuovi casi, et\u00e0 media 44 anni. I decessi sono 13 - intoscana","description":"Oggi sono stati eseguiti 3.112 tamponi molecolari e 16.128 tamponi antigenici rapidi, di questi il 13,1% \u00e8 risultato positivo","robots":{"index":"index","follow":"follow","max-snippet":"max-snippet:-1","max-image-preview":"max-image-preview:large","max-video-preview":"max-video-preview:-1"},"canonical":"https:\/\/www.intoscana.it\/it\/covid-19-in-toscana-2-521-nuovi-casi-eta-media-44-anni-i-decessi-sono-13\/","og_locale":"it_IT","og_type":"article","og_title":"Covid-19: in Toscana 2.521 nuovi casi, et\u00e0 media 44 anni. I decessi sono 13","og_description":"Oggi sono stati eseguiti 3.112 tamponi molecolari e 16.128 tamponi antigenici rapidi, di questi il 13,1% \u00e8 risultato positivo","og_url":"https:\/\/www.intoscana.it\/it\/covid-19-in-toscana-2-521-nuovi-casi-eta-media-44-anni-i-decessi-sono-13\/","og_site_name":"intoscana","article_publisher":"https:\/\/www.facebook.com\/intoscana.it","article_published_time":"2022-05-04T10:18:14+00:00","article_modified_time":"2022-05-05T09:23:58+00:00","og_image":[{"width":1920,"height":1080,"url":"https:\/\/www.intoscana.it\/wp-content\/uploads\/Ragazza-con-mascherina-Zach-Vessels-Unsplash.jpg","type":"image\/jpeg"}],"author":"Redazione","twitter_card":"summary_large_image","twitter_creator":"@intoscana","twitter_site":"@intoscana","twitter_misc":{"Written by":"Redazione","Est. reading time":"3 minuti"},"schema":{"@context":"https:\/\/schema.org","@graph":[{"@type":"WebPage","@id":"https:\/\/www.intoscana.it\/it\/covid-19-in-toscana-2-521-nuovi-casi-eta-media-44-anni-i-decessi-sono-13\/","url":"https:\/\/www.intoscana.it\/it\/covid-19-in-toscana-2-521-nuovi-casi-eta-media-44-anni-i-decessi-sono-13\/","name":"Covid-19: in Toscana 2.521 nuovi casi, et\u00e0 media 44 anni. I decessi sono 13 - intoscana","isPartOf":{"@id":"https:\/\/www.intoscana.it\/it\/#website"},"primaryImageOfPage":{"@id":"https:\/\/www.intoscana.it\/it\/covid-19-in-toscana-2-521-nuovi-casi-eta-media-44-anni-i-decessi-sono-13\/#primaryimage"},"image":{"@id":"https:\/\/www.intoscana.it\/it\/covid-19-in-toscana-2-521-nuovi-casi-eta-media-44-anni-i-decessi-sono-13\/#primaryimage"},"thumbnailUrl":"https:\/\/www.intoscana.it\/wp-content\/uploads\/Ragazza-con-mascherina-Zach-Vessels-Unsplash.jpg","datePublished":"2022-05-04T10:18:14+00:00","dateModified":"2022-05-05T09:23:58+00:00","author":{"@id":"https:\/\/www.intoscana.it\/it\/#\/schema\/person\/9223810753230f20bd670fdd322661f8"},"description":"Oggi sono stati eseguiti 3.112 tamponi molecolari e 16.128 tamponi antigenici rapidi, di questi il 13,1% \u00e8 risultato positivo","breadcrumb":{"@id":"https:\/\/www.intoscana.it\/it\/covid-19-in-toscana-2-521-nuovi-casi-eta-media-44-anni-i-decessi-sono-13\/#breadcrumb"},"inLanguage":"it-IT","potentialAction":[{"@type":"ReadAction","target":["https:\/\/www.intoscana.it\/it\/covid-19-in-toscana-2-521-nuovi-casi-eta-media-44-anni-i-decessi-sono-13\/"]}]},{"@type":"ImageObject","inLanguage":"it-IT","@id":"https:\/\/www.intoscana.it\/it\/covid-19-in-toscana-2-521-nuovi-casi-eta-media-44-anni-i-decessi-sono-13\/#primaryimage","url":"https:\/\/www.intoscana.it\/wp-content\/uploads\/Ragazza-con-mascherina-Zach-Vessels-Unsplash.jpg","contentUrl":"https:\/\/www.intoscana.it\/wp-content\/uploads\/Ragazza-con-mascherina-Zach-Vessels-Unsplash.jpg","width":1920,"height":1080},{"@type":"BreadcrumbList","@id":"https:\/\/www.intoscana.it\/it\/covid-19-in-toscana-2-521-nuovi-casi-eta-media-44-anni-i-decessi-sono-13\/#breadcrumb","itemListElement":[{"@type":"ListItem","position":1,"name":"Home","item":"https:\/\/www.intoscana.it\/it\/"},{"@type":"ListItem","position":2,"name":"Covid-19: in Toscana 2.521 nuovi casi, et\u00e0 media 44 anni. I decessi sono 13"}]},{"@type":"WebSite","@id":"https:\/\/www.intoscana.it\/it\/#website","url":"https:\/\/www.intoscana.it\/it\/","name":"intoscana","description":"","potentialAction":[{"@type":"SearchAction","target":{"@type":"EntryPoint","urlTemplate":"https:\/\/www.intoscana.it\/it\/?s={search_term_string}"},"query-input":{"@type":"PropertyValueSpecification","valueRequired":true,"valueName":"search_term_string"}}],"inLanguage":"it-IT"},{"@type":"Person","@id":"https:\/\/www.intoscana.it\/it\/#\/schema\/person\/9223810753230f20bd670fdd322661f8","name":"Redazione","url":"https:\/\/www.intoscana.it\/it\/author\/redazione\/"}]}},"_links":{"self":[{"href":"https:\/\/www.intoscana.it\/it\/wp-json\/wp\/v2\/posts\/226937","targetHints":{"allow":["GET"]}}],"collection":[{"href":"https:\/\/www.intoscana.it\/it\/wp-json\/wp\/v2\/posts"}],"about":[{"href":"https:\/\/www.intoscana.it\/it\/wp-json\/wp\/v2\/types\/post"}],"author":[{"embeddable":true,"href":"https:\/\/www.intoscana.it\/it\/wp-json\/wp\/v2\/users\/525"}],"replies":[{"embeddable":true,"href":"https:\/\/www.intoscana.it\/it\/wp-json\/wp\/v2\/comments?post=226937"}],"version-history":[{"count":0,"href":"https:\/\/www.intoscana.it\/it\/wp-json\/wp\/v2\/posts\/226937\/revisions"}],"wp:featuredmedia":[{"embeddable":true,"href":"https:\/\/www.intoscana.it\/it\/wp-json\/wp\/v2\/media\/181172"}],"wp:attachment":[{"href":"https:\/\/www.intoscana.it\/it\/wp-json\/wp\/v2\/media?parent=226937"}],"wp:term":[{"taxonomy":"category","embeddable":true,"href":"https:\/\/www.intoscana.it\/it\/wp-json\/wp\/v2\/categories?post=226937"},{"taxonomy":"post_tag","embeddable":true,"href":"https:\/\/www.intoscana.it\/it\/wp-json\/wp\/v2\/tags?post=226937"}],"curies":[{"name":"wp","href":"https:\/\/api.w.org\/{rel}","templated":true}]}}