{"id":226950,"date":"2022-05-04T13:00:24","date_gmt":"2022-05-04T11:00:24","guid":{"rendered":"https:\/\/www.intoscana.it\/it\/?p=226950"},"modified":"2022-05-04T13:00:45","modified_gmt":"2022-05-04T11:00:45","slug":"festival-delle-colline-contest","status":"publish","type":"post","link":"https:\/\/www.intoscana.it\/it\/festival-delle-colline-contest\/","title":{"rendered":"Il Festival delle Colline lancia il &#8220;Sound Bridge Contest&#8221;: chi vince vola in USA"},"content":{"rendered":"<p><strong>Il Comune di Poggio a Caiano,<\/strong> in collaborazione con i Comuni di Prato, Carmignano e Cantagallo e Regione Toscana, nell\u2019ambito del <strong>Festival delle Colline 2022,<\/strong> che da 43 anni porta buona musica \u00a0in Toscana hanno lanciato la prima edizione del <strong>Sound Bridge Contest.<\/strong><\/p>\n<h3>Come partecipare al Sound Bridge Contest<\/h3>\n<p>\u00c8 ammesso <strong>qualsiasi genere musicale, possono partecipare band, musicisti e cantautori di et\u00e0 compresa tra i 16 e i 26 anni,<\/strong> non professionisti o emergenti senza contratto discografico.<\/p>\n<p><strong>L\u2019iscrizione \u00e8 gratuita, facile e veloce<\/strong>: basta scaricare il modulo dal sito <a href=\"http:\/\/www.festivaldellecolline.com\/sound-bridge-contest\" target=\"_blank\" rel=\"noopener\"><strong>www.festivaldellecolline.com\/sound-bridge-contest<\/strong><\/a>, seguire le indicazioni, allegare quanto richiesto, tra cui 3 brani musicali inediti, e mandare il tutto all\u2019indirizzo contest.festivaldellecolline@gmail.com.<\/p>\n<p>Attenzione, <strong>il termine per le iscrizioni scade alla mezzanotte del 10 giugno.<\/strong><\/p>\n<h3>Il premio<\/h3>\n<p>La giuria, composta da musicisti, discografici, esperti del settore musicale e un componente della<strong> Charlottesville Sister Cities Commission,<\/strong> selezioner\u00e0 i cinque finalisti che <strong>venerd\u00ec primo di luglio si daranno battaglia allo spazio Ex Fabrica di Prato<\/strong>. Al termine della serata la giuria stiler\u00e0 quindi la classifica finale.<\/p>\n<p>Il premio per il vincitore, o vincitori, \u00e8 <strong>un concerto a Charlottesville, in Virginia (USA)<\/strong>, citt\u00e0 gemellata con Poggio a Caiano, il prossimo autunno.<\/p>\n<p><strong>Il Festival sosterr\u00e0 le spese di viaggio di ogni componente della band vincitrice<\/strong> (fino ad un massimo di 4 musicisti) e l\u2019alloggio per 3 notti per l\u2019artista\/band presso la citt\u00e0 di Charlottesville.<\/p>\n<figure id=\"post-226951 media-226951\" class=\"align-none\"><img decoding=\"async\" src=\"https:\/\/www.intoscana.it\/wp-content\/uploads\/FDC-CONTEST-BANNER-pic.jpeg\" alt=\"\" \/><\/figure>\n<div class=\"titleimg\"><\/div>\n","protected":false},"excerpt":{"rendered":"<p>Per iscriversi gratuitamente c&#8217;\u00e8 tempo fino alla mezzanotte del 10 giugno, il premio \u00e8 un concerto a Charlottesville in Virginia citt\u00e0 gemellata con Poggio a Caiano<\/p>\n","protected":false},"author":525,"featured_media":226952,"comment_status":"open","ping_status":"open","sticky":false,"template":"","format":"standard","meta":{"_acf_changed":false,"footnotes":""},"categories":[14],"tags":[4652,228,221],"class_list":["post-226950","post","type-post","status-publish","format-standard","has-post-thumbnail","hentry","category-musica","tag-band","tag-festival","tag-giovani"],"acf":[],"yoast_head":"<!-- This site is optimized with the Yoast SEO Premium plugin v24.2 (Yoast SEO v25.6) - https:\/\/yoast.com\/wordpress\/plugins\/seo\/ -->\n<title>Il Festival delle Colline lancia il &quot;Sound Bridge Contest&quot;: chi vince vola in USA - intoscana<\/title>\n<meta name=\"description\" content=\"Per iscriversi gratuitamente c&#039;\u00e8 tempo fino alla mezzanotte del 10 giugno, il premio \u00e8 un concerto a Charlottesville in Virginia\" \/>\n<meta name=\"robots\" content=\"index, follow, max-snippet:-1, max-image-preview:large, max-video-preview:-1\" \/>\n<link rel=\"canonical\" href=\"https:\/\/www.intoscana.it\/it\/festival-delle-colline-contest\/\" \/>\n<meta property=\"og:locale\" content=\"it_IT\" \/>\n<meta property=\"og:type\" content=\"article\" \/>\n<meta property=\"og:title\" content=\"Il Festival delle Colline lancia il &quot;Sound Bridge Contest&quot;: chi vince vola in USA\" \/>\n<meta property=\"og:description\" content=\"Per iscriversi gratuitamente c&#039;\u00e8 tempo fino alla mezzanotte del 10 giugno, il premio \u00e8 un concerto a Charlottesville in Virginia\" \/>\n<meta property=\"og:url\" content=\"https:\/\/www.intoscana.it\/it\/festival-delle-colline-contest\/\" \/>\n<meta property=\"og:site_name\" content=\"intoscana\" \/>\n<meta property=\"article:publisher\" content=\"https:\/\/www.facebook.com\/intoscana.it\" \/>\n<meta property=\"article:published_time\" content=\"2022-05-04T11:00:24+00:00\" \/>\n<meta property=\"article:modified_time\" content=\"2022-05-04T11:00:45+00:00\" \/>\n<meta property=\"og:image\" content=\"https:\/\/www.intoscana.it\/wp-content\/uploads\/Festival-delle-Colline-2-1.jpg\" \/>\n\t<meta property=\"og:image:width\" content=\"960\" \/>\n\t<meta property=\"og:image:height\" content=\"636\" \/>\n\t<meta property=\"og:image:type\" content=\"image\/jpeg\" \/>\n<meta name=\"author\" content=\"Redazione\" \/>\n<meta name=\"twitter:card\" content=\"summary_large_image\" \/>\n<meta name=\"twitter:creator\" content=\"@intoscana\" \/>\n<meta name=\"twitter:site\" content=\"@intoscana\" \/>\n<meta name=\"twitter:label1\" content=\"Written by\" \/>\n\t<meta name=\"twitter:data1\" content=\"Redazione\" \/>\n\t<meta name=\"twitter:label2\" content=\"Est. reading time\" \/>\n\t<meta name=\"twitter:data2\" content=\"1 minuto\" \/>\n<script type=\"application\/ld+json\" class=\"yoast-schema-graph\">{\"@context\":\"https:\/\/schema.org\",\"@graph\":[{\"@type\":\"WebPage\",\"@id\":\"https:\/\/www.intoscana.it\/it\/festival-delle-colline-contest\/\",\"url\":\"https:\/\/www.intoscana.it\/it\/festival-delle-colline-contest\/\",\"name\":\"Il Festival delle Colline lancia il \\\"Sound Bridge Contest\\\": chi vince vola in USA - intoscana\",\"isPartOf\":{\"@id\":\"https:\/\/www.intoscana.it\/it\/#website\"},\"primaryImageOfPage\":{\"@id\":\"https:\/\/www.intoscana.it\/it\/festival-delle-colline-contest\/#primaryimage\"},\"image\":{\"@id\":\"https:\/\/www.intoscana.it\/it\/festival-delle-colline-contest\/#primaryimage\"},\"thumbnailUrl\":\"https:\/\/www.intoscana.it\/wp-content\/uploads\/Festival-delle-Colline-2-1.jpg\",\"datePublished\":\"2022-05-04T11:00:24+00:00\",\"dateModified\":\"2022-05-04T11:00:45+00:00\",\"author\":{\"@id\":\"https:\/\/www.intoscana.it\/it\/#\/schema\/person\/9223810753230f20bd670fdd322661f8\"},\"description\":\"Per iscriversi gratuitamente c'\u00e8 tempo fino alla mezzanotte del 10 giugno, il premio \u00e8 un concerto a Charlottesville in Virginia\",\"breadcrumb\":{\"@id\":\"https:\/\/www.intoscana.it\/it\/festival-delle-colline-contest\/#breadcrumb\"},\"inLanguage\":\"it-IT\",\"potentialAction\":[{\"@type\":\"ReadAction\",\"target\":[\"https:\/\/www.intoscana.it\/it\/festival-delle-colline-contest\/\"]}]},{\"@type\":\"ImageObject\",\"inLanguage\":\"it-IT\",\"@id\":\"https:\/\/www.intoscana.it\/it\/festival-delle-colline-contest\/#primaryimage\",\"url\":\"https:\/\/www.intoscana.it\/wp-content\/uploads\/Festival-delle-Colline-2-1.jpg\",\"contentUrl\":\"https:\/\/www.intoscana.it\/wp-content\/uploads\/Festival-delle-Colline-2-1.jpg\",\"width\":960,\"height\":636},{\"@type\":\"BreadcrumbList\",\"@id\":\"https:\/\/www.intoscana.it\/it\/festival-delle-colline-contest\/#breadcrumb\",\"itemListElement\":[{\"@type\":\"ListItem\",\"position\":1,\"name\":\"Home\",\"item\":\"https:\/\/www.intoscana.it\/it\/\"},{\"@type\":\"ListItem\",\"position\":2,\"name\":\"Il Festival delle Colline lancia il &#8220;Sound Bridge Contest&#8221;: chi vince vola in USA\"}]},{\"@type\":\"WebSite\",\"@id\":\"https:\/\/www.intoscana.it\/it\/#website\",\"url\":\"https:\/\/www.intoscana.it\/it\/\",\"name\":\"intoscana\",\"description\":\"\",\"potentialAction\":[{\"@type\":\"SearchAction\",\"target\":{\"@type\":\"EntryPoint\",\"urlTemplate\":\"https:\/\/www.intoscana.it\/it\/?s={search_term_string}\"},\"query-input\":{\"@type\":\"PropertyValueSpecification\",\"valueRequired\":true,\"valueName\":\"search_term_string\"}}],\"inLanguage\":\"it-IT\"},{\"@type\":\"Person\",\"@id\":\"https:\/\/www.intoscana.it\/it\/#\/schema\/person\/9223810753230f20bd670fdd322661f8\",\"name\":\"Redazione\",\"url\":\"https:\/\/www.intoscana.it\/it\/author\/redazione\/\"}]}<\/script>\n<!-- \/ Yoast SEO Premium plugin. -->","yoast_head_json":{"title":"Il Festival delle Colline lancia il \"Sound Bridge Contest\": chi vince vola in USA - intoscana","description":"Per iscriversi gratuitamente c'\u00e8 tempo fino alla mezzanotte del 10 giugno, il premio \u00e8 un concerto a Charlottesville in Virginia","robots":{"index":"index","follow":"follow","max-snippet":"max-snippet:-1","max-image-preview":"max-image-preview:large","max-video-preview":"max-video-preview:-1"},"canonical":"https:\/\/www.intoscana.it\/it\/festival-delle-colline-contest\/","og_locale":"it_IT","og_type":"article","og_title":"Il Festival delle Colline lancia il \"Sound Bridge Contest\": chi vince vola in USA","og_description":"Per iscriversi gratuitamente c'\u00e8 tempo fino alla mezzanotte del 10 giugno, il premio \u00e8 un concerto a Charlottesville in Virginia","og_url":"https:\/\/www.intoscana.it\/it\/festival-delle-colline-contest\/","og_site_name":"intoscana","article_publisher":"https:\/\/www.facebook.com\/intoscana.it","article_published_time":"2022-05-04T11:00:24+00:00","article_modified_time":"2022-05-04T11:00:45+00:00","og_image":[{"width":960,"height":636,"url":"https:\/\/www.intoscana.it\/wp-content\/uploads\/Festival-delle-Colline-2-1.jpg","type":"image\/jpeg"}],"author":"Redazione","twitter_card":"summary_large_image","twitter_creator":"@intoscana","twitter_site":"@intoscana","twitter_misc":{"Written by":"Redazione","Est. reading time":"1 minuto"},"schema":{"@context":"https:\/\/schema.org","@graph":[{"@type":"WebPage","@id":"https:\/\/www.intoscana.it\/it\/festival-delle-colline-contest\/","url":"https:\/\/www.intoscana.it\/it\/festival-delle-colline-contest\/","name":"Il Festival delle Colline lancia il \"Sound Bridge Contest\": chi vince vola in USA - intoscana","isPartOf":{"@id":"https:\/\/www.intoscana.it\/it\/#website"},"primaryImageOfPage":{"@id":"https:\/\/www.intoscana.it\/it\/festival-delle-colline-contest\/#primaryimage"},"image":{"@id":"https:\/\/www.intoscana.it\/it\/festival-delle-colline-contest\/#primaryimage"},"thumbnailUrl":"https:\/\/www.intoscana.it\/wp-content\/uploads\/Festival-delle-Colline-2-1.jpg","datePublished":"2022-05-04T11:00:24+00:00","dateModified":"2022-05-04T11:00:45+00:00","author":{"@id":"https:\/\/www.intoscana.it\/it\/#\/schema\/person\/9223810753230f20bd670fdd322661f8"},"description":"Per iscriversi gratuitamente c'\u00e8 tempo fino alla mezzanotte del 10 giugno, il premio \u00e8 un concerto a Charlottesville in Virginia","breadcrumb":{"@id":"https:\/\/www.intoscana.it\/it\/festival-delle-colline-contest\/#breadcrumb"},"inLanguage":"it-IT","potentialAction":[{"@type":"ReadAction","target":["https:\/\/www.intoscana.it\/it\/festival-delle-colline-contest\/"]}]},{"@type":"ImageObject","inLanguage":"it-IT","@id":"https:\/\/www.intoscana.it\/it\/festival-delle-colline-contest\/#primaryimage","url":"https:\/\/www.intoscana.it\/wp-content\/uploads\/Festival-delle-Colline-2-1.jpg","contentUrl":"https:\/\/www.intoscana.it\/wp-content\/uploads\/Festival-delle-Colline-2-1.jpg","width":960,"height":636},{"@type":"BreadcrumbList","@id":"https:\/\/www.intoscana.it\/it\/festival-delle-colline-contest\/#breadcrumb","itemListElement":[{"@type":"ListItem","position":1,"name":"Home","item":"https:\/\/www.intoscana.it\/it\/"},{"@type":"ListItem","position":2,"name":"Il Festival delle Colline lancia il &#8220;Sound Bridge Contest&#8221;: chi vince vola in USA"}]},{"@type":"WebSite","@id":"https:\/\/www.intoscana.it\/it\/#website","url":"https:\/\/www.intoscana.it\/it\/","name":"intoscana","description":"","potentialAction":[{"@type":"SearchAction","target":{"@type":"EntryPoint","urlTemplate":"https:\/\/www.intoscana.it\/it\/?s={search_term_string}"},"query-input":{"@type":"PropertyValueSpecification","valueRequired":true,"valueName":"search_term_string"}}],"inLanguage":"it-IT"},{"@type":"Person","@id":"https:\/\/www.intoscana.it\/it\/#\/schema\/person\/9223810753230f20bd670fdd322661f8","name":"Redazione","url":"https:\/\/www.intoscana.it\/it\/author\/redazione\/"}]}},"_links":{"self":[{"href":"https:\/\/www.intoscana.it\/it\/wp-json\/wp\/v2\/posts\/226950","targetHints":{"allow":["GET"]}}],"collection":[{"href":"https:\/\/www.intoscana.it\/it\/wp-json\/wp\/v2\/posts"}],"about":[{"href":"https:\/\/www.intoscana.it\/it\/wp-json\/wp\/v2\/types\/post"}],"author":[{"embeddable":true,"href":"https:\/\/www.intoscana.it\/it\/wp-json\/wp\/v2\/users\/525"}],"replies":[{"embeddable":true,"href":"https:\/\/www.intoscana.it\/it\/wp-json\/wp\/v2\/comments?post=226950"}],"version-history":[{"count":0,"href":"https:\/\/www.intoscana.it\/it\/wp-json\/wp\/v2\/posts\/226950\/revisions"}],"wp:featuredmedia":[{"embeddable":true,"href":"https:\/\/www.intoscana.it\/it\/wp-json\/wp\/v2\/media\/226952"}],"wp:attachment":[{"href":"https:\/\/www.intoscana.it\/it\/wp-json\/wp\/v2\/media?parent=226950"}],"wp:term":[{"taxonomy":"category","embeddable":true,"href":"https:\/\/www.intoscana.it\/it\/wp-json\/wp\/v2\/categories?post=226950"},{"taxonomy":"post_tag","embeddable":true,"href":"https:\/\/www.intoscana.it\/it\/wp-json\/wp\/v2\/tags?post=226950"}],"curies":[{"name":"wp","href":"https:\/\/api.w.org\/{rel}","templated":true}]}}