{"id":227079,"date":"2022-05-05T10:43:03","date_gmt":"2022-05-05T08:43:03","guid":{"rendered":"https:\/\/www.intoscana.it\/it\/?p=227079"},"modified":"2022-05-05T13:12:13","modified_gmt":"2022-05-05T11:12:13","slug":"accademia-tecnologica-edilizia-livorno","status":"publish","type":"post","link":"https:\/\/www.intoscana.it\/it\/accademia-tecnologica-edilizia-livorno\/","title":{"rendered":"Apre l&#8217;Accademia tecnologica edilizia. La prima Fondazione Its dedicata all&#8217;edilizia 4.0"},"content":{"rendered":"<p>Si occuper\u00e0 di formare i nuovi tecnici specializzati nel mondo <strong>dell\u2019edilizia<\/strong>, stiamo parlando <strong>dell\u2019Accademia tecnologica edilizia<\/strong>, la nuova Fondazione ITS che ha aperto a <strong>Livorno<\/strong>.<\/p>\n<p>Con l\u2019avvio delle attivit\u00e0 di Ate, <strong>diventano 9 le Fondazioni<\/strong> che operano in Toscana proponendo percorsi post-diploma di istruzione tecnica superiore. In particolare, l\u2019Accademia Tecnologica Edilizia former\u00e0 tecnici superiori per <strong>l&#8217;innovazione e la qualit\u00e0 delle abitazioni<\/strong>, e tecnici superiori di processo, prodotto, comunicazione e marketing per il <strong>settore arredamento<\/strong>. Si tratta di figure professionali altamente specializzate, con nuove competenze tecniche e tecnologiche richieste dalle imprese anche a seguito dei cambiamenti legati all&#8217;eco-sostenibilit\u00e0 delle abitazioni, <strong>al green impact<\/strong> e in generale a soluzioni dirette a ridurre l&#8217;impatto ambientale.<\/p>\n<p>\u201c<em>Crediamo molto negli Its<\/em> &#8211; ha commentato l\u2019assessora <strong>Alessandra Nardini<\/strong> -, <em>sono un segmento formativo importante per superare quel mismatch, <strong>quel disallineamento tra domanda e offerta di lavoro<\/strong> che ancora oggi esiste nel nostro Paese. Con gli Its diamo una risposta al fabbisogno formativo delle imprese, garantendo buonissime prospettive di inserimento nel mondo del lavoro alle ragazze e ai ragazzi che portano a termine questi percorsi<\/em>\u201d.<\/p>\n<h3>Operer\u00e0 su tutta la Toscana<\/h3>\n<p>I percorsi formativi di Ate saranno realizzati <strong>su tutto il territorio regionale<\/strong> anche grazie alla presenza delle scuole edili, agenzie formative accreditate, che garantiranno la localizzazione dei percorsi a seconda delle richieste segnalate dalle aziende stesse. La fondazione \u00e8 composta <strong>da 29 soci fondatori<\/strong> di cui 2 scuole superiori (Iis Buontalenti, Cappellini, Orlando di Livorno, che \u00e8 anche capofila, e l\u2019Iis Salvemini, Duca d\u2019Aosta di Firenze), 10 agenzie formative (le scuole edili operanti in ogni provincia della regione, 2 universit\u00e0 (Pisa e Firenze), 2 comuni (Livorno e Signa), 2 associazioni di categoria rappresentative delle aziende afferenti all\u2019area tecnologica (Ance e Formedil), una agenzia interinale internazionale (Synergie) e 10 aziende.<\/p>\n<p>Sulla base dell\u2019avviso per la proposta formativa delle fondazioni Its nel prossimo biennio, pubblicato alcuni mesi fa dalla Regione Toscana e finanziato con oltre <strong>4 milioni di euro<\/strong>, Ate ha presentato quattro candidature attualmente in fase di valutazione tecnica. I percorsi della nuova Fondazione andranno a comporre l\u2019offerta formativa dell\u2019intero sistema toscano degli Its, che punta a coinvolgere nel 2022\/2023 oltre <strong>600 ragazze e ragazzi<\/strong>, che avranno l\u2019opportunit\u00e0 di diventare super tecnici nei settori strategici del tessuto produttivo regionale: dal turismo alla moda, dalla farmaceutica alla meccanica, dal settore agroalimentare a quello della nautica e logistica, fino da quello energetico al sistema casa fino all\u2019Ict.<\/p>\n<p>\u201c<em>Sugli Its c&#8217;\u00e8 un forte investimento anche a livello nazionale, grazie anche alle importanti le risorse del Pnrr che ci auguriamo arrivino presto sul nostro territorio<\/em> &#8211; ha concluso l\u2019assessora -. <em>Rispetto alla programmazione del nuovo settennato di fondi europei, \u00e8 prevista poi una <strong>quota importante a favore proprio degli Its<\/strong>, che sono uno strumento che in questi anni ha avuto ottimi risultati, perch\u00e9 oltre l\u201980% di ragazze e ragazzi che escono da questi percorsi riesce a inserirsi nel mondo del lavoro e per oltre 90% di essi lo fa in maniera coerente con il percorso formativo che hanno seguito<\/em>\u201d.<\/p>\n<p>Per maggiori informazioni: <a href=\"http:\/\/www.accademiaedilizia.it\/\">http:\/\/www.accademiaedilizia.it\/<\/a><\/p>\n","protected":false},"excerpt":{"rendered":"<p>Former\u00e0 tecnici super specializzati per l&#8217;innovazione e la qualit\u00e0 delle abitazioni, comunicazione e marketing per il settore arredamento. Avr\u00e0 sede a Livorno ma operer\u00e0 su tutto il territorio regionale<\/p>\n","protected":false},"author":525,"featured_media":227101,"comment_status":"open","ping_status":"open","sticky":false,"template":"","format":"standard","meta":{"_acf_changed":false,"footnotes":""},"categories":[475],"tags":[6226,5362,4424,273],"class_list":["post-227079","post","type-post","status-publish","format-standard","has-post-thumbnail","hentry","category-innovazione","tag-alessandra-nardini","tag-edilizia","tag-istruzione","tag-livorno"],"acf":[],"yoast_head":"<!-- This site is optimized with the Yoast SEO Premium plugin v24.2 (Yoast SEO v25.6) - https:\/\/yoast.com\/wordpress\/plugins\/seo\/ -->\n<title>Apre l&#039;Accademia tecnologica edilizia. La prima Fondazione Its dedicata all&#039;edilizia 4.0 - intoscana<\/title>\n<meta name=\"robots\" content=\"index, follow, max-snippet:-1, max-image-preview:large, max-video-preview:-1\" \/>\n<link rel=\"canonical\" href=\"https:\/\/www.intoscana.it\/it\/accademia-tecnologica-edilizia-livorno\/\" \/>\n<meta property=\"og:locale\" content=\"it_IT\" \/>\n<meta property=\"og:type\" content=\"article\" \/>\n<meta property=\"og:title\" content=\"Apre l&#039;Accademia tecnologica edilizia. La prima Fondazione Its dedicata all&#039;edilizia 4.0\" \/>\n<meta property=\"og:description\" content=\"Former\u00e0 tecnici super specializzati per l&#039;innovazione e la qualit\u00e0 delle abitazioni, comunicazione e marketing per il settore arredamento. Avr\u00e0 sede a Livorno ma operer\u00e0 su tutto il territorio regionale\" \/>\n<meta property=\"og:url\" content=\"https:\/\/www.intoscana.it\/it\/accademia-tecnologica-edilizia-livorno\/\" \/>\n<meta property=\"og:site_name\" content=\"intoscana\" \/>\n<meta property=\"article:publisher\" content=\"https:\/\/www.facebook.com\/intoscana.it\" \/>\n<meta property=\"article:published_time\" content=\"2022-05-05T08:43:03+00:00\" \/>\n<meta property=\"article:modified_time\" content=\"2022-05-05T11:12:13+00:00\" \/>\n<meta property=\"og:image\" content=\"https:\/\/www.intoscana.it\/wp-content\/uploads\/edilizia-progettare.jpg\" \/>\n\t<meta property=\"og:image:width\" content=\"1620\" \/>\n\t<meta property=\"og:image:height\" content=\"1080\" \/>\n\t<meta property=\"og:image:type\" content=\"image\/jpeg\" \/>\n<meta name=\"author\" content=\"Redazione\" \/>\n<meta name=\"twitter:card\" content=\"summary_large_image\" \/>\n<meta name=\"twitter:creator\" content=\"@intoscana\" \/>\n<meta name=\"twitter:site\" content=\"@intoscana\" \/>\n<meta name=\"twitter:label1\" content=\"Written by\" \/>\n\t<meta name=\"twitter:data1\" content=\"Redazione\" \/>\n\t<meta name=\"twitter:label2\" content=\"Est. reading time\" \/>\n\t<meta name=\"twitter:data2\" content=\"3 minuti\" \/>\n<script type=\"application\/ld+json\" class=\"yoast-schema-graph\">{\"@context\":\"https:\/\/schema.org\",\"@graph\":[{\"@type\":\"WebPage\",\"@id\":\"https:\/\/www.intoscana.it\/it\/accademia-tecnologica-edilizia-livorno\/\",\"url\":\"https:\/\/www.intoscana.it\/it\/accademia-tecnologica-edilizia-livorno\/\",\"name\":\"Apre l'Accademia tecnologica edilizia. La prima Fondazione Its dedicata all'edilizia 4.0 - intoscana\",\"isPartOf\":{\"@id\":\"https:\/\/www.intoscana.it\/it\/#website\"},\"primaryImageOfPage\":{\"@id\":\"https:\/\/www.intoscana.it\/it\/accademia-tecnologica-edilizia-livorno\/#primaryimage\"},\"image\":{\"@id\":\"https:\/\/www.intoscana.it\/it\/accademia-tecnologica-edilizia-livorno\/#primaryimage\"},\"thumbnailUrl\":\"https:\/\/www.intoscana.it\/wp-content\/uploads\/edilizia-progettare.jpg\",\"datePublished\":\"2022-05-05T08:43:03+00:00\",\"dateModified\":\"2022-05-05T11:12:13+00:00\",\"author\":{\"@id\":\"https:\/\/www.intoscana.it\/it\/#\/schema\/person\/9223810753230f20bd670fdd322661f8\"},\"breadcrumb\":{\"@id\":\"https:\/\/www.intoscana.it\/it\/accademia-tecnologica-edilizia-livorno\/#breadcrumb\"},\"inLanguage\":\"it-IT\",\"potentialAction\":[{\"@type\":\"ReadAction\",\"target\":[\"https:\/\/www.intoscana.it\/it\/accademia-tecnologica-edilizia-livorno\/\"]}]},{\"@type\":\"ImageObject\",\"inLanguage\":\"it-IT\",\"@id\":\"https:\/\/www.intoscana.it\/it\/accademia-tecnologica-edilizia-livorno\/#primaryimage\",\"url\":\"https:\/\/www.intoscana.it\/wp-content\/uploads\/edilizia-progettare.jpg\",\"contentUrl\":\"https:\/\/www.intoscana.it\/wp-content\/uploads\/edilizia-progettare.jpg\",\"width\":1620,\"height\":1080},{\"@type\":\"BreadcrumbList\",\"@id\":\"https:\/\/www.intoscana.it\/it\/accademia-tecnologica-edilizia-livorno\/#breadcrumb\",\"itemListElement\":[{\"@type\":\"ListItem\",\"position\":1,\"name\":\"Home\",\"item\":\"https:\/\/www.intoscana.it\/it\/\"},{\"@type\":\"ListItem\",\"position\":2,\"name\":\"Apre l&#8217;Accademia tecnologica edilizia. La prima Fondazione Its dedicata all&#8217;edilizia 4.0\"}]},{\"@type\":\"WebSite\",\"@id\":\"https:\/\/www.intoscana.it\/it\/#website\",\"url\":\"https:\/\/www.intoscana.it\/it\/\",\"name\":\"intoscana\",\"description\":\"\",\"potentialAction\":[{\"@type\":\"SearchAction\",\"target\":{\"@type\":\"EntryPoint\",\"urlTemplate\":\"https:\/\/www.intoscana.it\/it\/?s={search_term_string}\"},\"query-input\":{\"@type\":\"PropertyValueSpecification\",\"valueRequired\":true,\"valueName\":\"search_term_string\"}}],\"inLanguage\":\"it-IT\"},{\"@type\":\"Person\",\"@id\":\"https:\/\/www.intoscana.it\/it\/#\/schema\/person\/9223810753230f20bd670fdd322661f8\",\"name\":\"Redazione\",\"url\":\"https:\/\/www.intoscana.it\/it\/author\/redazione\/\"}]}<\/script>\n<!-- \/ Yoast SEO Premium plugin. -->","yoast_head_json":{"title":"Apre l'Accademia tecnologica edilizia. La prima Fondazione Its dedicata all'edilizia 4.0 - intoscana","robots":{"index":"index","follow":"follow","max-snippet":"max-snippet:-1","max-image-preview":"max-image-preview:large","max-video-preview":"max-video-preview:-1"},"canonical":"https:\/\/www.intoscana.it\/it\/accademia-tecnologica-edilizia-livorno\/","og_locale":"it_IT","og_type":"article","og_title":"Apre l'Accademia tecnologica edilizia. La prima Fondazione Its dedicata all'edilizia 4.0","og_description":"Former\u00e0 tecnici super specializzati per l'innovazione e la qualit\u00e0 delle abitazioni, comunicazione e marketing per il settore arredamento. Avr\u00e0 sede a Livorno ma operer\u00e0 su tutto il territorio regionale","og_url":"https:\/\/www.intoscana.it\/it\/accademia-tecnologica-edilizia-livorno\/","og_site_name":"intoscana","article_publisher":"https:\/\/www.facebook.com\/intoscana.it","article_published_time":"2022-05-05T08:43:03+00:00","article_modified_time":"2022-05-05T11:12:13+00:00","og_image":[{"width":1620,"height":1080,"url":"https:\/\/www.intoscana.it\/wp-content\/uploads\/edilizia-progettare.jpg","type":"image\/jpeg"}],"author":"Redazione","twitter_card":"summary_large_image","twitter_creator":"@intoscana","twitter_site":"@intoscana","twitter_misc":{"Written by":"Redazione","Est. reading time":"3 minuti"},"schema":{"@context":"https:\/\/schema.org","@graph":[{"@type":"WebPage","@id":"https:\/\/www.intoscana.it\/it\/accademia-tecnologica-edilizia-livorno\/","url":"https:\/\/www.intoscana.it\/it\/accademia-tecnologica-edilizia-livorno\/","name":"Apre l'Accademia tecnologica edilizia. La prima Fondazione Its dedicata all'edilizia 4.0 - intoscana","isPartOf":{"@id":"https:\/\/www.intoscana.it\/it\/#website"},"primaryImageOfPage":{"@id":"https:\/\/www.intoscana.it\/it\/accademia-tecnologica-edilizia-livorno\/#primaryimage"},"image":{"@id":"https:\/\/www.intoscana.it\/it\/accademia-tecnologica-edilizia-livorno\/#primaryimage"},"thumbnailUrl":"https:\/\/www.intoscana.it\/wp-content\/uploads\/edilizia-progettare.jpg","datePublished":"2022-05-05T08:43:03+00:00","dateModified":"2022-05-05T11:12:13+00:00","author":{"@id":"https:\/\/www.intoscana.it\/it\/#\/schema\/person\/9223810753230f20bd670fdd322661f8"},"breadcrumb":{"@id":"https:\/\/www.intoscana.it\/it\/accademia-tecnologica-edilizia-livorno\/#breadcrumb"},"inLanguage":"it-IT","potentialAction":[{"@type":"ReadAction","target":["https:\/\/www.intoscana.it\/it\/accademia-tecnologica-edilizia-livorno\/"]}]},{"@type":"ImageObject","inLanguage":"it-IT","@id":"https:\/\/www.intoscana.it\/it\/accademia-tecnologica-edilizia-livorno\/#primaryimage","url":"https:\/\/www.intoscana.it\/wp-content\/uploads\/edilizia-progettare.jpg","contentUrl":"https:\/\/www.intoscana.it\/wp-content\/uploads\/edilizia-progettare.jpg","width":1620,"height":1080},{"@type":"BreadcrumbList","@id":"https:\/\/www.intoscana.it\/it\/accademia-tecnologica-edilizia-livorno\/#breadcrumb","itemListElement":[{"@type":"ListItem","position":1,"name":"Home","item":"https:\/\/www.intoscana.it\/it\/"},{"@type":"ListItem","position":2,"name":"Apre l&#8217;Accademia tecnologica edilizia. La prima Fondazione Its dedicata all&#8217;edilizia 4.0"}]},{"@type":"WebSite","@id":"https:\/\/www.intoscana.it\/it\/#website","url":"https:\/\/www.intoscana.it\/it\/","name":"intoscana","description":"","potentialAction":[{"@type":"SearchAction","target":{"@type":"EntryPoint","urlTemplate":"https:\/\/www.intoscana.it\/it\/?s={search_term_string}"},"query-input":{"@type":"PropertyValueSpecification","valueRequired":true,"valueName":"search_term_string"}}],"inLanguage":"it-IT"},{"@type":"Person","@id":"https:\/\/www.intoscana.it\/it\/#\/schema\/person\/9223810753230f20bd670fdd322661f8","name":"Redazione","url":"https:\/\/www.intoscana.it\/it\/author\/redazione\/"}]}},"_links":{"self":[{"href":"https:\/\/www.intoscana.it\/it\/wp-json\/wp\/v2\/posts\/227079","targetHints":{"allow":["GET"]}}],"collection":[{"href":"https:\/\/www.intoscana.it\/it\/wp-json\/wp\/v2\/posts"}],"about":[{"href":"https:\/\/www.intoscana.it\/it\/wp-json\/wp\/v2\/types\/post"}],"author":[{"embeddable":true,"href":"https:\/\/www.intoscana.it\/it\/wp-json\/wp\/v2\/users\/525"}],"replies":[{"embeddable":true,"href":"https:\/\/www.intoscana.it\/it\/wp-json\/wp\/v2\/comments?post=227079"}],"version-history":[{"count":0,"href":"https:\/\/www.intoscana.it\/it\/wp-json\/wp\/v2\/posts\/227079\/revisions"}],"wp:featuredmedia":[{"embeddable":true,"href":"https:\/\/www.intoscana.it\/it\/wp-json\/wp\/v2\/media\/227101"}],"wp:attachment":[{"href":"https:\/\/www.intoscana.it\/it\/wp-json\/wp\/v2\/media?parent=227079"}],"wp:term":[{"taxonomy":"category","embeddable":true,"href":"https:\/\/www.intoscana.it\/it\/wp-json\/wp\/v2\/categories?post=227079"},{"taxonomy":"post_tag","embeddable":true,"href":"https:\/\/www.intoscana.it\/it\/wp-json\/wp\/v2\/tags?post=227079"}],"curies":[{"name":"wp","href":"https:\/\/api.w.org\/{rel}","templated":true}]}}