{"id":227149,"date":"2022-05-05T12:54:10","date_gmt":"2022-05-05T10:54:10","guid":{"rendered":"https:\/\/www.intoscana.it\/it\/?p=227149"},"modified":"2022-05-06T15:47:07","modified_gmt":"2022-05-06T13:47:07","slug":"covid-19-bollettino-toscana-3","status":"publish","type":"post","link":"https:\/\/www.intoscana.it\/it\/covid-19-bollettino-toscana-3\/","title":{"rendered":"Covid-19, sono 2.712 nuovi casi, et\u00e0 media 45 anni. Quattordici i decessi"},"content":{"rendered":"<p>In Toscana sono 1.109.558 i casi di positivit\u00e0 al Covid-19, <strong>2.712 in pi\u00f9 rispetto a ieri<\/strong> (692 confermati con tampone molecolare e 2.020 da test rapido antigenico). L&#8217;et\u00e0 media \u00e8 di 45 anni. I nuovi casi sono lo 0,2% in pi\u00f9 rispetto al totale del giorno precedente. <strong>I guariti<\/strong> crescono dello 0,3% e <strong>raggiungono quota 1.053.877<\/strong> (95% dei casi totali).<\/p>\n<p>Oggi sono stati eseguiti 3.412 tamponi molecolari e 15.733 tamponi antigenici rapidi, di questi il 14,2% \u00e8 risultato positivo. Sono invece<strong> 2.712 i soggetti testati oggi<\/strong> (con tampone antigenico e\/o molecolare, escludendo i tamponi di controllo), di cui <strong>il 100% \u00e8 risultato positivo<\/strong>. Gli attualmente<strong> positivi sono oggi 45.775,<\/strong> -1% rispetto a ieri.<\/p>\n<p>Sono <strong>309.232 i casi complessivi ad oggi a Firenze<\/strong> (712 in pi\u00f9 rispetto a ieri), 76.395 a Prato (180 in pi\u00f9), 89.169 a Pistoia (184 in pi\u00f9), 54.372 a Massa (150 in pi\u00f9), 116.412 a Lucca (258 in pi\u00f9), 127.201 a Pisa (359 in pi\u00f9), 98.189 a Livorno (245 in pi\u00f9), 101.582 ad Arezzo (217 in pi\u00f9), 77.534 a Siena (232 in pi\u00f9), 58.917 a Grosseto (175 in pi\u00f9). Sono 555 i casi positivi notificati in Toscana, ma residenti in altre regioni.<\/p>\n<p>Sono <strong>45.208 le persone in isolamento a casa<\/strong>, poich\u00e9 presentano sintomi lievi che non richiedono cure ospedaliere, o risultano prive di sintomi (447 in meno rispetto a ieri, meno 1%).<br \/>\n<strong>Le persone ricoverate<\/strong> nei posti letto dedicati ai pazienti COVID oggi <strong>sono 567<\/strong> (25 in meno rispetto a ieri, meno 4,2%), <strong>25 in terapia intensiva<\/strong> (stabili rispetto a ieri).<\/p>\n<p>Oggi si registrano <strong>14 nuovi decessi<\/strong>: 6 uomini e 8 donne con un&#8217;et\u00e0 media di 82,1 anni. Relativamente alla provincia di residenza, le persone decedute sono: 8 a Firenze, 1 a Massa Carrara, 2 a Lucca, 1 a Pisa, 2 a Livorno.<\/p>\n<p>Sono <strong>9.906 i deceduti dall&#8217;inizio dell&#8217;epidemia<\/strong> cosi ripartiti: 3.121 a Firenze, 824 a Prato, 890 a Pistoia, 648 a Massa Carrara, 922 a Lucca, 1.076 a Pisa, 726 a Livorno, 651 ad Arezzo, 529 a Siena, 384 a Grosseto, 135 persone sono decedute sul suolo toscano ma erano residenti fuori regione.<\/p>\n<p>&nbsp;<\/p>\n","protected":false},"excerpt":{"rendered":"<p>I pazienti sono 567 (25 in meno rispetto a ieri), di cui 25 in terapia intensiva (stabili). Su 2.712 soggetti testati il 100% \u00e8 risultato positivo<\/p>\n","protected":false},"author":525,"featured_media":186286,"comment_status":"open","ping_status":"open","sticky":false,"template":"","format":"standard","meta":{"_acf_changed":false,"footnotes":""},"categories":[494],"tags":[418],"class_list":["post-227149","post","type-post","status-publish","format-standard","has-post-thumbnail","hentry","category-attualita","tag-covid-19"],"acf":[],"yoast_head":"<!-- This site is optimized with the Yoast SEO Premium plugin v24.2 (Yoast SEO v25.6) - https:\/\/yoast.com\/wordpress\/plugins\/seo\/ -->\n<title>Covid-19, sono 2.712 nuovi casi, et\u00e0 media 45 anni. Quattordici i decessi - intoscana<\/title>\n<meta name=\"description\" content=\"I pazienti sono 567 (25 in meno rispetto a ieri), 25 in terapia intensiva (stabili). Su 2.712 soggetti testati il 100% \u00e8 risultato positivo\" \/>\n<meta name=\"robots\" content=\"index, follow, max-snippet:-1, max-image-preview:large, max-video-preview:-1\" \/>\n<link rel=\"canonical\" href=\"https:\/\/www.intoscana.it\/it\/covid-19-bollettino-toscana-3\/\" \/>\n<meta property=\"og:locale\" content=\"it_IT\" \/>\n<meta property=\"og:type\" content=\"article\" \/>\n<meta property=\"og:title\" content=\"Covid-19, sono 2.712 nuovi casi, et\u00e0 media 45 anni. Quattordici i decessi\" \/>\n<meta property=\"og:description\" content=\"I pazienti sono 567 (25 in meno rispetto a ieri), 25 in terapia intensiva (stabili). Su 2.712 soggetti testati il 100% \u00e8 risultato positivo\" \/>\n<meta property=\"og:url\" content=\"https:\/\/www.intoscana.it\/it\/covid-19-bollettino-toscana-3\/\" \/>\n<meta property=\"og:site_name\" content=\"intoscana\" \/>\n<meta property=\"article:publisher\" content=\"https:\/\/www.facebook.com\/intoscana.it\" \/>\n<meta property=\"article:published_time\" content=\"2022-05-05T10:54:10+00:00\" \/>\n<meta property=\"article:modified_time\" content=\"2022-05-06T13:47:07+00:00\" \/>\n<meta property=\"og:image\" content=\"https:\/\/www.intoscana.it\/wp-content\/uploads\/casi-covid-toscana-11-agosto.001-e1650974923565.jpeg\" \/>\n\t<meta property=\"og:image:width\" content=\"1086\" \/>\n\t<meta property=\"og:image:height\" content=\"534\" \/>\n\t<meta property=\"og:image:type\" content=\"image\/jpeg\" \/>\n<meta name=\"author\" content=\"Redazione\" \/>\n<meta name=\"twitter:card\" content=\"summary_large_image\" \/>\n<meta name=\"twitter:creator\" content=\"@intoscana\" \/>\n<meta name=\"twitter:site\" content=\"@intoscana\" \/>\n<meta name=\"twitter:label1\" content=\"Written by\" \/>\n\t<meta name=\"twitter:data1\" content=\"Redazione\" \/>\n\t<meta name=\"twitter:label2\" content=\"Est. reading time\" \/>\n\t<meta name=\"twitter:data2\" content=\"1 minuto\" \/>\n<script type=\"application\/ld+json\" class=\"yoast-schema-graph\">{\"@context\":\"https:\/\/schema.org\",\"@graph\":[{\"@type\":\"WebPage\",\"@id\":\"https:\/\/www.intoscana.it\/it\/covid-19-bollettino-toscana-3\/\",\"url\":\"https:\/\/www.intoscana.it\/it\/covid-19-bollettino-toscana-3\/\",\"name\":\"Covid-19, sono 2.712 nuovi casi, et\u00e0 media 45 anni. Quattordici i decessi - intoscana\",\"isPartOf\":{\"@id\":\"https:\/\/www.intoscana.it\/it\/#website\"},\"primaryImageOfPage\":{\"@id\":\"https:\/\/www.intoscana.it\/it\/covid-19-bollettino-toscana-3\/#primaryimage\"},\"image\":{\"@id\":\"https:\/\/www.intoscana.it\/it\/covid-19-bollettino-toscana-3\/#primaryimage\"},\"thumbnailUrl\":\"https:\/\/www.intoscana.it\/wp-content\/uploads\/casi-covid-toscana-11-agosto.001-e1650974923565.jpeg\",\"datePublished\":\"2022-05-05T10:54:10+00:00\",\"dateModified\":\"2022-05-06T13:47:07+00:00\",\"author\":{\"@id\":\"https:\/\/www.intoscana.it\/it\/#\/schema\/person\/9223810753230f20bd670fdd322661f8\"},\"description\":\"I pazienti sono 567 (25 in meno rispetto a ieri), 25 in terapia intensiva (stabili). Su 2.712 soggetti testati il 100% \u00e8 risultato positivo\",\"breadcrumb\":{\"@id\":\"https:\/\/www.intoscana.it\/it\/covid-19-bollettino-toscana-3\/#breadcrumb\"},\"inLanguage\":\"it-IT\",\"potentialAction\":[{\"@type\":\"ReadAction\",\"target\":[\"https:\/\/www.intoscana.it\/it\/covid-19-bollettino-toscana-3\/\"]}]},{\"@type\":\"ImageObject\",\"inLanguage\":\"it-IT\",\"@id\":\"https:\/\/www.intoscana.it\/it\/covid-19-bollettino-toscana-3\/#primaryimage\",\"url\":\"https:\/\/www.intoscana.it\/wp-content\/uploads\/casi-covid-toscana-11-agosto.001-e1650974923565.jpeg\",\"contentUrl\":\"https:\/\/www.intoscana.it\/wp-content\/uploads\/casi-covid-toscana-11-agosto.001-e1650974923565.jpeg\",\"width\":1086,\"height\":534,\"caption\":\"Covid-19\"},{\"@type\":\"BreadcrumbList\",\"@id\":\"https:\/\/www.intoscana.it\/it\/covid-19-bollettino-toscana-3\/#breadcrumb\",\"itemListElement\":[{\"@type\":\"ListItem\",\"position\":1,\"name\":\"Home\",\"item\":\"https:\/\/www.intoscana.it\/it\/\"},{\"@type\":\"ListItem\",\"position\":2,\"name\":\"Covid-19, sono 2.712 nuovi casi, et\u00e0 media 45 anni. Quattordici i decessi\"}]},{\"@type\":\"WebSite\",\"@id\":\"https:\/\/www.intoscana.it\/it\/#website\",\"url\":\"https:\/\/www.intoscana.it\/it\/\",\"name\":\"intoscana\",\"description\":\"\",\"potentialAction\":[{\"@type\":\"SearchAction\",\"target\":{\"@type\":\"EntryPoint\",\"urlTemplate\":\"https:\/\/www.intoscana.it\/it\/?s={search_term_string}\"},\"query-input\":{\"@type\":\"PropertyValueSpecification\",\"valueRequired\":true,\"valueName\":\"search_term_string\"}}],\"inLanguage\":\"it-IT\"},{\"@type\":\"Person\",\"@id\":\"https:\/\/www.intoscana.it\/it\/#\/schema\/person\/9223810753230f20bd670fdd322661f8\",\"name\":\"Redazione\",\"url\":\"https:\/\/www.intoscana.it\/it\/author\/redazione\/\"}]}<\/script>\n<!-- \/ Yoast SEO Premium plugin. -->","yoast_head_json":{"title":"Covid-19, sono 2.712 nuovi casi, et\u00e0 media 45 anni. Quattordici i decessi - intoscana","description":"I pazienti sono 567 (25 in meno rispetto a ieri), 25 in terapia intensiva (stabili). Su 2.712 soggetti testati il 100% \u00e8 risultato positivo","robots":{"index":"index","follow":"follow","max-snippet":"max-snippet:-1","max-image-preview":"max-image-preview:large","max-video-preview":"max-video-preview:-1"},"canonical":"https:\/\/www.intoscana.it\/it\/covid-19-bollettino-toscana-3\/","og_locale":"it_IT","og_type":"article","og_title":"Covid-19, sono 2.712 nuovi casi, et\u00e0 media 45 anni. Quattordici i decessi","og_description":"I pazienti sono 567 (25 in meno rispetto a ieri), 25 in terapia intensiva (stabili). Su 2.712 soggetti testati il 100% \u00e8 risultato positivo","og_url":"https:\/\/www.intoscana.it\/it\/covid-19-bollettino-toscana-3\/","og_site_name":"intoscana","article_publisher":"https:\/\/www.facebook.com\/intoscana.it","article_published_time":"2022-05-05T10:54:10+00:00","article_modified_time":"2022-05-06T13:47:07+00:00","og_image":[{"width":1086,"height":534,"url":"https:\/\/www.intoscana.it\/wp-content\/uploads\/casi-covid-toscana-11-agosto.001-e1650974923565.jpeg","type":"image\/jpeg"}],"author":"Redazione","twitter_card":"summary_large_image","twitter_creator":"@intoscana","twitter_site":"@intoscana","twitter_misc":{"Written by":"Redazione","Est. reading time":"1 minuto"},"schema":{"@context":"https:\/\/schema.org","@graph":[{"@type":"WebPage","@id":"https:\/\/www.intoscana.it\/it\/covid-19-bollettino-toscana-3\/","url":"https:\/\/www.intoscana.it\/it\/covid-19-bollettino-toscana-3\/","name":"Covid-19, sono 2.712 nuovi casi, et\u00e0 media 45 anni. Quattordici i decessi - intoscana","isPartOf":{"@id":"https:\/\/www.intoscana.it\/it\/#website"},"primaryImageOfPage":{"@id":"https:\/\/www.intoscana.it\/it\/covid-19-bollettino-toscana-3\/#primaryimage"},"image":{"@id":"https:\/\/www.intoscana.it\/it\/covid-19-bollettino-toscana-3\/#primaryimage"},"thumbnailUrl":"https:\/\/www.intoscana.it\/wp-content\/uploads\/casi-covid-toscana-11-agosto.001-e1650974923565.jpeg","datePublished":"2022-05-05T10:54:10+00:00","dateModified":"2022-05-06T13:47:07+00:00","author":{"@id":"https:\/\/www.intoscana.it\/it\/#\/schema\/person\/9223810753230f20bd670fdd322661f8"},"description":"I pazienti sono 567 (25 in meno rispetto a ieri), 25 in terapia intensiva (stabili). Su 2.712 soggetti testati il 100% \u00e8 risultato positivo","breadcrumb":{"@id":"https:\/\/www.intoscana.it\/it\/covid-19-bollettino-toscana-3\/#breadcrumb"},"inLanguage":"it-IT","potentialAction":[{"@type":"ReadAction","target":["https:\/\/www.intoscana.it\/it\/covid-19-bollettino-toscana-3\/"]}]},{"@type":"ImageObject","inLanguage":"it-IT","@id":"https:\/\/www.intoscana.it\/it\/covid-19-bollettino-toscana-3\/#primaryimage","url":"https:\/\/www.intoscana.it\/wp-content\/uploads\/casi-covid-toscana-11-agosto.001-e1650974923565.jpeg","contentUrl":"https:\/\/www.intoscana.it\/wp-content\/uploads\/casi-covid-toscana-11-agosto.001-e1650974923565.jpeg","width":1086,"height":534,"caption":"Covid-19"},{"@type":"BreadcrumbList","@id":"https:\/\/www.intoscana.it\/it\/covid-19-bollettino-toscana-3\/#breadcrumb","itemListElement":[{"@type":"ListItem","position":1,"name":"Home","item":"https:\/\/www.intoscana.it\/it\/"},{"@type":"ListItem","position":2,"name":"Covid-19, sono 2.712 nuovi casi, et\u00e0 media 45 anni. Quattordici i decessi"}]},{"@type":"WebSite","@id":"https:\/\/www.intoscana.it\/it\/#website","url":"https:\/\/www.intoscana.it\/it\/","name":"intoscana","description":"","potentialAction":[{"@type":"SearchAction","target":{"@type":"EntryPoint","urlTemplate":"https:\/\/www.intoscana.it\/it\/?s={search_term_string}"},"query-input":{"@type":"PropertyValueSpecification","valueRequired":true,"valueName":"search_term_string"}}],"inLanguage":"it-IT"},{"@type":"Person","@id":"https:\/\/www.intoscana.it\/it\/#\/schema\/person\/9223810753230f20bd670fdd322661f8","name":"Redazione","url":"https:\/\/www.intoscana.it\/it\/author\/redazione\/"}]}},"_links":{"self":[{"href":"https:\/\/www.intoscana.it\/it\/wp-json\/wp\/v2\/posts\/227149","targetHints":{"allow":["GET"]}}],"collection":[{"href":"https:\/\/www.intoscana.it\/it\/wp-json\/wp\/v2\/posts"}],"about":[{"href":"https:\/\/www.intoscana.it\/it\/wp-json\/wp\/v2\/types\/post"}],"author":[{"embeddable":true,"href":"https:\/\/www.intoscana.it\/it\/wp-json\/wp\/v2\/users\/525"}],"replies":[{"embeddable":true,"href":"https:\/\/www.intoscana.it\/it\/wp-json\/wp\/v2\/comments?post=227149"}],"version-history":[{"count":0,"href":"https:\/\/www.intoscana.it\/it\/wp-json\/wp\/v2\/posts\/227149\/revisions"}],"wp:featuredmedia":[{"embeddable":true,"href":"https:\/\/www.intoscana.it\/it\/wp-json\/wp\/v2\/media\/186286"}],"wp:attachment":[{"href":"https:\/\/www.intoscana.it\/it\/wp-json\/wp\/v2\/media?parent=227149"}],"wp:term":[{"taxonomy":"category","embeddable":true,"href":"https:\/\/www.intoscana.it\/it\/wp-json\/wp\/v2\/categories?post=227149"},{"taxonomy":"post_tag","embeddable":true,"href":"https:\/\/www.intoscana.it\/it\/wp-json\/wp\/v2\/tags?post=227149"}],"curies":[{"name":"wp","href":"https:\/\/api.w.org\/{rel}","templated":true}]}}