{"id":227155,"date":"2022-05-06T11:23:43","date_gmt":"2022-05-06T09:23:43","guid":{"rendered":"https:\/\/www.intoscana.it\/it\/?p=227155"},"modified":"2022-05-06T11:34:33","modified_gmt":"2022-05-06T09:34:33","slug":"cara-europa-ti-scrivo-i-pensieri-dei-giovani-toscani-raccolti-in-un-libro-il-testo-consegnato-a-borrell","status":"publish","type":"post","link":"https:\/\/www.intoscana.it\/it\/cara-europa-ti-scrivo-i-pensieri-dei-giovani-toscani-raccolti-in-un-libro-il-testo-consegnato-a-borrell\/","title":{"rendered":"Cara Europa ti scrivo, i pensieri dei giovani toscani raccolti in un libro: il testo consegnato a Borrell"},"content":{"rendered":"<p><em>&#8220;Pe me l&#8217;Europa \u00e8&#8221;<\/em>: opportunit\u00e0, democrazia, pace, solidariet\u00e0, rispetto. E&#8217; anche una &#8220;casa&#8221; da difendere dalle guerre, dal cambiamento climatico, dalle pandemie. <mark>Sono i pensieri, semplici o articolati, dei giovani toscani raccolti in un libro che \u00e8 un messaggio all&#8217;Unione, a quella di oggi attraversata da conflitti, pandemie e crisi energetiche. Ma \u00e8 anche il libro della speranza, delle domande cariche di aspettative e delle opportunit\u00e0 da cogliere.<\/mark><\/p>\n<p>Si chiama <strong>&#8220;Cara Europa ti scrivo&#8221;<\/strong> ed \u00e8 il testo pubblicato dal Consiglio regionale della Toscana (in collaborazione con l&#8217;Ufficio scolastico regionale) in occasione della manifestazione lunga una settimana che ruota intorno alla Giornata dell&#8217;Europa 2022 del 9 maggio. Venerd\u00ec 6 maggio, al cinema La Compagnia di Firenze, il testo \u00e8 stato consegnato a <strong>Josep Borrell<\/strong>, alto rappresentante dell\u2019Unione per gli affari esteri e la politica di sicurezza e vicepresidente della commissione Europa, nel corso di una mattinata di confronto e riflessione con\u00a0 300 ragazzi delle scuole della Toscana e le istituzioni.<\/p>\n<h3><em>I pensieri dei ragazzi, tra paure e speranze<\/em><\/h3>\n<p><em>&#8220;Per me l&#8217;Europa \u00e8 stata ed \u00e8 una grande opportunit\u00e0, in particolare per i giovani. Ma deve essere concepita come un&#8217;organizzazione che deve completare un percorso che comprenda l&#8217;adesione di altri paesi, per una politica che non lasci indietro nessuno&#8221;<\/em>, scrive uno dei ragazzi.<\/p>\n<p><em>&#8220;L&#8217;Europa per me rappresenta una speranza, la speranza di vedere i miei sogni realizzarsi e la sicurezza di averli sempre a portata di mano&#8221;<\/em>. E ancora: <em>&#8220;Essere europei significa essere uniti socialmente, ma soprattutto umanamente&#8221;<\/em>. Ma soprattutto l&#8217;Europa\u00a0<em>&#8220;\u00e8 casa:\u00a0 mi sento un cittadino europeo prima che italiano. L&#8217;Europa per me \u00e8<strong> libert\u00e0<\/strong>&#8220;.<\/em><\/p>\n<p>E&#8217; la <strong>generazione Europa<\/strong> che prende consapevolezzza di s\u00e9: &#8220;<em>Io sono nata cittadina europea, non so cosa significhi non esserlo&#8221;<\/em>. Che \u00e8 cresciuta aperta e pronta ad accogliere le diversit\u00e0: &#8220;<em>Per me l&#8217;Europa \u00e8 un ambiente di condivisione culturale, per imparare gli uni dagli altri&#8221;<\/em>. Ma \u00e8 anche piena di dubbi e <strong>paure<\/strong>: &#8220;<em>L&#8217;Europa \u00e8 riuscita a cambiare la nostra visione di libert\u00e0 e di popolo. Nonostante ci\u00f2, alcune di queste conquiste vengono minate. Nelle questioni pi\u00f9 importanti di matrice economico-sociale quasi tutti gli stati agiscono per conto loro, senza cercare una vera e propria cooperazione&#8221;.<\/em><\/p>\n<p>Tante sono le domande che si rincorrono: &#8220;<em>Se gli obiettivi dell&#8217;agenda 2030 non verranno raggiunti cosa succeder\u00e0?<\/em>&#8220;, si chiedono. E ancora: <em>&#8220;Ho paura per il futuro, che la guerra che si sta consumando in Ucraina faccia altre vittime e si espanda. Cara Europa, ti faccio anche le mie sentite condoglianze: <strong>David Sassoli<\/strong> ha lasciato un vuoto enorme nei nostri cuori&#8221;<\/em>.<\/p>\n","protected":false},"excerpt":{"rendered":"<p>&#8220;Per me l&#8217;Europa \u00e8&#8221;, questa \u00e8 la domanda a cui hanno risposto gli studenti. I loro pensieri sono diventati una raccolta di speranze e anche di paure, consegnata simbolicamente ad uno dei pi\u00f9 alti rappresentanti Ue nell&#8217;evento organizzato dal Consiglio regionale<\/p>\n","protected":false},"author":545,"featured_media":227258,"comment_status":"open","ping_status":"open","sticky":false,"template":"","format":"standard","meta":{"_acf_changed":false,"footnotes":""},"categories":[494],"tags":[4753,365],"class_list":["post-227155","post","type-post","status-publish","format-standard","has-post-thumbnail","hentry","category-attualita","tag-consiglio-regionale-della-toscana","tag-festival-deuropa"],"acf":[],"yoast_head":"<!-- This site is optimized with the Yoast SEO Premium plugin v24.2 (Yoast SEO v25.6) - https:\/\/yoast.com\/wordpress\/plugins\/seo\/ -->\n<title>Cara Europa ti scrivo, i pensieri dei giovani toscani raccolti in un libro: il testo consegnato a Borrell - intoscana<\/title>\n<meta name=\"description\" content=\"&quot;Per me l&#039;Europa \u00e8&quot;, questa \u00e8 la domanda a cui hanno risposto gli studenti. I loro pensieri sono diventati una raccolta di speranze e anche di paure, consegnata simbolicamente ad uno dei pi\u00f9 alti rappresentanti Ue nell&#039;evento organizzato dal Consiglio regionale\" \/>\n<meta name=\"robots\" content=\"index, follow, max-snippet:-1, max-image-preview:large, max-video-preview:-1\" \/>\n<link rel=\"canonical\" href=\"https:\/\/www.intoscana.it\/it\/cara-europa-ti-scrivo-i-pensieri-dei-giovani-toscani-raccolti-in-un-libro-il-testo-consegnato-a-borrell\/\" \/>\n<meta property=\"og:locale\" content=\"it_IT\" \/>\n<meta property=\"og:type\" content=\"article\" \/>\n<meta property=\"og:title\" content=\"Cara Europa ti scrivo, i pensieri dei giovani toscani raccolti in un libro: il testo consegnato a Borrell\" \/>\n<meta property=\"og:description\" content=\"&quot;Per me l&#039;Europa \u00e8&quot;, questa \u00e8 la domanda a cui hanno risposto gli studenti. I loro pensieri sono diventati una raccolta di speranze e anche di paure, consegnata simbolicamente ad uno dei pi\u00f9 alti rappresentanti Ue nell&#039;evento organizzato dal Consiglio regionale\" \/>\n<meta property=\"og:url\" content=\"https:\/\/www.intoscana.it\/it\/cara-europa-ti-scrivo-i-pensieri-dei-giovani-toscani-raccolti-in-un-libro-il-testo-consegnato-a-borrell\/\" \/>\n<meta property=\"og:site_name\" content=\"intoscana\" \/>\n<meta property=\"article:publisher\" content=\"https:\/\/www.facebook.com\/intoscana.it\" \/>\n<meta property=\"article:published_time\" content=\"2022-05-06T09:23:43+00:00\" \/>\n<meta property=\"article:modified_time\" content=\"2022-05-06T09:34:33+00:00\" \/>\n<meta property=\"og:image\" content=\"https:\/\/www.intoscana.it\/wp-content\/uploads\/crt_2.jpg\" \/>\n\t<meta property=\"og:image:width\" content=\"1024\" \/>\n\t<meta property=\"og:image:height\" content=\"768\" \/>\n\t<meta property=\"og:image:type\" content=\"image\/jpeg\" \/>\n<meta name=\"author\" content=\"Clara D&#039;Acunto\" \/>\n<meta name=\"twitter:card\" content=\"summary_large_image\" \/>\n<meta name=\"twitter:creator\" content=\"@intoscana\" \/>\n<meta name=\"twitter:site\" content=\"@intoscana\" \/>\n<meta name=\"twitter:label1\" content=\"Written by\" \/>\n\t<meta name=\"twitter:data1\" content=\"Clara D&#039;Acunto\" \/>\n\t<meta name=\"twitter:label2\" content=\"Est. reading time\" \/>\n\t<meta name=\"twitter:data2\" content=\"2 minuti\" \/>\n<script type=\"application\/ld+json\" class=\"yoast-schema-graph\">{\"@context\":\"https:\/\/schema.org\",\"@graph\":[{\"@type\":\"WebPage\",\"@id\":\"https:\/\/www.intoscana.it\/it\/cara-europa-ti-scrivo-i-pensieri-dei-giovani-toscani-raccolti-in-un-libro-il-testo-consegnato-a-borrell\/\",\"url\":\"https:\/\/www.intoscana.it\/it\/cara-europa-ti-scrivo-i-pensieri-dei-giovani-toscani-raccolti-in-un-libro-il-testo-consegnato-a-borrell\/\",\"name\":\"Cara Europa ti scrivo, i pensieri dei giovani toscani raccolti in un libro: il testo consegnato a Borrell - intoscana\",\"isPartOf\":{\"@id\":\"https:\/\/www.intoscana.it\/it\/#website\"},\"primaryImageOfPage\":{\"@id\":\"https:\/\/www.intoscana.it\/it\/cara-europa-ti-scrivo-i-pensieri-dei-giovani-toscani-raccolti-in-un-libro-il-testo-consegnato-a-borrell\/#primaryimage\"},\"image\":{\"@id\":\"https:\/\/www.intoscana.it\/it\/cara-europa-ti-scrivo-i-pensieri-dei-giovani-toscani-raccolti-in-un-libro-il-testo-consegnato-a-borrell\/#primaryimage\"},\"thumbnailUrl\":\"https:\/\/www.intoscana.it\/wp-content\/uploads\/crt_2.jpg\",\"datePublished\":\"2022-05-06T09:23:43+00:00\",\"dateModified\":\"2022-05-06T09:34:33+00:00\",\"author\":{\"@id\":\"https:\/\/www.intoscana.it\/it\/#\/schema\/person\/137419af9ef5d385bde52864a841e6ce\"},\"description\":\"\\\"Per me l'Europa \u00e8\\\", questa \u00e8 la domanda a cui hanno risposto gli studenti. I loro pensieri sono diventati una raccolta di speranze e anche di paure, consegnata simbolicamente ad uno dei pi\u00f9 alti rappresentanti Ue nell'evento organizzato dal Consiglio regionale\",\"breadcrumb\":{\"@id\":\"https:\/\/www.intoscana.it\/it\/cara-europa-ti-scrivo-i-pensieri-dei-giovani-toscani-raccolti-in-un-libro-il-testo-consegnato-a-borrell\/#breadcrumb\"},\"inLanguage\":\"it-IT\",\"potentialAction\":[{\"@type\":\"ReadAction\",\"target\":[\"https:\/\/www.intoscana.it\/it\/cara-europa-ti-scrivo-i-pensieri-dei-giovani-toscani-raccolti-in-un-libro-il-testo-consegnato-a-borrell\/\"]}]},{\"@type\":\"ImageObject\",\"inLanguage\":\"it-IT\",\"@id\":\"https:\/\/www.intoscana.it\/it\/cara-europa-ti-scrivo-i-pensieri-dei-giovani-toscani-raccolti-in-un-libro-il-testo-consegnato-a-borrell\/#primaryimage\",\"url\":\"https:\/\/www.intoscana.it\/wp-content\/uploads\/crt_2.jpg\",\"contentUrl\":\"https:\/\/www.intoscana.it\/wp-content\/uploads\/crt_2.jpg\",\"width\":1024,\"height\":768,\"caption\":\"Josep Borrell incontra i giovani toscani all'evento \u201cGenerazione Europa\u201d al cinema La Compagnia\"},{\"@type\":\"BreadcrumbList\",\"@id\":\"https:\/\/www.intoscana.it\/it\/cara-europa-ti-scrivo-i-pensieri-dei-giovani-toscani-raccolti-in-un-libro-il-testo-consegnato-a-borrell\/#breadcrumb\",\"itemListElement\":[{\"@type\":\"ListItem\",\"position\":1,\"name\":\"Home\",\"item\":\"https:\/\/www.intoscana.it\/it\/\"},{\"@type\":\"ListItem\",\"position\":2,\"name\":\"Cara Europa ti scrivo, i pensieri dei giovani toscani raccolti in un libro: il testo consegnato a Borrell\"}]},{\"@type\":\"WebSite\",\"@id\":\"https:\/\/www.intoscana.it\/it\/#website\",\"url\":\"https:\/\/www.intoscana.it\/it\/\",\"name\":\"intoscana\",\"description\":\"\",\"potentialAction\":[{\"@type\":\"SearchAction\",\"target\":{\"@type\":\"EntryPoint\",\"urlTemplate\":\"https:\/\/www.intoscana.it\/it\/?s={search_term_string}\"},\"query-input\":{\"@type\":\"PropertyValueSpecification\",\"valueRequired\":true,\"valueName\":\"search_term_string\"}}],\"inLanguage\":\"it-IT\"},{\"@type\":\"Person\",\"@id\":\"https:\/\/www.intoscana.it\/it\/#\/schema\/person\/137419af9ef5d385bde52864a841e6ce\",\"name\":\"Clara D'Acunto\",\"url\":\"https:\/\/www.intoscana.it\/it\/author\/clara-d_acunto\/\"}]}<\/script>\n<!-- \/ Yoast SEO Premium plugin. -->","yoast_head_json":{"title":"Cara Europa ti scrivo, i pensieri dei giovani toscani raccolti in un libro: il testo consegnato a Borrell - intoscana","description":"\"Per me l'Europa \u00e8\", questa \u00e8 la domanda a cui hanno risposto gli studenti. I loro pensieri sono diventati una raccolta di speranze e anche di paure, consegnata simbolicamente ad uno dei pi\u00f9 alti rappresentanti Ue nell'evento organizzato dal Consiglio regionale","robots":{"index":"index","follow":"follow","max-snippet":"max-snippet:-1","max-image-preview":"max-image-preview:large","max-video-preview":"max-video-preview:-1"},"canonical":"https:\/\/www.intoscana.it\/it\/cara-europa-ti-scrivo-i-pensieri-dei-giovani-toscani-raccolti-in-un-libro-il-testo-consegnato-a-borrell\/","og_locale":"it_IT","og_type":"article","og_title":"Cara Europa ti scrivo, i pensieri dei giovani toscani raccolti in un libro: il testo consegnato a Borrell","og_description":"\"Per me l'Europa \u00e8\", questa \u00e8 la domanda a cui hanno risposto gli studenti. I loro pensieri sono diventati una raccolta di speranze e anche di paure, consegnata simbolicamente ad uno dei pi\u00f9 alti rappresentanti Ue nell'evento organizzato dal Consiglio regionale","og_url":"https:\/\/www.intoscana.it\/it\/cara-europa-ti-scrivo-i-pensieri-dei-giovani-toscani-raccolti-in-un-libro-il-testo-consegnato-a-borrell\/","og_site_name":"intoscana","article_publisher":"https:\/\/www.facebook.com\/intoscana.it","article_published_time":"2022-05-06T09:23:43+00:00","article_modified_time":"2022-05-06T09:34:33+00:00","og_image":[{"width":1024,"height":768,"url":"https:\/\/www.intoscana.it\/wp-content\/uploads\/crt_2.jpg","type":"image\/jpeg"}],"author":"Clara D'Acunto","twitter_card":"summary_large_image","twitter_creator":"@intoscana","twitter_site":"@intoscana","twitter_misc":{"Written by":"Clara D'Acunto","Est. reading time":"2 minuti"},"schema":{"@context":"https:\/\/schema.org","@graph":[{"@type":"WebPage","@id":"https:\/\/www.intoscana.it\/it\/cara-europa-ti-scrivo-i-pensieri-dei-giovani-toscani-raccolti-in-un-libro-il-testo-consegnato-a-borrell\/","url":"https:\/\/www.intoscana.it\/it\/cara-europa-ti-scrivo-i-pensieri-dei-giovani-toscani-raccolti-in-un-libro-il-testo-consegnato-a-borrell\/","name":"Cara Europa ti scrivo, i pensieri dei giovani toscani raccolti in un libro: il testo consegnato a Borrell - intoscana","isPartOf":{"@id":"https:\/\/www.intoscana.it\/it\/#website"},"primaryImageOfPage":{"@id":"https:\/\/www.intoscana.it\/it\/cara-europa-ti-scrivo-i-pensieri-dei-giovani-toscani-raccolti-in-un-libro-il-testo-consegnato-a-borrell\/#primaryimage"},"image":{"@id":"https:\/\/www.intoscana.it\/it\/cara-europa-ti-scrivo-i-pensieri-dei-giovani-toscani-raccolti-in-un-libro-il-testo-consegnato-a-borrell\/#primaryimage"},"thumbnailUrl":"https:\/\/www.intoscana.it\/wp-content\/uploads\/crt_2.jpg","datePublished":"2022-05-06T09:23:43+00:00","dateModified":"2022-05-06T09:34:33+00:00","author":{"@id":"https:\/\/www.intoscana.it\/it\/#\/schema\/person\/137419af9ef5d385bde52864a841e6ce"},"description":"\"Per me l'Europa \u00e8\", questa \u00e8 la domanda a cui hanno risposto gli studenti. I loro pensieri sono diventati una raccolta di speranze e anche di paure, consegnata simbolicamente ad uno dei pi\u00f9 alti rappresentanti Ue nell'evento organizzato dal Consiglio regionale","breadcrumb":{"@id":"https:\/\/www.intoscana.it\/it\/cara-europa-ti-scrivo-i-pensieri-dei-giovani-toscani-raccolti-in-un-libro-il-testo-consegnato-a-borrell\/#breadcrumb"},"inLanguage":"it-IT","potentialAction":[{"@type":"ReadAction","target":["https:\/\/www.intoscana.it\/it\/cara-europa-ti-scrivo-i-pensieri-dei-giovani-toscani-raccolti-in-un-libro-il-testo-consegnato-a-borrell\/"]}]},{"@type":"ImageObject","inLanguage":"it-IT","@id":"https:\/\/www.intoscana.it\/it\/cara-europa-ti-scrivo-i-pensieri-dei-giovani-toscani-raccolti-in-un-libro-il-testo-consegnato-a-borrell\/#primaryimage","url":"https:\/\/www.intoscana.it\/wp-content\/uploads\/crt_2.jpg","contentUrl":"https:\/\/www.intoscana.it\/wp-content\/uploads\/crt_2.jpg","width":1024,"height":768,"caption":"Josep Borrell incontra i giovani toscani all'evento \u201cGenerazione Europa\u201d al cinema La Compagnia"},{"@type":"BreadcrumbList","@id":"https:\/\/www.intoscana.it\/it\/cara-europa-ti-scrivo-i-pensieri-dei-giovani-toscani-raccolti-in-un-libro-il-testo-consegnato-a-borrell\/#breadcrumb","itemListElement":[{"@type":"ListItem","position":1,"name":"Home","item":"https:\/\/www.intoscana.it\/it\/"},{"@type":"ListItem","position":2,"name":"Cara Europa ti scrivo, i pensieri dei giovani toscani raccolti in un libro: il testo consegnato a Borrell"}]},{"@type":"WebSite","@id":"https:\/\/www.intoscana.it\/it\/#website","url":"https:\/\/www.intoscana.it\/it\/","name":"intoscana","description":"","potentialAction":[{"@type":"SearchAction","target":{"@type":"EntryPoint","urlTemplate":"https:\/\/www.intoscana.it\/it\/?s={search_term_string}"},"query-input":{"@type":"PropertyValueSpecification","valueRequired":true,"valueName":"search_term_string"}}],"inLanguage":"it-IT"},{"@type":"Person","@id":"https:\/\/www.intoscana.it\/it\/#\/schema\/person\/137419af9ef5d385bde52864a841e6ce","name":"Clara D'Acunto","url":"https:\/\/www.intoscana.it\/it\/author\/clara-d_acunto\/"}]}},"_links":{"self":[{"href":"https:\/\/www.intoscana.it\/it\/wp-json\/wp\/v2\/posts\/227155","targetHints":{"allow":["GET"]}}],"collection":[{"href":"https:\/\/www.intoscana.it\/it\/wp-json\/wp\/v2\/posts"}],"about":[{"href":"https:\/\/www.intoscana.it\/it\/wp-json\/wp\/v2\/types\/post"}],"author":[{"embeddable":true,"href":"https:\/\/www.intoscana.it\/it\/wp-json\/wp\/v2\/users\/545"}],"replies":[{"embeddable":true,"href":"https:\/\/www.intoscana.it\/it\/wp-json\/wp\/v2\/comments?post=227155"}],"version-history":[{"count":0,"href":"https:\/\/www.intoscana.it\/it\/wp-json\/wp\/v2\/posts\/227155\/revisions"}],"wp:featuredmedia":[{"embeddable":true,"href":"https:\/\/www.intoscana.it\/it\/wp-json\/wp\/v2\/media\/227258"}],"wp:attachment":[{"href":"https:\/\/www.intoscana.it\/it\/wp-json\/wp\/v2\/media?parent=227155"}],"wp:term":[{"taxonomy":"category","embeddable":true,"href":"https:\/\/www.intoscana.it\/it\/wp-json\/wp\/v2\/categories?post=227155"},{"taxonomy":"post_tag","embeddable":true,"href":"https:\/\/www.intoscana.it\/it\/wp-json\/wp\/v2\/tags?post=227155"}],"curies":[{"name":"wp","href":"https:\/\/api.w.org\/{rel}","templated":true}]}}