{"id":227288,"date":"2022-05-06T12:27:50","date_gmt":"2022-05-06T10:27:50","guid":{"rendered":"https:\/\/www.intoscana.it\/it\/?p=227288"},"modified":"2022-05-06T12:28:32","modified_gmt":"2022-05-06T10:28:32","slug":"covid-12-di-nuovi-casi-rispetto-alla-scorsa-settiman","status":"publish","type":"post","link":"https:\/\/www.intoscana.it\/it\/covid-12-di-nuovi-casi-rispetto-alla-scorsa-settiman\/","title":{"rendered":"Covid, -12% di nuovi casi rispetto alla scorsa settimana. Oggi sono 2.234"},"content":{"rendered":"<p>In Toscana sono 1.111.792 i casi di positivit\u00e0 al Covid, <strong>2.234 in pi\u00f9 rispetto a ieri<\/strong> (534 confermati con tampone molecolare e 1.700 da test rapido antigenico).<\/p>\n<p>Da quanto emerso <strong>dal monitoraggio della fondazione Gimbe<\/strong> <mark>nella settimana dal 27 aprile al 3 maggio in Toscana si registra una <strong>performance in miglioramento<\/strong> per i casi attualmente positivi al Covid per 100.000 abitanti (1289) e si evidenzia una <strong>diminuzione dei nuovi casi<\/strong>, pari a -12,9%, rispetto alla settimana precedente <\/mark>. Il monitoraggio ha anche evidenziato che in Toscana sono sotto la media nazionale i posti letto occupati da pazienti Covid sia in area medica (11,8%) sia in terapia intensiva (3,9%). La conferma arriva anche dai dati giornalieri che fanno registrare un -44% di posti letto occupati nei reparti ordinari Covid e un -4% di occupazione in terapia intensiva.<\/p>\n<p><strong>Ecco il dettaglio del bollettino odierno:<\/strong><\/p>\n<h3>I nuovi casi<\/h3>\n<p>I nuovi casi sono <strong>lo 0,2% in pi\u00f9<\/strong> rispetto al totale del giorno precedente. I guariti crescono dello 0,3% e raggiungono quota 1.057.221 (95,1% dei casi totali). Oggi sono stati eseguiti 2.542 tamponi molecolari e 13.025 tamponi antigenici rapidi, di questi il 14,4% \u00e8 risultato positivo. Sono invece 3.205 i soggetti testati oggi (con tampone antigenico e\/o molecolare, escludendo i tamponi di controllo), di cui il 69,7% \u00e8 risultato positivo. Gli attualmente positivi sono oggi 44.654, <strong>-2,4% rispetto a ieri.<\/strong><\/p>\n<p>L&#8217;et\u00e0 media dei 2.234 nuovi positivi odierni \u00e8 di <strong>47 anni circa<\/strong> (17% ha meno di 20 anni, 18% tra 20 e 39 anni, 33% tra 40 e 59 anni, 22% tra 60 e 79 anni, 10% ha 80 anni o pi\u00f9).<\/p>\n<h3>Positivit\u00e0 sul territorio<\/h3>\n<p>Di seguito i casi di positivit\u00e0 sul territorio con la variazione rispetto a ieri (534 confermati con tampone molecolare e 1.700 da test rapido antigenico). Sono 309.801 i casi complessivi ad oggi a Firenze (569 in pi\u00f9 rispetto a ieri), 76.540 a Prato (145 in pi\u00f9), 89.330 a Pistoia (161 in pi\u00f9), 54.489 a Massa (117 in pi\u00f9), 116.639 a Lucca (227 in pi\u00f9), 127.489 a Pisa (288 in pi\u00f9), 98.433 a Livorno (244 in pi\u00f9), 101.751 ad Arezzo (169 in pi\u00f9), 77.726 a Siena (192 in pi\u00f9), 59.039 a Grosseto (122 in pi\u00f9). Sono 555 i casi positivi notificati in Toscana, ma residenti in altre regioni.<\/p>\n<p>Sono 894 i casi riscontrati oggi nell&#8217;Asl Centro, 857 nella Nord Ovest, 483 nella Sud est.<\/p>\n<p>La Toscana si trova al 7\u00b0 posto in Italia come numerosit\u00e0 di casi (comprensivi di residenti e non residenti), con circa 30.106 casi per 100.000 abitanti (media italiana circa 28.163 x100.000, dato di ieri). Le province di notifica con il tasso pi\u00f9 alto sono Firenze con 31.029 casi x100.000 abitanti, Pistoia con 30.777, Pisa con 30.501, <strong>la pi\u00f9 bassa Grosseto<\/strong> con 27.101.<\/p>\n<h3>Isolamento e ricoveri<\/h3>\n<p>Complessivamente, 44.112 persone sono in isolamento a casa, poich\u00e9 presentano sintomi lievi che non richiedono cure ospedaliere, o risultano prive di sintomi (1.096 in meno rispetto a ieri, meno 2,4%).<br \/>\nLe persone ricoverate nei posti letto dedicati ai pazienti Covid oggi sono complessivamente <strong>542<\/strong> (25 in meno rispetto a ieri, meno 4,4%), <strong>24<\/strong> in terapia intensiva (1 in meno rispetto a ieri, meno 4%).<\/p>\n<h3>Guarigioni<\/h3>\n<p>Le persone complessivamente guarite sono 1.057.221 (3.344 in pi\u00f9 rispetto a ieri, pi\u00f9 0,3%): 0 persone clinicamente guarite (stabili rispetto a ieri), divenute cio\u00e8 asintomatiche dopo aver presentato manifestazioni cliniche associate all&#8217;infezione e 1.057.221 (3.344 in pi\u00f9 rispetto a ieri, pi\u00f9 0,3%) dichiarate guarite a tutti gli effetti, le cosiddette guarigioni virali, con tampone negativo.<\/p>\n<h3>Mortalit\u00e0<\/h3>\n<p>Oggi si registrano <strong>11 nuovi decessi<\/strong>: 6 uomini e 5 donne con un&#8217;et\u00e0 media di 80,9 anni.<\/p>\n<p>Relativamente alla provincia di residenza, le persone decedute sono: 5 a Firenze, 1 a Prato, 1 a Pistoia, 1 a Lucca, 1 a Arezzo, 1 a Siena, 1 a Grosseto.<\/p>\n<p>Sono 9.917 i deceduti dall&#8217;inizio dell&#8217;epidemia cosi ripartiti: 3.126 a Firenze, 825 a Prato, 891 a Pistoia, 648 a Massa Carrara, 923 a Lucca, 1.076 a Pisa, 726 a Livorno, 652 ad Arezzo, 530 a Siena, 385 a Grosseto, 135 persone sono decedute sul suolo toscano ma erano residenti fuori regione.<\/p>\n<p>Il tasso grezzo di mortalit\u00e0 toscano (numero di deceduti\/popolazione residente) per Covid-19 \u00e8 di 268,5 x100.000 residenti contro il 277,2 x100.000 della media italiana (10\u00b0 regione). Per quanto riguarda le province, il tasso di mortalit\u00e0 pi\u00f9 alto si riscontra a Massa Carrara (341,3 x100.000), Firenze (313,1 x100.000) e Prato (311,0 x100.000), il pi\u00f9 basso a Grosseto (176,7 x100.000).<\/p>\n","protected":false},"excerpt":{"rendered":"<p>Secondo il monitoraggio settimanale della fondazione Gimbe stiamo assistendo ad un miglioramento per i casi attualmente positivi. Sotto la media anche i ricoveri che oggi sono stati 542, 25 in meno rispetto a ieri.<\/p>\n","protected":false},"author":525,"featured_media":174319,"comment_status":"open","ping_status":"open","sticky":false,"template":"","format":"standard","meta":{"_acf_changed":false,"footnotes":""},"categories":[494],"tags":[4868,4809,134],"class_list":["post-227288","post","type-post","status-publish","format-standard","has-post-thumbnail","hentry","category-attualita","tag-bollettino-covid-toscana","tag-covid","tag-salute"],"acf":[],"yoast_head":"<!-- This site is optimized with the Yoast SEO Premium plugin v24.2 (Yoast SEO v25.6) - https:\/\/yoast.com\/wordpress\/plugins\/seo\/ -->\n<title>Covid, -12% di nuovi casi rispetto alla scorsa settimana. Oggi sono 2.234<\/title>\n<meta name=\"description\" content=\"Dal monitoraggio settimanale emerge un miglioramento per i casi attualmente positivi. Sotto la media anche i ricoveri\" \/>\n<meta name=\"robots\" content=\"index, follow, max-snippet:-1, max-image-preview:large, max-video-preview:-1\" \/>\n<link rel=\"canonical\" href=\"https:\/\/www.intoscana.it\/it\/covid-12-di-nuovi-casi-rispetto-alla-scorsa-settiman\/\" \/>\n<meta property=\"og:locale\" content=\"it_IT\" \/>\n<meta property=\"og:type\" content=\"article\" \/>\n<meta property=\"og:title\" content=\"Covid, -12% di nuovi casi rispetto alla scorsa settimana. Oggi sono 2.234\" \/>\n<meta property=\"og:description\" content=\"Dal monitoraggio settimanale emerge un miglioramento per i casi attualmente positivi. Sotto la media anche i ricoveri\" \/>\n<meta property=\"og:url\" content=\"https:\/\/www.intoscana.it\/it\/covid-12-di-nuovi-casi-rispetto-alla-scorsa-settiman\/\" \/>\n<meta property=\"og:site_name\" content=\"intoscana\" \/>\n<meta property=\"article:publisher\" content=\"https:\/\/www.facebook.com\/intoscana.it\" \/>\n<meta property=\"article:published_time\" content=\"2022-05-06T10:27:50+00:00\" \/>\n<meta property=\"article:modified_time\" content=\"2022-05-06T10:28:32+00:00\" \/>\n<meta property=\"og:image\" content=\"https:\/\/www.intoscana.it\/wp-content\/uploads\/Asl-Covid.jpeg\" \/>\n\t<meta property=\"og:image:width\" content=\"1600\" \/>\n\t<meta property=\"og:image:height\" content=\"1163\" \/>\n\t<meta property=\"og:image:type\" content=\"image\/jpeg\" \/>\n<meta name=\"author\" content=\"Redazione\" \/>\n<meta name=\"twitter:card\" content=\"summary_large_image\" \/>\n<meta name=\"twitter:creator\" content=\"@intoscana\" \/>\n<meta name=\"twitter:site\" content=\"@intoscana\" \/>\n<meta name=\"twitter:label1\" content=\"Written by\" \/>\n\t<meta name=\"twitter:data1\" content=\"Redazione\" \/>\n\t<meta name=\"twitter:label2\" content=\"Est. reading time\" \/>\n\t<meta name=\"twitter:data2\" content=\"3 minuti\" \/>\n<script type=\"application\/ld+json\" class=\"yoast-schema-graph\">{\"@context\":\"https:\/\/schema.org\",\"@graph\":[{\"@type\":\"WebPage\",\"@id\":\"https:\/\/www.intoscana.it\/it\/covid-12-di-nuovi-casi-rispetto-alla-scorsa-settiman\/\",\"url\":\"https:\/\/www.intoscana.it\/it\/covid-12-di-nuovi-casi-rispetto-alla-scorsa-settiman\/\",\"name\":\"Covid, -12% di nuovi casi rispetto alla scorsa settimana. Oggi sono 2.234\",\"isPartOf\":{\"@id\":\"https:\/\/www.intoscana.it\/it\/#website\"},\"primaryImageOfPage\":{\"@id\":\"https:\/\/www.intoscana.it\/it\/covid-12-di-nuovi-casi-rispetto-alla-scorsa-settiman\/#primaryimage\"},\"image\":{\"@id\":\"https:\/\/www.intoscana.it\/it\/covid-12-di-nuovi-casi-rispetto-alla-scorsa-settiman\/#primaryimage\"},\"thumbnailUrl\":\"https:\/\/www.intoscana.it\/wp-content\/uploads\/Asl-Covid.jpeg\",\"datePublished\":\"2022-05-06T10:27:50+00:00\",\"dateModified\":\"2022-05-06T10:28:32+00:00\",\"author\":{\"@id\":\"https:\/\/www.intoscana.it\/it\/#\/schema\/person\/9223810753230f20bd670fdd322661f8\"},\"description\":\"Dal monitoraggio settimanale emerge un miglioramento per i casi attualmente positivi. Sotto la media anche i ricoveri\",\"breadcrumb\":{\"@id\":\"https:\/\/www.intoscana.it\/it\/covid-12-di-nuovi-casi-rispetto-alla-scorsa-settiman\/#breadcrumb\"},\"inLanguage\":\"it-IT\",\"potentialAction\":[{\"@type\":\"ReadAction\",\"target\":[\"https:\/\/www.intoscana.it\/it\/covid-12-di-nuovi-casi-rispetto-alla-scorsa-settiman\/\"]}]},{\"@type\":\"ImageObject\",\"inLanguage\":\"it-IT\",\"@id\":\"https:\/\/www.intoscana.it\/it\/covid-12-di-nuovi-casi-rispetto-alla-scorsa-settiman\/#primaryimage\",\"url\":\"https:\/\/www.intoscana.it\/wp-content\/uploads\/Asl-Covid.jpeg\",\"contentUrl\":\"https:\/\/www.intoscana.it\/wp-content\/uploads\/Asl-Covid.jpeg\",\"width\":1600,\"height\":1163,\"caption\":\"Personale sanitario impegnato nella campagna vaccinale\"},{\"@type\":\"BreadcrumbList\",\"@id\":\"https:\/\/www.intoscana.it\/it\/covid-12-di-nuovi-casi-rispetto-alla-scorsa-settiman\/#breadcrumb\",\"itemListElement\":[{\"@type\":\"ListItem\",\"position\":1,\"name\":\"Home\",\"item\":\"https:\/\/www.intoscana.it\/it\/\"},{\"@type\":\"ListItem\",\"position\":2,\"name\":\"Covid, -12% di nuovi casi rispetto alla scorsa settimana. Oggi sono 2.234\"}]},{\"@type\":\"WebSite\",\"@id\":\"https:\/\/www.intoscana.it\/it\/#website\",\"url\":\"https:\/\/www.intoscana.it\/it\/\",\"name\":\"intoscana\",\"description\":\"\",\"potentialAction\":[{\"@type\":\"SearchAction\",\"target\":{\"@type\":\"EntryPoint\",\"urlTemplate\":\"https:\/\/www.intoscana.it\/it\/?s={search_term_string}\"},\"query-input\":{\"@type\":\"PropertyValueSpecification\",\"valueRequired\":true,\"valueName\":\"search_term_string\"}}],\"inLanguage\":\"it-IT\"},{\"@type\":\"Person\",\"@id\":\"https:\/\/www.intoscana.it\/it\/#\/schema\/person\/9223810753230f20bd670fdd322661f8\",\"name\":\"Redazione\",\"url\":\"https:\/\/www.intoscana.it\/it\/author\/redazione\/\"}]}<\/script>\n<!-- \/ Yoast SEO Premium plugin. -->","yoast_head_json":{"title":"Covid, -12% di nuovi casi rispetto alla scorsa settimana. Oggi sono 2.234","description":"Dal monitoraggio settimanale emerge un miglioramento per i casi attualmente positivi. Sotto la media anche i ricoveri","robots":{"index":"index","follow":"follow","max-snippet":"max-snippet:-1","max-image-preview":"max-image-preview:large","max-video-preview":"max-video-preview:-1"},"canonical":"https:\/\/www.intoscana.it\/it\/covid-12-di-nuovi-casi-rispetto-alla-scorsa-settiman\/","og_locale":"it_IT","og_type":"article","og_title":"Covid, -12% di nuovi casi rispetto alla scorsa settimana. Oggi sono 2.234","og_description":"Dal monitoraggio settimanale emerge un miglioramento per i casi attualmente positivi. Sotto la media anche i ricoveri","og_url":"https:\/\/www.intoscana.it\/it\/covid-12-di-nuovi-casi-rispetto-alla-scorsa-settiman\/","og_site_name":"intoscana","article_publisher":"https:\/\/www.facebook.com\/intoscana.it","article_published_time":"2022-05-06T10:27:50+00:00","article_modified_time":"2022-05-06T10:28:32+00:00","og_image":[{"width":1600,"height":1163,"url":"https:\/\/www.intoscana.it\/wp-content\/uploads\/Asl-Covid.jpeg","type":"image\/jpeg"}],"author":"Redazione","twitter_card":"summary_large_image","twitter_creator":"@intoscana","twitter_site":"@intoscana","twitter_misc":{"Written by":"Redazione","Est. reading time":"3 minuti"},"schema":{"@context":"https:\/\/schema.org","@graph":[{"@type":"WebPage","@id":"https:\/\/www.intoscana.it\/it\/covid-12-di-nuovi-casi-rispetto-alla-scorsa-settiman\/","url":"https:\/\/www.intoscana.it\/it\/covid-12-di-nuovi-casi-rispetto-alla-scorsa-settiman\/","name":"Covid, -12% di nuovi casi rispetto alla scorsa settimana. Oggi sono 2.234","isPartOf":{"@id":"https:\/\/www.intoscana.it\/it\/#website"},"primaryImageOfPage":{"@id":"https:\/\/www.intoscana.it\/it\/covid-12-di-nuovi-casi-rispetto-alla-scorsa-settiman\/#primaryimage"},"image":{"@id":"https:\/\/www.intoscana.it\/it\/covid-12-di-nuovi-casi-rispetto-alla-scorsa-settiman\/#primaryimage"},"thumbnailUrl":"https:\/\/www.intoscana.it\/wp-content\/uploads\/Asl-Covid.jpeg","datePublished":"2022-05-06T10:27:50+00:00","dateModified":"2022-05-06T10:28:32+00:00","author":{"@id":"https:\/\/www.intoscana.it\/it\/#\/schema\/person\/9223810753230f20bd670fdd322661f8"},"description":"Dal monitoraggio settimanale emerge un miglioramento per i casi attualmente positivi. Sotto la media anche i ricoveri","breadcrumb":{"@id":"https:\/\/www.intoscana.it\/it\/covid-12-di-nuovi-casi-rispetto-alla-scorsa-settiman\/#breadcrumb"},"inLanguage":"it-IT","potentialAction":[{"@type":"ReadAction","target":["https:\/\/www.intoscana.it\/it\/covid-12-di-nuovi-casi-rispetto-alla-scorsa-settiman\/"]}]},{"@type":"ImageObject","inLanguage":"it-IT","@id":"https:\/\/www.intoscana.it\/it\/covid-12-di-nuovi-casi-rispetto-alla-scorsa-settiman\/#primaryimage","url":"https:\/\/www.intoscana.it\/wp-content\/uploads\/Asl-Covid.jpeg","contentUrl":"https:\/\/www.intoscana.it\/wp-content\/uploads\/Asl-Covid.jpeg","width":1600,"height":1163,"caption":"Personale sanitario impegnato nella campagna vaccinale"},{"@type":"BreadcrumbList","@id":"https:\/\/www.intoscana.it\/it\/covid-12-di-nuovi-casi-rispetto-alla-scorsa-settiman\/#breadcrumb","itemListElement":[{"@type":"ListItem","position":1,"name":"Home","item":"https:\/\/www.intoscana.it\/it\/"},{"@type":"ListItem","position":2,"name":"Covid, -12% di nuovi casi rispetto alla scorsa settimana. Oggi sono 2.234"}]},{"@type":"WebSite","@id":"https:\/\/www.intoscana.it\/it\/#website","url":"https:\/\/www.intoscana.it\/it\/","name":"intoscana","description":"","potentialAction":[{"@type":"SearchAction","target":{"@type":"EntryPoint","urlTemplate":"https:\/\/www.intoscana.it\/it\/?s={search_term_string}"},"query-input":{"@type":"PropertyValueSpecification","valueRequired":true,"valueName":"search_term_string"}}],"inLanguage":"it-IT"},{"@type":"Person","@id":"https:\/\/www.intoscana.it\/it\/#\/schema\/person\/9223810753230f20bd670fdd322661f8","name":"Redazione","url":"https:\/\/www.intoscana.it\/it\/author\/redazione\/"}]}},"_links":{"self":[{"href":"https:\/\/www.intoscana.it\/it\/wp-json\/wp\/v2\/posts\/227288","targetHints":{"allow":["GET"]}}],"collection":[{"href":"https:\/\/www.intoscana.it\/it\/wp-json\/wp\/v2\/posts"}],"about":[{"href":"https:\/\/www.intoscana.it\/it\/wp-json\/wp\/v2\/types\/post"}],"author":[{"embeddable":true,"href":"https:\/\/www.intoscana.it\/it\/wp-json\/wp\/v2\/users\/525"}],"replies":[{"embeddable":true,"href":"https:\/\/www.intoscana.it\/it\/wp-json\/wp\/v2\/comments?post=227288"}],"version-history":[{"count":0,"href":"https:\/\/www.intoscana.it\/it\/wp-json\/wp\/v2\/posts\/227288\/revisions"}],"wp:featuredmedia":[{"embeddable":true,"href":"https:\/\/www.intoscana.it\/it\/wp-json\/wp\/v2\/media\/174319"}],"wp:attachment":[{"href":"https:\/\/www.intoscana.it\/it\/wp-json\/wp\/v2\/media?parent=227288"}],"wp:term":[{"taxonomy":"category","embeddable":true,"href":"https:\/\/www.intoscana.it\/it\/wp-json\/wp\/v2\/categories?post=227288"},{"taxonomy":"post_tag","embeddable":true,"href":"https:\/\/www.intoscana.it\/it\/wp-json\/wp\/v2\/tags?post=227288"}],"curies":[{"name":"wp","href":"https:\/\/api.w.org\/{rel}","templated":true}]}}