{"id":227466,"date":"2022-05-07T13:09:19","date_gmt":"2022-05-07T11:09:19","guid":{"rendered":"https:\/\/www.intoscana.it\/it\/?p=227466"},"modified":"2022-05-07T13:09:19","modified_gmt":"2022-05-07T11:09:19","slug":"covid-19-in-toscana-2-358-nuovi-casi-eta-media-48-anni-i-decessi-sono-10","status":"publish","type":"post","link":"https:\/\/www.intoscana.it\/it\/covid-19-in-toscana-2-358-nuovi-casi-eta-media-48-anni-i-decessi-sono-10\/","title":{"rendered":"Covid-19: in Toscana 2.358 nuovi casi, et\u00e0 media 48 anni. I decessi sono 10"},"content":{"rendered":"<p>In Toscana sono<strong> 1.114.150 i casi di positivit\u00e0 al Coronavirus, 2.358 in pi\u00f9 rispetto a ieri<\/strong> (608 confermati con tampone molecolare e 1.750 da test rapido antigenico). I nuovi casi sono lo 0,2% in pi\u00f9 rispetto al totale del giorno precedente. I guariti crescono dello 0,2% e raggiungono quota 1.059.500 (95,1% dei casi totali).<\/p>\n<p>Oggi sono stati eseguiti<strong> 2.938 tamponi molecolari e 13.473 tamponi antigenici rapidi,<\/strong> di questi il 14,4% \u00e8 risultato positivo. Sono invece 3.403 i soggetti testati oggi (con tampone antigenico e\/o molecolare, escludendo i tamponi di controllo), di cui il 69,3% \u00e8 risultato positivo.<\/p>\n<p><strong>Gli attualmente positivi sono oggi 44.723, +0,2% rispetto a ieri.<\/strong> I ricoverati sono 522 (20 in meno rispetto a ieri), di cui 23 in terapia intensiva (1 in meno). Oggi si registrano<strong> 10 nuovi decessi<\/strong>: 4 uomini e 6 donne con un&#8217;et\u00e0 media di 83,3 anni.<\/p>\n<p>L&#8217;et\u00e0 media dei 2.358 nuovi positivi odierni \u00e8 di<strong> 48 anni circa<\/strong> (16% ha meno di 20 anni, 18% tra 20 e 39 anni, 30% tra 40 e 59 anni, 26% tra 60 e 79 anni, 10% ha 80 anni o pi\u00f9).<\/p>\n<h3>I casi di positivit\u00e0 sul territorio<\/h3>\n<p>Di seguito i casi di positivit\u00e0 sul territorio con la variazione rispetto a ieri (608 confermati con tampone molecolare e 1.750 da test rapido antigenico). Sono 310.399 i casi complessivi ad oggi a Firenze (598 in pi\u00f9 rispetto a ieri), 76.707 a Prato (167 in pi\u00f9), 89.499 a Pistoia (169 in pi\u00f9), 54.585 a Massa (96 in pi\u00f9), 116.879 a Lucca (240 in pi\u00f9), 127.794 a Pisa (305 in pi\u00f9), 98.696 a Livorno (263 in pi\u00f9), 101.951 ad Arezzo (200 in pi\u00f9), 77.916 a Siena (190 in pi\u00f9), 59.169 a Grosseto (130 in pi\u00f9). Sono 555 i casi positivi notificati in Toscana, ma residenti in altre regioni.<\/p>\n<p><strong>Sono 974 i casi riscontrati oggi nell&#8217;Asl Centro, 864 nella Nord Ovest, 520 nella Sud est.<\/strong><\/p>\n<p>La Toscana si trova al 7\u00b0 posto in Italia come numerosit\u00e0 di casi (comprensivi di residenti e non residenti), con circa 30.170 casi per 100.000 abitanti (media italiana circa 28.238 x100.000, dato di ieri). Le province di notifica con il tasso pi\u00f9 alto sono Firenze con 31.089 casi x100.000 abitanti, Pistoia con 30.836, Pisa con 30.574, la pi\u00f9 bassa Grosseto con 27.161.<\/p>\n<p>Complessivamente, <strong>44.201 persone sono in isolamento a casa,<\/strong> poich\u00e9 presentano sintomi lievi che non richiedono cure ospedaliere, o risultano prive di sintomi (89 in pi\u00f9 rispetto a ieri, pi\u00f9 0,2%).<\/p>\n<p><strong>Le persone ricoverate nei posti letto dedicati ai pazienti COVID oggi sono complessivamente 522<\/strong> (20 in meno rispetto a ieri, meno 3,7%), <strong>23 in terapia intensiva<\/strong> (1 in meno rispetto a ieri, meno 4,2%).<\/p>\n<p><strong>Le persone complessivamente guarite sono 1.059.500<\/strong> (2.279 in pi\u00f9 rispetto a ieri, pi\u00f9 0,2%): 0 persone clinicamente guarite (stabili rispetto a ieri), divenute cio\u00e8 asintomatiche dopo aver presentato manifestazioni cliniche associate all&#8217;infezione e 1.059.500 (2.279 in pi\u00f9 rispetto a ieri, pi\u00f9 0,2%) dichiarate guarite a tutti gli effetti, le cosiddette guarigioni virali, con tampone negativo.<\/p>\n<h3>I decessi<\/h3>\n<p>Relativamente alla provincia di residenza, <strong>le 10 persone decedute sono: 5 a Lucca, 2 a Pisa, 2 a Livorno, 1 fuori Toscana.<\/strong><\/p>\n<p><strong>Sono 9.927 i deceduti dall&#8217;inizio dell&#8217;epidemia<\/strong> cosi ripartiti: 3.126 a Firenze, 825 a Prato, 891 a Pistoia, 648 a Massa Carrara, 928 a Lucca, 1.078 a Pisa, 728 a Livorno, 652 ad Arezzo, 530 a Siena, 385 a Grosseto, 136 persone sono decedute sul suolo toscano ma erano residenti fuori regione.<\/p>\n<p>Il tasso grezzo di mortalit\u00e0 toscano (numero di deceduti\/popolazione residente) per Covid-19 \u00e8 di 268,8 x100.000 residenti contro il 277,4 x100.000 della media italiana (10\u00b0 regione). Per quanto riguarda le province, il tasso di mortalit\u00e0 pi\u00f9 alto si riscontra a Massa Carrara (341,3 x100.000), Firenze (313,1 x100.000) e Prato (311,0 x100.000), il pi\u00f9 basso a Grosseto (176,7 x100.000).<\/p>\n","protected":false},"excerpt":{"rendered":"<p>Oggi sono stati eseguiti 2.938 tamponi molecolari e 13.473 tamponi antigenici rapidi, di questi il 14,4% \u00e8 risultato positivo. Sono invece 3.403 i soggetti testati oggi (con tampone antigenico e\/o molecolare), di cui il 69,3% \u00e8 risultato positivo.<\/p>\n","protected":false},"author":525,"featured_media":179437,"comment_status":"open","ping_status":"open","sticky":false,"template":"","format":"standard","meta":{"_acf_changed":false,"footnotes":""},"categories":[494],"tags":[418],"class_list":["post-227466","post","type-post","status-publish","format-standard","has-post-thumbnail","hentry","category-attualita","tag-covid-19"],"acf":[],"yoast_head":"<!-- This site is optimized with the Yoast SEO Premium plugin v24.2 (Yoast SEO v25.6) - https:\/\/yoast.com\/wordpress\/plugins\/seo\/ -->\n<title>Covid-19: in Toscana 2.358 nuovi casi, et\u00e0 media 48 anni. I decessi sono 10 - intoscana<\/title>\n<meta name=\"description\" content=\"Oggi sono stati eseguiti 2.938 tamponi molecolari e 13.473 tamponi antigenici rapidi, di questi il 14,4% \u00e8 risultato positivo\" \/>\n<meta name=\"robots\" content=\"index, follow, max-snippet:-1, max-image-preview:large, max-video-preview:-1\" \/>\n<link rel=\"canonical\" href=\"https:\/\/www.intoscana.it\/it\/covid-19-in-toscana-2-358-nuovi-casi-eta-media-48-anni-i-decessi-sono-10\/\" \/>\n<meta property=\"og:locale\" content=\"it_IT\" \/>\n<meta property=\"og:type\" content=\"article\" \/>\n<meta property=\"og:title\" content=\"Covid-19: in Toscana 2.358 nuovi casi, et\u00e0 media 48 anni. I decessi sono 10\" \/>\n<meta property=\"og:description\" content=\"Oggi sono stati eseguiti 2.938 tamponi molecolari e 13.473 tamponi antigenici rapidi, di questi il 14,4% \u00e8 risultato positivo\" \/>\n<meta property=\"og:url\" content=\"https:\/\/www.intoscana.it\/it\/covid-19-in-toscana-2-358-nuovi-casi-eta-media-48-anni-i-decessi-sono-10\/\" \/>\n<meta property=\"og:site_name\" content=\"intoscana\" \/>\n<meta property=\"article:publisher\" content=\"https:\/\/www.facebook.com\/intoscana.it\" \/>\n<meta property=\"article:published_time\" content=\"2022-05-07T11:09:19+00:00\" \/>\n<meta property=\"og:image\" content=\"https:\/\/www.intoscana.it\/wp-content\/uploads\/Ragazza-con-la-mascherina-Robert-Pricop-Unsplash.jpg\" \/>\n\t<meta property=\"og:image:width\" content=\"1920\" \/>\n\t<meta property=\"og:image:height\" content=\"1280\" \/>\n\t<meta property=\"og:image:type\" content=\"image\/jpeg\" \/>\n<meta name=\"author\" content=\"Redazione\" \/>\n<meta name=\"twitter:card\" content=\"summary_large_image\" \/>\n<meta name=\"twitter:creator\" content=\"@intoscana\" \/>\n<meta name=\"twitter:site\" content=\"@intoscana\" \/>\n<meta name=\"twitter:label1\" content=\"Written by\" \/>\n\t<meta name=\"twitter:data1\" content=\"Redazione\" \/>\n\t<meta name=\"twitter:label2\" content=\"Est. reading time\" \/>\n\t<meta name=\"twitter:data2\" content=\"3 minuti\" \/>\n<script type=\"application\/ld+json\" class=\"yoast-schema-graph\">{\"@context\":\"https:\/\/schema.org\",\"@graph\":[{\"@type\":\"WebPage\",\"@id\":\"https:\/\/www.intoscana.it\/it\/covid-19-in-toscana-2-358-nuovi-casi-eta-media-48-anni-i-decessi-sono-10\/\",\"url\":\"https:\/\/www.intoscana.it\/it\/covid-19-in-toscana-2-358-nuovi-casi-eta-media-48-anni-i-decessi-sono-10\/\",\"name\":\"Covid-19: in Toscana 2.358 nuovi casi, et\u00e0 media 48 anni. I decessi sono 10 - intoscana\",\"isPartOf\":{\"@id\":\"https:\/\/www.intoscana.it\/it\/#website\"},\"primaryImageOfPage\":{\"@id\":\"https:\/\/www.intoscana.it\/it\/covid-19-in-toscana-2-358-nuovi-casi-eta-media-48-anni-i-decessi-sono-10\/#primaryimage\"},\"image\":{\"@id\":\"https:\/\/www.intoscana.it\/it\/covid-19-in-toscana-2-358-nuovi-casi-eta-media-48-anni-i-decessi-sono-10\/#primaryimage\"},\"thumbnailUrl\":\"https:\/\/www.intoscana.it\/wp-content\/uploads\/Ragazza-con-la-mascherina-Robert-Pricop-Unsplash.jpg\",\"datePublished\":\"2022-05-07T11:09:19+00:00\",\"author\":{\"@id\":\"https:\/\/www.intoscana.it\/it\/#\/schema\/person\/9223810753230f20bd670fdd322661f8\"},\"description\":\"Oggi sono stati eseguiti 2.938 tamponi molecolari e 13.473 tamponi antigenici rapidi, di questi il 14,4% \u00e8 risultato positivo\",\"breadcrumb\":{\"@id\":\"https:\/\/www.intoscana.it\/it\/covid-19-in-toscana-2-358-nuovi-casi-eta-media-48-anni-i-decessi-sono-10\/#breadcrumb\"},\"inLanguage\":\"it-IT\",\"potentialAction\":[{\"@type\":\"ReadAction\",\"target\":[\"https:\/\/www.intoscana.it\/it\/covid-19-in-toscana-2-358-nuovi-casi-eta-media-48-anni-i-decessi-sono-10\/\"]}]},{\"@type\":\"ImageObject\",\"inLanguage\":\"it-IT\",\"@id\":\"https:\/\/www.intoscana.it\/it\/covid-19-in-toscana-2-358-nuovi-casi-eta-media-48-anni-i-decessi-sono-10\/#primaryimage\",\"url\":\"https:\/\/www.intoscana.it\/wp-content\/uploads\/Ragazza-con-la-mascherina-Robert-Pricop-Unsplash.jpg\",\"contentUrl\":\"https:\/\/www.intoscana.it\/wp-content\/uploads\/Ragazza-con-la-mascherina-Robert-Pricop-Unsplash.jpg\",\"width\":1920,\"height\":1280},{\"@type\":\"BreadcrumbList\",\"@id\":\"https:\/\/www.intoscana.it\/it\/covid-19-in-toscana-2-358-nuovi-casi-eta-media-48-anni-i-decessi-sono-10\/#breadcrumb\",\"itemListElement\":[{\"@type\":\"ListItem\",\"position\":1,\"name\":\"Home\",\"item\":\"https:\/\/www.intoscana.it\/it\/\"},{\"@type\":\"ListItem\",\"position\":2,\"name\":\"Covid-19: in Toscana 2.358 nuovi casi, et\u00e0 media 48 anni. I decessi sono 10\"}]},{\"@type\":\"WebSite\",\"@id\":\"https:\/\/www.intoscana.it\/it\/#website\",\"url\":\"https:\/\/www.intoscana.it\/it\/\",\"name\":\"intoscana\",\"description\":\"\",\"potentialAction\":[{\"@type\":\"SearchAction\",\"target\":{\"@type\":\"EntryPoint\",\"urlTemplate\":\"https:\/\/www.intoscana.it\/it\/?s={search_term_string}\"},\"query-input\":{\"@type\":\"PropertyValueSpecification\",\"valueRequired\":true,\"valueName\":\"search_term_string\"}}],\"inLanguage\":\"it-IT\"},{\"@type\":\"Person\",\"@id\":\"https:\/\/www.intoscana.it\/it\/#\/schema\/person\/9223810753230f20bd670fdd322661f8\",\"name\":\"Redazione\",\"url\":\"https:\/\/www.intoscana.it\/it\/author\/redazione\/\"}]}<\/script>\n<!-- \/ Yoast SEO Premium plugin. -->","yoast_head_json":{"title":"Covid-19: in Toscana 2.358 nuovi casi, et\u00e0 media 48 anni. I decessi sono 10 - intoscana","description":"Oggi sono stati eseguiti 2.938 tamponi molecolari e 13.473 tamponi antigenici rapidi, di questi il 14,4% \u00e8 risultato positivo","robots":{"index":"index","follow":"follow","max-snippet":"max-snippet:-1","max-image-preview":"max-image-preview:large","max-video-preview":"max-video-preview:-1"},"canonical":"https:\/\/www.intoscana.it\/it\/covid-19-in-toscana-2-358-nuovi-casi-eta-media-48-anni-i-decessi-sono-10\/","og_locale":"it_IT","og_type":"article","og_title":"Covid-19: in Toscana 2.358 nuovi casi, et\u00e0 media 48 anni. I decessi sono 10","og_description":"Oggi sono stati eseguiti 2.938 tamponi molecolari e 13.473 tamponi antigenici rapidi, di questi il 14,4% \u00e8 risultato positivo","og_url":"https:\/\/www.intoscana.it\/it\/covid-19-in-toscana-2-358-nuovi-casi-eta-media-48-anni-i-decessi-sono-10\/","og_site_name":"intoscana","article_publisher":"https:\/\/www.facebook.com\/intoscana.it","article_published_time":"2022-05-07T11:09:19+00:00","og_image":[{"width":1920,"height":1280,"url":"https:\/\/www.intoscana.it\/wp-content\/uploads\/Ragazza-con-la-mascherina-Robert-Pricop-Unsplash.jpg","type":"image\/jpeg"}],"author":"Redazione","twitter_card":"summary_large_image","twitter_creator":"@intoscana","twitter_site":"@intoscana","twitter_misc":{"Written by":"Redazione","Est. reading time":"3 minuti"},"schema":{"@context":"https:\/\/schema.org","@graph":[{"@type":"WebPage","@id":"https:\/\/www.intoscana.it\/it\/covid-19-in-toscana-2-358-nuovi-casi-eta-media-48-anni-i-decessi-sono-10\/","url":"https:\/\/www.intoscana.it\/it\/covid-19-in-toscana-2-358-nuovi-casi-eta-media-48-anni-i-decessi-sono-10\/","name":"Covid-19: in Toscana 2.358 nuovi casi, et\u00e0 media 48 anni. I decessi sono 10 - intoscana","isPartOf":{"@id":"https:\/\/www.intoscana.it\/it\/#website"},"primaryImageOfPage":{"@id":"https:\/\/www.intoscana.it\/it\/covid-19-in-toscana-2-358-nuovi-casi-eta-media-48-anni-i-decessi-sono-10\/#primaryimage"},"image":{"@id":"https:\/\/www.intoscana.it\/it\/covid-19-in-toscana-2-358-nuovi-casi-eta-media-48-anni-i-decessi-sono-10\/#primaryimage"},"thumbnailUrl":"https:\/\/www.intoscana.it\/wp-content\/uploads\/Ragazza-con-la-mascherina-Robert-Pricop-Unsplash.jpg","datePublished":"2022-05-07T11:09:19+00:00","author":{"@id":"https:\/\/www.intoscana.it\/it\/#\/schema\/person\/9223810753230f20bd670fdd322661f8"},"description":"Oggi sono stati eseguiti 2.938 tamponi molecolari e 13.473 tamponi antigenici rapidi, di questi il 14,4% \u00e8 risultato positivo","breadcrumb":{"@id":"https:\/\/www.intoscana.it\/it\/covid-19-in-toscana-2-358-nuovi-casi-eta-media-48-anni-i-decessi-sono-10\/#breadcrumb"},"inLanguage":"it-IT","potentialAction":[{"@type":"ReadAction","target":["https:\/\/www.intoscana.it\/it\/covid-19-in-toscana-2-358-nuovi-casi-eta-media-48-anni-i-decessi-sono-10\/"]}]},{"@type":"ImageObject","inLanguage":"it-IT","@id":"https:\/\/www.intoscana.it\/it\/covid-19-in-toscana-2-358-nuovi-casi-eta-media-48-anni-i-decessi-sono-10\/#primaryimage","url":"https:\/\/www.intoscana.it\/wp-content\/uploads\/Ragazza-con-la-mascherina-Robert-Pricop-Unsplash.jpg","contentUrl":"https:\/\/www.intoscana.it\/wp-content\/uploads\/Ragazza-con-la-mascherina-Robert-Pricop-Unsplash.jpg","width":1920,"height":1280},{"@type":"BreadcrumbList","@id":"https:\/\/www.intoscana.it\/it\/covid-19-in-toscana-2-358-nuovi-casi-eta-media-48-anni-i-decessi-sono-10\/#breadcrumb","itemListElement":[{"@type":"ListItem","position":1,"name":"Home","item":"https:\/\/www.intoscana.it\/it\/"},{"@type":"ListItem","position":2,"name":"Covid-19: in Toscana 2.358 nuovi casi, et\u00e0 media 48 anni. I decessi sono 10"}]},{"@type":"WebSite","@id":"https:\/\/www.intoscana.it\/it\/#website","url":"https:\/\/www.intoscana.it\/it\/","name":"intoscana","description":"","potentialAction":[{"@type":"SearchAction","target":{"@type":"EntryPoint","urlTemplate":"https:\/\/www.intoscana.it\/it\/?s={search_term_string}"},"query-input":{"@type":"PropertyValueSpecification","valueRequired":true,"valueName":"search_term_string"}}],"inLanguage":"it-IT"},{"@type":"Person","@id":"https:\/\/www.intoscana.it\/it\/#\/schema\/person\/9223810753230f20bd670fdd322661f8","name":"Redazione","url":"https:\/\/www.intoscana.it\/it\/author\/redazione\/"}]}},"_links":{"self":[{"href":"https:\/\/www.intoscana.it\/it\/wp-json\/wp\/v2\/posts\/227466","targetHints":{"allow":["GET"]}}],"collection":[{"href":"https:\/\/www.intoscana.it\/it\/wp-json\/wp\/v2\/posts"}],"about":[{"href":"https:\/\/www.intoscana.it\/it\/wp-json\/wp\/v2\/types\/post"}],"author":[{"embeddable":true,"href":"https:\/\/www.intoscana.it\/it\/wp-json\/wp\/v2\/users\/525"}],"replies":[{"embeddable":true,"href":"https:\/\/www.intoscana.it\/it\/wp-json\/wp\/v2\/comments?post=227466"}],"version-history":[{"count":0,"href":"https:\/\/www.intoscana.it\/it\/wp-json\/wp\/v2\/posts\/227466\/revisions"}],"wp:featuredmedia":[{"embeddable":true,"href":"https:\/\/www.intoscana.it\/it\/wp-json\/wp\/v2\/media\/179437"}],"wp:attachment":[{"href":"https:\/\/www.intoscana.it\/it\/wp-json\/wp\/v2\/media?parent=227466"}],"wp:term":[{"taxonomy":"category","embeddable":true,"href":"https:\/\/www.intoscana.it\/it\/wp-json\/wp\/v2\/categories?post=227466"},{"taxonomy":"post_tag","embeddable":true,"href":"https:\/\/www.intoscana.it\/it\/wp-json\/wp\/v2\/tags?post=227466"}],"curies":[{"name":"wp","href":"https:\/\/api.w.org\/{rel}","templated":true}]}}