{"id":227520,"date":"2022-05-09T08:58:53","date_gmt":"2022-05-09T06:58:53","guid":{"rendered":"https:\/\/www.intoscana.it\/it\/?p=227520"},"modified":"2022-05-09T13:27:34","modified_gmt":"2022-05-09T11:27:34","slug":"a-calci-inaugurata-la-prima-comunita-antincendi-ditalia-saccardi-esperienza-innovativa","status":"publish","type":"post","link":"https:\/\/www.intoscana.it\/it\/a-calci-inaugurata-la-prima-comunita-antincendi-ditalia-saccardi-esperienza-innovativa\/","title":{"rendered":"A Calci inaugurata la Prima Comunit\u00e0 Antincendi d&#8217;Italia, Saccardi: &#8220;Esperienza innovativa&#8221;"},"content":{"rendered":"<p>A due anni dal\u00a0<strong>tragico incendio<\/strong> che nel 2021 distrusse gran parte della vegetazione del<strong> Monte Serra <\/strong>sabato 7 maggio 2022 \u00e8 nata a Villana, nel comune di Calci in provincia di Pisa la prima <strong>Comunit\u00e0 antincendi boschivi (Firewise) della Toscana, nonch\u00e9 d\u2019Italia.<\/strong><\/p>\n<p>In Toscana, nell\u2019ultimo decennio, <strong>si sono verificati numerosi incendi<\/strong> che hanno interessato zone di interfaccia urbano-foresta in cui, a causa del carico eccessivo di combustibile vegetale e della sua distribuzione spaziale, si sono registrati danni materiali ed \u00e8 stata messa talvolta anche in serio pericolo la vita umana.<\/p>\n<p>Per difendere le aree a rischio incendio<strong> il vigente Piano Aib<\/strong> prevede <strong>due tipologie fondamentali di interventi<\/strong>: <strong>le fasce di protezione e gli spazi difensivi<\/strong>.<\/p>\n<h3>Gli interventi della Regione Toscana<\/h3>\n<p>Sul <strong>Monte Pisano<\/strong>\u00a0\u00e8 in dirittura d\u2019arrivo anche<strong> la seconda Firewise<\/strong> che sar\u00e0 inaugurata a breve nel territorio di <strong>Vicopisano, in localit\u00e0 Via Crucis Pereto.<\/strong><\/p>\n<p>Alle<strong> due Firewise in provincia di Pisa e a quella di Poggio alle Trincee<\/strong> &#8211; in fase di realizzazione nel Comune di Castiglione della Pescaia \u2013 la <strong>Regione Toscana<\/strong> sta lavorando sia con risorse proprie che, insieme ad Anci, tramite il progetto Intermed cofinanziato dal Programma Interreg Italia-Francia Marittimo.<\/p>\n<p>Un\u2019ulteriore <strong>Firewise<\/strong> \u00e8 in corso di realizzazione, con risorse esclusive della Regione Toscana, <strong>a Portiglioni, nel comune di Scarlino.<\/strong><\/p>\n<p><em>\u201cE\u2019 un&#8217;emozione essere qua e dare il via a questa esperienza innovativa di cui siamo pionieri in Italia&#8221;<\/em>, <strong>ha detto la vicepresidente e assessora all\u2019agroalimentare Stefania Saccardi che ha tagliato il nastro.<\/strong><\/p>\n<p>Insieme a lei, il <strong>sindaco del Comune di Calci Massimiliano Ghimenti,<\/strong> e rappresentanti del Comune di Vicopisano, dell\u2019Unione Montana Alta Val di Cecina, Anci, associazioni di volontariato Aib, Carabinieri forestali, Vigili del Fuoco, associazioni di cittadini e residenti.<\/p>\n<p><em>\u201cAbbiamo voluto far coincidere questo momento di inaugurazione \u2013<\/em><strong> ha proseguito Saccardi <\/strong><em>&#8211; con la giornata mondiale per la prevenzione dagli incendi boschivi che ogni anno si celebra il primo sabato di maggio per iniziativa dell&#8217;associazione statunitense National Fire Protection (Nfpa). Le Firewise sono comunit\u00e0 antincendi boschivi che la Regione Toscana, ispirandosi a consolidate realt\u00e0 internazionali, e in condivisione anche con Carabinieri Forestali e Vigli del Fuoco, vuole far nascere e diffondere per promuovere tra i cittadini non solo la consapevolezza del rischio incendi esistente sul proprio territorio, ma anche il profondo concetto di autoprotezione. Dagli incendi ci difendiamo insieme\u201d.<\/em><\/p>\n<p>Nel 2021 <strong>Regione Toscana ha anche sottoscritto un protocollo di intesa con la Nfpa<\/strong> per l\u2019utilizzo del marchio Firewise e la sua piena applicazione al momento della costituzione di queste Comunit\u00e0 sul territorio regionale. Con l\u2019aiuto di Unioni dei Comuni e Comuni sono state individuate realt\u00e0 che, per caratteristiche e disponibilit\u00e0 da parte dei residenti, si confacessero alla costituzione di una comunit\u00e0 Firewise.<\/p>\n<p>Per ognuna di queste Comunit\u00e0 \u00e8 stato redatto dall\u2019Ente competente<strong> un progetto per gli interventi di messa in sicurezza dell\u2019area<\/strong>, a cui hanno partecipato anche i cittadini residenti.<\/p>\n<p>I soggetti attuatori (Regione Toscana, Anci Toscana, Ente competente, Comuni, Coordinamento Volontariato Toscano AIB \u2013 CVT) e i proprietari dei terreni che aderiscono all\u2019iniziativa, una volta realizzata la Comunit\u00e0, si impegnano a mantenerla con interventi programmati nel tempo.<\/p>\n<p>&nbsp;<\/p>\n","protected":false},"excerpt":{"rendered":"<p>Per difendere le aree a rischio incendio il vigente Piano Aib prevede due tipologie fondamentali di interventi: le fasce di protezione e gli spazi difensivi<\/p>\n","protected":false},"author":525,"featured_media":102826,"comment_status":"open","ping_status":"open","sticky":false,"template":"","format":"standard","meta":{"_acf_changed":false,"footnotes":""},"categories":[494],"tags":[151],"class_list":["post-227520","post","type-post","status-publish","format-standard","has-post-thumbnail","hentry","category-attualita","tag-regione-toscana"],"acf":[],"yoast_head":"<!-- This site is optimized with the Yoast SEO Premium plugin v24.2 (Yoast SEO v25.6) - https:\/\/yoast.com\/wordpress\/plugins\/seo\/ -->\n<title>A Calci inaugurata la Prima Comunit\u00e0 Antincendi d&#039;Italia, Saccardi: &quot;Esperienza innovativa&quot; - intoscana<\/title>\n<meta name=\"description\" content=\"Per difendere le aree a rischio incendio il Piano Aib prevede due tipologie di interventi: le fasce di protezione e gli spazi difensivi\" \/>\n<meta name=\"robots\" content=\"index, follow, max-snippet:-1, max-image-preview:large, max-video-preview:-1\" \/>\n<link rel=\"canonical\" href=\"https:\/\/www.intoscana.it\/it\/a-calci-inaugurata-la-prima-comunita-antincendi-ditalia-saccardi-esperienza-innovativa\/\" \/>\n<meta property=\"og:locale\" content=\"it_IT\" \/>\n<meta property=\"og:type\" content=\"article\" \/>\n<meta property=\"og:title\" content=\"A Calci inaugurata la Prima Comunit\u00e0 Antincendi d&#039;Italia, Saccardi: &quot;Esperienza innovativa&quot;\" \/>\n<meta property=\"og:description\" content=\"Per difendere le aree a rischio incendio il Piano Aib prevede due tipologie di interventi: le fasce di protezione e gli spazi difensivi\" \/>\n<meta property=\"og:url\" content=\"https:\/\/www.intoscana.it\/it\/a-calci-inaugurata-la-prima-comunita-antincendi-ditalia-saccardi-esperienza-innovativa\/\" \/>\n<meta property=\"og:site_name\" content=\"intoscana\" \/>\n<meta property=\"article:publisher\" content=\"https:\/\/www.facebook.com\/intoscana.it\" \/>\n<meta property=\"article:published_time\" content=\"2022-05-09T06:58:53+00:00\" \/>\n<meta property=\"article:modified_time\" content=\"2022-05-09T11:27:34+00:00\" \/>\n<meta property=\"og:image\" content=\"https:\/\/www.intoscana.it\/wp-content\/uploads\/monteserra_incendio_01-1.jpeg\" \/>\n\t<meta property=\"og:image:width\" content=\"1600\" \/>\n\t<meta property=\"og:image:height\" content=\"1200\" \/>\n\t<meta property=\"og:image:type\" content=\"image\/jpeg\" \/>\n<meta name=\"author\" content=\"Redazione\" \/>\n<meta name=\"twitter:card\" content=\"summary_large_image\" \/>\n<meta name=\"twitter:creator\" content=\"@intoscana\" \/>\n<meta name=\"twitter:site\" content=\"@intoscana\" \/>\n<meta name=\"twitter:label1\" content=\"Written by\" \/>\n\t<meta name=\"twitter:data1\" content=\"Redazione\" \/>\n\t<meta name=\"twitter:label2\" content=\"Est. reading time\" \/>\n\t<meta name=\"twitter:data2\" content=\"3 minuti\" \/>\n<script type=\"application\/ld+json\" class=\"yoast-schema-graph\">{\"@context\":\"https:\/\/schema.org\",\"@graph\":[{\"@type\":\"WebPage\",\"@id\":\"https:\/\/www.intoscana.it\/it\/a-calci-inaugurata-la-prima-comunita-antincendi-ditalia-saccardi-esperienza-innovativa\/\",\"url\":\"https:\/\/www.intoscana.it\/it\/a-calci-inaugurata-la-prima-comunita-antincendi-ditalia-saccardi-esperienza-innovativa\/\",\"name\":\"A Calci inaugurata la Prima Comunit\u00e0 Antincendi d'Italia, Saccardi: \\\"Esperienza innovativa\\\" - intoscana\",\"isPartOf\":{\"@id\":\"https:\/\/www.intoscana.it\/it\/#website\"},\"primaryImageOfPage\":{\"@id\":\"https:\/\/www.intoscana.it\/it\/a-calci-inaugurata-la-prima-comunita-antincendi-ditalia-saccardi-esperienza-innovativa\/#primaryimage\"},\"image\":{\"@id\":\"https:\/\/www.intoscana.it\/it\/a-calci-inaugurata-la-prima-comunita-antincendi-ditalia-saccardi-esperienza-innovativa\/#primaryimage\"},\"thumbnailUrl\":\"https:\/\/www.intoscana.it\/wp-content\/uploads\/monteserra_incendio_01-1.jpeg\",\"datePublished\":\"2022-05-09T06:58:53+00:00\",\"dateModified\":\"2022-05-09T11:27:34+00:00\",\"author\":{\"@id\":\"https:\/\/www.intoscana.it\/it\/#\/schema\/person\/9223810753230f20bd670fdd322661f8\"},\"description\":\"Per difendere le aree a rischio incendio il Piano Aib prevede due tipologie di interventi: le fasce di protezione e gli spazi difensivi\",\"breadcrumb\":{\"@id\":\"https:\/\/www.intoscana.it\/it\/a-calci-inaugurata-la-prima-comunita-antincendi-ditalia-saccardi-esperienza-innovativa\/#breadcrumb\"},\"inLanguage\":\"it-IT\",\"potentialAction\":[{\"@type\":\"ReadAction\",\"target\":[\"https:\/\/www.intoscana.it\/it\/a-calci-inaugurata-la-prima-comunita-antincendi-ditalia-saccardi-esperienza-innovativa\/\"]}]},{\"@type\":\"ImageObject\",\"inLanguage\":\"it-IT\",\"@id\":\"https:\/\/www.intoscana.it\/it\/a-calci-inaugurata-la-prima-comunita-antincendi-ditalia-saccardi-esperienza-innovativa\/#primaryimage\",\"url\":\"https:\/\/www.intoscana.it\/wp-content\/uploads\/monteserra_incendio_01-1.jpeg\",\"contentUrl\":\"https:\/\/www.intoscana.it\/wp-content\/uploads\/monteserra_incendio_01-1.jpeg\",\"width\":1600,\"height\":1200,\"caption\":\"Incendio sul Monte Serra\"},{\"@type\":\"BreadcrumbList\",\"@id\":\"https:\/\/www.intoscana.it\/it\/a-calci-inaugurata-la-prima-comunita-antincendi-ditalia-saccardi-esperienza-innovativa\/#breadcrumb\",\"itemListElement\":[{\"@type\":\"ListItem\",\"position\":1,\"name\":\"Home\",\"item\":\"https:\/\/www.intoscana.it\/it\/\"},{\"@type\":\"ListItem\",\"position\":2,\"name\":\"A Calci inaugurata la Prima Comunit\u00e0 Antincendi d&#8217;Italia, Saccardi: &#8220;Esperienza innovativa&#8221;\"}]},{\"@type\":\"WebSite\",\"@id\":\"https:\/\/www.intoscana.it\/it\/#website\",\"url\":\"https:\/\/www.intoscana.it\/it\/\",\"name\":\"intoscana\",\"description\":\"\",\"potentialAction\":[{\"@type\":\"SearchAction\",\"target\":{\"@type\":\"EntryPoint\",\"urlTemplate\":\"https:\/\/www.intoscana.it\/it\/?s={search_term_string}\"},\"query-input\":{\"@type\":\"PropertyValueSpecification\",\"valueRequired\":true,\"valueName\":\"search_term_string\"}}],\"inLanguage\":\"it-IT\"},{\"@type\":\"Person\",\"@id\":\"https:\/\/www.intoscana.it\/it\/#\/schema\/person\/9223810753230f20bd670fdd322661f8\",\"name\":\"Redazione\",\"url\":\"https:\/\/www.intoscana.it\/it\/author\/redazione\/\"}]}<\/script>\n<!-- \/ Yoast SEO Premium plugin. -->","yoast_head_json":{"title":"A Calci inaugurata la Prima Comunit\u00e0 Antincendi d'Italia, Saccardi: \"Esperienza innovativa\" - intoscana","description":"Per difendere le aree a rischio incendio il Piano Aib prevede due tipologie di interventi: le fasce di protezione e gli spazi difensivi","robots":{"index":"index","follow":"follow","max-snippet":"max-snippet:-1","max-image-preview":"max-image-preview:large","max-video-preview":"max-video-preview:-1"},"canonical":"https:\/\/www.intoscana.it\/it\/a-calci-inaugurata-la-prima-comunita-antincendi-ditalia-saccardi-esperienza-innovativa\/","og_locale":"it_IT","og_type":"article","og_title":"A Calci inaugurata la Prima Comunit\u00e0 Antincendi d'Italia, Saccardi: \"Esperienza innovativa\"","og_description":"Per difendere le aree a rischio incendio il Piano Aib prevede due tipologie di interventi: le fasce di protezione e gli spazi difensivi","og_url":"https:\/\/www.intoscana.it\/it\/a-calci-inaugurata-la-prima-comunita-antincendi-ditalia-saccardi-esperienza-innovativa\/","og_site_name":"intoscana","article_publisher":"https:\/\/www.facebook.com\/intoscana.it","article_published_time":"2022-05-09T06:58:53+00:00","article_modified_time":"2022-05-09T11:27:34+00:00","og_image":[{"width":1600,"height":1200,"url":"https:\/\/www.intoscana.it\/wp-content\/uploads\/monteserra_incendio_01-1.jpeg","type":"image\/jpeg"}],"author":"Redazione","twitter_card":"summary_large_image","twitter_creator":"@intoscana","twitter_site":"@intoscana","twitter_misc":{"Written by":"Redazione","Est. reading time":"3 minuti"},"schema":{"@context":"https:\/\/schema.org","@graph":[{"@type":"WebPage","@id":"https:\/\/www.intoscana.it\/it\/a-calci-inaugurata-la-prima-comunita-antincendi-ditalia-saccardi-esperienza-innovativa\/","url":"https:\/\/www.intoscana.it\/it\/a-calci-inaugurata-la-prima-comunita-antincendi-ditalia-saccardi-esperienza-innovativa\/","name":"A Calci inaugurata la Prima Comunit\u00e0 Antincendi d'Italia, Saccardi: \"Esperienza innovativa\" - intoscana","isPartOf":{"@id":"https:\/\/www.intoscana.it\/it\/#website"},"primaryImageOfPage":{"@id":"https:\/\/www.intoscana.it\/it\/a-calci-inaugurata-la-prima-comunita-antincendi-ditalia-saccardi-esperienza-innovativa\/#primaryimage"},"image":{"@id":"https:\/\/www.intoscana.it\/it\/a-calci-inaugurata-la-prima-comunita-antincendi-ditalia-saccardi-esperienza-innovativa\/#primaryimage"},"thumbnailUrl":"https:\/\/www.intoscana.it\/wp-content\/uploads\/monteserra_incendio_01-1.jpeg","datePublished":"2022-05-09T06:58:53+00:00","dateModified":"2022-05-09T11:27:34+00:00","author":{"@id":"https:\/\/www.intoscana.it\/it\/#\/schema\/person\/9223810753230f20bd670fdd322661f8"},"description":"Per difendere le aree a rischio incendio il Piano Aib prevede due tipologie di interventi: le fasce di protezione e gli spazi difensivi","breadcrumb":{"@id":"https:\/\/www.intoscana.it\/it\/a-calci-inaugurata-la-prima-comunita-antincendi-ditalia-saccardi-esperienza-innovativa\/#breadcrumb"},"inLanguage":"it-IT","potentialAction":[{"@type":"ReadAction","target":["https:\/\/www.intoscana.it\/it\/a-calci-inaugurata-la-prima-comunita-antincendi-ditalia-saccardi-esperienza-innovativa\/"]}]},{"@type":"ImageObject","inLanguage":"it-IT","@id":"https:\/\/www.intoscana.it\/it\/a-calci-inaugurata-la-prima-comunita-antincendi-ditalia-saccardi-esperienza-innovativa\/#primaryimage","url":"https:\/\/www.intoscana.it\/wp-content\/uploads\/monteserra_incendio_01-1.jpeg","contentUrl":"https:\/\/www.intoscana.it\/wp-content\/uploads\/monteserra_incendio_01-1.jpeg","width":1600,"height":1200,"caption":"Incendio sul Monte Serra"},{"@type":"BreadcrumbList","@id":"https:\/\/www.intoscana.it\/it\/a-calci-inaugurata-la-prima-comunita-antincendi-ditalia-saccardi-esperienza-innovativa\/#breadcrumb","itemListElement":[{"@type":"ListItem","position":1,"name":"Home","item":"https:\/\/www.intoscana.it\/it\/"},{"@type":"ListItem","position":2,"name":"A Calci inaugurata la Prima Comunit\u00e0 Antincendi d&#8217;Italia, Saccardi: &#8220;Esperienza innovativa&#8221;"}]},{"@type":"WebSite","@id":"https:\/\/www.intoscana.it\/it\/#website","url":"https:\/\/www.intoscana.it\/it\/","name":"intoscana","description":"","potentialAction":[{"@type":"SearchAction","target":{"@type":"EntryPoint","urlTemplate":"https:\/\/www.intoscana.it\/it\/?s={search_term_string}"},"query-input":{"@type":"PropertyValueSpecification","valueRequired":true,"valueName":"search_term_string"}}],"inLanguage":"it-IT"},{"@type":"Person","@id":"https:\/\/www.intoscana.it\/it\/#\/schema\/person\/9223810753230f20bd670fdd322661f8","name":"Redazione","url":"https:\/\/www.intoscana.it\/it\/author\/redazione\/"}]}},"_links":{"self":[{"href":"https:\/\/www.intoscana.it\/it\/wp-json\/wp\/v2\/posts\/227520","targetHints":{"allow":["GET"]}}],"collection":[{"href":"https:\/\/www.intoscana.it\/it\/wp-json\/wp\/v2\/posts"}],"about":[{"href":"https:\/\/www.intoscana.it\/it\/wp-json\/wp\/v2\/types\/post"}],"author":[{"embeddable":true,"href":"https:\/\/www.intoscana.it\/it\/wp-json\/wp\/v2\/users\/525"}],"replies":[{"embeddable":true,"href":"https:\/\/www.intoscana.it\/it\/wp-json\/wp\/v2\/comments?post=227520"}],"version-history":[{"count":0,"href":"https:\/\/www.intoscana.it\/it\/wp-json\/wp\/v2\/posts\/227520\/revisions"}],"wp:featuredmedia":[{"embeddable":true,"href":"https:\/\/www.intoscana.it\/it\/wp-json\/wp\/v2\/media\/102826"}],"wp:attachment":[{"href":"https:\/\/www.intoscana.it\/it\/wp-json\/wp\/v2\/media?parent=227520"}],"wp:term":[{"taxonomy":"category","embeddable":true,"href":"https:\/\/www.intoscana.it\/it\/wp-json\/wp\/v2\/categories?post=227520"},{"taxonomy":"post_tag","embeddable":true,"href":"https:\/\/www.intoscana.it\/it\/wp-json\/wp\/v2\/tags?post=227520"}],"curies":[{"name":"wp","href":"https:\/\/api.w.org\/{rel}","templated":true}]}}