{"id":227523,"date":"2022-05-09T09:12:09","date_gmt":"2022-05-09T07:12:09","guid":{"rendered":"https:\/\/www.intoscana.it\/it\/?p=227523"},"modified":"2022-05-09T09:12:09","modified_gmt":"2022-05-09T07:12:09","slug":"doppia-data-al-tuscany-hall-di-firenze-di-madame-mi-sono-sdoppiata-tra-lavoro-e-vita-reale","status":"publish","type":"post","link":"https:\/\/www.intoscana.it\/it\/doppia-data-al-tuscany-hall-di-firenze-di-madame-mi-sono-sdoppiata-tra-lavoro-e-vita-reale\/","title":{"rendered":"Doppia data al Tuscany Hall di Firenze di Madame: &#8220;Mi sono sdoppiata tra lavoro e vita reale&#8221;"},"content":{"rendered":"<p>Il trionfale tour di <strong>Madame arriva a Firenze<\/strong> e per venire incontro alle tantissime richieste, alla data di <strong>luned\u00ec 9 maggio<\/strong> \u2013 sold out in prevendita da settimane &#8211; \u00e8 stato aggiunto un nuovo appuntamento, <strong>marted\u00ec 10 maggio,<\/strong> sempre al <strong>Tuscany Hall di Lungarno Aldo Moro.<\/strong><\/p>\n<p>Il <strong>\u201cMadame in Tour\u201d<\/strong> sar\u00e0 l\u2019occasione per l\u2019artista rivelazione del 2021 di presentare, durante il suo primo tour indoor, le canzoni che hanno segnato <strong>il suo esordio discografico \u201cMadame\u201d,<\/strong> album certificato Doppio Disco di Platino pubblicato da Sugar Music e che contiene i singoli <em><strong>\u201cBaby\u201d<\/strong><\/em> (disco di Platino), <em><strong>\u201cMarea\u201d<\/strong><\/em> (3 volte Platino), \u201cTu mi hai capito\u201d (2 volte Platino), \u201cLuna\u201d (oro) e <strong>il brano sanremese \u201cVoce\u201d<\/strong> (4 volte Platino). L\u2019elenco di successi firmati da Madame comprende anche il singolo certificato Platino \u201cSciccherie\u201d, l\u2019oro di \u201c17\u201d.<\/p>\n<p>Sar\u00e0 anche l\u2019occasione per ascoltare il nuovo singolo,<em><strong> \u201cL\u2019eccezione\u201d,<\/strong><\/em> brano che parla \u00abdell\u2019amore di una figlia\u00bb scritto con Luca Faraone per <strong>la serie Amazon \u2018Bang Bang Baby\u2019.<\/strong><\/p>\n<p><iframe loading=\"lazy\" title=\"YouTube video player\" src=\"https:\/\/www.youtube.com\/embed\/cFAtUbi7a8w\" width=\"800\" height=\"500\" frameborder=\"0\" allowfullscreen=\"allowfullscreen\"><span data-mce-type=\"bookmark\" style=\"display: inline-block; width: 0px; overflow: hidden; line-height: 0;\" class=\"mce_SELRES_start\">\ufeff<\/span><\/iframe><\/p>\n<p><em>\u201cIl tour nasce grazie alla direzione artistica di Luca Faraone che ha praticamente riarrangiato quasi tutti i pezzi &#8211;<\/em><strong> spiega Madame <\/strong><em>&#8211; . Con me ho un tastierista che si chiama Carmelo Caruso, una batterista giovanissima che si chiama Dalila Murano, Estremo &#8211; il dj alla consolle &#8211; che mi accompagner\u00e0 anche nei live estivi quando non avr\u00f2 tutta la band e poi Emanuele Nazzaro che \u00e8 il bassista. Abbiamo messo in piedi questa band che \u00e8 stata un po&#8217; anche una sfida, perch\u00e9 gi\u00e0 stiamo parlando di un mondo urban.<\/em><\/p>\n<p><em>Nel momento in cui sono andata a Sanremo, come succede a molti artisti che diventano ufficialmente e pubblicamente artisti, mi sono un po&#8217; sdoppiata: <strong>Madame nel lavoro e Francesca (Calearo) nella vita reale.<\/strong> Sono persone con ritmi di vita diversi e idee diverse, ad una interessa di pi\u00f9 la tranquillit\u00e0, la pace, la salute mentale all&#8217;altra un po&#8217; meno\u201d.<\/em><\/p>\n<p>Alla popolarit\u00e0 arrivata con il <strong>Festival di Sanremo<\/strong> la musicista ha reagito anche <strong>&#8216;disconnettendosi&#8217; &#8220;dai social per tre mesi:<\/strong> <em>\u201cSono andata in Giordania, non per andare via dalle cose belle, mi sono voluta staccare dal mondo dei social, non solo per quello che potevano dire su di me, ma anche sugli altri, mi d\u00e0 proprio fastidio&#8221;.<\/em><\/p>\n<p><em>&#8220;Ogni pezzo e ogni messaggio \u2013<\/em><strong> conclude Madame <\/strong><em>&#8211; necessitano di un proprio genere, di un proprio strumento. Se nella vita usi sempre uno stesso strumento, fai sempre lo stesso genere, c&#8217;\u00e8 il rischio che poi tu dica sempre le stesse cose&#8221;.<\/em><\/p>\n<p>Dopo il successo del tour che da maggio porter\u00e0 l\u2019artista sui palchi dei club italiani, <em><strong>\u201cMadame In Tour\u201d,<\/strong><\/em> prodotto e organizzato da Friends &amp; Partners e Vivo Concerti in collaborazione con Big Picture Management e Sugar Music, continuer\u00e0 anche in estate: arrivano, a grande richiesta, 10 nuovi appuntamenti outdoor che vedranno Madame protagonista dei principali festival estivi.<\/p>\n<h3>Biglietti<\/h3>\n<p>Inizio ore 21. I biglietti per il concerto di marted\u00ec 10 maggio \u2013 posto unico 30 euro &#8211; sono disponibili sul sito www.bitconcerti.it, su www.ticketone.it (tel. 892.101) e nei punti Box Office Toscana (<a href=\"http:\/\/www.boxofficetoscana.it\/punti-vendita\" target=\"_blank\" rel=\"noopener\"><strong>www.boxofficetoscana.it\/punti-vendita<\/strong><\/a> &#8211; tel. 055.210804). Ricordiamo che luned\u00ec 9 maggio si recupera la data prevista per lo scorso dicembre e poi posticipata. Restano validi i biglietti gi\u00e0 acquistati.<\/p>\n<p>&nbsp;<\/p>\n","protected":false},"excerpt":{"rendered":"<p>Il concerto di luned\u00ec 9 \u00e8 gi\u00e0 sold out ma per venire in contro alle tante richieste ci sono ancora biglietti per la data aggiuntiva di marted\u00ec 10<\/p>\n","protected":false},"author":525,"featured_media":227524,"comment_status":"open","ping_status":"open","sticky":false,"template":"","format":"standard","meta":{"_acf_changed":false,"footnotes":""},"categories":[14],"tags":[216,4474,202],"class_list":["post-227523","post","type-post","status-publish","format-standard","has-post-thumbnail","hentry","category-musica","tag-concerti","tag-eventi","tag-firenze"],"acf":[],"yoast_head":"<!-- This site is optimized with the Yoast SEO Premium plugin v24.2 (Yoast SEO v25.6) - https:\/\/yoast.com\/wordpress\/plugins\/seo\/ -->\n<title>Doppia data al Tuscany Hall di Firenze di Madame: &quot;Mi sono sdoppiata tra lavoro e vita reale&quot; - intoscana<\/title>\n<meta name=\"description\" content=\"Il concerto del 9 \u00e8 gi\u00e0 sold out ma per venire in contro alle tante richieste ci sono ancora biglietti per la data aggiuntiva di marted\u00ec 10\" \/>\n<meta name=\"robots\" content=\"index, follow, max-snippet:-1, max-image-preview:large, max-video-preview:-1\" \/>\n<link rel=\"canonical\" href=\"https:\/\/www.intoscana.it\/it\/doppia-data-al-tuscany-hall-di-firenze-di-madame-mi-sono-sdoppiata-tra-lavoro-e-vita-reale\/\" \/>\n<meta property=\"og:locale\" content=\"it_IT\" \/>\n<meta property=\"og:type\" content=\"article\" \/>\n<meta property=\"og:title\" content=\"Doppia data al Tuscany Hall di Firenze di Madame: &quot;Mi sono sdoppiata tra lavoro e vita reale&quot;\" \/>\n<meta property=\"og:description\" content=\"Il concerto del 9 \u00e8 gi\u00e0 sold out ma per venire in contro alle tante richieste ci sono ancora biglietti per la data aggiuntiva di marted\u00ec 10\" \/>\n<meta property=\"og:url\" content=\"https:\/\/www.intoscana.it\/it\/doppia-data-al-tuscany-hall-di-firenze-di-madame-mi-sono-sdoppiata-tra-lavoro-e-vita-reale\/\" \/>\n<meta property=\"og:site_name\" content=\"intoscana\" \/>\n<meta property=\"article:publisher\" content=\"https:\/\/www.facebook.com\/intoscana.it\" \/>\n<meta property=\"article:published_time\" content=\"2022-05-09T07:12:09+00:00\" \/>\n<meta property=\"og:image\" content=\"https:\/\/www.intoscana.it\/wp-content\/uploads\/Madame_Enrico-Rassu-pic-2.jpg\" \/>\n\t<meta property=\"og:image:width\" content=\"920\" \/>\n\t<meta property=\"og:image:height\" content=\"763\" \/>\n\t<meta property=\"og:image:type\" content=\"image\/jpeg\" \/>\n<meta name=\"author\" content=\"Redazione\" \/>\n<meta name=\"twitter:card\" content=\"summary_large_image\" \/>\n<meta name=\"twitter:creator\" content=\"@intoscana\" \/>\n<meta name=\"twitter:site\" content=\"@intoscana\" \/>\n<meta name=\"twitter:label1\" content=\"Written by\" \/>\n\t<meta name=\"twitter:data1\" content=\"Redazione\" \/>\n\t<meta name=\"twitter:label2\" content=\"Est. reading time\" \/>\n\t<meta name=\"twitter:data2\" content=\"3 minuti\" \/>\n<script type=\"application\/ld+json\" class=\"yoast-schema-graph\">{\"@context\":\"https:\/\/schema.org\",\"@graph\":[{\"@type\":\"WebPage\",\"@id\":\"https:\/\/www.intoscana.it\/it\/doppia-data-al-tuscany-hall-di-firenze-di-madame-mi-sono-sdoppiata-tra-lavoro-e-vita-reale\/\",\"url\":\"https:\/\/www.intoscana.it\/it\/doppia-data-al-tuscany-hall-di-firenze-di-madame-mi-sono-sdoppiata-tra-lavoro-e-vita-reale\/\",\"name\":\"Doppia data al Tuscany Hall di Firenze di Madame: \\\"Mi sono sdoppiata tra lavoro e vita reale\\\" - intoscana\",\"isPartOf\":{\"@id\":\"https:\/\/www.intoscana.it\/it\/#website\"},\"primaryImageOfPage\":{\"@id\":\"https:\/\/www.intoscana.it\/it\/doppia-data-al-tuscany-hall-di-firenze-di-madame-mi-sono-sdoppiata-tra-lavoro-e-vita-reale\/#primaryimage\"},\"image\":{\"@id\":\"https:\/\/www.intoscana.it\/it\/doppia-data-al-tuscany-hall-di-firenze-di-madame-mi-sono-sdoppiata-tra-lavoro-e-vita-reale\/#primaryimage\"},\"thumbnailUrl\":\"https:\/\/www.intoscana.it\/wp-content\/uploads\/Madame_Enrico-Rassu-pic-2.jpg\",\"datePublished\":\"2022-05-09T07:12:09+00:00\",\"author\":{\"@id\":\"https:\/\/www.intoscana.it\/it\/#\/schema\/person\/9223810753230f20bd670fdd322661f8\"},\"description\":\"Il concerto del 9 \u00e8 gi\u00e0 sold out ma per venire in contro alle tante richieste ci sono ancora biglietti per la data aggiuntiva di marted\u00ec 10\",\"breadcrumb\":{\"@id\":\"https:\/\/www.intoscana.it\/it\/doppia-data-al-tuscany-hall-di-firenze-di-madame-mi-sono-sdoppiata-tra-lavoro-e-vita-reale\/#breadcrumb\"},\"inLanguage\":\"it-IT\",\"potentialAction\":[{\"@type\":\"ReadAction\",\"target\":[\"https:\/\/www.intoscana.it\/it\/doppia-data-al-tuscany-hall-di-firenze-di-madame-mi-sono-sdoppiata-tra-lavoro-e-vita-reale\/\"]}]},{\"@type\":\"ImageObject\",\"inLanguage\":\"it-IT\",\"@id\":\"https:\/\/www.intoscana.it\/it\/doppia-data-al-tuscany-hall-di-firenze-di-madame-mi-sono-sdoppiata-tra-lavoro-e-vita-reale\/#primaryimage\",\"url\":\"https:\/\/www.intoscana.it\/wp-content\/uploads\/Madame_Enrico-Rassu-pic-2.jpg\",\"contentUrl\":\"https:\/\/www.intoscana.it\/wp-content\/uploads\/Madame_Enrico-Rassu-pic-2.jpg\",\"width\":920,\"height\":763},{\"@type\":\"BreadcrumbList\",\"@id\":\"https:\/\/www.intoscana.it\/it\/doppia-data-al-tuscany-hall-di-firenze-di-madame-mi-sono-sdoppiata-tra-lavoro-e-vita-reale\/#breadcrumb\",\"itemListElement\":[{\"@type\":\"ListItem\",\"position\":1,\"name\":\"Home\",\"item\":\"https:\/\/www.intoscana.it\/it\/\"},{\"@type\":\"ListItem\",\"position\":2,\"name\":\"Doppia data al Tuscany Hall di Firenze di Madame: &#8220;Mi sono sdoppiata tra lavoro e vita reale&#8221;\"}]},{\"@type\":\"WebSite\",\"@id\":\"https:\/\/www.intoscana.it\/it\/#website\",\"url\":\"https:\/\/www.intoscana.it\/it\/\",\"name\":\"intoscana\",\"description\":\"\",\"potentialAction\":[{\"@type\":\"SearchAction\",\"target\":{\"@type\":\"EntryPoint\",\"urlTemplate\":\"https:\/\/www.intoscana.it\/it\/?s={search_term_string}\"},\"query-input\":{\"@type\":\"PropertyValueSpecification\",\"valueRequired\":true,\"valueName\":\"search_term_string\"}}],\"inLanguage\":\"it-IT\"},{\"@type\":\"Person\",\"@id\":\"https:\/\/www.intoscana.it\/it\/#\/schema\/person\/9223810753230f20bd670fdd322661f8\",\"name\":\"Redazione\",\"url\":\"https:\/\/www.intoscana.it\/it\/author\/redazione\/\"}]}<\/script>\n<!-- \/ Yoast SEO Premium plugin. -->","yoast_head_json":{"title":"Doppia data al Tuscany Hall di Firenze di Madame: \"Mi sono sdoppiata tra lavoro e vita reale\" - intoscana","description":"Il concerto del 9 \u00e8 gi\u00e0 sold out ma per venire in contro alle tante richieste ci sono ancora biglietti per la data aggiuntiva di marted\u00ec 10","robots":{"index":"index","follow":"follow","max-snippet":"max-snippet:-1","max-image-preview":"max-image-preview:large","max-video-preview":"max-video-preview:-1"},"canonical":"https:\/\/www.intoscana.it\/it\/doppia-data-al-tuscany-hall-di-firenze-di-madame-mi-sono-sdoppiata-tra-lavoro-e-vita-reale\/","og_locale":"it_IT","og_type":"article","og_title":"Doppia data al Tuscany Hall di Firenze di Madame: \"Mi sono sdoppiata tra lavoro e vita reale\"","og_description":"Il concerto del 9 \u00e8 gi\u00e0 sold out ma per venire in contro alle tante richieste ci sono ancora biglietti per la data aggiuntiva di marted\u00ec 10","og_url":"https:\/\/www.intoscana.it\/it\/doppia-data-al-tuscany-hall-di-firenze-di-madame-mi-sono-sdoppiata-tra-lavoro-e-vita-reale\/","og_site_name":"intoscana","article_publisher":"https:\/\/www.facebook.com\/intoscana.it","article_published_time":"2022-05-09T07:12:09+00:00","og_image":[{"width":920,"height":763,"url":"https:\/\/www.intoscana.it\/wp-content\/uploads\/Madame_Enrico-Rassu-pic-2.jpg","type":"image\/jpeg"}],"author":"Redazione","twitter_card":"summary_large_image","twitter_creator":"@intoscana","twitter_site":"@intoscana","twitter_misc":{"Written by":"Redazione","Est. reading time":"3 minuti"},"schema":{"@context":"https:\/\/schema.org","@graph":[{"@type":"WebPage","@id":"https:\/\/www.intoscana.it\/it\/doppia-data-al-tuscany-hall-di-firenze-di-madame-mi-sono-sdoppiata-tra-lavoro-e-vita-reale\/","url":"https:\/\/www.intoscana.it\/it\/doppia-data-al-tuscany-hall-di-firenze-di-madame-mi-sono-sdoppiata-tra-lavoro-e-vita-reale\/","name":"Doppia data al Tuscany Hall di Firenze di Madame: \"Mi sono sdoppiata tra lavoro e vita reale\" - intoscana","isPartOf":{"@id":"https:\/\/www.intoscana.it\/it\/#website"},"primaryImageOfPage":{"@id":"https:\/\/www.intoscana.it\/it\/doppia-data-al-tuscany-hall-di-firenze-di-madame-mi-sono-sdoppiata-tra-lavoro-e-vita-reale\/#primaryimage"},"image":{"@id":"https:\/\/www.intoscana.it\/it\/doppia-data-al-tuscany-hall-di-firenze-di-madame-mi-sono-sdoppiata-tra-lavoro-e-vita-reale\/#primaryimage"},"thumbnailUrl":"https:\/\/www.intoscana.it\/wp-content\/uploads\/Madame_Enrico-Rassu-pic-2.jpg","datePublished":"2022-05-09T07:12:09+00:00","author":{"@id":"https:\/\/www.intoscana.it\/it\/#\/schema\/person\/9223810753230f20bd670fdd322661f8"},"description":"Il concerto del 9 \u00e8 gi\u00e0 sold out ma per venire in contro alle tante richieste ci sono ancora biglietti per la data aggiuntiva di marted\u00ec 10","breadcrumb":{"@id":"https:\/\/www.intoscana.it\/it\/doppia-data-al-tuscany-hall-di-firenze-di-madame-mi-sono-sdoppiata-tra-lavoro-e-vita-reale\/#breadcrumb"},"inLanguage":"it-IT","potentialAction":[{"@type":"ReadAction","target":["https:\/\/www.intoscana.it\/it\/doppia-data-al-tuscany-hall-di-firenze-di-madame-mi-sono-sdoppiata-tra-lavoro-e-vita-reale\/"]}]},{"@type":"ImageObject","inLanguage":"it-IT","@id":"https:\/\/www.intoscana.it\/it\/doppia-data-al-tuscany-hall-di-firenze-di-madame-mi-sono-sdoppiata-tra-lavoro-e-vita-reale\/#primaryimage","url":"https:\/\/www.intoscana.it\/wp-content\/uploads\/Madame_Enrico-Rassu-pic-2.jpg","contentUrl":"https:\/\/www.intoscana.it\/wp-content\/uploads\/Madame_Enrico-Rassu-pic-2.jpg","width":920,"height":763},{"@type":"BreadcrumbList","@id":"https:\/\/www.intoscana.it\/it\/doppia-data-al-tuscany-hall-di-firenze-di-madame-mi-sono-sdoppiata-tra-lavoro-e-vita-reale\/#breadcrumb","itemListElement":[{"@type":"ListItem","position":1,"name":"Home","item":"https:\/\/www.intoscana.it\/it\/"},{"@type":"ListItem","position":2,"name":"Doppia data al Tuscany Hall di Firenze di Madame: &#8220;Mi sono sdoppiata tra lavoro e vita reale&#8221;"}]},{"@type":"WebSite","@id":"https:\/\/www.intoscana.it\/it\/#website","url":"https:\/\/www.intoscana.it\/it\/","name":"intoscana","description":"","potentialAction":[{"@type":"SearchAction","target":{"@type":"EntryPoint","urlTemplate":"https:\/\/www.intoscana.it\/it\/?s={search_term_string}"},"query-input":{"@type":"PropertyValueSpecification","valueRequired":true,"valueName":"search_term_string"}}],"inLanguage":"it-IT"},{"@type":"Person","@id":"https:\/\/www.intoscana.it\/it\/#\/schema\/person\/9223810753230f20bd670fdd322661f8","name":"Redazione","url":"https:\/\/www.intoscana.it\/it\/author\/redazione\/"}]}},"_links":{"self":[{"href":"https:\/\/www.intoscana.it\/it\/wp-json\/wp\/v2\/posts\/227523","targetHints":{"allow":["GET"]}}],"collection":[{"href":"https:\/\/www.intoscana.it\/it\/wp-json\/wp\/v2\/posts"}],"about":[{"href":"https:\/\/www.intoscana.it\/it\/wp-json\/wp\/v2\/types\/post"}],"author":[{"embeddable":true,"href":"https:\/\/www.intoscana.it\/it\/wp-json\/wp\/v2\/users\/525"}],"replies":[{"embeddable":true,"href":"https:\/\/www.intoscana.it\/it\/wp-json\/wp\/v2\/comments?post=227523"}],"version-history":[{"count":0,"href":"https:\/\/www.intoscana.it\/it\/wp-json\/wp\/v2\/posts\/227523\/revisions"}],"wp:featuredmedia":[{"embeddable":true,"href":"https:\/\/www.intoscana.it\/it\/wp-json\/wp\/v2\/media\/227524"}],"wp:attachment":[{"href":"https:\/\/www.intoscana.it\/it\/wp-json\/wp\/v2\/media?parent=227523"}],"wp:term":[{"taxonomy":"category","embeddable":true,"href":"https:\/\/www.intoscana.it\/it\/wp-json\/wp\/v2\/categories?post=227523"},{"taxonomy":"post_tag","embeddable":true,"href":"https:\/\/www.intoscana.it\/it\/wp-json\/wp\/v2\/tags?post=227523"}],"curies":[{"name":"wp","href":"https:\/\/api.w.org\/{rel}","templated":true}]}}