{"id":227537,"date":"2022-05-09T09:25:24","date_gmt":"2022-05-09T07:25:24","guid":{"rendered":"https:\/\/www.intoscana.it\/it\/?p=227537"},"modified":"2022-05-10T08:52:45","modified_gmt":"2022-05-10T06:52:45","slug":"terremoti-prosegue-lo-sciame-di-scosse-nel-fiorentino-la-piu-forte-di-magnitudo-2-7","status":"publish","type":"post","link":"https:\/\/www.intoscana.it\/it\/terremoti-prosegue-lo-sciame-di-scosse-nel-fiorentino-la-piu-forte-di-magnitudo-2-7\/","title":{"rendered":"Terremoti, prosegue lo sciame di scosse nel Fiorentino: la pi\u00f9 forte di magnitudo 2.7"},"content":{"rendered":"<p><strong>Ancora scosse nel Fiorentino<\/strong>: due di magnitudo 2.2 e 2.3 sono state registrate <strong>una dietro l&#8217;altra alle 5:44<\/strong> con epicentro sempre nel <strong>comune di Impruneta,<\/strong> a una profondit\u00e0 la prima di 8 km, la seconda di 10. Un&#8217;altra, di magnitudo 2, \u00e8 stata registrata alle 6.22 sempre nel comune di Impruneta, a una profondit\u00e0 di 10 km.<\/p>\n<p>Sempre stamani <strong>altre quattro scosse di magnitudo superiore a 2<\/strong>, la pi\u00f9 forte di<strong> 2.7 avvertita dalla popolazione,<\/strong> sono state registrate tra i comuni di Impruneta e San Casciano tra le 4:42 e le 5:22.<\/p>\n<p>Dalla mezzanotte fino alle 6.40 invece sono state<strong> 22 quelle inferiori a magnitudo 2,<\/strong> per lo pi\u00f9 con epicentro Impruneta, ma anche a San Casciano.<\/p>\n<p><strong>Altre otto scosse<\/strong> sono state registrate in tre ore, a partire dalle 7.16, sempre con epicentro nel territorio di Impruneta: due le pi\u00f9 forti, di magnitudo 2.1 alle 8:35 e 2.2 alle 9:16.<\/p>\n<p>Le altre 6 sono state tutte inferiori a 2, l&#8217;ultima alle\u00a010:17.<\/p>\n<p><strong>In totale da mezzanotte sono state 37 le scosse registrate<\/strong>.<\/p>\n<p>Secondo quanto reso noto dalla <strong>Protezione civile della Citt\u00e0 metropolitana,<\/strong> dalla mezzanotte del 7 maggio fino a domenica 8 maggio erano state registrate 22 scosse, con epicentro sempre tra Impruneta e San Casciano, ma <strong>da un primo riscontro con le sale operative di emergenza non si registrano criticit\u00e0&#8221;.<\/strong><\/p>\n<p>&nbsp;<\/p>\n","protected":false},"excerpt":{"rendered":"<p>Secondo quanto spiega la Protezione civile della Citt\u00e0 metropolitana di Firenze:\u00a0&#8220;Da un primo riscontro con le sale operative di emergenza non si registrano criticit\u00e0&#8221;<\/p>\n","protected":false},"author":525,"featured_media":101196,"comment_status":"open","ping_status":"open","sticky":false,"template":"","format":"standard","meta":{"_acf_changed":false,"footnotes":""},"categories":[494],"tags":[3471,4508],"class_list":["post-227537","post","type-post","status-publish","format-standard","has-post-thumbnail","hentry","category-attualita","tag-protezione-civile","tag-terremoto"],"acf":[],"yoast_head":"<!-- This site is optimized with the Yoast SEO Premium plugin v24.2 (Yoast SEO v25.6) - https:\/\/yoast.com\/wordpress\/plugins\/seo\/ -->\n<title>Terremoti, prosegue lo sciame di scosse nel Fiorentino: la pi\u00f9 forte di magnitudo 2.7 - intoscana<\/title>\n<meta name=\"description\" content=\"Secondo quanto spiega la Protezione civile della Citt\u00e0 metropolitana di Firenze:\u00a0&quot;Da un primo riscontro non si registrano criticit\u00e0&quot;\" \/>\n<meta name=\"robots\" content=\"index, follow, max-snippet:-1, max-image-preview:large, max-video-preview:-1\" \/>\n<link rel=\"canonical\" href=\"https:\/\/www.intoscana.it\/it\/terremoti-prosegue-lo-sciame-di-scosse-nel-fiorentino-la-piu-forte-di-magnitudo-2-7\/\" \/>\n<meta property=\"og:locale\" content=\"it_IT\" \/>\n<meta property=\"og:type\" content=\"article\" \/>\n<meta property=\"og:title\" content=\"Terremoti, prosegue lo sciame di scosse nel Fiorentino: la pi\u00f9 forte di magnitudo 2.7\" \/>\n<meta property=\"og:description\" content=\"Secondo quanto spiega la Protezione civile della Citt\u00e0 metropolitana di Firenze:\u00a0&quot;Da un primo riscontro non si registrano criticit\u00e0&quot;\" \/>\n<meta property=\"og:url\" content=\"https:\/\/www.intoscana.it\/it\/terremoti-prosegue-lo-sciame-di-scosse-nel-fiorentino-la-piu-forte-di-magnitudo-2-7\/\" \/>\n<meta property=\"og:site_name\" content=\"intoscana\" \/>\n<meta property=\"article:publisher\" content=\"https:\/\/www.facebook.com\/intoscana.it\" \/>\n<meta property=\"article:published_time\" content=\"2022-05-09T07:25:24+00:00\" \/>\n<meta property=\"article:modified_time\" content=\"2022-05-10T06:52:45+00:00\" \/>\n<meta property=\"og:image\" content=\"https:\/\/www.intoscana.it\/wp-content\/uploads\/08532e761a28117bf708128ebbaab11a-2.jpg\" \/>\n\t<meta property=\"og:image:width\" content=\"510\" \/>\n\t<meta property=\"og:image:height\" content=\"383\" \/>\n\t<meta property=\"og:image:type\" content=\"image\/jpeg\" \/>\n<meta name=\"author\" content=\"Redazione\" \/>\n<meta name=\"twitter:card\" content=\"summary_large_image\" \/>\n<meta name=\"twitter:creator\" content=\"@intoscana\" \/>\n<meta name=\"twitter:site\" content=\"@intoscana\" \/>\n<meta name=\"twitter:label1\" content=\"Written by\" \/>\n\t<meta name=\"twitter:data1\" content=\"Redazione\" \/>\n\t<meta name=\"twitter:label2\" content=\"Est. reading time\" \/>\n\t<meta name=\"twitter:data2\" content=\"1 minuto\" \/>\n<script type=\"application\/ld+json\" class=\"yoast-schema-graph\">{\"@context\":\"https:\/\/schema.org\",\"@graph\":[{\"@type\":\"WebPage\",\"@id\":\"https:\/\/www.intoscana.it\/it\/terremoti-prosegue-lo-sciame-di-scosse-nel-fiorentino-la-piu-forte-di-magnitudo-2-7\/\",\"url\":\"https:\/\/www.intoscana.it\/it\/terremoti-prosegue-lo-sciame-di-scosse-nel-fiorentino-la-piu-forte-di-magnitudo-2-7\/\",\"name\":\"Terremoti, prosegue lo sciame di scosse nel Fiorentino: la pi\u00f9 forte di magnitudo 2.7 - intoscana\",\"isPartOf\":{\"@id\":\"https:\/\/www.intoscana.it\/it\/#website\"},\"primaryImageOfPage\":{\"@id\":\"https:\/\/www.intoscana.it\/it\/terremoti-prosegue-lo-sciame-di-scosse-nel-fiorentino-la-piu-forte-di-magnitudo-2-7\/#primaryimage\"},\"image\":{\"@id\":\"https:\/\/www.intoscana.it\/it\/terremoti-prosegue-lo-sciame-di-scosse-nel-fiorentino-la-piu-forte-di-magnitudo-2-7\/#primaryimage\"},\"thumbnailUrl\":\"https:\/\/www.intoscana.it\/wp-content\/uploads\/08532e761a28117bf708128ebbaab11a-2.jpg\",\"datePublished\":\"2022-05-09T07:25:24+00:00\",\"dateModified\":\"2022-05-10T06:52:45+00:00\",\"author\":{\"@id\":\"https:\/\/www.intoscana.it\/it\/#\/schema\/person\/9223810753230f20bd670fdd322661f8\"},\"description\":\"Secondo quanto spiega la Protezione civile della Citt\u00e0 metropolitana di Firenze:\u00a0\\\"Da un primo riscontro non si registrano criticit\u00e0\\\"\",\"breadcrumb\":{\"@id\":\"https:\/\/www.intoscana.it\/it\/terremoti-prosegue-lo-sciame-di-scosse-nel-fiorentino-la-piu-forte-di-magnitudo-2-7\/#breadcrumb\"},\"inLanguage\":\"it-IT\",\"potentialAction\":[{\"@type\":\"ReadAction\",\"target\":[\"https:\/\/www.intoscana.it\/it\/terremoti-prosegue-lo-sciame-di-scosse-nel-fiorentino-la-piu-forte-di-magnitudo-2-7\/\"]}]},{\"@type\":\"ImageObject\",\"inLanguage\":\"it-IT\",\"@id\":\"https:\/\/www.intoscana.it\/it\/terremoti-prosegue-lo-sciame-di-scosse-nel-fiorentino-la-piu-forte-di-magnitudo-2-7\/#primaryimage\",\"url\":\"https:\/\/www.intoscana.it\/wp-content\/uploads\/08532e761a28117bf708128ebbaab11a-2.jpg\",\"contentUrl\":\"https:\/\/www.intoscana.it\/wp-content\/uploads\/08532e761a28117bf708128ebbaab11a-2.jpg\",\"width\":510,\"height\":383},{\"@type\":\"BreadcrumbList\",\"@id\":\"https:\/\/www.intoscana.it\/it\/terremoti-prosegue-lo-sciame-di-scosse-nel-fiorentino-la-piu-forte-di-magnitudo-2-7\/#breadcrumb\",\"itemListElement\":[{\"@type\":\"ListItem\",\"position\":1,\"name\":\"Home\",\"item\":\"https:\/\/www.intoscana.it\/it\/\"},{\"@type\":\"ListItem\",\"position\":2,\"name\":\"Terremoti, prosegue lo sciame di scosse nel Fiorentino: la pi\u00f9 forte di magnitudo 2.7\"}]},{\"@type\":\"WebSite\",\"@id\":\"https:\/\/www.intoscana.it\/it\/#website\",\"url\":\"https:\/\/www.intoscana.it\/it\/\",\"name\":\"intoscana\",\"description\":\"\",\"potentialAction\":[{\"@type\":\"SearchAction\",\"target\":{\"@type\":\"EntryPoint\",\"urlTemplate\":\"https:\/\/www.intoscana.it\/it\/?s={search_term_string}\"},\"query-input\":{\"@type\":\"PropertyValueSpecification\",\"valueRequired\":true,\"valueName\":\"search_term_string\"}}],\"inLanguage\":\"it-IT\"},{\"@type\":\"Person\",\"@id\":\"https:\/\/www.intoscana.it\/it\/#\/schema\/person\/9223810753230f20bd670fdd322661f8\",\"name\":\"Redazione\",\"url\":\"https:\/\/www.intoscana.it\/it\/author\/redazione\/\"}]}<\/script>\n<!-- \/ Yoast SEO Premium plugin. -->","yoast_head_json":{"title":"Terremoti, prosegue lo sciame di scosse nel Fiorentino: la pi\u00f9 forte di magnitudo 2.7 - intoscana","description":"Secondo quanto spiega la Protezione civile della Citt\u00e0 metropolitana di Firenze:\u00a0\"Da un primo riscontro non si registrano criticit\u00e0\"","robots":{"index":"index","follow":"follow","max-snippet":"max-snippet:-1","max-image-preview":"max-image-preview:large","max-video-preview":"max-video-preview:-1"},"canonical":"https:\/\/www.intoscana.it\/it\/terremoti-prosegue-lo-sciame-di-scosse-nel-fiorentino-la-piu-forte-di-magnitudo-2-7\/","og_locale":"it_IT","og_type":"article","og_title":"Terremoti, prosegue lo sciame di scosse nel Fiorentino: la pi\u00f9 forte di magnitudo 2.7","og_description":"Secondo quanto spiega la Protezione civile della Citt\u00e0 metropolitana di Firenze:\u00a0\"Da un primo riscontro non si registrano criticit\u00e0\"","og_url":"https:\/\/www.intoscana.it\/it\/terremoti-prosegue-lo-sciame-di-scosse-nel-fiorentino-la-piu-forte-di-magnitudo-2-7\/","og_site_name":"intoscana","article_publisher":"https:\/\/www.facebook.com\/intoscana.it","article_published_time":"2022-05-09T07:25:24+00:00","article_modified_time":"2022-05-10T06:52:45+00:00","og_image":[{"width":510,"height":383,"url":"https:\/\/www.intoscana.it\/wp-content\/uploads\/08532e761a28117bf708128ebbaab11a-2.jpg","type":"image\/jpeg"}],"author":"Redazione","twitter_card":"summary_large_image","twitter_creator":"@intoscana","twitter_site":"@intoscana","twitter_misc":{"Written by":"Redazione","Est. reading time":"1 minuto"},"schema":{"@context":"https:\/\/schema.org","@graph":[{"@type":"WebPage","@id":"https:\/\/www.intoscana.it\/it\/terremoti-prosegue-lo-sciame-di-scosse-nel-fiorentino-la-piu-forte-di-magnitudo-2-7\/","url":"https:\/\/www.intoscana.it\/it\/terremoti-prosegue-lo-sciame-di-scosse-nel-fiorentino-la-piu-forte-di-magnitudo-2-7\/","name":"Terremoti, prosegue lo sciame di scosse nel Fiorentino: la pi\u00f9 forte di magnitudo 2.7 - intoscana","isPartOf":{"@id":"https:\/\/www.intoscana.it\/it\/#website"},"primaryImageOfPage":{"@id":"https:\/\/www.intoscana.it\/it\/terremoti-prosegue-lo-sciame-di-scosse-nel-fiorentino-la-piu-forte-di-magnitudo-2-7\/#primaryimage"},"image":{"@id":"https:\/\/www.intoscana.it\/it\/terremoti-prosegue-lo-sciame-di-scosse-nel-fiorentino-la-piu-forte-di-magnitudo-2-7\/#primaryimage"},"thumbnailUrl":"https:\/\/www.intoscana.it\/wp-content\/uploads\/08532e761a28117bf708128ebbaab11a-2.jpg","datePublished":"2022-05-09T07:25:24+00:00","dateModified":"2022-05-10T06:52:45+00:00","author":{"@id":"https:\/\/www.intoscana.it\/it\/#\/schema\/person\/9223810753230f20bd670fdd322661f8"},"description":"Secondo quanto spiega la Protezione civile della Citt\u00e0 metropolitana di Firenze:\u00a0\"Da un primo riscontro non si registrano criticit\u00e0\"","breadcrumb":{"@id":"https:\/\/www.intoscana.it\/it\/terremoti-prosegue-lo-sciame-di-scosse-nel-fiorentino-la-piu-forte-di-magnitudo-2-7\/#breadcrumb"},"inLanguage":"it-IT","potentialAction":[{"@type":"ReadAction","target":["https:\/\/www.intoscana.it\/it\/terremoti-prosegue-lo-sciame-di-scosse-nel-fiorentino-la-piu-forte-di-magnitudo-2-7\/"]}]},{"@type":"ImageObject","inLanguage":"it-IT","@id":"https:\/\/www.intoscana.it\/it\/terremoti-prosegue-lo-sciame-di-scosse-nel-fiorentino-la-piu-forte-di-magnitudo-2-7\/#primaryimage","url":"https:\/\/www.intoscana.it\/wp-content\/uploads\/08532e761a28117bf708128ebbaab11a-2.jpg","contentUrl":"https:\/\/www.intoscana.it\/wp-content\/uploads\/08532e761a28117bf708128ebbaab11a-2.jpg","width":510,"height":383},{"@type":"BreadcrumbList","@id":"https:\/\/www.intoscana.it\/it\/terremoti-prosegue-lo-sciame-di-scosse-nel-fiorentino-la-piu-forte-di-magnitudo-2-7\/#breadcrumb","itemListElement":[{"@type":"ListItem","position":1,"name":"Home","item":"https:\/\/www.intoscana.it\/it\/"},{"@type":"ListItem","position":2,"name":"Terremoti, prosegue lo sciame di scosse nel Fiorentino: la pi\u00f9 forte di magnitudo 2.7"}]},{"@type":"WebSite","@id":"https:\/\/www.intoscana.it\/it\/#website","url":"https:\/\/www.intoscana.it\/it\/","name":"intoscana","description":"","potentialAction":[{"@type":"SearchAction","target":{"@type":"EntryPoint","urlTemplate":"https:\/\/www.intoscana.it\/it\/?s={search_term_string}"},"query-input":{"@type":"PropertyValueSpecification","valueRequired":true,"valueName":"search_term_string"}}],"inLanguage":"it-IT"},{"@type":"Person","@id":"https:\/\/www.intoscana.it\/it\/#\/schema\/person\/9223810753230f20bd670fdd322661f8","name":"Redazione","url":"https:\/\/www.intoscana.it\/it\/author\/redazione\/"}]}},"_links":{"self":[{"href":"https:\/\/www.intoscana.it\/it\/wp-json\/wp\/v2\/posts\/227537","targetHints":{"allow":["GET"]}}],"collection":[{"href":"https:\/\/www.intoscana.it\/it\/wp-json\/wp\/v2\/posts"}],"about":[{"href":"https:\/\/www.intoscana.it\/it\/wp-json\/wp\/v2\/types\/post"}],"author":[{"embeddable":true,"href":"https:\/\/www.intoscana.it\/it\/wp-json\/wp\/v2\/users\/525"}],"replies":[{"embeddable":true,"href":"https:\/\/www.intoscana.it\/it\/wp-json\/wp\/v2\/comments?post=227537"}],"version-history":[{"count":0,"href":"https:\/\/www.intoscana.it\/it\/wp-json\/wp\/v2\/posts\/227537\/revisions"}],"wp:featuredmedia":[{"embeddable":true,"href":"https:\/\/www.intoscana.it\/it\/wp-json\/wp\/v2\/media\/101196"}],"wp:attachment":[{"href":"https:\/\/www.intoscana.it\/it\/wp-json\/wp\/v2\/media?parent=227537"}],"wp:term":[{"taxonomy":"category","embeddable":true,"href":"https:\/\/www.intoscana.it\/it\/wp-json\/wp\/v2\/categories?post=227537"},{"taxonomy":"post_tag","embeddable":true,"href":"https:\/\/www.intoscana.it\/it\/wp-json\/wp\/v2\/tags?post=227537"}],"curies":[{"name":"wp","href":"https:\/\/api.w.org\/{rel}","templated":true}]}}