{"id":227555,"date":"2022-05-09T11:28:38","date_gmt":"2022-05-09T09:28:38","guid":{"rendered":"https:\/\/www.intoscana.it\/it\/?p=227555"},"modified":"2022-05-09T11:28:38","modified_gmt":"2022-05-09T09:28:38","slug":"sorprendente-finale-di-stagione-per-lort-brillano-la-bacchetta-di-erina-yashima-e-il-violinista-del-secolo-stefan-milenkovich","status":"publish","type":"post","link":"https:\/\/www.intoscana.it\/it\/sorprendente-finale-di-stagione-per-lort-brillano-la-bacchetta-di-erina-yashima-e-il-violinista-del-secolo-stefan-milenkovich\/","title":{"rendered":"Sorprendente finale di stagione per l&#8217;ORT: brillano la bacchetta di Erina Yashima e il violinista del secolo Stefan Milenkovich"},"content":{"rendered":"<p><strong>L&#8217;Orchestra della Toscana<\/strong> chiuder\u00e0 la stagione 2021-2022 con <strong>due artisti tra i pi\u00f9 talentuosi del momento a livello internazionale<\/strong>.<\/p>\n<p>Stiamo parlando di<strong> Erina Yashima,<\/strong> 36 anni, bacchetta tedesca di origini giapponesi, <strong>pupilla\u00a0di Riccardo Muti,<\/strong> con una carriera in ascesa. Di lei sentiremo molto parlare.<\/p>\n<p>Lui \u00e8<strong> Stefan Milenkovich nato a Belgrado<\/strong> (ma di origini italiane dal lato materno) 45 anni fa: <strong>un vero enfant prodige del violino,<\/strong> invitato a suonare davanti ai grandi della Terra e nominato artista serbo del secolo.<\/p>\n<figure id=\"post-227558 media-227558\" class=\"align-none\"><img decoding=\"async\" src=\"https:\/\/www.intoscana.it\/wp-content\/uploads\/01-Erina-Yashima-\u00a9-Todd-Rosenberg-Photography..jpg\" alt=\"\" \/><\/figure>\n<div class=\"titleimg\"><em>Erina Yashima &#8211; \u00a9 Todd Rosenberg<\/em><\/div>\n<p><strong>Erina Yashima<\/strong> \u00e8 <strong>una direttrice dal talento raro<\/strong> che Riccardo Muti ha riconosciuto in lei aprendole le porte degli Stati Uniti.<\/p>\n<p>Qui ha lavorato con l&#8217;eccellenza, in tre stagioni come bacchetta<strong> assistente del Maestro alla Chicago Symphony Orchestra,<\/strong> e poi <strong>braccio destro di Esa-Pekka Salonen e Christoph Eschenbach<\/strong>, ha collaborato con <strong>il violoncellista Yo-Yo Ma<\/strong>, mentre in Europa ha debuttato al festival di Salisburgo.<\/p>\n<p>Oggi \u00e8<strong> assistente di Yannick N\u00e9zet-S\u00e9guin alla Philadelphia Orchestra<\/strong> e da poco nominata<strong> primo Kapellmeister della Komische Oper Berlin<\/strong> a partire dalla\u00a0stagione 2022\/23.<\/p>\n<p>Per la sua prima volta con l\u2019<strong>Orchestra della Toscana<\/strong> sfida uno dei capisaldi del repertorio sinfonico, la<strong> Sinfonia n.3 Eroica di Beethoven,<\/strong> compositore che Erina conosce bene (ha debuttato con la Nona all&#8217;Arena di Verona la scorsa estate), e, <strong>come lei stessa ha detto:<\/strong> <em>\u201cessendo cresciuta fra le note e avendo sempre suonato (sono diplomata in pianoforte), \u00e8 difficile per me scegliere un singolo compositore, ma forse direi proprio Beethoven. La prima volta che ho sentito la Quinta e la Nona sono rimasta profondamente colpita &#8230; ma la vera sfida oggi nell&#8217;affrontare pagine cos\u00ec famose, \u00e8 confrontarsi con una tradizione tanto ampia quanto illustre. Ognuno ha il proprio gusto e un diverso modo di approcciarsi, il che aumenta la responsabilit\u00e0 di chi la esegue\u201d.<\/em><\/p>\n<figure id=\"post-227562 media-227562\" class=\"align-none\"><img decoding=\"async\" src=\"https:\/\/www.intoscana.it\/wp-content\/uploads\/05-Stefan-Milenkovich-\u00a9-Nebojsa-Babic.jpg\" alt=\"\" \/><\/figure>\n<div class=\"titleimg\">Stefan Milenkovich &#8211; \u00a9 Neboj\u0161a Babi\u0107<\/div>\n<p>In apertura Yashima dirige l\u2019unico lavoro di Max Bruch che ancora si continua a programmare: il<strong> Concerto per violino e orchestra op.26 del 1868<\/strong>. Ne \u00e8 solista il violinista<strong> Stefan Milenkovich,<\/strong> acclamatissimo dal pubblico internazionale, personalit\u00e0 dell\u2019anno.<\/p>\n<p>Stefan inizia a studiare alla tenera et\u00e0 di 3 anni con il padre, rimasto suo insegnante fino ai diciassette; il suo talento lo porta,<strong> a soli 6 anni, a fare la sua prima apparizione da solista<\/strong> in un\u2019orchestra.<\/p>\n<p><strong>A 8 il suo primo concerto nella citt\u00e0 natale di Belgrado<\/strong>, il primo di una lunga serie in tutto il mondo. A 10 anni, suona per il presidente Ronald Reagan in un concerto natalizio a Washington, a 11 anni per il presidente Michail Gorba\u010d\u00ebv e l\u2019anno seguente per Papa Giovanni Paolo II.<\/p>\n<p>A soli 16 anni festeggia il suo millesimo concerto. Si \u00e8 esibito con la band rock <strong>Gorillaz,<\/strong> in uno dei luoghi pi\u00f9 famosi del mondo, l&#8217;<strong>Apollo Theatre ad Harlem, New York<\/strong>: una performance acclamata dalla critica e presentata in diretta su MTV.<\/p>\n<p>\u00c8 ospite frequente di trasmissioni tv e radio, profondamente impegnato in cause umanitarie. <strong>Anche lui \u00e8 alla sua prima volta con l&#8217;ORT.<\/strong><\/p>\n","protected":false},"excerpt":{"rendered":"<p>Ultima produzione dell&#8217;Orchestra della Toscana per il cartellone 2021\/2022: debutto gioved\u00ec 12 maggio al Goldoni di Livorno, poi il 13 in casa a Firenze, il 14 a Figline, il 16 a Poggibonsi e il 17 la chiusura al Teatro Alighieri di Ravenna<\/p>\n","protected":false},"author":525,"featured_media":227559,"comment_status":"open","ping_status":"open","sticky":false,"template":"","format":"standard","meta":{"_acf_changed":false,"footnotes":""},"categories":[14],"tags":[216,4474,202,277,232],"class_list":["post-227555","post","type-post","status-publish","format-standard","has-post-thumbnail","hentry","category-musica","tag-concerti","tag-eventi","tag-firenze","tag-musica-classica","tag-orchestra-della-toscana"],"acf":[],"yoast_head":"<!-- This site is optimized with the Yoast SEO Premium plugin v24.2 (Yoast SEO v25.6) - https:\/\/yoast.com\/wordpress\/plugins\/seo\/ -->\n<title>Sorprendente finale di stagione per l&#039;ORT: brillano la bacchetta di Erina Yashima e il violinista del secolo Stefan Milenkovich - intoscana<\/title>\n<meta name=\"description\" content=\"Gioved\u00ec 12 maggio al Goldoni di Livorno, poi il 13 a Firenze, il 14 a Figline, il 16 a Poggibonsi e il 17 al Teatro Alighieri di Ravenna\" \/>\n<meta name=\"robots\" content=\"index, follow, max-snippet:-1, max-image-preview:large, max-video-preview:-1\" \/>\n<link rel=\"canonical\" href=\"https:\/\/www.intoscana.it\/it\/sorprendente-finale-di-stagione-per-lort-brillano-la-bacchetta-di-erina-yashima-e-il-violinista-del-secolo-stefan-milenkovich\/\" \/>\n<meta property=\"og:locale\" content=\"it_IT\" \/>\n<meta property=\"og:type\" content=\"article\" \/>\n<meta property=\"og:title\" content=\"Sorprendente finale di stagione per l&#039;ORT: brillano la bacchetta di Erina Yashima e il violinista del secolo Stefan Milenkovich\" \/>\n<meta property=\"og:description\" content=\"Gioved\u00ec 12 maggio al Goldoni di Livorno, poi il 13 a Firenze, il 14 a Figline, il 16 a Poggibonsi e il 17 al Teatro Alighieri di Ravenna\" \/>\n<meta property=\"og:url\" content=\"https:\/\/www.intoscana.it\/it\/sorprendente-finale-di-stagione-per-lort-brillano-la-bacchetta-di-erina-yashima-e-il-violinista-del-secolo-stefan-milenkovich\/\" \/>\n<meta property=\"og:site_name\" content=\"intoscana\" \/>\n<meta property=\"article:publisher\" content=\"https:\/\/www.facebook.com\/intoscana.it\" \/>\n<meta property=\"article:published_time\" content=\"2022-05-09T09:28:38+00:00\" \/>\n<meta property=\"og:image\" content=\"https:\/\/www.intoscana.it\/wp-content\/uploads\/02-Erina-Yashima-\u00a9-Todd-Rosenberg-Photography.jpg\" \/>\n\t<meta property=\"og:image:width\" content=\"1600\" \/>\n\t<meta property=\"og:image:height\" content=\"1067\" \/>\n\t<meta property=\"og:image:type\" content=\"image\/jpeg\" \/>\n<meta name=\"author\" content=\"Redazione\" \/>\n<meta name=\"twitter:card\" content=\"summary_large_image\" \/>\n<meta name=\"twitter:creator\" content=\"@intoscana\" \/>\n<meta name=\"twitter:site\" content=\"@intoscana\" \/>\n<meta name=\"twitter:label1\" content=\"Written by\" \/>\n\t<meta name=\"twitter:data1\" content=\"Redazione\" \/>\n\t<meta name=\"twitter:label2\" content=\"Est. reading time\" \/>\n\t<meta name=\"twitter:data2\" content=\"2 minuti\" \/>\n<script type=\"application\/ld+json\" class=\"yoast-schema-graph\">{\"@context\":\"https:\/\/schema.org\",\"@graph\":[{\"@type\":\"WebPage\",\"@id\":\"https:\/\/www.intoscana.it\/it\/sorprendente-finale-di-stagione-per-lort-brillano-la-bacchetta-di-erina-yashima-e-il-violinista-del-secolo-stefan-milenkovich\/\",\"url\":\"https:\/\/www.intoscana.it\/it\/sorprendente-finale-di-stagione-per-lort-brillano-la-bacchetta-di-erina-yashima-e-il-violinista-del-secolo-stefan-milenkovich\/\",\"name\":\"Sorprendente finale di stagione per l'ORT: brillano la bacchetta di Erina Yashima e il violinista del secolo Stefan Milenkovich - intoscana\",\"isPartOf\":{\"@id\":\"https:\/\/www.intoscana.it\/it\/#website\"},\"primaryImageOfPage\":{\"@id\":\"https:\/\/www.intoscana.it\/it\/sorprendente-finale-di-stagione-per-lort-brillano-la-bacchetta-di-erina-yashima-e-il-violinista-del-secolo-stefan-milenkovich\/#primaryimage\"},\"image\":{\"@id\":\"https:\/\/www.intoscana.it\/it\/sorprendente-finale-di-stagione-per-lort-brillano-la-bacchetta-di-erina-yashima-e-il-violinista-del-secolo-stefan-milenkovich\/#primaryimage\"},\"thumbnailUrl\":\"https:\/\/www.intoscana.it\/wp-content\/uploads\/02-Erina-Yashima-\u00a9-Todd-Rosenberg-Photography.jpg\",\"datePublished\":\"2022-05-09T09:28:38+00:00\",\"author\":{\"@id\":\"https:\/\/www.intoscana.it\/it\/#\/schema\/person\/9223810753230f20bd670fdd322661f8\"},\"description\":\"Gioved\u00ec 12 maggio al Goldoni di Livorno, poi il 13 a Firenze, il 14 a Figline, il 16 a Poggibonsi e il 17 al Teatro Alighieri di Ravenna\",\"breadcrumb\":{\"@id\":\"https:\/\/www.intoscana.it\/it\/sorprendente-finale-di-stagione-per-lort-brillano-la-bacchetta-di-erina-yashima-e-il-violinista-del-secolo-stefan-milenkovich\/#breadcrumb\"},\"inLanguage\":\"it-IT\",\"potentialAction\":[{\"@type\":\"ReadAction\",\"target\":[\"https:\/\/www.intoscana.it\/it\/sorprendente-finale-di-stagione-per-lort-brillano-la-bacchetta-di-erina-yashima-e-il-violinista-del-secolo-stefan-milenkovich\/\"]}]},{\"@type\":\"ImageObject\",\"inLanguage\":\"it-IT\",\"@id\":\"https:\/\/www.intoscana.it\/it\/sorprendente-finale-di-stagione-per-lort-brillano-la-bacchetta-di-erina-yashima-e-il-violinista-del-secolo-stefan-milenkovich\/#primaryimage\",\"url\":\"https:\/\/www.intoscana.it\/wp-content\/uploads\/02-Erina-Yashima-\u00a9-Todd-Rosenberg-Photography.jpg\",\"contentUrl\":\"https:\/\/www.intoscana.it\/wp-content\/uploads\/02-Erina-Yashima-\u00a9-Todd-Rosenberg-Photography.jpg\",\"width\":1600,\"height\":1067},{\"@type\":\"BreadcrumbList\",\"@id\":\"https:\/\/www.intoscana.it\/it\/sorprendente-finale-di-stagione-per-lort-brillano-la-bacchetta-di-erina-yashima-e-il-violinista-del-secolo-stefan-milenkovich\/#breadcrumb\",\"itemListElement\":[{\"@type\":\"ListItem\",\"position\":1,\"name\":\"Home\",\"item\":\"https:\/\/www.intoscana.it\/it\/\"},{\"@type\":\"ListItem\",\"position\":2,\"name\":\"Sorprendente finale di stagione per l&#8217;ORT: brillano la bacchetta di Erina Yashima e il violinista del secolo Stefan Milenkovich\"}]},{\"@type\":\"WebSite\",\"@id\":\"https:\/\/www.intoscana.it\/it\/#website\",\"url\":\"https:\/\/www.intoscana.it\/it\/\",\"name\":\"intoscana\",\"description\":\"\",\"potentialAction\":[{\"@type\":\"SearchAction\",\"target\":{\"@type\":\"EntryPoint\",\"urlTemplate\":\"https:\/\/www.intoscana.it\/it\/?s={search_term_string}\"},\"query-input\":{\"@type\":\"PropertyValueSpecification\",\"valueRequired\":true,\"valueName\":\"search_term_string\"}}],\"inLanguage\":\"it-IT\"},{\"@type\":\"Person\",\"@id\":\"https:\/\/www.intoscana.it\/it\/#\/schema\/person\/9223810753230f20bd670fdd322661f8\",\"name\":\"Redazione\",\"url\":\"https:\/\/www.intoscana.it\/it\/author\/redazione\/\"}]}<\/script>\n<!-- \/ Yoast SEO Premium plugin. -->","yoast_head_json":{"title":"Sorprendente finale di stagione per l'ORT: brillano la bacchetta di Erina Yashima e il violinista del secolo Stefan Milenkovich - intoscana","description":"Gioved\u00ec 12 maggio al Goldoni di Livorno, poi il 13 a Firenze, il 14 a Figline, il 16 a Poggibonsi e il 17 al Teatro Alighieri di Ravenna","robots":{"index":"index","follow":"follow","max-snippet":"max-snippet:-1","max-image-preview":"max-image-preview:large","max-video-preview":"max-video-preview:-1"},"canonical":"https:\/\/www.intoscana.it\/it\/sorprendente-finale-di-stagione-per-lort-brillano-la-bacchetta-di-erina-yashima-e-il-violinista-del-secolo-stefan-milenkovich\/","og_locale":"it_IT","og_type":"article","og_title":"Sorprendente finale di stagione per l'ORT: brillano la bacchetta di Erina Yashima e il violinista del secolo Stefan Milenkovich","og_description":"Gioved\u00ec 12 maggio al Goldoni di Livorno, poi il 13 a Firenze, il 14 a Figline, il 16 a Poggibonsi e il 17 al Teatro Alighieri di Ravenna","og_url":"https:\/\/www.intoscana.it\/it\/sorprendente-finale-di-stagione-per-lort-brillano-la-bacchetta-di-erina-yashima-e-il-violinista-del-secolo-stefan-milenkovich\/","og_site_name":"intoscana","article_publisher":"https:\/\/www.facebook.com\/intoscana.it","article_published_time":"2022-05-09T09:28:38+00:00","og_image":[{"width":1600,"height":1067,"url":"https:\/\/www.intoscana.it\/wp-content\/uploads\/02-Erina-Yashima-\u00a9-Todd-Rosenberg-Photography.jpg","type":"image\/jpeg"}],"author":"Redazione","twitter_card":"summary_large_image","twitter_creator":"@intoscana","twitter_site":"@intoscana","twitter_misc":{"Written by":"Redazione","Est. reading time":"2 minuti"},"schema":{"@context":"https:\/\/schema.org","@graph":[{"@type":"WebPage","@id":"https:\/\/www.intoscana.it\/it\/sorprendente-finale-di-stagione-per-lort-brillano-la-bacchetta-di-erina-yashima-e-il-violinista-del-secolo-stefan-milenkovich\/","url":"https:\/\/www.intoscana.it\/it\/sorprendente-finale-di-stagione-per-lort-brillano-la-bacchetta-di-erina-yashima-e-il-violinista-del-secolo-stefan-milenkovich\/","name":"Sorprendente finale di stagione per l'ORT: brillano la bacchetta di Erina Yashima e il violinista del secolo Stefan Milenkovich - intoscana","isPartOf":{"@id":"https:\/\/www.intoscana.it\/it\/#website"},"primaryImageOfPage":{"@id":"https:\/\/www.intoscana.it\/it\/sorprendente-finale-di-stagione-per-lort-brillano-la-bacchetta-di-erina-yashima-e-il-violinista-del-secolo-stefan-milenkovich\/#primaryimage"},"image":{"@id":"https:\/\/www.intoscana.it\/it\/sorprendente-finale-di-stagione-per-lort-brillano-la-bacchetta-di-erina-yashima-e-il-violinista-del-secolo-stefan-milenkovich\/#primaryimage"},"thumbnailUrl":"https:\/\/www.intoscana.it\/wp-content\/uploads\/02-Erina-Yashima-\u00a9-Todd-Rosenberg-Photography.jpg","datePublished":"2022-05-09T09:28:38+00:00","author":{"@id":"https:\/\/www.intoscana.it\/it\/#\/schema\/person\/9223810753230f20bd670fdd322661f8"},"description":"Gioved\u00ec 12 maggio al Goldoni di Livorno, poi il 13 a Firenze, il 14 a Figline, il 16 a Poggibonsi e il 17 al Teatro Alighieri di Ravenna","breadcrumb":{"@id":"https:\/\/www.intoscana.it\/it\/sorprendente-finale-di-stagione-per-lort-brillano-la-bacchetta-di-erina-yashima-e-il-violinista-del-secolo-stefan-milenkovich\/#breadcrumb"},"inLanguage":"it-IT","potentialAction":[{"@type":"ReadAction","target":["https:\/\/www.intoscana.it\/it\/sorprendente-finale-di-stagione-per-lort-brillano-la-bacchetta-di-erina-yashima-e-il-violinista-del-secolo-stefan-milenkovich\/"]}]},{"@type":"ImageObject","inLanguage":"it-IT","@id":"https:\/\/www.intoscana.it\/it\/sorprendente-finale-di-stagione-per-lort-brillano-la-bacchetta-di-erina-yashima-e-il-violinista-del-secolo-stefan-milenkovich\/#primaryimage","url":"https:\/\/www.intoscana.it\/wp-content\/uploads\/02-Erina-Yashima-\u00a9-Todd-Rosenberg-Photography.jpg","contentUrl":"https:\/\/www.intoscana.it\/wp-content\/uploads\/02-Erina-Yashima-\u00a9-Todd-Rosenberg-Photography.jpg","width":1600,"height":1067},{"@type":"BreadcrumbList","@id":"https:\/\/www.intoscana.it\/it\/sorprendente-finale-di-stagione-per-lort-brillano-la-bacchetta-di-erina-yashima-e-il-violinista-del-secolo-stefan-milenkovich\/#breadcrumb","itemListElement":[{"@type":"ListItem","position":1,"name":"Home","item":"https:\/\/www.intoscana.it\/it\/"},{"@type":"ListItem","position":2,"name":"Sorprendente finale di stagione per l&#8217;ORT: brillano la bacchetta di Erina Yashima e il violinista del secolo Stefan Milenkovich"}]},{"@type":"WebSite","@id":"https:\/\/www.intoscana.it\/it\/#website","url":"https:\/\/www.intoscana.it\/it\/","name":"intoscana","description":"","potentialAction":[{"@type":"SearchAction","target":{"@type":"EntryPoint","urlTemplate":"https:\/\/www.intoscana.it\/it\/?s={search_term_string}"},"query-input":{"@type":"PropertyValueSpecification","valueRequired":true,"valueName":"search_term_string"}}],"inLanguage":"it-IT"},{"@type":"Person","@id":"https:\/\/www.intoscana.it\/it\/#\/schema\/person\/9223810753230f20bd670fdd322661f8","name":"Redazione","url":"https:\/\/www.intoscana.it\/it\/author\/redazione\/"}]}},"_links":{"self":[{"href":"https:\/\/www.intoscana.it\/it\/wp-json\/wp\/v2\/posts\/227555","targetHints":{"allow":["GET"]}}],"collection":[{"href":"https:\/\/www.intoscana.it\/it\/wp-json\/wp\/v2\/posts"}],"about":[{"href":"https:\/\/www.intoscana.it\/it\/wp-json\/wp\/v2\/types\/post"}],"author":[{"embeddable":true,"href":"https:\/\/www.intoscana.it\/it\/wp-json\/wp\/v2\/users\/525"}],"replies":[{"embeddable":true,"href":"https:\/\/www.intoscana.it\/it\/wp-json\/wp\/v2\/comments?post=227555"}],"version-history":[{"count":0,"href":"https:\/\/www.intoscana.it\/it\/wp-json\/wp\/v2\/posts\/227555\/revisions"}],"wp:featuredmedia":[{"embeddable":true,"href":"https:\/\/www.intoscana.it\/it\/wp-json\/wp\/v2\/media\/227559"}],"wp:attachment":[{"href":"https:\/\/www.intoscana.it\/it\/wp-json\/wp\/v2\/media?parent=227555"}],"wp:term":[{"taxonomy":"category","embeddable":true,"href":"https:\/\/www.intoscana.it\/it\/wp-json\/wp\/v2\/categories?post=227555"},{"taxonomy":"post_tag","embeddable":true,"href":"https:\/\/www.intoscana.it\/it\/wp-json\/wp\/v2\/tags?post=227555"}],"curies":[{"name":"wp","href":"https:\/\/api.w.org\/{rel}","templated":true}]}}