{"id":227571,"date":"2022-05-09T14:52:48","date_gmt":"2022-05-09T12:52:48","guid":{"rendered":"https:\/\/www.intoscana.it\/it\/?p=227571"},"modified":"2022-05-09T16:10:01","modified_gmt":"2022-05-09T14:10:01","slug":"destinazione-europa-siete-presente","status":"publish","type":"post","link":"https:\/\/www.intoscana.it\/it\/destinazione-europa-siete-presente\/","title":{"rendered":"Europa progetto e non sogno. Giovani, il futuro prende forma adesso"},"content":{"rendered":"<p>La coscienza del &#8220;tempo&#8221; appare come la priorit\u00e0 per costruire l&#8217;oggi e il domani. Scegliere il giusto attimo, decidere l&#8217;azione, azionare quella &#8220;sveglia&#8221; che segna l&#8217;inizio del cammino, di una scelta, di un cambiamento che appare sempre pi\u00f9 necessario in un momento storico in cui l&#8217;Europa deve continuare l&#8217;evoluzione del proprio &#8220;progetto&#8221;.<\/p>\n<p>&#8220;Progetto&#8221; e non sogno, cos\u00ec l&#8217;ha definito il ventiquattrenne <strong>Bernard Dika<\/strong>, consigliere del presidente Giani\u00a0 all&#8217;innovazione e alle politiche giovanili nella giornata che celebra l&#8217;Europa, in un teatro stracolmo di giovani, quelli impegnati nel servizio civile.<\/p>\n<figure id=\"post-227587 media-227587\" class=\"align-none\"><img decoding=\"async\" src=\"https:\/\/www.intoscana.it\/wp-content\/uploads\/giovanisi\u0300-teatro-niccolini.jpg\" alt=\"\" \/><\/figure>\n<div class=\"titleimg\">giovanisi\u0300 teatro niccolini<\/div>\n<h3><strong>Dika: &#8220;Il presente? Unico tempo a disposizione per rendere il futuro meno incerto&#8221;<\/strong><\/h3>\n<p>La platea del Niccolini di Firenze \u00e8 fatta di ragazze e ragazzi impegnati per la propria comunit\u00e0 e che diventano le gambe del presente della Toscana e anche di un&#8217;Europa che deve investire di pi\u00f9 nelle giovani generazioni. Un concetto ribadito in questi giorni pi\u00f9 volte dalle massime cariche della commissione europea e &#8211; oggi &#8211; dalle istituzioni toscane.<\/p>\n<p>Proprio sulle politiche giovanili la Regione da oltre 10 anni ha dato seguito agli intenti con il progetto<a href=\"https:\/\/giovanisi.it\/\" target=\"_blank\" rel=\"noopener\"> <strong>&#8220;Giovanis\u00ec&#8221;<\/strong><\/a> cercando di offrire &#8211; tra l&#8217;altro &#8211; opportunit\u00e0 di autonomia, studio, formazione, lavoro e anche di autoimprenditorialit\u00e0. E poi ha dato voce ai giovani, ha dato ascolto anche con il lungo tour dei mesi scorsi di<a href=\"https:\/\/www.intoscana.it\/it\/tv\/tag\/?tag=siete-presente\" target=\"_blank\" rel=\"noopener\"><strong> &#8220;Siete presente&#8221;<\/strong><\/a> nelle scuole toscane, con un focus su edilizia scolastica e trasporti, citato pi\u00f9 volte nel corso dell&#8217;incontro di stamani<strong> &#8220;Destinazione Europa&#8221;<\/strong>.<\/p>\n<p><em>&#8220;Abbiamo voluto ricostruire un rapporto di\u00a0<\/em><span style=\"font-weight: 400;\"><em>fiducia tra giovani e istituzioni<\/em>&#8221; &#8211; ha spiegato <strong>Dika<\/strong>. E poi &#8211; parlando di Europa ha ammonito: <\/span><span style=\"font-weight: 400;\"><em>\u201cLe libert\u00e0 non sono mai scontate<\/em>. <em>In questa giornata vogliamo chiedervi di contribuire alla costruzione di un\u2019Europa pi\u00f9 giusta e solidale\u201d.<\/em><\/span><\/p>\n<p>Una costruzione o ri-costruzione di quel progetto europeo che non pu\u00f2 aspettare domani. Bernard Dika lo ribadisce pi\u00f9 volte.<em>&#8220;<span style=\"font-weight: 400;\">Il presente \u00e8 l\u2019unico tempo che abbiamo a disposizione per rendere il futuro meno incerto&#8221;.<\/span><\/em><\/p>\n<h3><strong>Massini: &#8220;Il futuro prende forma adesso&#8221;<\/strong><\/h3>\n<p>Dunque &#8220;qui ed ora&#8221;. Lo ripete a pi\u00f9 riprese anche dallo scrittore e narratore <strong>Stefano Massini<\/strong> nel suo monologo sul palco del Niccolini.<\/p>\n<p><em>&#8220;Sono\u00a0<\/em><span style=\"font-weight: 400;\"><em>refrattario ai discorsi e preferisco i racconti&#8221;<\/em>. Ed \u00e8 proprio raccontando di <strong>Martin Luther King,<\/strong> <strong>Steven Spielberg<\/strong> e <strong>Mahatma Gandhi<\/strong> che Massini parla del tempo e di quanto sia necessario investire sul &#8220;presente&#8221;. <em>&#8220;La vita te la costruisci quando sei giovane&#8221;<\/em>, ricorda ai ragazzi in sala. E prende ad esempio anche <strong>Greta Thunberg<\/strong> che per la sua battaglia per la salvaguardia del pianeta chiese di essere ascoltata immediatamente dai grandi della terra. Non domani, ora. <em>&#8220;Il futuro prende forma adesso&#8221;,<\/em> continua <strong>Massini<\/strong> che &#8211; provocatorio &#8211; torna a chiedere di far attenzione alle parole. &#8220;<em>I giovani sono il futuro? E&#8217; una fregatura: significa che stanno in sala d&#8217;aspetto&#8221;.<\/em>\u00a0 E infine li invita ad essere protagonisti, come fece <em>Steven Spielberg<\/em> da ragazzo. Quando un giornalista gli domand\u00f2 a chi dovesse dir grazie per ci\u00f2 che era diventato nel cinema rispose: <em>&#8220;Me stesso, perch\u00e9 il primo passo l&#8217;ho fatto io&#8221;<\/em>.\u00a0<\/span><\/p>\n<p>Quanti primi passi per costruire la propria strada e per contribuire a tracciare anche quella degli altri.\u00a0<span style=\"font-weight: 400;\">Cos\u00ec arrivano le testimonianze, arrivano le voci di <strong>Alice<\/strong> e <strong>Romina<\/strong>, entrambe sono impegnate nel servizio civile regionale, in progetti di accoglienza per i profughi ucraini con Croce Rossa e Caritas. <em>&#8220;Cerchiamo di farli sentire a casa&#8221;,<\/em> dicono. E la loro immagine diventa quella di due giovani donne impegnate nella costruzione di un&#8217;Europa di inclusione e solidariet\u00e0.<\/span><\/p>\n<h3><strong>Manetti: &#8220;Europa cantiere di diritti, anche per le donne&#8221;<\/strong><\/h3>\n<p>Le donne. Le porta al centro della giornata anche<strong> Cristina Manetti<\/strong>, la portavoce del presidente della Regione Toscana.<\/p>\n<p><span style=\"font-weight: 400;\"><em>&#8220;Lo spirito di questo tempo ci chiede di riscoprire e di lasciarsi ispirare dal grande lavoro che hanno portato avanti tante donne. Riappropriarci di questa memoria femminile penso sia una di tante questioni della contemporaneit\u00e0&#8221;<\/em>.\u00a0 E cita <strong>Sofia Corradi<\/strong>, considerata la mamma dell&#8217;Erasmus, racconta la sua storia. E richiama poi alle pioniere, al loro ruolo in <em>&#8220;un&#8217;Europa sempre di pi\u00f9 cantiere di diritti.\u00a0 E pi\u00f9 diritti<\/em> &#8211; aggiunge Manetti &#8211; <em>vanno riconosciuti proprio alle donne&#8221;.<\/em><\/span><\/p>\n<figure id=\"post-227590 media-227590\" class=\"align-none\"><img decoding=\"async\" src=\"https:\/\/www.intoscana.it\/wp-content\/uploads\/giovanisi\u0300-niccolini-scaled.jpg\" alt=\"\" \/><\/figure>\n<div class=\"titleimg\">giovanisi\u0300 niccolini<\/div>\n<h3><strong>La ministra Dadone: &#8220;Un&#8217;iniziativa dove si discute fuori dai palazzi in un percorso dal basso verso l&#8217;alto&#8221;<\/strong><\/h3>\n<p>Voci che si alternano. Visione dell&#8217;oggi, lettura del presente. Analisi delle criticit\u00e0, perch\u00e9 da l\u00ec si parte per migliorare. Ecco perch\u00e8 la pubblica amministrazione ha deciso di uscire dal palazzo e di entrare nei luoghi di giovani, ascoltare i problemi ma anche le proposte. Un modello apprezzato dalla ministra per le Politiche Giovanili <strong>Fabiana Dadone<\/strong>.\u00a0 <em><span style=\"font-weight: 400;\">&#8220;Sono dunque contenta di aver co-finanziato questa iniziativa <\/span><span style=\"font-weight: 400;\">dove si discute fuori dai palazzi, si includono maggiormente le piazze, le associazioni, in un percorso costruttivo dal basso verso l\u2019alto e che possa aiutare le istituzioni tutte, comprese le nazionali ed europee, a migliorare i programmi, le progettualit\u00e0\u00a0 e fare un lavoro migliore per tutti&#8221;.<\/span><\/em><\/p>\n<p>Ecco dunque il richiamo che torna all&#8217;Europa, l&#8217;Europa che si evolve. Un cambio di passo che vede il contributo della Toscana gi\u00e0 in cammino\u00a0 come nella scelta di una mobilit\u00e0 sempre pi\u00f9 sostenibile, come ricorda l&#8217;assessore <strong>Stefano Baccelli<\/strong>. Una Toscana che prova a dare &#8220;gambe&#8221; al progetto europeo &#8211; aggiunge l&#8217;assessora regionale all&#8217;istruzione <strong>Alessandra Nardini<\/strong>. Una Toscana che investe anche sul digitale, <em>&#8220;veicolo di cultura e democrazia&#8221;<\/em>, chiosa l&#8217;assessore<strong> Stefano Ciuoffo<\/strong>.<\/p>\n<p>Poi ci sono i giovani a ricordare che s\u00ec, loro sono pronti. <em>&#8220;L&#8217;Europa \u00e8 una promessa&#8221;<\/em> afferma <span style=\"font-weight: 400;\"><strong>Mauro Cioci<\/strong>, presidente del Parlamento degli Studenti della Toscana. <em>&#8220;Qui c&#8217;\u00e8 gente che si \u00e8 svegliata e vuole cambiare il mondo&#8221;.<\/em><\/span><\/p>\n<p>Sono parole che escono determinate e non aspettano il permesso di nessuno. Quelli di oggi non sono giovani in sala d&#8217;attesa. Contano il qui e l&#8217;ora. L&#8217;unico tempo che conoscono \u00e8 il presente, quel presente che \u00e8 tempo di vita e di azione ed \u00e8 su quello che bisogna agire per proseguire il cammino.\u00a0 La consapevolezza \u00e8 matura e la nuova Europa \u00e8 pronta a seguire il vento del cambiamento, quello richiesto dai suoi giovani. <strong>Diritti, ambiente, pace<\/strong>. Il presente riparte da qua.<\/p>\n<h3>Rivedi l&#8217;evento Siete Presente &#8211; Destinazione Europa<\/h3>\n<p>&nbsp;<\/p>\n<p><iframe loading=\"lazy\" title=\"YouTube video player\" src=\"https:\/\/www.youtube.com\/embed\/i4sr6_spQns\" width=\"560\" height=\"315\" frameborder=\"0\" allowfullscreen=\"allowfullscreen\"><\/iframe><\/p>\n","protected":false},"excerpt":{"rendered":"<p>Centinaia di ragazzi e ragazze toscani al Teatro Niccolini di Firenze per parlare d&#8217;Europa nel corso dell&#8217;evento promosso da Giovanis\u00ec-Regione Toscana. Stefano Massini prende a prestito Martin Luther King, Steven Spielberg, Mahatma Gandhi e \u00a0Greta Thunberg per esortare i giovani a &#8220;non rimanere in sala d&#8217;aspetto&#8221;. Dika: Il presente \u00e8 l&#8217;unico tempo per rendere il futuro meno incerto&#8221;<\/p>\n","protected":false},"author":513,"featured_media":227586,"comment_status":"open","ping_status":"open","sticky":false,"template":"","format":"standard","meta":{"_acf_changed":false,"footnotes":""},"categories":[494],"tags":[5446,365,244,6271,5628],"class_list":["post-227571","post","type-post","status-publish","format-standard","has-post-thumbnail","hentry","category-attualita","tag-europa","tag-festival-deuropa","tag-giovanisi","tag-siete-presente","tag-stefano-massini"],"acf":[],"yoast_head":"<!-- This site is optimized with the Yoast SEO Premium plugin v24.2 (Yoast SEO v25.6) - https:\/\/yoast.com\/wordpress\/plugins\/seo\/ -->\n<title>Europa progetto e non sogno. Giovani, il futuro prende forma adesso - intoscana<\/title>\n<meta name=\"description\" content=\"Destinazione Europa, l&#039;evento di Giovanis\u00ec-Siete Presente al Teatro di Niccolini di Firenze. Ospite lo scrittore e narratore Stefano Massini.\" \/>\n<meta name=\"robots\" content=\"index, follow, max-snippet:-1, max-image-preview:large, max-video-preview:-1\" \/>\n<link rel=\"canonical\" href=\"https:\/\/www.intoscana.it\/it\/destinazione-europa-siete-presente\/\" \/>\n<meta property=\"og:locale\" content=\"it_IT\" \/>\n<meta property=\"og:type\" content=\"article\" \/>\n<meta property=\"og:title\" content=\"Europa progetto e non sogno. Giovani, il futuro prende forma adesso\" \/>\n<meta property=\"og:description\" content=\"Destinazione Europa, l&#039;evento di Giovanis\u00ec-Siete Presente al Teatro di Niccolini di Firenze. Ospite lo scrittore e narratore Stefano Massini.\" \/>\n<meta property=\"og:url\" content=\"https:\/\/www.intoscana.it\/it\/destinazione-europa-siete-presente\/\" \/>\n<meta property=\"og:site_name\" content=\"intoscana\" \/>\n<meta property=\"article:publisher\" content=\"https:\/\/www.facebook.com\/intoscana.it\" \/>\n<meta property=\"article:published_time\" content=\"2022-05-09T12:52:48+00:00\" \/>\n<meta property=\"article:modified_time\" content=\"2022-05-09T14:10:01+00:00\" \/>\n<meta property=\"og:image\" content=\"https:\/\/www.intoscana.it\/wp-content\/uploads\/destinazione-europa-niccolini-giovanisi\u0300-e1652093000190.jpg\" \/>\n\t<meta property=\"og:image:width\" content=\"1145\" \/>\n\t<meta property=\"og:image:height\" content=\"870\" \/>\n\t<meta property=\"og:image:type\" content=\"image\/jpeg\" \/>\n<meta name=\"author\" content=\"Simona Bellocci\" \/>\n<meta name=\"twitter:card\" content=\"summary_large_image\" \/>\n<meta name=\"twitter:creator\" content=\"@intoscana\" \/>\n<meta name=\"twitter:site\" content=\"@intoscana\" \/>\n<meta name=\"twitter:label1\" content=\"Written by\" \/>\n\t<meta name=\"twitter:data1\" content=\"Simona Bellocci\" \/>\n\t<meta name=\"twitter:label2\" content=\"Est. reading time\" \/>\n\t<meta name=\"twitter:data2\" content=\"5 minuti\" \/>\n<script type=\"application\/ld+json\" class=\"yoast-schema-graph\">{\"@context\":\"https:\/\/schema.org\",\"@graph\":[{\"@type\":\"WebPage\",\"@id\":\"https:\/\/www.intoscana.it\/it\/destinazione-europa-siete-presente\/\",\"url\":\"https:\/\/www.intoscana.it\/it\/destinazione-europa-siete-presente\/\",\"name\":\"Europa progetto e non sogno. Giovani, il futuro prende forma adesso - intoscana\",\"isPartOf\":{\"@id\":\"https:\/\/www.intoscana.it\/it\/#website\"},\"primaryImageOfPage\":{\"@id\":\"https:\/\/www.intoscana.it\/it\/destinazione-europa-siete-presente\/#primaryimage\"},\"image\":{\"@id\":\"https:\/\/www.intoscana.it\/it\/destinazione-europa-siete-presente\/#primaryimage\"},\"thumbnailUrl\":\"https:\/\/www.intoscana.it\/wp-content\/uploads\/destinazione-europa-niccolini-giovanisi\u0300-e1652093000190.jpg\",\"datePublished\":\"2022-05-09T12:52:48+00:00\",\"dateModified\":\"2022-05-09T14:10:01+00:00\",\"author\":{\"@id\":\"https:\/\/www.intoscana.it\/it\/#\/schema\/person\/43a95334a6f068317e0b7acba24f9e87\"},\"description\":\"Destinazione Europa, l'evento di Giovanis\u00ec-Siete Presente al Teatro di Niccolini di Firenze. Ospite lo scrittore e narratore Stefano Massini.\",\"breadcrumb\":{\"@id\":\"https:\/\/www.intoscana.it\/it\/destinazione-europa-siete-presente\/#breadcrumb\"},\"inLanguage\":\"it-IT\",\"potentialAction\":[{\"@type\":\"ReadAction\",\"target\":[\"https:\/\/www.intoscana.it\/it\/destinazione-europa-siete-presente\/\"]}]},{\"@type\":\"ImageObject\",\"inLanguage\":\"it-IT\",\"@id\":\"https:\/\/www.intoscana.it\/it\/destinazione-europa-siete-presente\/#primaryimage\",\"url\":\"https:\/\/www.intoscana.it\/wp-content\/uploads\/destinazione-europa-niccolini-giovanisi\u0300-e1652093000190.jpg\",\"contentUrl\":\"https:\/\/www.intoscana.it\/wp-content\/uploads\/destinazione-europa-niccolini-giovanisi\u0300-e1652093000190.jpg\",\"width\":1145,\"height\":870},{\"@type\":\"BreadcrumbList\",\"@id\":\"https:\/\/www.intoscana.it\/it\/destinazione-europa-siete-presente\/#breadcrumb\",\"itemListElement\":[{\"@type\":\"ListItem\",\"position\":1,\"name\":\"Home\",\"item\":\"https:\/\/www.intoscana.it\/it\/\"},{\"@type\":\"ListItem\",\"position\":2,\"name\":\"Europa progetto e non sogno. Giovani, il futuro prende forma adesso\"}]},{\"@type\":\"WebSite\",\"@id\":\"https:\/\/www.intoscana.it\/it\/#website\",\"url\":\"https:\/\/www.intoscana.it\/it\/\",\"name\":\"intoscana\",\"description\":\"\",\"potentialAction\":[{\"@type\":\"SearchAction\",\"target\":{\"@type\":\"EntryPoint\",\"urlTemplate\":\"https:\/\/www.intoscana.it\/it\/?s={search_term_string}\"},\"query-input\":{\"@type\":\"PropertyValueSpecification\",\"valueRequired\":true,\"valueName\":\"search_term_string\"}}],\"inLanguage\":\"it-IT\"},{\"@type\":\"Person\",\"@id\":\"https:\/\/www.intoscana.it\/it\/#\/schema\/person\/43a95334a6f068317e0b7acba24f9e87\",\"name\":\"Simona Bellocci\",\"url\":\"https:\/\/www.intoscana.it\/it\/author\/simona-bellocci\/\"}]}<\/script>\n<!-- \/ Yoast SEO Premium plugin. -->","yoast_head_json":{"title":"Europa progetto e non sogno. Giovani, il futuro prende forma adesso - intoscana","description":"Destinazione Europa, l'evento di Giovanis\u00ec-Siete Presente al Teatro di Niccolini di Firenze. Ospite lo scrittore e narratore Stefano Massini.","robots":{"index":"index","follow":"follow","max-snippet":"max-snippet:-1","max-image-preview":"max-image-preview:large","max-video-preview":"max-video-preview:-1"},"canonical":"https:\/\/www.intoscana.it\/it\/destinazione-europa-siete-presente\/","og_locale":"it_IT","og_type":"article","og_title":"Europa progetto e non sogno. Giovani, il futuro prende forma adesso","og_description":"Destinazione Europa, l'evento di Giovanis\u00ec-Siete Presente al Teatro di Niccolini di Firenze. Ospite lo scrittore e narratore Stefano Massini.","og_url":"https:\/\/www.intoscana.it\/it\/destinazione-europa-siete-presente\/","og_site_name":"intoscana","article_publisher":"https:\/\/www.facebook.com\/intoscana.it","article_published_time":"2022-05-09T12:52:48+00:00","article_modified_time":"2022-05-09T14:10:01+00:00","og_image":[{"width":1145,"height":870,"url":"https:\/\/www.intoscana.it\/wp-content\/uploads\/destinazione-europa-niccolini-giovanisi\u0300-e1652093000190.jpg","type":"image\/jpeg"}],"author":"Simona Bellocci","twitter_card":"summary_large_image","twitter_creator":"@intoscana","twitter_site":"@intoscana","twitter_misc":{"Written by":"Simona Bellocci","Est. reading time":"5 minuti"},"schema":{"@context":"https:\/\/schema.org","@graph":[{"@type":"WebPage","@id":"https:\/\/www.intoscana.it\/it\/destinazione-europa-siete-presente\/","url":"https:\/\/www.intoscana.it\/it\/destinazione-europa-siete-presente\/","name":"Europa progetto e non sogno. Giovani, il futuro prende forma adesso - intoscana","isPartOf":{"@id":"https:\/\/www.intoscana.it\/it\/#website"},"primaryImageOfPage":{"@id":"https:\/\/www.intoscana.it\/it\/destinazione-europa-siete-presente\/#primaryimage"},"image":{"@id":"https:\/\/www.intoscana.it\/it\/destinazione-europa-siete-presente\/#primaryimage"},"thumbnailUrl":"https:\/\/www.intoscana.it\/wp-content\/uploads\/destinazione-europa-niccolini-giovanisi\u0300-e1652093000190.jpg","datePublished":"2022-05-09T12:52:48+00:00","dateModified":"2022-05-09T14:10:01+00:00","author":{"@id":"https:\/\/www.intoscana.it\/it\/#\/schema\/person\/43a95334a6f068317e0b7acba24f9e87"},"description":"Destinazione Europa, l'evento di Giovanis\u00ec-Siete Presente al Teatro di Niccolini di Firenze. Ospite lo scrittore e narratore Stefano Massini.","breadcrumb":{"@id":"https:\/\/www.intoscana.it\/it\/destinazione-europa-siete-presente\/#breadcrumb"},"inLanguage":"it-IT","potentialAction":[{"@type":"ReadAction","target":["https:\/\/www.intoscana.it\/it\/destinazione-europa-siete-presente\/"]}]},{"@type":"ImageObject","inLanguage":"it-IT","@id":"https:\/\/www.intoscana.it\/it\/destinazione-europa-siete-presente\/#primaryimage","url":"https:\/\/www.intoscana.it\/wp-content\/uploads\/destinazione-europa-niccolini-giovanisi\u0300-e1652093000190.jpg","contentUrl":"https:\/\/www.intoscana.it\/wp-content\/uploads\/destinazione-europa-niccolini-giovanisi\u0300-e1652093000190.jpg","width":1145,"height":870},{"@type":"BreadcrumbList","@id":"https:\/\/www.intoscana.it\/it\/destinazione-europa-siete-presente\/#breadcrumb","itemListElement":[{"@type":"ListItem","position":1,"name":"Home","item":"https:\/\/www.intoscana.it\/it\/"},{"@type":"ListItem","position":2,"name":"Europa progetto e non sogno. Giovani, il futuro prende forma adesso"}]},{"@type":"WebSite","@id":"https:\/\/www.intoscana.it\/it\/#website","url":"https:\/\/www.intoscana.it\/it\/","name":"intoscana","description":"","potentialAction":[{"@type":"SearchAction","target":{"@type":"EntryPoint","urlTemplate":"https:\/\/www.intoscana.it\/it\/?s={search_term_string}"},"query-input":{"@type":"PropertyValueSpecification","valueRequired":true,"valueName":"search_term_string"}}],"inLanguage":"it-IT"},{"@type":"Person","@id":"https:\/\/www.intoscana.it\/it\/#\/schema\/person\/43a95334a6f068317e0b7acba24f9e87","name":"Simona Bellocci","url":"https:\/\/www.intoscana.it\/it\/author\/simona-bellocci\/"}]}},"_links":{"self":[{"href":"https:\/\/www.intoscana.it\/it\/wp-json\/wp\/v2\/posts\/227571","targetHints":{"allow":["GET"]}}],"collection":[{"href":"https:\/\/www.intoscana.it\/it\/wp-json\/wp\/v2\/posts"}],"about":[{"href":"https:\/\/www.intoscana.it\/it\/wp-json\/wp\/v2\/types\/post"}],"author":[{"embeddable":true,"href":"https:\/\/www.intoscana.it\/it\/wp-json\/wp\/v2\/users\/513"}],"replies":[{"embeddable":true,"href":"https:\/\/www.intoscana.it\/it\/wp-json\/wp\/v2\/comments?post=227571"}],"version-history":[{"count":0,"href":"https:\/\/www.intoscana.it\/it\/wp-json\/wp\/v2\/posts\/227571\/revisions"}],"wp:featuredmedia":[{"embeddable":true,"href":"https:\/\/www.intoscana.it\/it\/wp-json\/wp\/v2\/media\/227586"}],"wp:attachment":[{"href":"https:\/\/www.intoscana.it\/it\/wp-json\/wp\/v2\/media?parent=227571"}],"wp:term":[{"taxonomy":"category","embeddable":true,"href":"https:\/\/www.intoscana.it\/it\/wp-json\/wp\/v2\/categories?post=227571"},{"taxonomy":"post_tag","embeddable":true,"href":"https:\/\/www.intoscana.it\/it\/wp-json\/wp\/v2\/tags?post=227571"}],"curies":[{"name":"wp","href":"https:\/\/api.w.org\/{rel}","templated":true}]}}