{"id":227697,"date":"2022-05-10T06:00:52","date_gmt":"2022-05-10T04:00:52","guid":{"rendered":"https:\/\/www.intoscana.it\/it\/?p=227697"},"modified":"2022-05-11T09:46:31","modified_gmt":"2022-05-11T07:46:31","slug":"terremoto-nuova-forte-scossa-allalba-vicino-firenze","status":"publish","type":"post","link":"https:\/\/www.intoscana.it\/it\/terremoto-nuova-forte-scossa-allalba-vicino-firenze\/","title":{"rendered":"Terremoto, nuova forte scossa all&#8217;alba all&#8217;Impruneta"},"content":{"rendered":"<p>Nuova forte scossa di terremoto all&#8217;alba attorno alle 5.51 nei pressi di Firenze. Secondo la stima provvisoria la scossa \u00e8 stata di <strong>magnitudo 3.3<\/strong>. Si \u00e8 verificata a una <strong>profondit\u00e0 di 9 km<\/strong> con epicentro nella zona dell&#8217;Impruneta. La scossa \u00e8 stata avvertita distintamente dalla popolazione in Chianti, a Firenze e in vari comuni del Fiorentino come Scandicci, Campi Bisenzio, Bagno a Ripoli, Sesto Fiorentino, Calenzano e Montespertoli. Avvertita anche a Prato e a Cavriglia nell&#8217;Aretino. Le sale operative si sono subito attivate per le verifiche del caso.<\/p>\n<p>A questa inoltre ne \u00e8 poi seguita un&#8217;altra di magnitudo 2 alle 6:19 sempre con epicentro Impruneta a una profondit\u00e0 di 6 km.<\/p>\n<h3>Le prime reazioni dopo la scossa<\/h3>\n<p>&#8220;<em>Nuova scossa di terremoto di magnitudo 3.3 con epicentro sempre nella zona di Impruneta. Con la sala regionale della Protezione Civile e i Comuni stiamo monitorando costantemente lo sciame sismico. Nella giornata di ieri ci sono state circa 40 scosse di lieve entit\u00e0<\/em>&#8220;: questo il messaggio del presidente della Regione Toscana <strong>Eugenio Giani<\/strong> su Telegram poco dopo la scossa.<\/p>\n<p>&#8220;<em>La cosa si sta facendo piuttosto stressante. Monitoriamo l&#8217;evolversi della situazione, e in mattinata riunione di Protezione Civile<\/em>&#8220;, ha scritto a sua volta su Fb il sindaco di Impruneta <strong>Alessio Calamandrei<\/strong> nell&#8217;immediatezza della scossa.<\/p>\n<h3>Nessun danno a persone o cose<\/h3>\n<p>In giornata a fare il punto sulla citt\u00e0 metropolitana \u00e8 stato anche il sindaco <strong>Dario Nardella<\/strong>. &#8220;<em>E&#8217; confermata l&#8217;assenza di danni a persone o cose<\/em>&#8221; per lo sciame sismico che sta interessando l&#8217;area metropolitana fiorentina &#8220;<em>Ho fatto il punto della situazione con la Protezione civile<\/em>&#8220;, ha detto il sindaco, spiegando che sono allertate a titolo precauzionale le sedi della Protezione Civile metropolitana e comunale &#8220;<em>in modo da poter ricevere tutte le segnalazioni, che fino ad ora non sono state particolarmente numerose<\/em>&#8220;.<\/p>\n<p>Al momento non si sono registrati danni a persone o problematiche strutturali in edifici. Le amministrazioni comunali, come misura gestionale, hanno intensificato l&#8217;operativit\u00e0 delle strutture di protezione civile ed il raccordo informativo con i livelli istituzionali. Cos\u00ec, in una nota, i Comuni di <strong>Barberino Tavarnelle, Greve in Chianti, San Casciano in Val di Pesa<\/strong>, alla luce della sequenza sismica in atto.<\/p>\n<h3>Il monitoraggio della protezione civile<\/h3>\n<p>Nella nota dei Comuni del Chianti &#8220;<em>si invita la popolazione ad una lettura dei piani di protezione civile sezione dedicata alle norme di comportamento in materia di rischio sismico (oltre alla campagna informativa #iononrischio) e a fare riferimento alle sole comunicazioni ufficiali emesse dagli organi territoriali e di protezione civile (Regione, Prefettura, Citt\u00e0 Metropolitana e Comune)&#8221;<\/em>. Si ricorda inoltre che la pi\u00f9 importante strategia di mitigazione resta quella del miglioramento della <strong>vulnerabilit\u00e0 sismica degli edifici<\/strong> (#sismabonus).<\/p>\n<p>Da <strong>Nardella<\/strong> \u00e8 venuto invece un invito ai cittadini &#8220;<em>a contattare la Protezione civile o anche collegarsi alla rete civica del Comune di Firenze, dove si trovano il piano di emergenza e anche le indicazioni sui comportamenti da avere nel caso in cui si dovessero registrare altre scosse. La situazione \u00e8 assolutamente monitorata, seppure sappiamo bene che la scienza non ci consente di prevedere alcunch\u00e9 quando si parla di terremoti. Una cosa secondo me importante da sottolineare \u00e8 che tratta di fenomeni che sono coerenti con la sismicit\u00e0 di questa zona<\/em>&#8220;.<\/p>\n<h3>I precedenti degli ultimi 7 giorni<\/h3>\n<p>In questi giorni prosegue lo sciame sismico dopo <a href=\"https:\/\/www.intoscana.it\/it\/articolo\/terremoti-forte-scossa-avvertita-a-firenze\/\" target=\"_blank\" rel=\"noopener\">le forti scosse del 3 maggio<\/a>. Allora la terra aveva tremato per la prima volta alle 17.50 (magnitudo 3.7) e alle 22.14 (3.4).<\/p>\n<p>Solo ieri <a href=\"https:\/\/www.intoscana.it\/it\/articolo\/terremoti-prosegue-lo-sciame-di-scosse-nel-fiorentino-la-piu-forte-di-magnitudo-2-7\/\" target=\"_blank\" rel=\"noopener\">quattro scosse di terremoto erano state registrate dall&#8217;Ingv<\/a>, con epicentro tra i comuni di Impruneta e San Casciano Val di Pesa. In quest&#8217;ultimo la pi\u00f9 forte, alle 5:06, di magnitudo 2.7, a una profondit\u00e0 di 9 km e una di 2.1 alle 5:22, a una profondit\u00e0 di10 km.<\/p>\n<p>Le altre due hanno avuto come epicentro Impruneta e sono state di magnitudo 2.1 alle 4:42,a una profondit\u00e0 di 10 km, e di 2.4 alle 5:12, a una profondit\u00e0 di 7 km secondo quanto registrato sempre da Ingv.<\/p>\n","protected":false},"excerpt":{"rendered":"<p>La scossa \u00e8 stata avvertita in Chianti, a Firenze, nei comuni della Piana. Dalla Protezione civile e dai comuni nessuna notizia di danni a cose e persone<\/p>\n","protected":false},"author":554,"featured_media":198576,"comment_status":"open","ping_status":"open","sticky":false,"template":"","format":"standard","meta":{"_acf_changed":false,"footnotes":""},"categories":[494],"tags":[4508],"class_list":["post-227697","post","type-post","status-publish","format-standard","has-post-thumbnail","hentry","category-attualita","tag-terremoto"],"acf":[],"yoast_head":"<!-- This site is optimized with the Yoast SEO Premium plugin v24.2 (Yoast SEO v25.6) - https:\/\/yoast.com\/wordpress\/plugins\/seo\/ -->\n<title>Terremoto, nuova forte scossa all&#039;alba all&#039;Impruneta - intoscana<\/title>\n<meta name=\"description\" content=\"La scossa avvertita in Chianti, a Firenze, nella Piana. Dalla Protezione civile e dai comuni nessuna notizia di danni a cose e persone\" \/>\n<meta name=\"robots\" content=\"index, follow, max-snippet:-1, max-image-preview:large, max-video-preview:-1\" \/>\n<link rel=\"canonical\" href=\"https:\/\/www.intoscana.it\/it\/terremoto-nuova-forte-scossa-allalba-vicino-firenze\/\" \/>\n<meta property=\"og:locale\" content=\"it_IT\" \/>\n<meta property=\"og:type\" content=\"article\" \/>\n<meta property=\"og:title\" content=\"Terremoto, nuova forte scossa all&#039;alba all&#039;Impruneta\" \/>\n<meta property=\"og:description\" content=\"La scossa avvertita in Chianti, a Firenze, nella Piana. Dalla Protezione civile e dai comuni nessuna notizia di danni a cose e persone\" \/>\n<meta property=\"og:url\" content=\"https:\/\/www.intoscana.it\/it\/terremoto-nuova-forte-scossa-allalba-vicino-firenze\/\" \/>\n<meta property=\"og:site_name\" content=\"intoscana\" \/>\n<meta property=\"article:publisher\" content=\"https:\/\/www.facebook.com\/intoscana.it\" \/>\n<meta property=\"article:published_time\" content=\"2022-05-10T04:00:52+00:00\" \/>\n<meta property=\"article:modified_time\" content=\"2022-05-11T07:46:31+00:00\" \/>\n<meta property=\"og:image\" content=\"https:\/\/www.intoscana.it\/wp-content\/uploads\/sismografo.jpg\" \/>\n\t<meta property=\"og:image:width\" content=\"1920\" \/>\n\t<meta property=\"og:image:height\" content=\"1056\" \/>\n\t<meta property=\"og:image:type\" content=\"image\/jpeg\" \/>\n<meta name=\"author\" content=\"Raffaella Galamini\" \/>\n<meta name=\"twitter:card\" content=\"summary_large_image\" \/>\n<meta name=\"twitter:creator\" content=\"@orio\" \/>\n<meta name=\"twitter:site\" content=\"@intoscana\" \/>\n<meta name=\"twitter:label1\" content=\"Written by\" \/>\n\t<meta name=\"twitter:data1\" content=\"Raffaella Galamini\" \/>\n\t<meta name=\"twitter:label2\" content=\"Est. reading time\" \/>\n\t<meta name=\"twitter:data2\" content=\"3 minuti\" \/>\n<script type=\"application\/ld+json\" class=\"yoast-schema-graph\">{\"@context\":\"https:\/\/schema.org\",\"@graph\":[{\"@type\":\"WebPage\",\"@id\":\"https:\/\/www.intoscana.it\/it\/terremoto-nuova-forte-scossa-allalba-vicino-firenze\/\",\"url\":\"https:\/\/www.intoscana.it\/it\/terremoto-nuova-forte-scossa-allalba-vicino-firenze\/\",\"name\":\"Terremoto, nuova forte scossa all'alba all'Impruneta - intoscana\",\"isPartOf\":{\"@id\":\"https:\/\/www.intoscana.it\/it\/#website\"},\"primaryImageOfPage\":{\"@id\":\"https:\/\/www.intoscana.it\/it\/terremoto-nuova-forte-scossa-allalba-vicino-firenze\/#primaryimage\"},\"image\":{\"@id\":\"https:\/\/www.intoscana.it\/it\/terremoto-nuova-forte-scossa-allalba-vicino-firenze\/#primaryimage\"},\"thumbnailUrl\":\"https:\/\/www.intoscana.it\/wp-content\/uploads\/sismografo.jpg\",\"datePublished\":\"2022-05-10T04:00:52+00:00\",\"dateModified\":\"2022-05-11T07:46:31+00:00\",\"author\":{\"@id\":\"https:\/\/www.intoscana.it\/it\/#\/schema\/person\/9eb9daa846a49fe51af39a73d9d1986b\"},\"description\":\"La scossa avvertita in Chianti, a Firenze, nella Piana. Dalla Protezione civile e dai comuni nessuna notizia di danni a cose e persone\",\"breadcrumb\":{\"@id\":\"https:\/\/www.intoscana.it\/it\/terremoto-nuova-forte-scossa-allalba-vicino-firenze\/#breadcrumb\"},\"inLanguage\":\"it-IT\",\"potentialAction\":[{\"@type\":\"ReadAction\",\"target\":[\"https:\/\/www.intoscana.it\/it\/terremoto-nuova-forte-scossa-allalba-vicino-firenze\/\"]}]},{\"@type\":\"ImageObject\",\"inLanguage\":\"it-IT\",\"@id\":\"https:\/\/www.intoscana.it\/it\/terremoto-nuova-forte-scossa-allalba-vicino-firenze\/#primaryimage\",\"url\":\"https:\/\/www.intoscana.it\/wp-content\/uploads\/sismografo.jpg\",\"contentUrl\":\"https:\/\/www.intoscana.it\/wp-content\/uploads\/sismografo.jpg\",\"width\":1920,\"height\":1056},{\"@type\":\"BreadcrumbList\",\"@id\":\"https:\/\/www.intoscana.it\/it\/terremoto-nuova-forte-scossa-allalba-vicino-firenze\/#breadcrumb\",\"itemListElement\":[{\"@type\":\"ListItem\",\"position\":1,\"name\":\"Home\",\"item\":\"https:\/\/www.intoscana.it\/it\/\"},{\"@type\":\"ListItem\",\"position\":2,\"name\":\"Terremoto, nuova forte scossa all&#8217;alba all&#8217;Impruneta\"}]},{\"@type\":\"WebSite\",\"@id\":\"https:\/\/www.intoscana.it\/it\/#website\",\"url\":\"https:\/\/www.intoscana.it\/it\/\",\"name\":\"intoscana\",\"description\":\"\",\"potentialAction\":[{\"@type\":\"SearchAction\",\"target\":{\"@type\":\"EntryPoint\",\"urlTemplate\":\"https:\/\/www.intoscana.it\/it\/?s={search_term_string}\"},\"query-input\":{\"@type\":\"PropertyValueSpecification\",\"valueRequired\":true,\"valueName\":\"search_term_string\"}}],\"inLanguage\":\"it-IT\"},{\"@type\":\"Person\",\"@id\":\"https:\/\/www.intoscana.it\/it\/#\/schema\/person\/9eb9daa846a49fe51af39a73d9d1986b\",\"name\":\"Raffaella Galamini\",\"sameAs\":[\"https:\/\/x.com\/orio\"],\"url\":\"https:\/\/www.intoscana.it\/it\/author\/r-galamini\/\"}]}<\/script>\n<!-- \/ Yoast SEO Premium plugin. -->","yoast_head_json":{"title":"Terremoto, nuova forte scossa all'alba all'Impruneta - intoscana","description":"La scossa avvertita in Chianti, a Firenze, nella Piana. Dalla Protezione civile e dai comuni nessuna notizia di danni a cose e persone","robots":{"index":"index","follow":"follow","max-snippet":"max-snippet:-1","max-image-preview":"max-image-preview:large","max-video-preview":"max-video-preview:-1"},"canonical":"https:\/\/www.intoscana.it\/it\/terremoto-nuova-forte-scossa-allalba-vicino-firenze\/","og_locale":"it_IT","og_type":"article","og_title":"Terremoto, nuova forte scossa all'alba all'Impruneta","og_description":"La scossa avvertita in Chianti, a Firenze, nella Piana. Dalla Protezione civile e dai comuni nessuna notizia di danni a cose e persone","og_url":"https:\/\/www.intoscana.it\/it\/terremoto-nuova-forte-scossa-allalba-vicino-firenze\/","og_site_name":"intoscana","article_publisher":"https:\/\/www.facebook.com\/intoscana.it","article_published_time":"2022-05-10T04:00:52+00:00","article_modified_time":"2022-05-11T07:46:31+00:00","og_image":[{"width":1920,"height":1056,"url":"https:\/\/www.intoscana.it\/wp-content\/uploads\/sismografo.jpg","type":"image\/jpeg"}],"author":"Raffaella Galamini","twitter_card":"summary_large_image","twitter_creator":"@orio","twitter_site":"@intoscana","twitter_misc":{"Written by":"Raffaella Galamini","Est. reading time":"3 minuti"},"schema":{"@context":"https:\/\/schema.org","@graph":[{"@type":"WebPage","@id":"https:\/\/www.intoscana.it\/it\/terremoto-nuova-forte-scossa-allalba-vicino-firenze\/","url":"https:\/\/www.intoscana.it\/it\/terremoto-nuova-forte-scossa-allalba-vicino-firenze\/","name":"Terremoto, nuova forte scossa all'alba all'Impruneta - intoscana","isPartOf":{"@id":"https:\/\/www.intoscana.it\/it\/#website"},"primaryImageOfPage":{"@id":"https:\/\/www.intoscana.it\/it\/terremoto-nuova-forte-scossa-allalba-vicino-firenze\/#primaryimage"},"image":{"@id":"https:\/\/www.intoscana.it\/it\/terremoto-nuova-forte-scossa-allalba-vicino-firenze\/#primaryimage"},"thumbnailUrl":"https:\/\/www.intoscana.it\/wp-content\/uploads\/sismografo.jpg","datePublished":"2022-05-10T04:00:52+00:00","dateModified":"2022-05-11T07:46:31+00:00","author":{"@id":"https:\/\/www.intoscana.it\/it\/#\/schema\/person\/9eb9daa846a49fe51af39a73d9d1986b"},"description":"La scossa avvertita in Chianti, a Firenze, nella Piana. Dalla Protezione civile e dai comuni nessuna notizia di danni a cose e persone","breadcrumb":{"@id":"https:\/\/www.intoscana.it\/it\/terremoto-nuova-forte-scossa-allalba-vicino-firenze\/#breadcrumb"},"inLanguage":"it-IT","potentialAction":[{"@type":"ReadAction","target":["https:\/\/www.intoscana.it\/it\/terremoto-nuova-forte-scossa-allalba-vicino-firenze\/"]}]},{"@type":"ImageObject","inLanguage":"it-IT","@id":"https:\/\/www.intoscana.it\/it\/terremoto-nuova-forte-scossa-allalba-vicino-firenze\/#primaryimage","url":"https:\/\/www.intoscana.it\/wp-content\/uploads\/sismografo.jpg","contentUrl":"https:\/\/www.intoscana.it\/wp-content\/uploads\/sismografo.jpg","width":1920,"height":1056},{"@type":"BreadcrumbList","@id":"https:\/\/www.intoscana.it\/it\/terremoto-nuova-forte-scossa-allalba-vicino-firenze\/#breadcrumb","itemListElement":[{"@type":"ListItem","position":1,"name":"Home","item":"https:\/\/www.intoscana.it\/it\/"},{"@type":"ListItem","position":2,"name":"Terremoto, nuova forte scossa all&#8217;alba all&#8217;Impruneta"}]},{"@type":"WebSite","@id":"https:\/\/www.intoscana.it\/it\/#website","url":"https:\/\/www.intoscana.it\/it\/","name":"intoscana","description":"","potentialAction":[{"@type":"SearchAction","target":{"@type":"EntryPoint","urlTemplate":"https:\/\/www.intoscana.it\/it\/?s={search_term_string}"},"query-input":{"@type":"PropertyValueSpecification","valueRequired":true,"valueName":"search_term_string"}}],"inLanguage":"it-IT"},{"@type":"Person","@id":"https:\/\/www.intoscana.it\/it\/#\/schema\/person\/9eb9daa846a49fe51af39a73d9d1986b","name":"Raffaella Galamini","sameAs":["https:\/\/x.com\/orio"],"url":"https:\/\/www.intoscana.it\/it\/author\/r-galamini\/"}]}},"_links":{"self":[{"href":"https:\/\/www.intoscana.it\/it\/wp-json\/wp\/v2\/posts\/227697","targetHints":{"allow":["GET"]}}],"collection":[{"href":"https:\/\/www.intoscana.it\/it\/wp-json\/wp\/v2\/posts"}],"about":[{"href":"https:\/\/www.intoscana.it\/it\/wp-json\/wp\/v2\/types\/post"}],"author":[{"embeddable":true,"href":"https:\/\/www.intoscana.it\/it\/wp-json\/wp\/v2\/users\/554"}],"replies":[{"embeddable":true,"href":"https:\/\/www.intoscana.it\/it\/wp-json\/wp\/v2\/comments?post=227697"}],"version-history":[{"count":0,"href":"https:\/\/www.intoscana.it\/it\/wp-json\/wp\/v2\/posts\/227697\/revisions"}],"wp:featuredmedia":[{"embeddable":true,"href":"https:\/\/www.intoscana.it\/it\/wp-json\/wp\/v2\/media\/198576"}],"wp:attachment":[{"href":"https:\/\/www.intoscana.it\/it\/wp-json\/wp\/v2\/media?parent=227697"}],"wp:term":[{"taxonomy":"category","embeddable":true,"href":"https:\/\/www.intoscana.it\/it\/wp-json\/wp\/v2\/categories?post=227697"},{"taxonomy":"post_tag","embeddable":true,"href":"https:\/\/www.intoscana.it\/it\/wp-json\/wp\/v2\/tags?post=227697"}],"curies":[{"name":"wp","href":"https:\/\/api.w.org\/{rel}","templated":true}]}}