{"id":227721,"date":"2022-05-10T10:26:35","date_gmt":"2022-05-10T08:26:35","guid":{"rendered":"https:\/\/www.intoscana.it\/it\/?p=227721"},"modified":"2022-05-10T10:30:03","modified_gmt":"2022-05-10T08:30:03","slug":"mannarino-concerti-firenze-2022","status":"publish","type":"post","link":"https:\/\/www.intoscana.it\/it\/mannarino-concerti-firenze-2022\/","title":{"rendered":"Il ritorno di Mannarino a Firenze: tre concerti per incantare la Toscana"},"content":{"rendered":"<p><strong>Mannarino approda gioved\u00ec 12 maggio a Firenze<\/strong> per la <strong>prima delle tre date<\/strong> che lo vedranno protagonista al <strong>Tuscany Hall,<\/strong> dove torner\u00e0<strong> luned\u00ec 30 e marted\u00ec 31 maggio.<\/strong><\/p>\n<p><strong>\u00c8 un ritorno atteso quello di Mannarino<\/strong>, che finalmente riporta la sua musica dal vivo con un tour che si conferma tra i migliori in circolazione.<\/p>\n<p><em>Non sapevo quello che avrei provato sul palco e invece \u00e8 pi\u00f9 bello di prima. &#8211;<\/em><strong> ha dichiarato l&#8217;artista &#8211;<\/strong><em> Ho visto tanti spettacoli, penso ai due anni trascorsi in studio, al tempo passato a pensare a questo spettacolo, poi vengo sul palco e vedo le vostre facce e mi sento ripagato di tutto\u201d.<\/em><\/p>\n<p>Con lui nove straordinari musicisti,<strong> un palco iconico e ipnotico<\/strong> in cui campeggia <strong>una statua dalle sembianze femminili, Dea<\/strong> e ispiratrice di questo tour come dell\u2019ultimo disco \u201cV\u201d.<\/p>\n<p><strong>Urla di battaglia, suoni della natura, forze ancestrali e primordiali, corpi, festa ed energia<\/strong> sono solo alcuni degli elementi che compongono quello che \u00e8 <strong>un vero e proprio rituale che va oltre il concerto.<\/strong><\/p>\n<p>Si entra nel mondo di <strong>Mannarino<\/strong> con i brani <em><strong>\u201cAfrica\u201d, \u201cFiume Nero\u201d, \u201cAgua\u201d, \u201cApriti Cielo\u201d, \u201cImpero\u201d, \u201cCantar\u00e8\u201d<\/strong><\/em>, in cui si \u00e8 dentro ad uno scenario quasi distopico, di lotta e resistenza.<\/p>\n<p><iframe loading=\"lazy\" title=\"YouTube video player\" src=\"https:\/\/www.youtube.com\/embed\/OLi2R5WKQSc\" width=\"800\" height=\"500\" frameborder=\"0\" allowfullscreen=\"allowfullscreen\"><span data-mce-type=\"bookmark\" style=\"display: inline-block; width: 0px; overflow: hidden; line-height: 0;\" class=\"mce_SELRES_start\">\ufeff<\/span><\/iframe><\/p>\n<p>A met\u00e0 spettacolo sulle note di<strong> \u201cLei\u201d la figura femminile<\/strong> si rivela sulle note di <strong>un viaggio psichedelico elettronico<\/strong> che si dipana in <strong>un momento catartico e di liberazione, quasi un rito pagano<\/strong>.<\/p>\n<p>Poi, sulle note dei grandi classici dell\u2019artista, inizia <strong>la festa officiata da una band eccezionale<\/strong> composta da <strong>Lavinia Mancusi, Simona Sciacca, Gioia Persichetti,<\/strong> voci e tamburi, il centro sonoro di tutto il set; alle chitarre e al basso <strong>Alessandro Chimienti ed Emanuele Triglia<\/strong>; alle tastiere e synth<strong> Seby Burgio; Puccio Panettieri e Mauro Refosco<\/strong> alla batteria e alle percussioni; <strong>Simone Alessandrini<\/strong> ai fiati e altri strumenti. Tutto il resto \u00e8 un\u2019esperienza da vivere.<\/p>\n<p><strong>L\u2019album \u201cV\u201d<\/strong>\u00a0prodotto dallo stesso <strong>Mannarino<\/strong> \u00e8 stato <strong>registrato tra New York, Los Angeles, Citt\u00e0 del Messico, Rio De Janeiro, l\u2019Amazzonia e l\u2019Italia<\/strong>, con il coinvolgimento &#8211; su alcuni brani &#8211; di produttori internazionali come<strong> Joey Waronker<\/strong> (Beck, REM, Atoms for Peace) e <strong>Camilo Lara<\/strong> (Mexican Institute of Sound) oltre che di <strong>Tony Canto e Iacopo Brail Sinigaglia<\/strong>, \u00e8 un disco che parla le lingue del mondo, intriso di <strong>suoni di foresta e voci indigene registrate in Amazzonia.<\/strong><\/p>\n<p><strong>Mannarino va alla ricerca della sorgente tribale e atavica dell\u2019umanit\u00e0,<\/strong> proposta come unico e potente antidoto contemporaneo alla brutalit\u00e0 del disumano.<\/p>\n<p><strong>Natura, patriarcato, animismo, femminilit\u00e0, rapporto uomo-donna<\/strong>, sono solo alcuni dei temi affrontati dal cantautore nel disco pi\u00f9 politico e visionario della sua carriera dove <strong>l\u2019amore, l\u2019irrazionale e un senso magico della vita<\/strong> diventano strumenti reali di decolonizzazione del pensiero e di resistenza umana.<\/p>\n<figure id=\"post-227724 media-227724\" class=\"align-none\"><img decoding=\"async\" src=\"https:\/\/www.intoscana.it\/wp-content\/uploads\/14Mannarino_phMagliocchetti-pic.jpg\" alt=\"\" \/><\/figure>\n<div class=\"titleimg\"><em>Mannarino &#8211; \u00a9 Magliocchetti<\/em><\/div>\n<h3>Biglietti<\/h3>\n<p>Inizio ore 21. I biglietti \u2013 posto unico 40,25 euro &#8211; sono disponibili sul sito<strong> www.bitconcerti.it, su www.ticketone.it<\/strong> (tel. 892.101) e nei punti <strong>Box Office Toscana<\/strong> (<strong>www.boxofficetoscana.it\/punti-vendita<\/strong> &#8211; tel. 055.210804).<\/p>\n<p>Si recupera il concerto previsto il 6 novembre 2020 al Mandela Forum e pi\u00f9 volte posticipato per l\u2019emergenza Covid. Restano validi i biglietti acquistati.<\/p>\n<p>Per dettagli sulle nuove date assegnate consultare <a href=\"https:\/\/www.bitconcerti.it\/mannarino-firenze-2022.html\" target=\"_blank\" rel=\"noopener\"><strong>www.bitconcerti.it\/mannarino-firenze-2022<\/strong><\/a>.<\/p>\n<p>&nbsp;<\/p>\n<p>&nbsp;<\/p>\n","protected":false},"excerpt":{"rendered":"<p>Gioved\u00ec 12, luned\u00ec 30, marted\u00ec 31 maggio 2022 l\u2019artista torna a suonare dal vivo con il suo sound originale ispirato da musiche tribali, elettronica e atmosfere futuristiche<\/p>\n","protected":false},"author":525,"featured_media":227731,"comment_status":"open","ping_status":"open","sticky":false,"template":"","format":"standard","meta":{"_acf_changed":false,"footnotes":""},"categories":[14],"tags":[216,4474,202],"class_list":["post-227721","post","type-post","status-publish","format-standard","has-post-thumbnail","hentry","category-musica","tag-concerti","tag-eventi","tag-firenze"],"acf":[],"yoast_head":"<!-- This site is optimized with the Yoast SEO Premium plugin v24.2 (Yoast SEO v25.6) - https:\/\/yoast.com\/wordpress\/plugins\/seo\/ -->\n<title>Il ritorno di Mannarino a Firenze: tre concerti per incantare la Toscana - intoscana<\/title>\n<meta name=\"description\" content=\"Gioved\u00ec 12, luned\u00ec 30, marted\u00ec 31 maggio 2022 l\u2019artista torna a suonare dal vivo con il suo sound originale ispirato da musiche tribali\" \/>\n<meta name=\"robots\" content=\"index, follow, max-snippet:-1, max-image-preview:large, max-video-preview:-1\" \/>\n<link rel=\"canonical\" href=\"https:\/\/www.intoscana.it\/it\/mannarino-concerti-firenze-2022\/\" \/>\n<meta property=\"og:locale\" content=\"it_IT\" \/>\n<meta property=\"og:type\" content=\"article\" \/>\n<meta property=\"og:title\" content=\"Il ritorno di Mannarino a Firenze: tre concerti per incantare la Toscana\" \/>\n<meta property=\"og:description\" content=\"Gioved\u00ec 12, luned\u00ec 30, marted\u00ec 31 maggio 2022 l\u2019artista torna a suonare dal vivo con il suo sound originale ispirato da musiche tribali\" \/>\n<meta property=\"og:url\" content=\"https:\/\/www.intoscana.it\/it\/mannarino-concerti-firenze-2022\/\" \/>\n<meta property=\"og:site_name\" content=\"intoscana\" \/>\n<meta property=\"article:publisher\" content=\"https:\/\/www.facebook.com\/intoscana.it\" \/>\n<meta property=\"article:published_time\" content=\"2022-05-10T08:26:35+00:00\" \/>\n<meta property=\"article:modified_time\" content=\"2022-05-10T08:30:03+00:00\" \/>\n<meta property=\"og:image\" content=\"https:\/\/www.intoscana.it\/wp-content\/uploads\/02-Mannarino_ph-Magliocchetti-pic-1.jpg\" \/>\n\t<meta property=\"og:image:width\" content=\"871\" \/>\n\t<meta property=\"og:image:height\" content=\"680\" \/>\n\t<meta property=\"og:image:type\" content=\"image\/jpeg\" \/>\n<meta name=\"author\" content=\"Redazione\" \/>\n<meta name=\"twitter:card\" content=\"summary_large_image\" \/>\n<meta name=\"twitter:creator\" content=\"@intoscana\" \/>\n<meta name=\"twitter:site\" content=\"@intoscana\" \/>\n<meta name=\"twitter:label1\" content=\"Written by\" \/>\n\t<meta name=\"twitter:data1\" content=\"Redazione\" \/>\n\t<meta name=\"twitter:label2\" content=\"Est. reading time\" \/>\n\t<meta name=\"twitter:data2\" content=\"3 minuti\" \/>\n<script type=\"application\/ld+json\" class=\"yoast-schema-graph\">{\"@context\":\"https:\/\/schema.org\",\"@graph\":[{\"@type\":\"WebPage\",\"@id\":\"https:\/\/www.intoscana.it\/it\/mannarino-concerti-firenze-2022\/\",\"url\":\"https:\/\/www.intoscana.it\/it\/mannarino-concerti-firenze-2022\/\",\"name\":\"Il ritorno di Mannarino a Firenze: tre concerti per incantare la Toscana - intoscana\",\"isPartOf\":{\"@id\":\"https:\/\/www.intoscana.it\/it\/#website\"},\"primaryImageOfPage\":{\"@id\":\"https:\/\/www.intoscana.it\/it\/mannarino-concerti-firenze-2022\/#primaryimage\"},\"image\":{\"@id\":\"https:\/\/www.intoscana.it\/it\/mannarino-concerti-firenze-2022\/#primaryimage\"},\"thumbnailUrl\":\"https:\/\/www.intoscana.it\/wp-content\/uploads\/02-Mannarino_ph-Magliocchetti-pic-1.jpg\",\"datePublished\":\"2022-05-10T08:26:35+00:00\",\"dateModified\":\"2022-05-10T08:30:03+00:00\",\"author\":{\"@id\":\"https:\/\/www.intoscana.it\/it\/#\/schema\/person\/9223810753230f20bd670fdd322661f8\"},\"description\":\"Gioved\u00ec 12, luned\u00ec 30, marted\u00ec 31 maggio 2022 l\u2019artista torna a suonare dal vivo con il suo sound originale ispirato da musiche tribali\",\"breadcrumb\":{\"@id\":\"https:\/\/www.intoscana.it\/it\/mannarino-concerti-firenze-2022\/#breadcrumb\"},\"inLanguage\":\"it-IT\",\"potentialAction\":[{\"@type\":\"ReadAction\",\"target\":[\"https:\/\/www.intoscana.it\/it\/mannarino-concerti-firenze-2022\/\"]}]},{\"@type\":\"ImageObject\",\"inLanguage\":\"it-IT\",\"@id\":\"https:\/\/www.intoscana.it\/it\/mannarino-concerti-firenze-2022\/#primaryimage\",\"url\":\"https:\/\/www.intoscana.it\/wp-content\/uploads\/02-Mannarino_ph-Magliocchetti-pic-1.jpg\",\"contentUrl\":\"https:\/\/www.intoscana.it\/wp-content\/uploads\/02-Mannarino_ph-Magliocchetti-pic-1.jpg\",\"width\":871,\"height\":680},{\"@type\":\"BreadcrumbList\",\"@id\":\"https:\/\/www.intoscana.it\/it\/mannarino-concerti-firenze-2022\/#breadcrumb\",\"itemListElement\":[{\"@type\":\"ListItem\",\"position\":1,\"name\":\"Home\",\"item\":\"https:\/\/www.intoscana.it\/it\/\"},{\"@type\":\"ListItem\",\"position\":2,\"name\":\"Il ritorno di Mannarino a Firenze: tre concerti per incantare la Toscana\"}]},{\"@type\":\"WebSite\",\"@id\":\"https:\/\/www.intoscana.it\/it\/#website\",\"url\":\"https:\/\/www.intoscana.it\/it\/\",\"name\":\"intoscana\",\"description\":\"\",\"potentialAction\":[{\"@type\":\"SearchAction\",\"target\":{\"@type\":\"EntryPoint\",\"urlTemplate\":\"https:\/\/www.intoscana.it\/it\/?s={search_term_string}\"},\"query-input\":{\"@type\":\"PropertyValueSpecification\",\"valueRequired\":true,\"valueName\":\"search_term_string\"}}],\"inLanguage\":\"it-IT\"},{\"@type\":\"Person\",\"@id\":\"https:\/\/www.intoscana.it\/it\/#\/schema\/person\/9223810753230f20bd670fdd322661f8\",\"name\":\"Redazione\",\"url\":\"https:\/\/www.intoscana.it\/it\/author\/redazione\/\"}]}<\/script>\n<!-- \/ Yoast SEO Premium plugin. -->","yoast_head_json":{"title":"Il ritorno di Mannarino a Firenze: tre concerti per incantare la Toscana - intoscana","description":"Gioved\u00ec 12, luned\u00ec 30, marted\u00ec 31 maggio 2022 l\u2019artista torna a suonare dal vivo con il suo sound originale ispirato da musiche tribali","robots":{"index":"index","follow":"follow","max-snippet":"max-snippet:-1","max-image-preview":"max-image-preview:large","max-video-preview":"max-video-preview:-1"},"canonical":"https:\/\/www.intoscana.it\/it\/mannarino-concerti-firenze-2022\/","og_locale":"it_IT","og_type":"article","og_title":"Il ritorno di Mannarino a Firenze: tre concerti per incantare la Toscana","og_description":"Gioved\u00ec 12, luned\u00ec 30, marted\u00ec 31 maggio 2022 l\u2019artista torna a suonare dal vivo con il suo sound originale ispirato da musiche tribali","og_url":"https:\/\/www.intoscana.it\/it\/mannarino-concerti-firenze-2022\/","og_site_name":"intoscana","article_publisher":"https:\/\/www.facebook.com\/intoscana.it","article_published_time":"2022-05-10T08:26:35+00:00","article_modified_time":"2022-05-10T08:30:03+00:00","og_image":[{"width":871,"height":680,"url":"https:\/\/www.intoscana.it\/wp-content\/uploads\/02-Mannarino_ph-Magliocchetti-pic-1.jpg","type":"image\/jpeg"}],"author":"Redazione","twitter_card":"summary_large_image","twitter_creator":"@intoscana","twitter_site":"@intoscana","twitter_misc":{"Written by":"Redazione","Est. reading time":"3 minuti"},"schema":{"@context":"https:\/\/schema.org","@graph":[{"@type":"WebPage","@id":"https:\/\/www.intoscana.it\/it\/mannarino-concerti-firenze-2022\/","url":"https:\/\/www.intoscana.it\/it\/mannarino-concerti-firenze-2022\/","name":"Il ritorno di Mannarino a Firenze: tre concerti per incantare la Toscana - intoscana","isPartOf":{"@id":"https:\/\/www.intoscana.it\/it\/#website"},"primaryImageOfPage":{"@id":"https:\/\/www.intoscana.it\/it\/mannarino-concerti-firenze-2022\/#primaryimage"},"image":{"@id":"https:\/\/www.intoscana.it\/it\/mannarino-concerti-firenze-2022\/#primaryimage"},"thumbnailUrl":"https:\/\/www.intoscana.it\/wp-content\/uploads\/02-Mannarino_ph-Magliocchetti-pic-1.jpg","datePublished":"2022-05-10T08:26:35+00:00","dateModified":"2022-05-10T08:30:03+00:00","author":{"@id":"https:\/\/www.intoscana.it\/it\/#\/schema\/person\/9223810753230f20bd670fdd322661f8"},"description":"Gioved\u00ec 12, luned\u00ec 30, marted\u00ec 31 maggio 2022 l\u2019artista torna a suonare dal vivo con il suo sound originale ispirato da musiche tribali","breadcrumb":{"@id":"https:\/\/www.intoscana.it\/it\/mannarino-concerti-firenze-2022\/#breadcrumb"},"inLanguage":"it-IT","potentialAction":[{"@type":"ReadAction","target":["https:\/\/www.intoscana.it\/it\/mannarino-concerti-firenze-2022\/"]}]},{"@type":"ImageObject","inLanguage":"it-IT","@id":"https:\/\/www.intoscana.it\/it\/mannarino-concerti-firenze-2022\/#primaryimage","url":"https:\/\/www.intoscana.it\/wp-content\/uploads\/02-Mannarino_ph-Magliocchetti-pic-1.jpg","contentUrl":"https:\/\/www.intoscana.it\/wp-content\/uploads\/02-Mannarino_ph-Magliocchetti-pic-1.jpg","width":871,"height":680},{"@type":"BreadcrumbList","@id":"https:\/\/www.intoscana.it\/it\/mannarino-concerti-firenze-2022\/#breadcrumb","itemListElement":[{"@type":"ListItem","position":1,"name":"Home","item":"https:\/\/www.intoscana.it\/it\/"},{"@type":"ListItem","position":2,"name":"Il ritorno di Mannarino a Firenze: tre concerti per incantare la Toscana"}]},{"@type":"WebSite","@id":"https:\/\/www.intoscana.it\/it\/#website","url":"https:\/\/www.intoscana.it\/it\/","name":"intoscana","description":"","potentialAction":[{"@type":"SearchAction","target":{"@type":"EntryPoint","urlTemplate":"https:\/\/www.intoscana.it\/it\/?s={search_term_string}"},"query-input":{"@type":"PropertyValueSpecification","valueRequired":true,"valueName":"search_term_string"}}],"inLanguage":"it-IT"},{"@type":"Person","@id":"https:\/\/www.intoscana.it\/it\/#\/schema\/person\/9223810753230f20bd670fdd322661f8","name":"Redazione","url":"https:\/\/www.intoscana.it\/it\/author\/redazione\/"}]}},"_links":{"self":[{"href":"https:\/\/www.intoscana.it\/it\/wp-json\/wp\/v2\/posts\/227721","targetHints":{"allow":["GET"]}}],"collection":[{"href":"https:\/\/www.intoscana.it\/it\/wp-json\/wp\/v2\/posts"}],"about":[{"href":"https:\/\/www.intoscana.it\/it\/wp-json\/wp\/v2\/types\/post"}],"author":[{"embeddable":true,"href":"https:\/\/www.intoscana.it\/it\/wp-json\/wp\/v2\/users\/525"}],"replies":[{"embeddable":true,"href":"https:\/\/www.intoscana.it\/it\/wp-json\/wp\/v2\/comments?post=227721"}],"version-history":[{"count":0,"href":"https:\/\/www.intoscana.it\/it\/wp-json\/wp\/v2\/posts\/227721\/revisions"}],"wp:featuredmedia":[{"embeddable":true,"href":"https:\/\/www.intoscana.it\/it\/wp-json\/wp\/v2\/media\/227731"}],"wp:attachment":[{"href":"https:\/\/www.intoscana.it\/it\/wp-json\/wp\/v2\/media?parent=227721"}],"wp:term":[{"taxonomy":"category","embeddable":true,"href":"https:\/\/www.intoscana.it\/it\/wp-json\/wp\/v2\/categories?post=227721"},{"taxonomy":"post_tag","embeddable":true,"href":"https:\/\/www.intoscana.it\/it\/wp-json\/wp\/v2\/tags?post=227721"}],"curies":[{"name":"wp","href":"https:\/\/api.w.org\/{rel}","templated":true}]}}