{"id":228020,"date":"2022-05-11T12:32:19","date_gmt":"2022-05-11T10:32:19","guid":{"rendered":"https:\/\/www.intoscana.it\/it\/?p=228020"},"modified":"2022-05-11T12:33:19","modified_gmt":"2022-05-11T10:33:19","slug":"covid-19-bollettino-toscana-4","status":"publish","type":"post","link":"https:\/\/www.intoscana.it\/it\/covid-19-bollettino-toscana-4\/","title":{"rendered":"Covid-19, 2.365 nuovi casi, et\u00e0 media 42 anni. I decessi sono 12"},"content":{"rendered":"<p>In Toscana sono <strong>1.122.491 i casi di positivit\u00e0<\/strong> al Covid-19, <strong>2.365 in pi\u00f9 rispetto a ieri<\/strong> (597 confermati con tampone molecolare e 1.768 da test rapido antigenico), l&#8217;et\u00e0 media \u00e8 di 42 anni. I nuovi casi sono lo 0,2% in pi\u00f9 rispetto al totale del giorno precedente. <strong>I guariti crescono<\/strong> dello 0,3% e raggiungono <strong>quota 1.070.908<\/strong> (95,4% dei casi totali).<\/p>\n<p>Oggi sono stati eseguiti 2.827 tamponi molecolari e 13.097 tamponi antigenici rapidi, di questi il 14,9% \u00e8 risultato positivo. Sono invece 3.444 i soggetti testati oggi (con tampone antigenico e\/o molecolare, escludendo i tamponi di controllo), di cui il 68,7% \u00e8 risultato positivo.<\/p>\n<p><strong>Gli attualmente positivi sono oggi 41.622<\/strong>, -2% rispetto a ieri.<\/p>\n<p>Sono <strong>312.425 i casi complessivi ad oggi a Firenze<\/strong> (612 in pi\u00f9 rispetto a ieri), 77.279 a Prato (155 in pi\u00f9), 90.122 a Pistoia (125 in pi\u00f9), 55.061 a Massa (158 in pi\u00f9), 117.738 a Lucca (277 in pi\u00f9), 128.833 a Pisa (281 in pi\u00f9), 99.554 a Livorno (250 in pi\u00f9), 102.611 ad Arezzo (162 in pi\u00f9), 78.649 a Siena (205 in pi\u00f9), 59.664 a Grosseto (140 in pi\u00f9). Sono 555 i casi positivi notificati in Toscana, ma residenti in altre regioni.<\/p>\n<p>Sono 41.098 le persone in isolamento a casa, poich\u00e9 presentano sintomi lievi che non richiedono cure ospedaliere, o risultano prive di sintomi (856 in meno rispetto a ieri, meno 2%). <strong>Le persone ricoverate<\/strong> nei posti letto dedicati ai pazienti COVID <strong>oggi sono 524<\/strong> (12 in pi\u00f9 rispetto a ieri, pi\u00f9 2,3%), 20 in terapia intensiva (2 in meno rispetto a ieri, meno 9,1%).<\/p>\n<p><strong>Le persone guarite sono 1.070.908<\/strong> (3.197 in pi\u00f9 rispetto a ieri, pi\u00f9 0,3%): 0 persone clinicamente guarite (stabili rispetto a ieri), divenute cio\u00e8 asintomatiche dopo aver presentato manifestazioni cliniche associate all&#8217;infezione e 1.070.908 (3.197 in pi\u00f9 rispetto a ieri, pi\u00f9 0,3%) dichiarate guarite a tutti gli effetti, le cosiddette guarigioni virali, con tampone negativo.<\/p>\n<p>Oggi <strong>si registrano 12 nuovi decessi<\/strong>: 5 uomini e 7 donne con un&#8217;et\u00e0 media di 87,8 anni. Relativamente alla provincia di residenza, le 12 persone decedute sono: 1 a Firenze, 2 a Prato, 5 a Pisa, 2 a Livorno, 1 a Siena, 1 a Grosseto.<\/p>\n<p>Sono <strong>9.961 i deceduti dall&#8217;inizio dell&#8217;epidemia<\/strong> cosi ripartiti: 3.134 a Firenze, 830 a Prato, 893 a Pistoia, 648 a Massa Carrara, 932 a Lucca, 1.089 a Pisa, 730 a Livorno, 652 ad Arezzo, 531 a Siena, 386 a Grosseto, 136 persone sono decedute sul suolo toscano ma erano residenti fuori regione.<\/p>\n","protected":false},"excerpt":{"rendered":"<p>Le persone ricoverate oggi sono 524 (12 in pi\u00f9 rispetto a ieri), di cui 20 in terapia intensiva (2 in meno)<\/p>\n","protected":false},"author":525,"featured_media":194289,"comment_status":"open","ping_status":"open","sticky":false,"template":"","format":"standard","meta":{"_acf_changed":false,"footnotes":""},"categories":[494],"tags":[418],"class_list":["post-228020","post","type-post","status-publish","format-standard","has-post-thumbnail","hentry","category-attualita","tag-covid-19"],"acf":[],"yoast_head":"<!-- This site is optimized with the Yoast SEO Premium plugin v24.2 (Yoast SEO v25.6) - https:\/\/yoast.com\/wordpress\/plugins\/seo\/ -->\n<title>Covid-19, 2.365 nuovi casi, et\u00e0 media 42 anni. I decessi sono 12-intoscana<\/title>\n<meta name=\"description\" content=\"Le persone ricoverate oggi sono 524 (12 in pi\u00f9 rispetto a ieri), di cui 20 in terapia intensiva (2 in meno)\" \/>\n<meta name=\"robots\" content=\"index, follow, max-snippet:-1, max-image-preview:large, max-video-preview:-1\" \/>\n<link rel=\"canonical\" href=\"https:\/\/www.intoscana.it\/it\/covid-19-bollettino-toscana-4\/\" \/>\n<meta property=\"og:locale\" content=\"it_IT\" \/>\n<meta property=\"og:type\" content=\"article\" \/>\n<meta property=\"og:title\" content=\"Covid-19, 2.365 nuovi casi, et\u00e0 media 42 anni. I decessi sono 12\" \/>\n<meta property=\"og:description\" content=\"Le persone ricoverate oggi sono 524 (12 in pi\u00f9 rispetto a ieri), di cui 20 in terapia intensiva (2 in meno)\" \/>\n<meta property=\"og:url\" content=\"https:\/\/www.intoscana.it\/it\/covid-19-bollettino-toscana-4\/\" \/>\n<meta property=\"og:site_name\" content=\"intoscana\" \/>\n<meta property=\"article:publisher\" content=\"https:\/\/www.facebook.com\/intoscana.it\" \/>\n<meta property=\"article:published_time\" content=\"2022-05-11T10:32:19+00:00\" \/>\n<meta property=\"article:modified_time\" content=\"2022-05-11T10:33:19+00:00\" \/>\n<meta property=\"og:image\" content=\"https:\/\/www.intoscana.it\/wp-content\/uploads\/creaf_prato_vaccini_3-scaled.jpg\" \/>\n\t<meta property=\"og:image:width\" content=\"2048\" \/>\n\t<meta property=\"og:image:height\" content=\"1363\" \/>\n\t<meta property=\"og:image:type\" content=\"image\/jpeg\" \/>\n<meta name=\"author\" content=\"Redazione\" \/>\n<meta name=\"twitter:card\" content=\"summary_large_image\" \/>\n<meta name=\"twitter:creator\" content=\"@intoscana\" \/>\n<meta name=\"twitter:site\" content=\"@intoscana\" \/>\n<meta name=\"twitter:label1\" content=\"Written by\" \/>\n\t<meta name=\"twitter:data1\" content=\"Redazione\" \/>\n\t<meta name=\"twitter:label2\" content=\"Est. reading time\" \/>\n\t<meta name=\"twitter:data2\" content=\"2 minuti\" \/>\n<script type=\"application\/ld+json\" class=\"yoast-schema-graph\">{\"@context\":\"https:\/\/schema.org\",\"@graph\":[{\"@type\":\"WebPage\",\"@id\":\"https:\/\/www.intoscana.it\/it\/covid-19-bollettino-toscana-4\/\",\"url\":\"https:\/\/www.intoscana.it\/it\/covid-19-bollettino-toscana-4\/\",\"name\":\"Covid-19, 2.365 nuovi casi, et\u00e0 media 42 anni. I decessi sono 12-intoscana\",\"isPartOf\":{\"@id\":\"https:\/\/www.intoscana.it\/it\/#website\"},\"primaryImageOfPage\":{\"@id\":\"https:\/\/www.intoscana.it\/it\/covid-19-bollettino-toscana-4\/#primaryimage\"},\"image\":{\"@id\":\"https:\/\/www.intoscana.it\/it\/covid-19-bollettino-toscana-4\/#primaryimage\"},\"thumbnailUrl\":\"https:\/\/www.intoscana.it\/wp-content\/uploads\/creaf_prato_vaccini_3-scaled.jpg\",\"datePublished\":\"2022-05-11T10:32:19+00:00\",\"dateModified\":\"2022-05-11T10:33:19+00:00\",\"author\":{\"@id\":\"https:\/\/www.intoscana.it\/it\/#\/schema\/person\/9223810753230f20bd670fdd322661f8\"},\"description\":\"Le persone ricoverate oggi sono 524 (12 in pi\u00f9 rispetto a ieri), di cui 20 in terapia intensiva (2 in meno)\",\"breadcrumb\":{\"@id\":\"https:\/\/www.intoscana.it\/it\/covid-19-bollettino-toscana-4\/#breadcrumb\"},\"inLanguage\":\"it-IT\",\"potentialAction\":[{\"@type\":\"ReadAction\",\"target\":[\"https:\/\/www.intoscana.it\/it\/covid-19-bollettino-toscana-4\/\"]}]},{\"@type\":\"ImageObject\",\"inLanguage\":\"it-IT\",\"@id\":\"https:\/\/www.intoscana.it\/it\/covid-19-bollettino-toscana-4\/#primaryimage\",\"url\":\"https:\/\/www.intoscana.it\/wp-content\/uploads\/creaf_prato_vaccini_3-scaled.jpg\",\"contentUrl\":\"https:\/\/www.intoscana.it\/wp-content\/uploads\/creaf_prato_vaccini_3-scaled.jpg\",\"width\":2048,\"height\":1363,\"caption\":\"Infermieri e personale sanitario in reperto Covid (Centro Pegaso di Prato)\"},{\"@type\":\"BreadcrumbList\",\"@id\":\"https:\/\/www.intoscana.it\/it\/covid-19-bollettino-toscana-4\/#breadcrumb\",\"itemListElement\":[{\"@type\":\"ListItem\",\"position\":1,\"name\":\"Home\",\"item\":\"https:\/\/www.intoscana.it\/it\/\"},{\"@type\":\"ListItem\",\"position\":2,\"name\":\"Covid-19, 2.365 nuovi casi, et\u00e0 media 42 anni. I decessi sono 12\"}]},{\"@type\":\"WebSite\",\"@id\":\"https:\/\/www.intoscana.it\/it\/#website\",\"url\":\"https:\/\/www.intoscana.it\/it\/\",\"name\":\"intoscana\",\"description\":\"\",\"potentialAction\":[{\"@type\":\"SearchAction\",\"target\":{\"@type\":\"EntryPoint\",\"urlTemplate\":\"https:\/\/www.intoscana.it\/it\/?s={search_term_string}\"},\"query-input\":{\"@type\":\"PropertyValueSpecification\",\"valueRequired\":true,\"valueName\":\"search_term_string\"}}],\"inLanguage\":\"it-IT\"},{\"@type\":\"Person\",\"@id\":\"https:\/\/www.intoscana.it\/it\/#\/schema\/person\/9223810753230f20bd670fdd322661f8\",\"name\":\"Redazione\",\"url\":\"https:\/\/www.intoscana.it\/it\/author\/redazione\/\"}]}<\/script>\n<!-- \/ Yoast SEO Premium plugin. -->","yoast_head_json":{"title":"Covid-19, 2.365 nuovi casi, et\u00e0 media 42 anni. I decessi sono 12-intoscana","description":"Le persone ricoverate oggi sono 524 (12 in pi\u00f9 rispetto a ieri), di cui 20 in terapia intensiva (2 in meno)","robots":{"index":"index","follow":"follow","max-snippet":"max-snippet:-1","max-image-preview":"max-image-preview:large","max-video-preview":"max-video-preview:-1"},"canonical":"https:\/\/www.intoscana.it\/it\/covid-19-bollettino-toscana-4\/","og_locale":"it_IT","og_type":"article","og_title":"Covid-19, 2.365 nuovi casi, et\u00e0 media 42 anni. I decessi sono 12","og_description":"Le persone ricoverate oggi sono 524 (12 in pi\u00f9 rispetto a ieri), di cui 20 in terapia intensiva (2 in meno)","og_url":"https:\/\/www.intoscana.it\/it\/covid-19-bollettino-toscana-4\/","og_site_name":"intoscana","article_publisher":"https:\/\/www.facebook.com\/intoscana.it","article_published_time":"2022-05-11T10:32:19+00:00","article_modified_time":"2022-05-11T10:33:19+00:00","og_image":[{"width":2048,"height":1363,"url":"https:\/\/www.intoscana.it\/wp-content\/uploads\/creaf_prato_vaccini_3-scaled.jpg","type":"image\/jpeg"}],"author":"Redazione","twitter_card":"summary_large_image","twitter_creator":"@intoscana","twitter_site":"@intoscana","twitter_misc":{"Written by":"Redazione","Est. reading time":"2 minuti"},"schema":{"@context":"https:\/\/schema.org","@graph":[{"@type":"WebPage","@id":"https:\/\/www.intoscana.it\/it\/covid-19-bollettino-toscana-4\/","url":"https:\/\/www.intoscana.it\/it\/covid-19-bollettino-toscana-4\/","name":"Covid-19, 2.365 nuovi casi, et\u00e0 media 42 anni. I decessi sono 12-intoscana","isPartOf":{"@id":"https:\/\/www.intoscana.it\/it\/#website"},"primaryImageOfPage":{"@id":"https:\/\/www.intoscana.it\/it\/covid-19-bollettino-toscana-4\/#primaryimage"},"image":{"@id":"https:\/\/www.intoscana.it\/it\/covid-19-bollettino-toscana-4\/#primaryimage"},"thumbnailUrl":"https:\/\/www.intoscana.it\/wp-content\/uploads\/creaf_prato_vaccini_3-scaled.jpg","datePublished":"2022-05-11T10:32:19+00:00","dateModified":"2022-05-11T10:33:19+00:00","author":{"@id":"https:\/\/www.intoscana.it\/it\/#\/schema\/person\/9223810753230f20bd670fdd322661f8"},"description":"Le persone ricoverate oggi sono 524 (12 in pi\u00f9 rispetto a ieri), di cui 20 in terapia intensiva (2 in meno)","breadcrumb":{"@id":"https:\/\/www.intoscana.it\/it\/covid-19-bollettino-toscana-4\/#breadcrumb"},"inLanguage":"it-IT","potentialAction":[{"@type":"ReadAction","target":["https:\/\/www.intoscana.it\/it\/covid-19-bollettino-toscana-4\/"]}]},{"@type":"ImageObject","inLanguage":"it-IT","@id":"https:\/\/www.intoscana.it\/it\/covid-19-bollettino-toscana-4\/#primaryimage","url":"https:\/\/www.intoscana.it\/wp-content\/uploads\/creaf_prato_vaccini_3-scaled.jpg","contentUrl":"https:\/\/www.intoscana.it\/wp-content\/uploads\/creaf_prato_vaccini_3-scaled.jpg","width":2048,"height":1363,"caption":"Infermieri e personale sanitario in reperto Covid (Centro Pegaso di Prato)"},{"@type":"BreadcrumbList","@id":"https:\/\/www.intoscana.it\/it\/covid-19-bollettino-toscana-4\/#breadcrumb","itemListElement":[{"@type":"ListItem","position":1,"name":"Home","item":"https:\/\/www.intoscana.it\/it\/"},{"@type":"ListItem","position":2,"name":"Covid-19, 2.365 nuovi casi, et\u00e0 media 42 anni. I decessi sono 12"}]},{"@type":"WebSite","@id":"https:\/\/www.intoscana.it\/it\/#website","url":"https:\/\/www.intoscana.it\/it\/","name":"intoscana","description":"","potentialAction":[{"@type":"SearchAction","target":{"@type":"EntryPoint","urlTemplate":"https:\/\/www.intoscana.it\/it\/?s={search_term_string}"},"query-input":{"@type":"PropertyValueSpecification","valueRequired":true,"valueName":"search_term_string"}}],"inLanguage":"it-IT"},{"@type":"Person","@id":"https:\/\/www.intoscana.it\/it\/#\/schema\/person\/9223810753230f20bd670fdd322661f8","name":"Redazione","url":"https:\/\/www.intoscana.it\/it\/author\/redazione\/"}]}},"_links":{"self":[{"href":"https:\/\/www.intoscana.it\/it\/wp-json\/wp\/v2\/posts\/228020","targetHints":{"allow":["GET"]}}],"collection":[{"href":"https:\/\/www.intoscana.it\/it\/wp-json\/wp\/v2\/posts"}],"about":[{"href":"https:\/\/www.intoscana.it\/it\/wp-json\/wp\/v2\/types\/post"}],"author":[{"embeddable":true,"href":"https:\/\/www.intoscana.it\/it\/wp-json\/wp\/v2\/users\/525"}],"replies":[{"embeddable":true,"href":"https:\/\/www.intoscana.it\/it\/wp-json\/wp\/v2\/comments?post=228020"}],"version-history":[{"count":0,"href":"https:\/\/www.intoscana.it\/it\/wp-json\/wp\/v2\/posts\/228020\/revisions"}],"wp:featuredmedia":[{"embeddable":true,"href":"https:\/\/www.intoscana.it\/it\/wp-json\/wp\/v2\/media\/194289"}],"wp:attachment":[{"href":"https:\/\/www.intoscana.it\/it\/wp-json\/wp\/v2\/media?parent=228020"}],"wp:term":[{"taxonomy":"category","embeddable":true,"href":"https:\/\/www.intoscana.it\/it\/wp-json\/wp\/v2\/categories?post=228020"},{"taxonomy":"post_tag","embeddable":true,"href":"https:\/\/www.intoscana.it\/it\/wp-json\/wp\/v2\/tags?post=228020"}],"curies":[{"name":"wp","href":"https:\/\/api.w.org\/{rel}","templated":true}]}}