{"id":228275,"date":"2022-05-12T14:45:59","date_gmt":"2022-05-12T12:45:59","guid":{"rendered":"https:\/\/www.intoscana.it\/it\/?p=228275"},"modified":"2022-05-13T14:15:36","modified_gmt":"2022-05-13T12:15:36","slug":"covid-19-in-toscana-2-357-nuovi-casi-eta-media-46-anni-i-decessi-sono-9","status":"publish","type":"post","link":"https:\/\/www.intoscana.it\/it\/covid-19-in-toscana-2-357-nuovi-casi-eta-media-46-anni-i-decessi-sono-9\/","title":{"rendered":"Covid-19: in Toscana 2.357 nuovi casi, et\u00e0 media 46 anni. I decessi sono 9"},"content":{"rendered":"<p>In Toscana sono<strong> 1.124.848 i casi di positivit\u00e0 al Coronavirus,<\/strong> 2.357 in pi\u00f9 rispetto a ieri (570 confermati con tampone molecolare e 1.787 da test rapido antigenico). I nuovi casi sono lo 0,2% in pi\u00f9 rispetto al totale del giorno precedente. I guariti crescono dello 0,3% e raggiungono quota 1.073.806 (95,5% dei casi totali).<\/p>\n<p>Oggi sono stati eseguiti <strong>2.612 tamponi molecolari e 12.771 tamponi antigenici rapidi,<\/strong> di questi il 15,3% \u00e8 risultato positivo. Sono invece 3.507 i soggetti testati oggi (con tampone antigenico e\/o molecolare, escludendo i tamponi di controllo), di cui il 67,2% \u00e8 risultato positivo.<\/p>\n<p><strong>Gli attualmente positivi sono oggi 41.072<\/strong>, -1,3% rispetto a ieri.<strong> I ricoverati sono 507 (<\/strong>17 in meno rispetto a ieri), di cui 16 in terapia intensiva (4 in meno). Oggi si registrano 9 nuovi decessi: 3 uomini e 6 donne con un&#8217;et\u00e0 media di 76,4 anni.<\/p>\n<p><strong>L&#8217;et\u00e0 media dei 2.357 nuovi positivi odierni \u00e8 di 46 anni circa<\/strong> (18% ha meno di 20 anni, 19% tra 20 e 39 anni, 29% tra 40 e 59 anni, 25% tra 60 e 79 anni, 9% ha 80 anni o pi\u00f9).<\/p>\n<h3>I casi di positivit\u00e0 sul territorio<\/h3>\n<p>Di seguito i casi di positivit\u00e0 sul territorio con la variazione rispetto a ieri (570 confermati con tampone molecolare e 1.787 da test rapido antigenico).<strong> Sono 313.099 i casi complessivi ad oggi<\/strong> a Firenze (674 in pi\u00f9 rispetto a ieri), 77.433 a Prato (154 in pi\u00f9), 90.306 a Pistoia (184 in pi\u00f9), 55.188 a Massa (127 in pi\u00f9), 117.958 a Lucca (220 in pi\u00f9), 129.120 a Pisa (287 in pi\u00f9), 99.749 a Livorno (195 in pi\u00f9), 102.776 ad Arezzo (165 in pi\u00f9), 78.868 a Siena (219 in pi\u00f9), 59.796 a Grosseto (132 in pi\u00f9). Sono 555 i casi positivi notificati in Toscana, ma residenti in altre regioni.<\/p>\n<p>Sono 1.043 i casi riscontrati oggi nell&#8217;Asl Centro, 798 nella Nord Ovest, 516 nella Sud est.<\/p>\n<p>La Toscana si trova al <strong>8\u00b0 posto in Italia come numerosit\u00e0 di casi<\/strong> (comprensivi di residenti e non residenti), con circa 30.460 casi per 100.000 abitanti (media italiana circa 28.556 x100.000, dato di ieri). Le province di notifica con il tasso pi\u00f9 alto sono Firenze con 31.359 casi x100.000 abitanti, Pistoia con 31.114, Pisa con 30.891, la pi\u00f9 bassa Grosseto con 27.449.<br \/>\nComplessivamente, 40.565 persone sono in isolamento a casa, poich\u00e9 presentano sintomi lievi che non richiedono cure ospedaliere, o risultano prive di sintomi (533 in meno rispetto a ieri, meno 1,3%).<\/p>\n<p><strong>Le persone ricoverate nei posti letto dedicati ai pazienti COVID oggi sono complessivamente 507<\/strong> (17 in meno rispetto a ieri, meno 3,2%), 16 in terapia intensiva (4 in meno rispetto a ieri, meno 20%).<\/p>\n<p><strong>Le persone complessivamente guarite sono 1.073.806<\/strong> (2.898 in pi\u00f9 rispetto a ieri, pi\u00f9 0,3%): 0 persone clinicamente guarite (stabili rispetto a ieri), divenute cio\u00e8 asintomatiche dopo aver presentato manifestazioni cliniche associate all&#8217;infezione e 1.073.806 (2.898 in pi\u00f9 rispetto a ieri, pi\u00f9 0,3%) dichiarate guarite a tutti gli effetti, le cosiddette guarigioni virali, con tampone negativo.<\/p>\n<h3>I decessi<\/h3>\n<p>Oggi si registrano <strong>9 nuovi decessi: 3 uomini e 6 donne con un&#8217;et\u00e0 media di 76,4 anni.<\/strong><br \/>\nRelativamente alla provincia di residenza, le persone decedute sono: 4 a Firenze, 1 a Massa Carrara, 1 a Lucca, 2 a Pisa, 1 a Arezzo.<\/p>\n<p><strong>Sono 9.970 i deceduti dall&#8217;inizio dell&#8217;epidemia<\/strong> cosi ripartiti: 3.138 a Firenze, 830 a Prato, 893 a Pistoia, 649 a Massa Carrara, 933 a Lucca, 1.091 a Pisa, 730 a Livorno, 653 ad Arezzo, 531 a Siena, 386 a Grosseto, 136 persone sono decedute sul suolo toscano ma erano residenti fuori regione.<\/p>\n<p>Il tasso grezzo di mortalit\u00e0 toscano (numero di deceduti\/popolazione residente) per Covid-19 \u00e8 di 270,0 x100.000 residenti contro il 278,3 x100.000 della media italiana (10\u00b0 regione). Per quanto riguarda le province, il tasso di mortalit\u00e0 pi\u00f9 alto si riscontra a Massa Carrara (341,9 x100.000), Firenze (314,3 x100.000) e Prato (312,9 x100.000), il pi\u00f9 basso a Grosseto (177,2 x100.000).<\/p>\n","protected":false},"excerpt":{"rendered":"<p>Oggi sono stati eseguiti 2.612 tamponi molecolari e 12.771 tamponi antigenici rapidi, di questi il 15,3% \u00e8 risultato positivo<\/p>\n","protected":false},"author":525,"featured_media":189943,"comment_status":"open","ping_status":"open","sticky":false,"template":"","format":"standard","meta":{"_acf_changed":false,"footnotes":""},"categories":[494],"tags":[4868,418,151],"class_list":["post-228275","post","type-post","status-publish","format-standard","has-post-thumbnail","hentry","category-attualita","tag-bollettino-covid-toscana","tag-covid-19","tag-regione-toscana"],"acf":[],"yoast_head":"<!-- This site is optimized with the Yoast SEO Premium plugin v24.2 (Yoast SEO v25.6) - https:\/\/yoast.com\/wordpress\/plugins\/seo\/ -->\n<title>Covid-19: in Toscana 2.357 nuovi casi, et\u00e0 media 46 anni. I decessi sono 9 - intoscana<\/title>\n<meta name=\"description\" content=\"Oggi sono stati eseguiti 2.612 tamponi molecolari e 12.771 tamponi antigenici rapidi, di questi il 15,3% \u00e8 risultato positivo\" \/>\n<meta name=\"robots\" content=\"index, follow, max-snippet:-1, max-image-preview:large, max-video-preview:-1\" \/>\n<link rel=\"canonical\" href=\"https:\/\/www.intoscana.it\/it\/covid-19-in-toscana-2-357-nuovi-casi-eta-media-46-anni-i-decessi-sono-9\/\" \/>\n<meta property=\"og:locale\" content=\"it_IT\" \/>\n<meta property=\"og:type\" content=\"article\" \/>\n<meta property=\"og:title\" content=\"Covid-19: in Toscana 2.357 nuovi casi, et\u00e0 media 46 anni. I decessi sono 9\" \/>\n<meta property=\"og:description\" content=\"Oggi sono stati eseguiti 2.612 tamponi molecolari e 12.771 tamponi antigenici rapidi, di questi il 15,3% \u00e8 risultato positivo\" \/>\n<meta property=\"og:url\" content=\"https:\/\/www.intoscana.it\/it\/covid-19-in-toscana-2-357-nuovi-casi-eta-media-46-anni-i-decessi-sono-9\/\" \/>\n<meta property=\"og:site_name\" content=\"intoscana\" \/>\n<meta property=\"article:publisher\" content=\"https:\/\/www.facebook.com\/intoscana.it\" \/>\n<meta property=\"article:published_time\" content=\"2022-05-12T12:45:59+00:00\" \/>\n<meta property=\"article:modified_time\" content=\"2022-05-13T12:15:36+00:00\" \/>\n<meta property=\"og:image\" content=\"https:\/\/www.intoscana.it\/wp-content\/uploads\/Ragazzo-con-mascherina-SB-Vonlanthen-Unsplash.jpg\" \/>\n\t<meta property=\"og:image:width\" content=\"1920\" \/>\n\t<meta property=\"og:image:height\" content=\"1282\" \/>\n\t<meta property=\"og:image:type\" content=\"image\/jpeg\" \/>\n<meta name=\"author\" content=\"Redazione\" \/>\n<meta name=\"twitter:card\" content=\"summary_large_image\" \/>\n<meta name=\"twitter:creator\" content=\"@intoscana\" \/>\n<meta name=\"twitter:site\" content=\"@intoscana\" \/>\n<meta name=\"twitter:label1\" content=\"Written by\" \/>\n\t<meta name=\"twitter:data1\" content=\"Redazione\" \/>\n\t<meta name=\"twitter:label2\" content=\"Est. reading time\" \/>\n\t<meta name=\"twitter:data2\" content=\"3 minuti\" \/>\n<script type=\"application\/ld+json\" class=\"yoast-schema-graph\">{\"@context\":\"https:\/\/schema.org\",\"@graph\":[{\"@type\":\"WebPage\",\"@id\":\"https:\/\/www.intoscana.it\/it\/covid-19-in-toscana-2-357-nuovi-casi-eta-media-46-anni-i-decessi-sono-9\/\",\"url\":\"https:\/\/www.intoscana.it\/it\/covid-19-in-toscana-2-357-nuovi-casi-eta-media-46-anni-i-decessi-sono-9\/\",\"name\":\"Covid-19: in Toscana 2.357 nuovi casi, et\u00e0 media 46 anni. I decessi sono 9 - intoscana\",\"isPartOf\":{\"@id\":\"https:\/\/www.intoscana.it\/it\/#website\"},\"primaryImageOfPage\":{\"@id\":\"https:\/\/www.intoscana.it\/it\/covid-19-in-toscana-2-357-nuovi-casi-eta-media-46-anni-i-decessi-sono-9\/#primaryimage\"},\"image\":{\"@id\":\"https:\/\/www.intoscana.it\/it\/covid-19-in-toscana-2-357-nuovi-casi-eta-media-46-anni-i-decessi-sono-9\/#primaryimage\"},\"thumbnailUrl\":\"https:\/\/www.intoscana.it\/wp-content\/uploads\/Ragazzo-con-mascherina-SB-Vonlanthen-Unsplash.jpg\",\"datePublished\":\"2022-05-12T12:45:59+00:00\",\"dateModified\":\"2022-05-13T12:15:36+00:00\",\"author\":{\"@id\":\"https:\/\/www.intoscana.it\/it\/#\/schema\/person\/9223810753230f20bd670fdd322661f8\"},\"description\":\"Oggi sono stati eseguiti 2.612 tamponi molecolari e 12.771 tamponi antigenici rapidi, di questi il 15,3% \u00e8 risultato positivo\",\"breadcrumb\":{\"@id\":\"https:\/\/www.intoscana.it\/it\/covid-19-in-toscana-2-357-nuovi-casi-eta-media-46-anni-i-decessi-sono-9\/#breadcrumb\"},\"inLanguage\":\"it-IT\",\"potentialAction\":[{\"@type\":\"ReadAction\",\"target\":[\"https:\/\/www.intoscana.it\/it\/covid-19-in-toscana-2-357-nuovi-casi-eta-media-46-anni-i-decessi-sono-9\/\"]}]},{\"@type\":\"ImageObject\",\"inLanguage\":\"it-IT\",\"@id\":\"https:\/\/www.intoscana.it\/it\/covid-19-in-toscana-2-357-nuovi-casi-eta-media-46-anni-i-decessi-sono-9\/#primaryimage\",\"url\":\"https:\/\/www.intoscana.it\/wp-content\/uploads\/Ragazzo-con-mascherina-SB-Vonlanthen-Unsplash.jpg\",\"contentUrl\":\"https:\/\/www.intoscana.it\/wp-content\/uploads\/Ragazzo-con-mascherina-SB-Vonlanthen-Unsplash.jpg\",\"width\":1920,\"height\":1282,\"caption\":\"Ragazzo con mascherina\"},{\"@type\":\"BreadcrumbList\",\"@id\":\"https:\/\/www.intoscana.it\/it\/covid-19-in-toscana-2-357-nuovi-casi-eta-media-46-anni-i-decessi-sono-9\/#breadcrumb\",\"itemListElement\":[{\"@type\":\"ListItem\",\"position\":1,\"name\":\"Home\",\"item\":\"https:\/\/www.intoscana.it\/it\/\"},{\"@type\":\"ListItem\",\"position\":2,\"name\":\"Covid-19: in Toscana 2.357 nuovi casi, et\u00e0 media 46 anni. I decessi sono 9\"}]},{\"@type\":\"WebSite\",\"@id\":\"https:\/\/www.intoscana.it\/it\/#website\",\"url\":\"https:\/\/www.intoscana.it\/it\/\",\"name\":\"intoscana\",\"description\":\"\",\"potentialAction\":[{\"@type\":\"SearchAction\",\"target\":{\"@type\":\"EntryPoint\",\"urlTemplate\":\"https:\/\/www.intoscana.it\/it\/?s={search_term_string}\"},\"query-input\":{\"@type\":\"PropertyValueSpecification\",\"valueRequired\":true,\"valueName\":\"search_term_string\"}}],\"inLanguage\":\"it-IT\"},{\"@type\":\"Person\",\"@id\":\"https:\/\/www.intoscana.it\/it\/#\/schema\/person\/9223810753230f20bd670fdd322661f8\",\"name\":\"Redazione\",\"url\":\"https:\/\/www.intoscana.it\/it\/author\/redazione\/\"}]}<\/script>\n<!-- \/ Yoast SEO Premium plugin. -->","yoast_head_json":{"title":"Covid-19: in Toscana 2.357 nuovi casi, et\u00e0 media 46 anni. I decessi sono 9 - intoscana","description":"Oggi sono stati eseguiti 2.612 tamponi molecolari e 12.771 tamponi antigenici rapidi, di questi il 15,3% \u00e8 risultato positivo","robots":{"index":"index","follow":"follow","max-snippet":"max-snippet:-1","max-image-preview":"max-image-preview:large","max-video-preview":"max-video-preview:-1"},"canonical":"https:\/\/www.intoscana.it\/it\/covid-19-in-toscana-2-357-nuovi-casi-eta-media-46-anni-i-decessi-sono-9\/","og_locale":"it_IT","og_type":"article","og_title":"Covid-19: in Toscana 2.357 nuovi casi, et\u00e0 media 46 anni. I decessi sono 9","og_description":"Oggi sono stati eseguiti 2.612 tamponi molecolari e 12.771 tamponi antigenici rapidi, di questi il 15,3% \u00e8 risultato positivo","og_url":"https:\/\/www.intoscana.it\/it\/covid-19-in-toscana-2-357-nuovi-casi-eta-media-46-anni-i-decessi-sono-9\/","og_site_name":"intoscana","article_publisher":"https:\/\/www.facebook.com\/intoscana.it","article_published_time":"2022-05-12T12:45:59+00:00","article_modified_time":"2022-05-13T12:15:36+00:00","og_image":[{"width":1920,"height":1282,"url":"https:\/\/www.intoscana.it\/wp-content\/uploads\/Ragazzo-con-mascherina-SB-Vonlanthen-Unsplash.jpg","type":"image\/jpeg"}],"author":"Redazione","twitter_card":"summary_large_image","twitter_creator":"@intoscana","twitter_site":"@intoscana","twitter_misc":{"Written by":"Redazione","Est. reading time":"3 minuti"},"schema":{"@context":"https:\/\/schema.org","@graph":[{"@type":"WebPage","@id":"https:\/\/www.intoscana.it\/it\/covid-19-in-toscana-2-357-nuovi-casi-eta-media-46-anni-i-decessi-sono-9\/","url":"https:\/\/www.intoscana.it\/it\/covid-19-in-toscana-2-357-nuovi-casi-eta-media-46-anni-i-decessi-sono-9\/","name":"Covid-19: in Toscana 2.357 nuovi casi, et\u00e0 media 46 anni. I decessi sono 9 - intoscana","isPartOf":{"@id":"https:\/\/www.intoscana.it\/it\/#website"},"primaryImageOfPage":{"@id":"https:\/\/www.intoscana.it\/it\/covid-19-in-toscana-2-357-nuovi-casi-eta-media-46-anni-i-decessi-sono-9\/#primaryimage"},"image":{"@id":"https:\/\/www.intoscana.it\/it\/covid-19-in-toscana-2-357-nuovi-casi-eta-media-46-anni-i-decessi-sono-9\/#primaryimage"},"thumbnailUrl":"https:\/\/www.intoscana.it\/wp-content\/uploads\/Ragazzo-con-mascherina-SB-Vonlanthen-Unsplash.jpg","datePublished":"2022-05-12T12:45:59+00:00","dateModified":"2022-05-13T12:15:36+00:00","author":{"@id":"https:\/\/www.intoscana.it\/it\/#\/schema\/person\/9223810753230f20bd670fdd322661f8"},"description":"Oggi sono stati eseguiti 2.612 tamponi molecolari e 12.771 tamponi antigenici rapidi, di questi il 15,3% \u00e8 risultato positivo","breadcrumb":{"@id":"https:\/\/www.intoscana.it\/it\/covid-19-in-toscana-2-357-nuovi-casi-eta-media-46-anni-i-decessi-sono-9\/#breadcrumb"},"inLanguage":"it-IT","potentialAction":[{"@type":"ReadAction","target":["https:\/\/www.intoscana.it\/it\/covid-19-in-toscana-2-357-nuovi-casi-eta-media-46-anni-i-decessi-sono-9\/"]}]},{"@type":"ImageObject","inLanguage":"it-IT","@id":"https:\/\/www.intoscana.it\/it\/covid-19-in-toscana-2-357-nuovi-casi-eta-media-46-anni-i-decessi-sono-9\/#primaryimage","url":"https:\/\/www.intoscana.it\/wp-content\/uploads\/Ragazzo-con-mascherina-SB-Vonlanthen-Unsplash.jpg","contentUrl":"https:\/\/www.intoscana.it\/wp-content\/uploads\/Ragazzo-con-mascherina-SB-Vonlanthen-Unsplash.jpg","width":1920,"height":1282,"caption":"Ragazzo con mascherina"},{"@type":"BreadcrumbList","@id":"https:\/\/www.intoscana.it\/it\/covid-19-in-toscana-2-357-nuovi-casi-eta-media-46-anni-i-decessi-sono-9\/#breadcrumb","itemListElement":[{"@type":"ListItem","position":1,"name":"Home","item":"https:\/\/www.intoscana.it\/it\/"},{"@type":"ListItem","position":2,"name":"Covid-19: in Toscana 2.357 nuovi casi, et\u00e0 media 46 anni. I decessi sono 9"}]},{"@type":"WebSite","@id":"https:\/\/www.intoscana.it\/it\/#website","url":"https:\/\/www.intoscana.it\/it\/","name":"intoscana","description":"","potentialAction":[{"@type":"SearchAction","target":{"@type":"EntryPoint","urlTemplate":"https:\/\/www.intoscana.it\/it\/?s={search_term_string}"},"query-input":{"@type":"PropertyValueSpecification","valueRequired":true,"valueName":"search_term_string"}}],"inLanguage":"it-IT"},{"@type":"Person","@id":"https:\/\/www.intoscana.it\/it\/#\/schema\/person\/9223810753230f20bd670fdd322661f8","name":"Redazione","url":"https:\/\/www.intoscana.it\/it\/author\/redazione\/"}]}},"_links":{"self":[{"href":"https:\/\/www.intoscana.it\/it\/wp-json\/wp\/v2\/posts\/228275","targetHints":{"allow":["GET"]}}],"collection":[{"href":"https:\/\/www.intoscana.it\/it\/wp-json\/wp\/v2\/posts"}],"about":[{"href":"https:\/\/www.intoscana.it\/it\/wp-json\/wp\/v2\/types\/post"}],"author":[{"embeddable":true,"href":"https:\/\/www.intoscana.it\/it\/wp-json\/wp\/v2\/users\/525"}],"replies":[{"embeddable":true,"href":"https:\/\/www.intoscana.it\/it\/wp-json\/wp\/v2\/comments?post=228275"}],"version-history":[{"count":0,"href":"https:\/\/www.intoscana.it\/it\/wp-json\/wp\/v2\/posts\/228275\/revisions"}],"wp:featuredmedia":[{"embeddable":true,"href":"https:\/\/www.intoscana.it\/it\/wp-json\/wp\/v2\/media\/189943"}],"wp:attachment":[{"href":"https:\/\/www.intoscana.it\/it\/wp-json\/wp\/v2\/media?parent=228275"}],"wp:term":[{"taxonomy":"category","embeddable":true,"href":"https:\/\/www.intoscana.it\/it\/wp-json\/wp\/v2\/categories?post=228275"},{"taxonomy":"post_tag","embeddable":true,"href":"https:\/\/www.intoscana.it\/it\/wp-json\/wp\/v2\/tags?post=228275"}],"curies":[{"name":"wp","href":"https:\/\/api.w.org\/{rel}","templated":true}]}}