{"id":228341,"date":"2022-05-13T00:14:35","date_gmt":"2022-05-12T22:14:35","guid":{"rendered":"https:\/\/www.intoscana.it\/it\/?p=228341"},"modified":"2022-05-13T12:46:54","modified_gmt":"2022-05-13T10:46:54","slug":"terremoto-scossa-di-magnitudo-3-7-gente-in-strada","status":"publish","type":"post","link":"https:\/\/www.intoscana.it\/it\/terremoto-scossa-di-magnitudo-3-7-gente-in-strada\/","title":{"rendered":"Terremoto, scossa di magnitudo 3.7. Gente in strada"},"content":{"rendered":"<p>E&#8217; stata di <strong>magnitudo 3.7 la scossa di terremoto<\/strong> registrata gioved\u00ec 12 maggio, alle 23:12, in provincia di Firenze, a una profondit\u00e0 di 8 km. E&#8217; quanto si legge dal sito Ingv. L&#8217;epicentro \u00e8 sempre Impruneta dove gi\u00e0 lo scorso 3 maggio si era registrata una scossa 3.7 dopo la quale \u00e8 <a href=\"https:\/\/www.intoscana.it\/it\/articolo\/terremoto-nuova-forte-scossa-allalba-vicino-firenze\/\" target=\"_blank\" rel=\"noopener\">seguito uno sciame sismico<\/a>.<\/p>\n<p>Sempre nella sera di gioved\u00ec 12, alle 23:15, c&#8217;\u00e8 stata un&#8217;<strong>altra scossa di magnitudo 2.3<\/strong> nella stessa area. In corso verifiche da parte della Protezione civile della Citt\u00e0 metropolitana.<\/p>\n<p>&#8220;<em>Tanta paura, la gente \u00e8 scesa in strada, ma al momento non abbiamo segnalazioni di danni a persone o a cose. So che c&#8217;\u00e8 una richiesta di intervento ai vigili del fuoco ma non so al momento per cosa. Ci sono due pattuglie della Protezione civile in giro per svolgere accertamenti e controlli<\/em>&#8221; ha spiegato <strong>Alessio Calamandrei<\/strong>, sindaco di Impruneta.<\/p>\n<p>Il comune \u00e8 nuovamente epicentro nella sera di gioved\u00ec 12 maggio della scossa di terremoto 3.7 registrata alle 23:12, sempre, spiega il primo cittadino, nella zona vicina al Ferrone, la stessa dove il 3 maggio c&#8217;\u00e8 stato l&#8217;esordio di questa serie di movimenti tellurici nel Chianti fiorentino con una sisma da 3.7, seguito poi da uno di 3.5.<\/p>\n<p>&#8220;<em>Al momento non sono stati segnalati alla Sala integrata di protezione civile della Citt\u00e0 Metropolitana di Firenze danni a persone o cose<\/em>&#8221; si fa sapere dalla Protezione civile della Metrocitt\u00e0 di Firenze. Il presidente della Regione <strong>Eugenio Giani<\/strong> e l&#8217;assessora alla Protezione civile <strong>Monia Monni<\/strong> hanno confermato via Twitter che ad oggi non si registrano danni. Sempre su Twitter \u00e8 intervenuto anche il sindaco <strong>Dario Nardella<\/strong> per rassicurare i cittadini.<\/p>\n<p>&nbsp;<\/p>\n","protected":false},"excerpt":{"rendered":"<p>Al momento non sono stati segnalati danni a persone o cose dalla Protezione civile della Citt\u00e0 Metropolitana di Firenze, dai vigili del fuoco e dai comuni<\/p>\n","protected":false},"author":525,"featured_media":198576,"comment_status":"open","ping_status":"open","sticky":false,"template":"","format":"standard","meta":{"_acf_changed":false,"footnotes":""},"categories":[494],"tags":[4508],"class_list":["post-228341","post","type-post","status-publish","format-standard","has-post-thumbnail","hentry","category-attualita","tag-terremoto"],"acf":[],"yoast_head":"<!-- This site is optimized with the Yoast SEO Premium plugin v24.2 (Yoast SEO v25.6) - https:\/\/yoast.com\/wordpress\/plugins\/seo\/ -->\n<title>Terremoto, scossa di magnitudo 3.7. Gente in strada - intoscana<\/title>\n<meta name=\"description\" content=\"Non sono segnalati danni a persone o cose dalla Protezione civile della Citt\u00e0 Metropolitana di Firenze, dai vigili del fuoco e dai comuni\" \/>\n<meta name=\"robots\" content=\"index, follow, max-snippet:-1, max-image-preview:large, max-video-preview:-1\" \/>\n<link rel=\"canonical\" href=\"https:\/\/www.intoscana.it\/it\/terremoto-scossa-di-magnitudo-3-7-gente-in-strada\/\" \/>\n<meta property=\"og:locale\" content=\"it_IT\" \/>\n<meta property=\"og:type\" content=\"article\" \/>\n<meta property=\"og:title\" content=\"Terremoto, scossa di magnitudo 3.7. Gente in strada\" \/>\n<meta property=\"og:description\" content=\"Non sono segnalati danni a persone o cose dalla Protezione civile della Citt\u00e0 Metropolitana di Firenze, dai vigili del fuoco e dai comuni\" \/>\n<meta property=\"og:url\" content=\"https:\/\/www.intoscana.it\/it\/terremoto-scossa-di-magnitudo-3-7-gente-in-strada\/\" \/>\n<meta property=\"og:site_name\" content=\"intoscana\" \/>\n<meta property=\"article:publisher\" content=\"https:\/\/www.facebook.com\/intoscana.it\" \/>\n<meta property=\"article:published_time\" content=\"2022-05-12T22:14:35+00:00\" \/>\n<meta property=\"article:modified_time\" content=\"2022-05-13T10:46:54+00:00\" \/>\n<meta property=\"og:image\" content=\"https:\/\/www.intoscana.it\/wp-content\/uploads\/sismografo.jpg\" \/>\n\t<meta property=\"og:image:width\" content=\"1920\" \/>\n\t<meta property=\"og:image:height\" content=\"1056\" \/>\n\t<meta property=\"og:image:type\" content=\"image\/jpeg\" \/>\n<meta name=\"author\" content=\"Redazione\" \/>\n<meta name=\"twitter:card\" content=\"summary_large_image\" \/>\n<meta name=\"twitter:creator\" content=\"@intoscana\" \/>\n<meta name=\"twitter:site\" content=\"@intoscana\" \/>\n<meta name=\"twitter:label1\" content=\"Written by\" \/>\n\t<meta name=\"twitter:data1\" content=\"Redazione\" \/>\n\t<meta name=\"twitter:label2\" content=\"Est. reading time\" \/>\n\t<meta name=\"twitter:data2\" content=\"1 minuto\" \/>\n<script type=\"application\/ld+json\" class=\"yoast-schema-graph\">{\"@context\":\"https:\/\/schema.org\",\"@graph\":[{\"@type\":\"WebPage\",\"@id\":\"https:\/\/www.intoscana.it\/it\/terremoto-scossa-di-magnitudo-3-7-gente-in-strada\/\",\"url\":\"https:\/\/www.intoscana.it\/it\/terremoto-scossa-di-magnitudo-3-7-gente-in-strada\/\",\"name\":\"Terremoto, scossa di magnitudo 3.7. Gente in strada - intoscana\",\"isPartOf\":{\"@id\":\"https:\/\/www.intoscana.it\/it\/#website\"},\"primaryImageOfPage\":{\"@id\":\"https:\/\/www.intoscana.it\/it\/terremoto-scossa-di-magnitudo-3-7-gente-in-strada\/#primaryimage\"},\"image\":{\"@id\":\"https:\/\/www.intoscana.it\/it\/terremoto-scossa-di-magnitudo-3-7-gente-in-strada\/#primaryimage\"},\"thumbnailUrl\":\"https:\/\/www.intoscana.it\/wp-content\/uploads\/sismografo.jpg\",\"datePublished\":\"2022-05-12T22:14:35+00:00\",\"dateModified\":\"2022-05-13T10:46:54+00:00\",\"author\":{\"@id\":\"https:\/\/www.intoscana.it\/it\/#\/schema\/person\/9223810753230f20bd670fdd322661f8\"},\"description\":\"Non sono segnalati danni a persone o cose dalla Protezione civile della Citt\u00e0 Metropolitana di Firenze, dai vigili del fuoco e dai comuni\",\"breadcrumb\":{\"@id\":\"https:\/\/www.intoscana.it\/it\/terremoto-scossa-di-magnitudo-3-7-gente-in-strada\/#breadcrumb\"},\"inLanguage\":\"it-IT\",\"potentialAction\":[{\"@type\":\"ReadAction\",\"target\":[\"https:\/\/www.intoscana.it\/it\/terremoto-scossa-di-magnitudo-3-7-gente-in-strada\/\"]}]},{\"@type\":\"ImageObject\",\"inLanguage\":\"it-IT\",\"@id\":\"https:\/\/www.intoscana.it\/it\/terremoto-scossa-di-magnitudo-3-7-gente-in-strada\/#primaryimage\",\"url\":\"https:\/\/www.intoscana.it\/wp-content\/uploads\/sismografo.jpg\",\"contentUrl\":\"https:\/\/www.intoscana.it\/wp-content\/uploads\/sismografo.jpg\",\"width\":1920,\"height\":1056},{\"@type\":\"BreadcrumbList\",\"@id\":\"https:\/\/www.intoscana.it\/it\/terremoto-scossa-di-magnitudo-3-7-gente-in-strada\/#breadcrumb\",\"itemListElement\":[{\"@type\":\"ListItem\",\"position\":1,\"name\":\"Home\",\"item\":\"https:\/\/www.intoscana.it\/it\/\"},{\"@type\":\"ListItem\",\"position\":2,\"name\":\"Terremoto, scossa di magnitudo 3.7. Gente in strada\"}]},{\"@type\":\"WebSite\",\"@id\":\"https:\/\/www.intoscana.it\/it\/#website\",\"url\":\"https:\/\/www.intoscana.it\/it\/\",\"name\":\"intoscana\",\"description\":\"\",\"potentialAction\":[{\"@type\":\"SearchAction\",\"target\":{\"@type\":\"EntryPoint\",\"urlTemplate\":\"https:\/\/www.intoscana.it\/it\/?s={search_term_string}\"},\"query-input\":{\"@type\":\"PropertyValueSpecification\",\"valueRequired\":true,\"valueName\":\"search_term_string\"}}],\"inLanguage\":\"it-IT\"},{\"@type\":\"Person\",\"@id\":\"https:\/\/www.intoscana.it\/it\/#\/schema\/person\/9223810753230f20bd670fdd322661f8\",\"name\":\"Redazione\",\"url\":\"https:\/\/www.intoscana.it\/it\/author\/redazione\/\"}]}<\/script>\n<!-- \/ Yoast SEO Premium plugin. -->","yoast_head_json":{"title":"Terremoto, scossa di magnitudo 3.7. Gente in strada - intoscana","description":"Non sono segnalati danni a persone o cose dalla Protezione civile della Citt\u00e0 Metropolitana di Firenze, dai vigili del fuoco e dai comuni","robots":{"index":"index","follow":"follow","max-snippet":"max-snippet:-1","max-image-preview":"max-image-preview:large","max-video-preview":"max-video-preview:-1"},"canonical":"https:\/\/www.intoscana.it\/it\/terremoto-scossa-di-magnitudo-3-7-gente-in-strada\/","og_locale":"it_IT","og_type":"article","og_title":"Terremoto, scossa di magnitudo 3.7. Gente in strada","og_description":"Non sono segnalati danni a persone o cose dalla Protezione civile della Citt\u00e0 Metropolitana di Firenze, dai vigili del fuoco e dai comuni","og_url":"https:\/\/www.intoscana.it\/it\/terremoto-scossa-di-magnitudo-3-7-gente-in-strada\/","og_site_name":"intoscana","article_publisher":"https:\/\/www.facebook.com\/intoscana.it","article_published_time":"2022-05-12T22:14:35+00:00","article_modified_time":"2022-05-13T10:46:54+00:00","og_image":[{"width":1920,"height":1056,"url":"https:\/\/www.intoscana.it\/wp-content\/uploads\/sismografo.jpg","type":"image\/jpeg"}],"author":"Redazione","twitter_card":"summary_large_image","twitter_creator":"@intoscana","twitter_site":"@intoscana","twitter_misc":{"Written by":"Redazione","Est. reading time":"1 minuto"},"schema":{"@context":"https:\/\/schema.org","@graph":[{"@type":"WebPage","@id":"https:\/\/www.intoscana.it\/it\/terremoto-scossa-di-magnitudo-3-7-gente-in-strada\/","url":"https:\/\/www.intoscana.it\/it\/terremoto-scossa-di-magnitudo-3-7-gente-in-strada\/","name":"Terremoto, scossa di magnitudo 3.7. Gente in strada - intoscana","isPartOf":{"@id":"https:\/\/www.intoscana.it\/it\/#website"},"primaryImageOfPage":{"@id":"https:\/\/www.intoscana.it\/it\/terremoto-scossa-di-magnitudo-3-7-gente-in-strada\/#primaryimage"},"image":{"@id":"https:\/\/www.intoscana.it\/it\/terremoto-scossa-di-magnitudo-3-7-gente-in-strada\/#primaryimage"},"thumbnailUrl":"https:\/\/www.intoscana.it\/wp-content\/uploads\/sismografo.jpg","datePublished":"2022-05-12T22:14:35+00:00","dateModified":"2022-05-13T10:46:54+00:00","author":{"@id":"https:\/\/www.intoscana.it\/it\/#\/schema\/person\/9223810753230f20bd670fdd322661f8"},"description":"Non sono segnalati danni a persone o cose dalla Protezione civile della Citt\u00e0 Metropolitana di Firenze, dai vigili del fuoco e dai comuni","breadcrumb":{"@id":"https:\/\/www.intoscana.it\/it\/terremoto-scossa-di-magnitudo-3-7-gente-in-strada\/#breadcrumb"},"inLanguage":"it-IT","potentialAction":[{"@type":"ReadAction","target":["https:\/\/www.intoscana.it\/it\/terremoto-scossa-di-magnitudo-3-7-gente-in-strada\/"]}]},{"@type":"ImageObject","inLanguage":"it-IT","@id":"https:\/\/www.intoscana.it\/it\/terremoto-scossa-di-magnitudo-3-7-gente-in-strada\/#primaryimage","url":"https:\/\/www.intoscana.it\/wp-content\/uploads\/sismografo.jpg","contentUrl":"https:\/\/www.intoscana.it\/wp-content\/uploads\/sismografo.jpg","width":1920,"height":1056},{"@type":"BreadcrumbList","@id":"https:\/\/www.intoscana.it\/it\/terremoto-scossa-di-magnitudo-3-7-gente-in-strada\/#breadcrumb","itemListElement":[{"@type":"ListItem","position":1,"name":"Home","item":"https:\/\/www.intoscana.it\/it\/"},{"@type":"ListItem","position":2,"name":"Terremoto, scossa di magnitudo 3.7. Gente in strada"}]},{"@type":"WebSite","@id":"https:\/\/www.intoscana.it\/it\/#website","url":"https:\/\/www.intoscana.it\/it\/","name":"intoscana","description":"","potentialAction":[{"@type":"SearchAction","target":{"@type":"EntryPoint","urlTemplate":"https:\/\/www.intoscana.it\/it\/?s={search_term_string}"},"query-input":{"@type":"PropertyValueSpecification","valueRequired":true,"valueName":"search_term_string"}}],"inLanguage":"it-IT"},{"@type":"Person","@id":"https:\/\/www.intoscana.it\/it\/#\/schema\/person\/9223810753230f20bd670fdd322661f8","name":"Redazione","url":"https:\/\/www.intoscana.it\/it\/author\/redazione\/"}]}},"_links":{"self":[{"href":"https:\/\/www.intoscana.it\/it\/wp-json\/wp\/v2\/posts\/228341","targetHints":{"allow":["GET"]}}],"collection":[{"href":"https:\/\/www.intoscana.it\/it\/wp-json\/wp\/v2\/posts"}],"about":[{"href":"https:\/\/www.intoscana.it\/it\/wp-json\/wp\/v2\/types\/post"}],"author":[{"embeddable":true,"href":"https:\/\/www.intoscana.it\/it\/wp-json\/wp\/v2\/users\/525"}],"replies":[{"embeddable":true,"href":"https:\/\/www.intoscana.it\/it\/wp-json\/wp\/v2\/comments?post=228341"}],"version-history":[{"count":0,"href":"https:\/\/www.intoscana.it\/it\/wp-json\/wp\/v2\/posts\/228341\/revisions"}],"wp:featuredmedia":[{"embeddable":true,"href":"https:\/\/www.intoscana.it\/it\/wp-json\/wp\/v2\/media\/198576"}],"wp:attachment":[{"href":"https:\/\/www.intoscana.it\/it\/wp-json\/wp\/v2\/media?parent=228341"}],"wp:term":[{"taxonomy":"category","embeddable":true,"href":"https:\/\/www.intoscana.it\/it\/wp-json\/wp\/v2\/categories?post=228341"},{"taxonomy":"post_tag","embeddable":true,"href":"https:\/\/www.intoscana.it\/it\/wp-json\/wp\/v2\/tags?post=228341"}],"curies":[{"name":"wp","href":"https:\/\/api.w.org\/{rel}","templated":true}]}}