{"id":228380,"date":"2022-05-13T12:05:15","date_gmt":"2022-05-13T10:05:15","guid":{"rendered":"https:\/\/www.intoscana.it\/it\/?p=228380"},"modified":"2022-05-13T15:23:08","modified_gmt":"2022-05-13T13:23:08","slug":"terremoto-firenze-200-scosse","status":"publish","type":"post","link":"https:\/\/www.intoscana.it\/it\/terremoto-firenze-200-scosse\/","title":{"rendered":"La terra continua a tremare a Firenze: oltre 200 scosse in dieci giorni"},"content":{"rendered":"<p>Una nuova scossa di terremoto, di magnitudo 2.0, \u00e8 stata registrata alle 7:49 di questa mattina, 13 maggio, da Ingv sempre con epicentro a Impruneta. La scossa di stamani si \u00e8 verificata ad una profondit\u00e0 di sei chilometri. L\u2019epicentro sempre lo stesso, Impruneta.<\/p>\n<p>Quella trascorsa \u00e8 stata una notte di paura per molti fiorentini <a href=\"https:\/\/www.intoscana.it\/it\/articolo\/terremoto-scossa-di-magnitudo-3-7-gente-in-strada\/\"><strong>dopo la scossa di magnitudo 3.7 delle 23.12<\/strong><\/a>, la stessa magnitudo della scossa che ha dato il via allo sciame lo scorso 3 maggio, dieci giorni fa. Da allora una serie di &#8220;assestamenti&#8221; continui quantificabile in oltre 200 scosse) si sono sentiti in un&#8217;area molto vasta <strong>fino a Prato e Pistoia. <\/strong><\/p>\n<p>&#8220;<em>Devo dire che la scossa \u00e8 stata forte<\/em> &#8211; ha commentato il presidente Eugenio Giani &#8211; <em>Io stanotte mi sono sentito varie volte con l&#8217;assessore Monia Monni. [MARK]La scossa non ha provocato danni perch\u00e9 \u00e8 stata breve e sostanzialmente in un territorio che ha gi\u00e0 vissuto almeno da 15 giorni uno sciame di assestamenti per\u00f2 dobbiamo tenere quell&#8217;area sotto contro&#8221; [\/mark].<\/em><\/p>\n<h3>Verifiche su scuole e monumenti<\/h3>\n<p>Quella odierna \u00e8 stata una mattinata di verifiche su edifici pubblici, monumenti e scuole soprattutto nella citt\u00e0 di Firenze. Gi\u00e0 nella tarda serata di ieri dalla Sala della Protezione Civile e il sindaco di Firenze Dario Nardella avevano rassicurato sul fatto che la scossa non aveva causato danni ai luoghi simbolo della citt\u00e0. Oltre che al Duomo, verifiche sono state attivate da parte dei musei del Bargello, della Galleria dell&#8217;Accademia, degli Uffizi, della Direzione regionale dei musei e dei civici ma non sono pervenute segnalazioni. Una decina di<strong> sopralluoghi in scuole superiori a Firenze<\/strong> hanno escluso conseguenze agli edifici. Circa <strong>sette invece gli immobili sotto la lente dei Vigili del Fuoco <\/strong>nelle zone tra Impruneta e San Casciano, anche in questo caso non ci sarebbero situazioni di emergenza ma, si tratterebbe per lo pi\u00f9 di crepe da capire se presenti gi\u00e0 prima o causate dal sisma.<\/p>\n<h3>La pericolosit\u00e0 sismica della provincia di Firenze<\/h3>\n<p>La zona del fiorentino non \u00e8 nuova ad eventi sismici. L\u2019istituto nazionale di geofisica e vulcanologica classifica l\u2019area a moderata pericolosit\u00e0 sismica. <strong>Ma cosa si intende con \u201cpericolosit\u00e0 sismica?\u201d<\/strong><\/p>\n<blockquote><p>La probabilit\u00e0 di superare, in una certa area e in un certo intervallo di tempo, un pre-definito livello di severit\u00e0 dello scuotimento sismico.<\/p><\/blockquote>\n<p>Non significa con ci\u00f2 che \u00e8 possibile prevedere che il prossimo terremoto si terr\u00e0 in una zona anzich\u00e9 in un\u2019altra, bens\u00ec che negli ultimi 50 anni in una determinata zona si sono verificati pi\u00f9 frequentemente terremoti rispetto al altri, guardando la tabella sotto, come \u00e8 precisato sul <a href=\"http:\/\/terremoti.ingv.it\/event\/31036501\">sito<\/a> dell&#8217;Ingv i colori indicano i diversi valori di accelerazione del terreno che hanno una probabilit\u00e0 del 10% di essere superati in 50 anni.<\/p>\n<figure id=\"post-228384 media-228384\" class=\"align-left\"><img decoding=\"async\" src=\"https:\/\/www.intoscana.it\/wp-content\/uploads\/mappa-pericolosita-sismica.jpg\" alt=\"\" \/><\/figure>\n<div class=\"titleimg\"><\/div>\n<p>La stella indica l\u2019area attorno ad Impruneta, epicentro delle scosse di queste ore.<\/p>\n<h3>Dobbiamo aver paura?<\/h3>\n<p>Nella notte scorsa molte persone sono scese in strada, in attesa della scossa pi\u00f9 forte. Ogni volta che la terra trema c\u2019\u00e8 il timore che non fosse che un assaggio. <mark>Dal 4 maggio le scosse sono state oltre 200, 26 di queste con una magnitudo superiore a due gradi della scala Richter <\/mark>. Firenze, spiegano i sismologi si trova tra sorgenti sismogenetiche importanti, sia a Sud nella zona del Chianti, che a Nord\/Est verso il Mugello. Prevedere come evolver\u00e0 questa sequenza sismologica \u00e8 difficile da prevedere, gli esperti stanno studiando le dimensioni della faglia per capire la magnitudo del terremoto pi\u00f9 forte che pu\u00f2 generare. La scossa di ieri sera ha molta importanza anche per gli studi che stanno conducendo, si tratta infatti di una scossa forte quanto la prima che ha interrotto dunque la sequenza formata da una scossa pi\u00f9 forte e dalle altre a seguire pi\u00f9 deboli avviata lo scorso 3 maggio.<\/p>\n","protected":false},"excerpt":{"rendered":"<p>Dopo quella di ieri sera di magnitudo uguale alla prima dello scorso 3 maggio, un&#8217;ulteriore scossa di terremoto si \u00e8 registrata intorno alle 8 di oggi. In dieci giorni sono pi\u00f9 di duecento le scosse nel fiorentino, 26 di queste con una magnitudo superiore a due gradi della scala Richter. Circa sette edifici controllati dai vigili del fuoco, ma nessun danno d&#8217;emergenza<\/p>\n","protected":false},"author":503,"featured_media":228402,"comment_status":"open","ping_status":"open","sticky":false,"template":"","format":"standard","meta":{"_acf_changed":false,"footnotes":""},"categories":[494],"tags":[177,202,3471,4508],"class_list":["post-228380","post","type-post","status-publish","format-standard","has-post-thumbnail","hentry","category-attualita","tag-ambiente","tag-firenze","tag-protezione-civile","tag-terremoto"],"acf":[],"yoast_head":"<!-- This site is optimized with the Yoast SEO Premium plugin v24.2 (Yoast SEO v25.6) - https:\/\/yoast.com\/wordpress\/plugins\/seo\/ -->\n<title>La terra continua a tremare a Firenze: oltre 200 scosse in dieci giorni<\/title>\n<meta name=\"description\" content=\"Anche stamattina una scossa di terremoto, seppur pi\u00f9 lieve, ha svegliato la citt\u00e0. Sopralluogo dei vigili del fuoco in sette immobili\" \/>\n<meta name=\"robots\" content=\"index, follow, max-snippet:-1, max-image-preview:large, max-video-preview:-1\" \/>\n<link rel=\"canonical\" href=\"https:\/\/www.intoscana.it\/it\/terremoto-firenze-200-scosse\/\" \/>\n<meta property=\"og:locale\" content=\"it_IT\" \/>\n<meta property=\"og:type\" content=\"article\" \/>\n<meta property=\"og:title\" content=\"La terra continua a tremare a Firenze: oltre 200 scosse in dieci giorni\" \/>\n<meta property=\"og:description\" content=\"Anche stamattina una scossa di terremoto, seppur pi\u00f9 lieve, ha svegliato la citt\u00e0. Sopralluogo dei vigili del fuoco in sette immobili\" \/>\n<meta property=\"og:url\" content=\"https:\/\/www.intoscana.it\/it\/terremoto-firenze-200-scosse\/\" \/>\n<meta property=\"og:site_name\" content=\"intoscana\" \/>\n<meta property=\"article:publisher\" content=\"https:\/\/www.facebook.com\/intoscana.it\" \/>\n<meta property=\"article:published_time\" content=\"2022-05-13T10:05:15+00:00\" \/>\n<meta property=\"article:modified_time\" content=\"2022-05-13T13:23:08+00:00\" \/>\n<meta property=\"og:image\" content=\"https:\/\/www.intoscana.it\/wp-content\/uploads\/terremoto-sismografo-scaled-e1652436703786.jpg\" \/>\n\t<meta property=\"og:image:width\" content=\"1720\" \/>\n\t<meta property=\"og:image:height\" content=\"1105\" \/>\n\t<meta property=\"og:image:type\" content=\"image\/jpeg\" \/>\n<meta name=\"author\" content=\"Giulia Rafanelli\" \/>\n<meta name=\"twitter:card\" content=\"summary_large_image\" \/>\n<meta name=\"twitter:creator\" content=\"@intoscana\" \/>\n<meta name=\"twitter:site\" content=\"@intoscana\" \/>\n<meta name=\"twitter:label1\" content=\"Written by\" \/>\n\t<meta name=\"twitter:data1\" content=\"Giulia Rafanelli\" \/>\n\t<meta name=\"twitter:label2\" content=\"Est. reading time\" \/>\n\t<meta name=\"twitter:data2\" content=\"3 minuti\" \/>\n<script type=\"application\/ld+json\" class=\"yoast-schema-graph\">{\"@context\":\"https:\/\/schema.org\",\"@graph\":[{\"@type\":\"WebPage\",\"@id\":\"https:\/\/www.intoscana.it\/it\/terremoto-firenze-200-scosse\/\",\"url\":\"https:\/\/www.intoscana.it\/it\/terremoto-firenze-200-scosse\/\",\"name\":\"La terra continua a tremare a Firenze: oltre 200 scosse in dieci giorni\",\"isPartOf\":{\"@id\":\"https:\/\/www.intoscana.it\/it\/#website\"},\"primaryImageOfPage\":{\"@id\":\"https:\/\/www.intoscana.it\/it\/terremoto-firenze-200-scosse\/#primaryimage\"},\"image\":{\"@id\":\"https:\/\/www.intoscana.it\/it\/terremoto-firenze-200-scosse\/#primaryimage\"},\"thumbnailUrl\":\"https:\/\/www.intoscana.it\/wp-content\/uploads\/terremoto-sismografo-scaled-e1652436703786.jpg\",\"datePublished\":\"2022-05-13T10:05:15+00:00\",\"dateModified\":\"2022-05-13T13:23:08+00:00\",\"author\":{\"@id\":\"https:\/\/www.intoscana.it\/it\/#\/schema\/person\/333569b367b301e30262defcea56c939\"},\"description\":\"Anche stamattina una scossa di terremoto, seppur pi\u00f9 lieve, ha svegliato la citt\u00e0. Sopralluogo dei vigili del fuoco in sette immobili\",\"breadcrumb\":{\"@id\":\"https:\/\/www.intoscana.it\/it\/terremoto-firenze-200-scosse\/#breadcrumb\"},\"inLanguage\":\"it-IT\",\"potentialAction\":[{\"@type\":\"ReadAction\",\"target\":[\"https:\/\/www.intoscana.it\/it\/terremoto-firenze-200-scosse\/\"]}]},{\"@type\":\"ImageObject\",\"inLanguage\":\"it-IT\",\"@id\":\"https:\/\/www.intoscana.it\/it\/terremoto-firenze-200-scosse\/#primaryimage\",\"url\":\"https:\/\/www.intoscana.it\/wp-content\/uploads\/terremoto-sismografo-scaled-e1652436703786.jpg\",\"contentUrl\":\"https:\/\/www.intoscana.it\/wp-content\/uploads\/terremoto-sismografo-scaled-e1652436703786.jpg\",\"width\":1720,\"height\":1105,\"caption\":\"terremoto sismografo\"},{\"@type\":\"BreadcrumbList\",\"@id\":\"https:\/\/www.intoscana.it\/it\/terremoto-firenze-200-scosse\/#breadcrumb\",\"itemListElement\":[{\"@type\":\"ListItem\",\"position\":1,\"name\":\"Home\",\"item\":\"https:\/\/www.intoscana.it\/it\/\"},{\"@type\":\"ListItem\",\"position\":2,\"name\":\"La terra continua a tremare a Firenze: oltre 200 scosse in dieci giorni\"}]},{\"@type\":\"WebSite\",\"@id\":\"https:\/\/www.intoscana.it\/it\/#website\",\"url\":\"https:\/\/www.intoscana.it\/it\/\",\"name\":\"intoscana\",\"description\":\"\",\"potentialAction\":[{\"@type\":\"SearchAction\",\"target\":{\"@type\":\"EntryPoint\",\"urlTemplate\":\"https:\/\/www.intoscana.it\/it\/?s={search_term_string}\"},\"query-input\":{\"@type\":\"PropertyValueSpecification\",\"valueRequired\":true,\"valueName\":\"search_term_string\"}}],\"inLanguage\":\"it-IT\"},{\"@type\":\"Person\",\"@id\":\"https:\/\/www.intoscana.it\/it\/#\/schema\/person\/333569b367b301e30262defcea56c939\",\"name\":\"Giulia Rafanelli\",\"url\":\"https:\/\/www.intoscana.it\/it\/author\/giulia-rafanelli\/\"}]}<\/script>\n<!-- \/ Yoast SEO Premium plugin. -->","yoast_head_json":{"title":"La terra continua a tremare a Firenze: oltre 200 scosse in dieci giorni","description":"Anche stamattina una scossa di terremoto, seppur pi\u00f9 lieve, ha svegliato la citt\u00e0. Sopralluogo dei vigili del fuoco in sette immobili","robots":{"index":"index","follow":"follow","max-snippet":"max-snippet:-1","max-image-preview":"max-image-preview:large","max-video-preview":"max-video-preview:-1"},"canonical":"https:\/\/www.intoscana.it\/it\/terremoto-firenze-200-scosse\/","og_locale":"it_IT","og_type":"article","og_title":"La terra continua a tremare a Firenze: oltre 200 scosse in dieci giorni","og_description":"Anche stamattina una scossa di terremoto, seppur pi\u00f9 lieve, ha svegliato la citt\u00e0. Sopralluogo dei vigili del fuoco in sette immobili","og_url":"https:\/\/www.intoscana.it\/it\/terremoto-firenze-200-scosse\/","og_site_name":"intoscana","article_publisher":"https:\/\/www.facebook.com\/intoscana.it","article_published_time":"2022-05-13T10:05:15+00:00","article_modified_time":"2022-05-13T13:23:08+00:00","og_image":[{"width":1720,"height":1105,"url":"https:\/\/www.intoscana.it\/wp-content\/uploads\/terremoto-sismografo-scaled-e1652436703786.jpg","type":"image\/jpeg"}],"author":"Giulia Rafanelli","twitter_card":"summary_large_image","twitter_creator":"@intoscana","twitter_site":"@intoscana","twitter_misc":{"Written by":"Giulia Rafanelli","Est. reading time":"3 minuti"},"schema":{"@context":"https:\/\/schema.org","@graph":[{"@type":"WebPage","@id":"https:\/\/www.intoscana.it\/it\/terremoto-firenze-200-scosse\/","url":"https:\/\/www.intoscana.it\/it\/terremoto-firenze-200-scosse\/","name":"La terra continua a tremare a Firenze: oltre 200 scosse in dieci giorni","isPartOf":{"@id":"https:\/\/www.intoscana.it\/it\/#website"},"primaryImageOfPage":{"@id":"https:\/\/www.intoscana.it\/it\/terremoto-firenze-200-scosse\/#primaryimage"},"image":{"@id":"https:\/\/www.intoscana.it\/it\/terremoto-firenze-200-scosse\/#primaryimage"},"thumbnailUrl":"https:\/\/www.intoscana.it\/wp-content\/uploads\/terremoto-sismografo-scaled-e1652436703786.jpg","datePublished":"2022-05-13T10:05:15+00:00","dateModified":"2022-05-13T13:23:08+00:00","author":{"@id":"https:\/\/www.intoscana.it\/it\/#\/schema\/person\/333569b367b301e30262defcea56c939"},"description":"Anche stamattina una scossa di terremoto, seppur pi\u00f9 lieve, ha svegliato la citt\u00e0. Sopralluogo dei vigili del fuoco in sette immobili","breadcrumb":{"@id":"https:\/\/www.intoscana.it\/it\/terremoto-firenze-200-scosse\/#breadcrumb"},"inLanguage":"it-IT","potentialAction":[{"@type":"ReadAction","target":["https:\/\/www.intoscana.it\/it\/terremoto-firenze-200-scosse\/"]}]},{"@type":"ImageObject","inLanguage":"it-IT","@id":"https:\/\/www.intoscana.it\/it\/terremoto-firenze-200-scosse\/#primaryimage","url":"https:\/\/www.intoscana.it\/wp-content\/uploads\/terremoto-sismografo-scaled-e1652436703786.jpg","contentUrl":"https:\/\/www.intoscana.it\/wp-content\/uploads\/terremoto-sismografo-scaled-e1652436703786.jpg","width":1720,"height":1105,"caption":"terremoto sismografo"},{"@type":"BreadcrumbList","@id":"https:\/\/www.intoscana.it\/it\/terremoto-firenze-200-scosse\/#breadcrumb","itemListElement":[{"@type":"ListItem","position":1,"name":"Home","item":"https:\/\/www.intoscana.it\/it\/"},{"@type":"ListItem","position":2,"name":"La terra continua a tremare a Firenze: oltre 200 scosse in dieci giorni"}]},{"@type":"WebSite","@id":"https:\/\/www.intoscana.it\/it\/#website","url":"https:\/\/www.intoscana.it\/it\/","name":"intoscana","description":"","potentialAction":[{"@type":"SearchAction","target":{"@type":"EntryPoint","urlTemplate":"https:\/\/www.intoscana.it\/it\/?s={search_term_string}"},"query-input":{"@type":"PropertyValueSpecification","valueRequired":true,"valueName":"search_term_string"}}],"inLanguage":"it-IT"},{"@type":"Person","@id":"https:\/\/www.intoscana.it\/it\/#\/schema\/person\/333569b367b301e30262defcea56c939","name":"Giulia Rafanelli","url":"https:\/\/www.intoscana.it\/it\/author\/giulia-rafanelli\/"}]}},"_links":{"self":[{"href":"https:\/\/www.intoscana.it\/it\/wp-json\/wp\/v2\/posts\/228380","targetHints":{"allow":["GET"]}}],"collection":[{"href":"https:\/\/www.intoscana.it\/it\/wp-json\/wp\/v2\/posts"}],"about":[{"href":"https:\/\/www.intoscana.it\/it\/wp-json\/wp\/v2\/types\/post"}],"author":[{"embeddable":true,"href":"https:\/\/www.intoscana.it\/it\/wp-json\/wp\/v2\/users\/503"}],"replies":[{"embeddable":true,"href":"https:\/\/www.intoscana.it\/it\/wp-json\/wp\/v2\/comments?post=228380"}],"version-history":[{"count":0,"href":"https:\/\/www.intoscana.it\/it\/wp-json\/wp\/v2\/posts\/228380\/revisions"}],"wp:featuredmedia":[{"embeddable":true,"href":"https:\/\/www.intoscana.it\/it\/wp-json\/wp\/v2\/media\/228402"}],"wp:attachment":[{"href":"https:\/\/www.intoscana.it\/it\/wp-json\/wp\/v2\/media?parent=228380"}],"wp:term":[{"taxonomy":"category","embeddable":true,"href":"https:\/\/www.intoscana.it\/it\/wp-json\/wp\/v2\/categories?post=228380"},{"taxonomy":"post_tag","embeddable":true,"href":"https:\/\/www.intoscana.it\/it\/wp-json\/wp\/v2\/tags?post=228380"}],"curies":[{"name":"wp","href":"https:\/\/api.w.org\/{rel}","templated":true}]}}