{"id":228414,"date":"2022-05-13T13:12:53","date_gmt":"2022-05-13T11:12:53","guid":{"rendered":"https:\/\/www.intoscana.it\/it\/?p=228414"},"modified":"2022-05-14T13:02:44","modified_gmt":"2022-05-14T11:02:44","slug":"covid-1674-nuovi-casi","status":"publish","type":"post","link":"https:\/\/www.intoscana.it\/it\/covid-1674-nuovi-casi\/","title":{"rendered":"Covid, scendono i nuovi casi: oggi sono 1.674. Nove i decessi"},"content":{"rendered":"<p><strong>Sono 1.674 in pi\u00f9 rispetto a ieri<\/strong> (483 confermati con tampone molecolare e 1.191 da test rapido antigenico) i nuovi casi di Covid in Toscana ovvero lo 0,1% in pi\u00f9 rispetto al totale del giorno precedente.<\/p>\n<h3>I nuovi casi<\/h3>\n<p>Oggi sono stati eseguiti <strong>2.165 tamponi molecolari e 8.916 tamponi antigenici rapidi<\/strong>, di questi il 15,1% \u00e8 risultato positivo. Sono invece 2.637 i soggetti testati oggi (con tampone antigenico e\/o molecolare, escludendo i tamponi di controllo), di cui il 63,5% \u00e8 risultato positivo. Gli attualmente positivi sono oggi 39.845, -3% rispetto a ieri.<\/p>\n<p>L&#8217;et\u00e0 media dei 1.674 nuovi positivi odierni \u00e8 di <strong>48 anni circa<\/strong> (16% ha meno di 20 anni, 19% tra 20 e 39 anni, 32% tra 40 e 59 anni, 23% tra 60 e 79 anni, 10% ha 80 anni o pi\u00f9).<\/p>\n<h3>I casi di positivit\u00e0<\/h3>\n<p>Di seguito i casi di positivit\u00e0 sul territorio con la variazione rispetto a ieri (483 confermati con tampone molecolare e 1.191 da test rapido antigenico). Sono 313.529 i casi complessivi ad oggi a Firenze (430 in pi\u00f9 rispetto a ieri), 77.529 a Prato (96 in pi\u00f9), 90.460 a Pistoia (154 in pi\u00f9), 55.257 a Massa (69 in pi\u00f9), 118.102 a Lucca (144 in pi\u00f9), 129.320 a Pisa (200 in pi\u00f9), 99.939 a Livorno (190 in pi\u00f9), 102.920 ad Arezzo (144 in pi\u00f9), 79.017 a Siena (149 in pi\u00f9), 59.894 a Grosseto (98 in pi\u00f9). Sono 555 i casi positivi notificati in Toscana, ma residenti in altre regioni.<\/p>\n<p>Sono 698 i casi riscontrati oggi nell&#8217;Asl Centro, 585 nella Nord Ovest, 391 nella Sud est.<\/p>\n<p>La Toscana si trova <strong>al 8\u00b0 posto in Italia come numerosit\u00e0 di casi<\/strong> (comprensivi di residenti e non residenti), con circa 30.505 casi per 100.000 abitanti (media italiana circa 28.622 x100.000, dato di ieri). Le province di notifica con il tasso pi\u00f9 alto sono Firenze con 31.402 casi x100.000 abitanti, Pistoia con 31.167, Pisa con 30.939, la pi\u00f9 bassa Grosseto con 27.494.<\/p>\n<h3>I ricoveri<\/h3>\n<p>Complessivamente, 39.355 persone sono in isolamento a casa, poich\u00e9 presentano sintomi lievi che non richiedono cure ospedaliere, o risultano prive di sintomi (1.210 in meno rispetto a ieri, meno 3%).<\/p>\n<p>Le persone ricoverate nei posti letto dedicati ai pazienti Covid oggi sono complessivamente <mark>490 (17 in meno rispetto a ieri, meno 3,4%), 17 in terapia intensiva (1 in pi\u00f9 rispetto a ieri, pi\u00f9 6,3%) <\/mark>.<\/p>\n<p>Le persone <strong>complessivamente guarite<\/strong> sono 1.076.698 (2.892 in pi\u00f9 rispetto a ieri, pi\u00f9 0,3%): 0 persone clinicamente guarite (stabili rispetto a ieri), divenute cio\u00e8 asintomatiche dopo aver presentato manifestazioni cliniche associate all&#8217;infezione e 1.076.698 (2.892 in pi\u00f9 rispetto a ieri, pi\u00f9 0,3%) dichiarate guarite a tutti gli effetti, le cosiddette guarigioni virali, con tampone negativo.<\/p>\n<h3>I decessi<\/h3>\n<p>Oggi si registrano <strong>9 nuovi decessi: 5 uomini e 4 donne<\/strong> con un&#8217;et\u00e0 media di 81,3 anni.<\/p>\n<p>Relativamente alla provincia di residenza, <mark>le 9 persone decedute sono: 2 a Firenze, 1 a Prato, 2 a Pisa, 2 a Arezzo, 1 a Siena, 1 a Grosseto <\/mark>.<\/p>\n<p>Sono 9.979 i deceduti dall&#8217;inizio dell&#8217;epidemia cosi ripartiti: 3.140 a Firenze, 831 a Prato, 893 a Pistoia, 649 a Massa Carrara, 933 a Lucca, 1.093 a Pisa, 730 a Livorno, 655 ad Arezzo, 532 a Siena, 387 a Grosseto, 136 persone sono decedute sul suolo toscano ma erano residenti fuori regione.<\/p>\n<p>Il tasso grezzo di mortalit\u00e0 toscano (numero di deceduti\/popolazione residente) per Covid-19 \u00e8 di 270,2 x100.000 residenti contro il 278,5 x100.000 della media italiana (10\u00b0 regione). Per quanto riguarda le province, il tasso di mortalit\u00e0 pi\u00f9 alto si riscontra a Massa Carrara (341,9 x100.000), Firenze (314,5 x100.000) e Prato (313,3 x100.000), il pi\u00f9 basso a Grosseto (177,6 x100.000).<\/p>\n","protected":false},"excerpt":{"rendered":"<p>Oggi sono stati eseguiti 2.165 tamponi molecolari e 8.916 tamponi antigenici rapidi, di questi il 15,1% \u00e8 risultato positivo. \u00c8 di 48 anni l&#8217;et\u00e0 media dei nuovi casi<\/p>\n","protected":false},"author":525,"featured_media":202281,"comment_status":"open","ping_status":"open","sticky":false,"template":"","format":"standard","meta":{"_acf_changed":false,"footnotes":""},"categories":[494],"tags":[4868,4809,349],"class_list":["post-228414","post","type-post","status-publish","format-standard","has-post-thumbnail","hentry","category-attualita","tag-bollettino-covid-toscana","tag-covid","tag-sanita"],"acf":[],"yoast_head":"<!-- This site is optimized with the Yoast SEO Premium plugin v24.2 (Yoast SEO v25.6) - https:\/\/yoast.com\/wordpress\/plugins\/seo\/ -->\n<title>Covid, scendono i nuovi casi: oggi sono 1.674. Nove i decessi<\/title>\n<meta name=\"description\" content=\"Oggi sono stati eseguiti 2.165 tamponi molecolari e 8.916 tamponi antigenici rapidi, di questi il 15,1% \u00e8 risultato positivo\" \/>\n<meta name=\"robots\" content=\"index, follow, max-snippet:-1, max-image-preview:large, max-video-preview:-1\" \/>\n<link rel=\"canonical\" href=\"https:\/\/www.intoscana.it\/it\/covid-1674-nuovi-casi\/\" \/>\n<meta property=\"og:locale\" content=\"it_IT\" \/>\n<meta property=\"og:type\" content=\"article\" \/>\n<meta property=\"og:title\" content=\"Covid, scendono i nuovi casi: oggi sono 1.674. Nove i decessi\" \/>\n<meta property=\"og:description\" content=\"Oggi sono stati eseguiti 2.165 tamponi molecolari e 8.916 tamponi antigenici rapidi, di questi il 15,1% \u00e8 risultato positivo\" \/>\n<meta property=\"og:url\" content=\"https:\/\/www.intoscana.it\/it\/covid-1674-nuovi-casi\/\" \/>\n<meta property=\"og:site_name\" content=\"intoscana\" \/>\n<meta property=\"article:publisher\" content=\"https:\/\/www.facebook.com\/intoscana.it\" \/>\n<meta property=\"article:published_time\" content=\"2022-05-13T11:12:53+00:00\" \/>\n<meta property=\"article:modified_time\" content=\"2022-05-14T11:02:44+00:00\" \/>\n<meta property=\"og:image\" content=\"https:\/\/www.intoscana.it\/wp-content\/uploads\/PFI_0683-scaled.jpg\" \/>\n\t<meta property=\"og:image:width\" content=\"2048\" \/>\n\t<meta property=\"og:image:height\" content=\"1363\" \/>\n\t<meta property=\"og:image:type\" content=\"image\/jpeg\" \/>\n<meta name=\"author\" content=\"Redazione\" \/>\n<meta name=\"twitter:card\" content=\"summary_large_image\" \/>\n<meta name=\"twitter:creator\" content=\"@intoscana\" \/>\n<meta name=\"twitter:site\" content=\"@intoscana\" \/>\n<meta name=\"twitter:label1\" content=\"Written by\" \/>\n\t<meta name=\"twitter:data1\" content=\"Redazione\" \/>\n\t<meta name=\"twitter:label2\" content=\"Est. reading time\" \/>\n\t<meta name=\"twitter:data2\" content=\"2 minuti\" \/>\n<script type=\"application\/ld+json\" class=\"yoast-schema-graph\">{\"@context\":\"https:\/\/schema.org\",\"@graph\":[{\"@type\":\"WebPage\",\"@id\":\"https:\/\/www.intoscana.it\/it\/covid-1674-nuovi-casi\/\",\"url\":\"https:\/\/www.intoscana.it\/it\/covid-1674-nuovi-casi\/\",\"name\":\"Covid, scendono i nuovi casi: oggi sono 1.674. Nove i decessi\",\"isPartOf\":{\"@id\":\"https:\/\/www.intoscana.it\/it\/#website\"},\"primaryImageOfPage\":{\"@id\":\"https:\/\/www.intoscana.it\/it\/covid-1674-nuovi-casi\/#primaryimage\"},\"image\":{\"@id\":\"https:\/\/www.intoscana.it\/it\/covid-1674-nuovi-casi\/#primaryimage\"},\"thumbnailUrl\":\"https:\/\/www.intoscana.it\/wp-content\/uploads\/PFI_0683-scaled.jpg\",\"datePublished\":\"2022-05-13T11:12:53+00:00\",\"dateModified\":\"2022-05-14T11:02:44+00:00\",\"author\":{\"@id\":\"https:\/\/www.intoscana.it\/it\/#\/schema\/person\/9223810753230f20bd670fdd322661f8\"},\"description\":\"Oggi sono stati eseguiti 2.165 tamponi molecolari e 8.916 tamponi antigenici rapidi, di questi il 15,1% \u00e8 risultato positivo\",\"breadcrumb\":{\"@id\":\"https:\/\/www.intoscana.it\/it\/covid-1674-nuovi-casi\/#breadcrumb\"},\"inLanguage\":\"it-IT\",\"potentialAction\":[{\"@type\":\"ReadAction\",\"target\":[\"https:\/\/www.intoscana.it\/it\/covid-1674-nuovi-casi\/\"]}]},{\"@type\":\"ImageObject\",\"inLanguage\":\"it-IT\",\"@id\":\"https:\/\/www.intoscana.it\/it\/covid-1674-nuovi-casi\/#primaryimage\",\"url\":\"https:\/\/www.intoscana.it\/wp-content\/uploads\/PFI_0683-scaled.jpg\",\"contentUrl\":\"https:\/\/www.intoscana.it\/wp-content\/uploads\/PFI_0683-scaled.jpg\",\"width\":2048,\"height\":1363,\"caption\":\"Covid, l'hub vaccinale al Mandela Forum\"},{\"@type\":\"BreadcrumbList\",\"@id\":\"https:\/\/www.intoscana.it\/it\/covid-1674-nuovi-casi\/#breadcrumb\",\"itemListElement\":[{\"@type\":\"ListItem\",\"position\":1,\"name\":\"Home\",\"item\":\"https:\/\/www.intoscana.it\/it\/\"},{\"@type\":\"ListItem\",\"position\":2,\"name\":\"Covid, scendono i nuovi casi: oggi sono 1.674. Nove i decessi\"}]},{\"@type\":\"WebSite\",\"@id\":\"https:\/\/www.intoscana.it\/it\/#website\",\"url\":\"https:\/\/www.intoscana.it\/it\/\",\"name\":\"intoscana\",\"description\":\"\",\"potentialAction\":[{\"@type\":\"SearchAction\",\"target\":{\"@type\":\"EntryPoint\",\"urlTemplate\":\"https:\/\/www.intoscana.it\/it\/?s={search_term_string}\"},\"query-input\":{\"@type\":\"PropertyValueSpecification\",\"valueRequired\":true,\"valueName\":\"search_term_string\"}}],\"inLanguage\":\"it-IT\"},{\"@type\":\"Person\",\"@id\":\"https:\/\/www.intoscana.it\/it\/#\/schema\/person\/9223810753230f20bd670fdd322661f8\",\"name\":\"Redazione\",\"url\":\"https:\/\/www.intoscana.it\/it\/author\/redazione\/\"}]}<\/script>\n<!-- \/ Yoast SEO Premium plugin. -->","yoast_head_json":{"title":"Covid, scendono i nuovi casi: oggi sono 1.674. Nove i decessi","description":"Oggi sono stati eseguiti 2.165 tamponi molecolari e 8.916 tamponi antigenici rapidi, di questi il 15,1% \u00e8 risultato positivo","robots":{"index":"index","follow":"follow","max-snippet":"max-snippet:-1","max-image-preview":"max-image-preview:large","max-video-preview":"max-video-preview:-1"},"canonical":"https:\/\/www.intoscana.it\/it\/covid-1674-nuovi-casi\/","og_locale":"it_IT","og_type":"article","og_title":"Covid, scendono i nuovi casi: oggi sono 1.674. Nove i decessi","og_description":"Oggi sono stati eseguiti 2.165 tamponi molecolari e 8.916 tamponi antigenici rapidi, di questi il 15,1% \u00e8 risultato positivo","og_url":"https:\/\/www.intoscana.it\/it\/covid-1674-nuovi-casi\/","og_site_name":"intoscana","article_publisher":"https:\/\/www.facebook.com\/intoscana.it","article_published_time":"2022-05-13T11:12:53+00:00","article_modified_time":"2022-05-14T11:02:44+00:00","og_image":[{"width":2048,"height":1363,"url":"https:\/\/www.intoscana.it\/wp-content\/uploads\/PFI_0683-scaled.jpg","type":"image\/jpeg"}],"author":"Redazione","twitter_card":"summary_large_image","twitter_creator":"@intoscana","twitter_site":"@intoscana","twitter_misc":{"Written by":"Redazione","Est. reading time":"2 minuti"},"schema":{"@context":"https:\/\/schema.org","@graph":[{"@type":"WebPage","@id":"https:\/\/www.intoscana.it\/it\/covid-1674-nuovi-casi\/","url":"https:\/\/www.intoscana.it\/it\/covid-1674-nuovi-casi\/","name":"Covid, scendono i nuovi casi: oggi sono 1.674. Nove i decessi","isPartOf":{"@id":"https:\/\/www.intoscana.it\/it\/#website"},"primaryImageOfPage":{"@id":"https:\/\/www.intoscana.it\/it\/covid-1674-nuovi-casi\/#primaryimage"},"image":{"@id":"https:\/\/www.intoscana.it\/it\/covid-1674-nuovi-casi\/#primaryimage"},"thumbnailUrl":"https:\/\/www.intoscana.it\/wp-content\/uploads\/PFI_0683-scaled.jpg","datePublished":"2022-05-13T11:12:53+00:00","dateModified":"2022-05-14T11:02:44+00:00","author":{"@id":"https:\/\/www.intoscana.it\/it\/#\/schema\/person\/9223810753230f20bd670fdd322661f8"},"description":"Oggi sono stati eseguiti 2.165 tamponi molecolari e 8.916 tamponi antigenici rapidi, di questi il 15,1% \u00e8 risultato positivo","breadcrumb":{"@id":"https:\/\/www.intoscana.it\/it\/covid-1674-nuovi-casi\/#breadcrumb"},"inLanguage":"it-IT","potentialAction":[{"@type":"ReadAction","target":["https:\/\/www.intoscana.it\/it\/covid-1674-nuovi-casi\/"]}]},{"@type":"ImageObject","inLanguage":"it-IT","@id":"https:\/\/www.intoscana.it\/it\/covid-1674-nuovi-casi\/#primaryimage","url":"https:\/\/www.intoscana.it\/wp-content\/uploads\/PFI_0683-scaled.jpg","contentUrl":"https:\/\/www.intoscana.it\/wp-content\/uploads\/PFI_0683-scaled.jpg","width":2048,"height":1363,"caption":"Covid, l'hub vaccinale al Mandela Forum"},{"@type":"BreadcrumbList","@id":"https:\/\/www.intoscana.it\/it\/covid-1674-nuovi-casi\/#breadcrumb","itemListElement":[{"@type":"ListItem","position":1,"name":"Home","item":"https:\/\/www.intoscana.it\/it\/"},{"@type":"ListItem","position":2,"name":"Covid, scendono i nuovi casi: oggi sono 1.674. Nove i decessi"}]},{"@type":"WebSite","@id":"https:\/\/www.intoscana.it\/it\/#website","url":"https:\/\/www.intoscana.it\/it\/","name":"intoscana","description":"","potentialAction":[{"@type":"SearchAction","target":{"@type":"EntryPoint","urlTemplate":"https:\/\/www.intoscana.it\/it\/?s={search_term_string}"},"query-input":{"@type":"PropertyValueSpecification","valueRequired":true,"valueName":"search_term_string"}}],"inLanguage":"it-IT"},{"@type":"Person","@id":"https:\/\/www.intoscana.it\/it\/#\/schema\/person\/9223810753230f20bd670fdd322661f8","name":"Redazione","url":"https:\/\/www.intoscana.it\/it\/author\/redazione\/"}]}},"_links":{"self":[{"href":"https:\/\/www.intoscana.it\/it\/wp-json\/wp\/v2\/posts\/228414","targetHints":{"allow":["GET"]}}],"collection":[{"href":"https:\/\/www.intoscana.it\/it\/wp-json\/wp\/v2\/posts"}],"about":[{"href":"https:\/\/www.intoscana.it\/it\/wp-json\/wp\/v2\/types\/post"}],"author":[{"embeddable":true,"href":"https:\/\/www.intoscana.it\/it\/wp-json\/wp\/v2\/users\/525"}],"replies":[{"embeddable":true,"href":"https:\/\/www.intoscana.it\/it\/wp-json\/wp\/v2\/comments?post=228414"}],"version-history":[{"count":0,"href":"https:\/\/www.intoscana.it\/it\/wp-json\/wp\/v2\/posts\/228414\/revisions"}],"wp:featuredmedia":[{"embeddable":true,"href":"https:\/\/www.intoscana.it\/it\/wp-json\/wp\/v2\/media\/202281"}],"wp:attachment":[{"href":"https:\/\/www.intoscana.it\/it\/wp-json\/wp\/v2\/media?parent=228414"}],"wp:term":[{"taxonomy":"category","embeddable":true,"href":"https:\/\/www.intoscana.it\/it\/wp-json\/wp\/v2\/categories?post=228414"},{"taxonomy":"post_tag","embeddable":true,"href":"https:\/\/www.intoscana.it\/it\/wp-json\/wp\/v2\/tags?post=228414"}],"curies":[{"name":"wp","href":"https:\/\/api.w.org\/{rel}","templated":true}]}}