{"id":228430,"date":"2022-05-13T15:09:47","date_gmt":"2022-05-13T13:09:47","guid":{"rendered":"https:\/\/www.intoscana.it\/it\/?p=228430"},"modified":"2022-05-13T15:10:41","modified_gmt":"2022-05-13T13:10:41","slug":"arezzo-stati-generali-pari-opportunita","status":"publish","type":"post","link":"https:\/\/www.intoscana.it\/it\/arezzo-stati-generali-pari-opportunita\/","title":{"rendered":"Sono partiti da Arezzo gli Stati generali delle pari opportunit\u00e0"},"content":{"rendered":"<p>Sono iniziati oggi,\u00a0 venerd\u00ec 13 maggio, ad Arezzo <strong>gli Stati generali delle pari opportunit\u00e0<\/strong>. Gli Stati generali per la prima volta porteranno le buone pratiche delle pari opportunit\u00e0 tra i territori per metterle in condivisione. Sar\u00e0 un viaggio nella Toscana delle politiche di genere per creare una rete di ascolto e collaborazione tra istituzioni.<\/p>\n<p>&#8220;<em>Gli Stati Generali serviranno a massimizzare gli sforzi che la Regione sta mettendo in campo per le politiche di genere con la scelta di avere una linea di bilancio dedicata e con il recente rifinanziamento della legge regionale16 in cui tutte le province sono di nuovo coinvolte per portare avanti iniziative e progetti contro gli stereotipi e la lotta alla violenza, per la costruzione di bilanci di genere, per il lavoro delle donne<\/em>\u201d, ha spiegato la presidente della Commissione regionale Francesca Basanieri.<\/p>\n<p>\u201c<em>Ogni intervento, ogni iniziativa portata avanti dalla Giunta e dal Consiglio regionale<\/em> \u2013 ha aggiunto &#8211; <em>pu\u00f2 generare un vero cambiamento solo se \u00e8 recepita in maniera omogenea in tutto il territorio regionale e se, nel tempo, diventa strutturale e patrimonio condiviso dalla comunit\u00e0. Questo \u00e8 possibile se realmente si costruisce una rete di collaborazione e condivisione di informazioni e buone pratiche che possono essere copiate ed esportate o possono essere da stimolo<\/em>\u201d.<\/p>\n<p>La Commissione vuole essere lo \u201c<em>strumento a disposizione dei territori per creare una nuova cultura di genere. Il momento storico di difficolt\u00e0 ma anche di grandi cambiamenti e di opportunit\u00e0, come quelle che offre il Piano nazionale di ripresa e resilienza ci impongono di lavorare assieme affinch\u00e9 sia realmente possibile dare una svolta culturale alle politiche di parit\u00e0 e ai diritti delle donne e fare in modo che gli interventi messi in campo siano pi\u00f9 efficaci e strutturali<\/em>\u201d.<\/p>\n<h3>Mazzeo: &#8220;Ora serve lo scatto culturale defiitivo&#8221;<\/h3>\n<p>Plauso all\u2019iniziativa arriva dal presidente del Consiglio regionale, Antonio Mazzeo: \u201c<em>Grazie all\u2019impegno della presidente Francesca Basanieri e della Commissione gli Stati Generali permetteranno di confrontarsi e raccogliere le istanze della societ\u00e0 civile di tutta la Toscana in materia di politiche di genere ma non solo<\/em>\u201d.<\/p>\n<p>&#8220;<em>La Toscana<\/em> &#8211; ha aggiunto Mazzeo &#8211; <em>\u00e8 gi\u00e0 molto avanti da questo punto di vista, ma lo scatto culturale definitivo deve essere ancora fatto. Da mesi sto portando avanti un grande progetto che si chiama Toscana 2050 e nell\u2019idea che ho di futuro dobbiamo essere in grado di dare a tutte e tutti esattamente le stesse opportunit\u00e0<\/em>\u201d.<\/p>\n<h3>Una legge per le pari opportunit\u00e0<\/h3>\n<p>Nel luglio dello scorso anno \u00e8 stata approvata una legge regionale, su proposta del presidente Mazzeo,\u00a0 che prevede che tutti gli incarichi regionali dovranno assicurare la parit\u00e0 effettiva tra uomini e donne. Prima, la norma precedente, prevedeva che per qualunque nomina si potessero presentare due nomi, uno di un uomo e uno di una donna, ma alla fine il Consiglio regionale era libero di nominare persone tutte dello stesso sesso. Con la modifica introdotta \u00e8 obbligata la parit\u00e0 di genere nelle nomine, non solo nella presentazione delle candidature<\/p>\n<p>&#8220;<em>Quella regola \u00e8 solo un primo passo, ma \u00e8 la direzione che vogliamo seguire<\/em>\u201d, ha concluso Mazzeo.<\/p>\n<p>Gli Stati generali saranno un ulteriore passo nella direzione dell&#8217;integrazione e inclusione. Al primo incontro ad Arezzo parteciper\u00e0 anche la presidente della Provincia, responsabile AUPI per le politiche di genere. I prossimi appuntamenti gi\u00e0 organizzati saranno a il 23 maggio Borgo San Lorenzo per la Citt\u00e0 Metropolitana di Firenze, il 26 a Prato, il 20 Giugno a Empoli per l\u2019Empolese Valdelsa.<\/p>\n","protected":false},"excerpt":{"rendered":"<p>Oggi la prima iniziativa: sar\u00e0 un viaggio nella Toscana delle politiche di genere per creare una rete di ascolto e collaborazione tra istituzioni. Francesca Basanieri, presidente Commissione regionale: &#8220;Massimizziamo gli sforzi messi in campo dalla Regione&#8221;<\/p>\n","protected":false},"author":525,"featured_media":159400,"comment_status":"open","ping_status":"open","sticky":false,"template":"","format":"standard","meta":{"_acf_changed":false,"footnotes":""},"categories":[494],"tags":[196,411,5641],"class_list":["post-228430","post","type-post","status-publish","format-standard","has-post-thumbnail","hentry","category-attualita","tag-arezzo","tag-donne","tag-pari-opportunita"],"acf":[],"yoast_head":"<!-- This site is optimized with the Yoast SEO Premium plugin v24.2 (Yoast SEO v25.6) - https:\/\/yoast.com\/wordpress\/plugins\/seo\/ -->\n<title>Ad Arezzo gli Stati generali delle pari opportunit\u00e0<\/title>\n<meta name=\"description\" content=\"Oggi la prima iniziativa: sar\u00e0 un viaggio nella Toscana delle politiche di genere per creare una rete di collaborazione istituzionale\" \/>\n<meta name=\"robots\" content=\"index, follow, max-snippet:-1, max-image-preview:large, max-video-preview:-1\" \/>\n<link rel=\"canonical\" href=\"https:\/\/www.intoscana.it\/it\/arezzo-stati-generali-pari-opportunita\/\" \/>\n<meta property=\"og:locale\" content=\"it_IT\" \/>\n<meta property=\"og:type\" content=\"article\" \/>\n<meta property=\"og:title\" content=\"Sono partiti da Arezzo gli Stati generali delle pari opportunit\u00e0\" \/>\n<meta property=\"og:description\" content=\"Oggi la prima iniziativa: sar\u00e0 un viaggio nella Toscana delle politiche di genere per creare una rete di collaborazione istituzionale\" \/>\n<meta property=\"og:url\" content=\"https:\/\/www.intoscana.it\/it\/arezzo-stati-generali-pari-opportunita\/\" \/>\n<meta property=\"og:site_name\" content=\"intoscana\" \/>\n<meta property=\"article:publisher\" content=\"https:\/\/www.facebook.com\/intoscana.it\" \/>\n<meta property=\"article:published_time\" content=\"2022-05-13T13:09:47+00:00\" \/>\n<meta property=\"article:modified_time\" content=\"2022-05-13T13:10:41+00:00\" \/>\n<meta property=\"og:image\" content=\"https:\/\/www.intoscana.it\/wp-content\/uploads\/donne-4-scaled.jpg\" \/>\n\t<meta property=\"og:image:width\" content=\"2048\" \/>\n\t<meta property=\"og:image:height\" content=\"1367\" \/>\n\t<meta property=\"og:image:type\" content=\"image\/jpeg\" \/>\n<meta name=\"author\" content=\"Redazione\" \/>\n<meta name=\"twitter:card\" content=\"summary_large_image\" \/>\n<meta name=\"twitter:creator\" content=\"@intoscana\" \/>\n<meta name=\"twitter:site\" content=\"@intoscana\" \/>\n<meta name=\"twitter:label1\" content=\"Written by\" \/>\n\t<meta name=\"twitter:data1\" content=\"Redazione\" \/>\n\t<meta name=\"twitter:label2\" content=\"Est. reading time\" \/>\n\t<meta name=\"twitter:data2\" content=\"3 minuti\" \/>\n<script type=\"application\/ld+json\" class=\"yoast-schema-graph\">{\"@context\":\"https:\/\/schema.org\",\"@graph\":[{\"@type\":\"WebPage\",\"@id\":\"https:\/\/www.intoscana.it\/it\/arezzo-stati-generali-pari-opportunita\/\",\"url\":\"https:\/\/www.intoscana.it\/it\/arezzo-stati-generali-pari-opportunita\/\",\"name\":\"Ad Arezzo gli Stati generali delle pari opportunit\u00e0\",\"isPartOf\":{\"@id\":\"https:\/\/www.intoscana.it\/it\/#website\"},\"primaryImageOfPage\":{\"@id\":\"https:\/\/www.intoscana.it\/it\/arezzo-stati-generali-pari-opportunita\/#primaryimage\"},\"image\":{\"@id\":\"https:\/\/www.intoscana.it\/it\/arezzo-stati-generali-pari-opportunita\/#primaryimage\"},\"thumbnailUrl\":\"https:\/\/www.intoscana.it\/wp-content\/uploads\/donne-4-scaled.jpg\",\"datePublished\":\"2022-05-13T13:09:47+00:00\",\"dateModified\":\"2022-05-13T13:10:41+00:00\",\"author\":{\"@id\":\"https:\/\/www.intoscana.it\/it\/#\/schema\/person\/9223810753230f20bd670fdd322661f8\"},\"description\":\"Oggi la prima iniziativa: sar\u00e0 un viaggio nella Toscana delle politiche di genere per creare una rete di collaborazione istituzionale\",\"breadcrumb\":{\"@id\":\"https:\/\/www.intoscana.it\/it\/arezzo-stati-generali-pari-opportunita\/#breadcrumb\"},\"inLanguage\":\"it-IT\",\"potentialAction\":[{\"@type\":\"ReadAction\",\"target\":[\"https:\/\/www.intoscana.it\/it\/arezzo-stati-generali-pari-opportunita\/\"]}]},{\"@type\":\"ImageObject\",\"inLanguage\":\"it-IT\",\"@id\":\"https:\/\/www.intoscana.it\/it\/arezzo-stati-generali-pari-opportunita\/#primaryimage\",\"url\":\"https:\/\/www.intoscana.it\/wp-content\/uploads\/donne-4-scaled.jpg\",\"contentUrl\":\"https:\/\/www.intoscana.it\/wp-content\/uploads\/donne-4-scaled.jpg\",\"width\":2048,\"height\":1367},{\"@type\":\"BreadcrumbList\",\"@id\":\"https:\/\/www.intoscana.it\/it\/arezzo-stati-generali-pari-opportunita\/#breadcrumb\",\"itemListElement\":[{\"@type\":\"ListItem\",\"position\":1,\"name\":\"Home\",\"item\":\"https:\/\/www.intoscana.it\/it\/\"},{\"@type\":\"ListItem\",\"position\":2,\"name\":\"Sono partiti da Arezzo gli Stati generali delle pari opportunit\u00e0\"}]},{\"@type\":\"WebSite\",\"@id\":\"https:\/\/www.intoscana.it\/it\/#website\",\"url\":\"https:\/\/www.intoscana.it\/it\/\",\"name\":\"intoscana\",\"description\":\"\",\"potentialAction\":[{\"@type\":\"SearchAction\",\"target\":{\"@type\":\"EntryPoint\",\"urlTemplate\":\"https:\/\/www.intoscana.it\/it\/?s={search_term_string}\"},\"query-input\":{\"@type\":\"PropertyValueSpecification\",\"valueRequired\":true,\"valueName\":\"search_term_string\"}}],\"inLanguage\":\"it-IT\"},{\"@type\":\"Person\",\"@id\":\"https:\/\/www.intoscana.it\/it\/#\/schema\/person\/9223810753230f20bd670fdd322661f8\",\"name\":\"Redazione\",\"url\":\"https:\/\/www.intoscana.it\/it\/author\/redazione\/\"}]}<\/script>\n<!-- \/ Yoast SEO Premium plugin. -->","yoast_head_json":{"title":"Ad Arezzo gli Stati generali delle pari opportunit\u00e0","description":"Oggi la prima iniziativa: sar\u00e0 un viaggio nella Toscana delle politiche di genere per creare una rete di collaborazione istituzionale","robots":{"index":"index","follow":"follow","max-snippet":"max-snippet:-1","max-image-preview":"max-image-preview:large","max-video-preview":"max-video-preview:-1"},"canonical":"https:\/\/www.intoscana.it\/it\/arezzo-stati-generali-pari-opportunita\/","og_locale":"it_IT","og_type":"article","og_title":"Sono partiti da Arezzo gli Stati generali delle pari opportunit\u00e0","og_description":"Oggi la prima iniziativa: sar\u00e0 un viaggio nella Toscana delle politiche di genere per creare una rete di collaborazione istituzionale","og_url":"https:\/\/www.intoscana.it\/it\/arezzo-stati-generali-pari-opportunita\/","og_site_name":"intoscana","article_publisher":"https:\/\/www.facebook.com\/intoscana.it","article_published_time":"2022-05-13T13:09:47+00:00","article_modified_time":"2022-05-13T13:10:41+00:00","og_image":[{"width":2048,"height":1367,"url":"https:\/\/www.intoscana.it\/wp-content\/uploads\/donne-4-scaled.jpg","type":"image\/jpeg"}],"author":"Redazione","twitter_card":"summary_large_image","twitter_creator":"@intoscana","twitter_site":"@intoscana","twitter_misc":{"Written by":"Redazione","Est. reading time":"3 minuti"},"schema":{"@context":"https:\/\/schema.org","@graph":[{"@type":"WebPage","@id":"https:\/\/www.intoscana.it\/it\/arezzo-stati-generali-pari-opportunita\/","url":"https:\/\/www.intoscana.it\/it\/arezzo-stati-generali-pari-opportunita\/","name":"Ad Arezzo gli Stati generali delle pari opportunit\u00e0","isPartOf":{"@id":"https:\/\/www.intoscana.it\/it\/#website"},"primaryImageOfPage":{"@id":"https:\/\/www.intoscana.it\/it\/arezzo-stati-generali-pari-opportunita\/#primaryimage"},"image":{"@id":"https:\/\/www.intoscana.it\/it\/arezzo-stati-generali-pari-opportunita\/#primaryimage"},"thumbnailUrl":"https:\/\/www.intoscana.it\/wp-content\/uploads\/donne-4-scaled.jpg","datePublished":"2022-05-13T13:09:47+00:00","dateModified":"2022-05-13T13:10:41+00:00","author":{"@id":"https:\/\/www.intoscana.it\/it\/#\/schema\/person\/9223810753230f20bd670fdd322661f8"},"description":"Oggi la prima iniziativa: sar\u00e0 un viaggio nella Toscana delle politiche di genere per creare una rete di collaborazione istituzionale","breadcrumb":{"@id":"https:\/\/www.intoscana.it\/it\/arezzo-stati-generali-pari-opportunita\/#breadcrumb"},"inLanguage":"it-IT","potentialAction":[{"@type":"ReadAction","target":["https:\/\/www.intoscana.it\/it\/arezzo-stati-generali-pari-opportunita\/"]}]},{"@type":"ImageObject","inLanguage":"it-IT","@id":"https:\/\/www.intoscana.it\/it\/arezzo-stati-generali-pari-opportunita\/#primaryimage","url":"https:\/\/www.intoscana.it\/wp-content\/uploads\/donne-4-scaled.jpg","contentUrl":"https:\/\/www.intoscana.it\/wp-content\/uploads\/donne-4-scaled.jpg","width":2048,"height":1367},{"@type":"BreadcrumbList","@id":"https:\/\/www.intoscana.it\/it\/arezzo-stati-generali-pari-opportunita\/#breadcrumb","itemListElement":[{"@type":"ListItem","position":1,"name":"Home","item":"https:\/\/www.intoscana.it\/it\/"},{"@type":"ListItem","position":2,"name":"Sono partiti da Arezzo gli Stati generali delle pari opportunit\u00e0"}]},{"@type":"WebSite","@id":"https:\/\/www.intoscana.it\/it\/#website","url":"https:\/\/www.intoscana.it\/it\/","name":"intoscana","description":"","potentialAction":[{"@type":"SearchAction","target":{"@type":"EntryPoint","urlTemplate":"https:\/\/www.intoscana.it\/it\/?s={search_term_string}"},"query-input":{"@type":"PropertyValueSpecification","valueRequired":true,"valueName":"search_term_string"}}],"inLanguage":"it-IT"},{"@type":"Person","@id":"https:\/\/www.intoscana.it\/it\/#\/schema\/person\/9223810753230f20bd670fdd322661f8","name":"Redazione","url":"https:\/\/www.intoscana.it\/it\/author\/redazione\/"}]}},"_links":{"self":[{"href":"https:\/\/www.intoscana.it\/it\/wp-json\/wp\/v2\/posts\/228430","targetHints":{"allow":["GET"]}}],"collection":[{"href":"https:\/\/www.intoscana.it\/it\/wp-json\/wp\/v2\/posts"}],"about":[{"href":"https:\/\/www.intoscana.it\/it\/wp-json\/wp\/v2\/types\/post"}],"author":[{"embeddable":true,"href":"https:\/\/www.intoscana.it\/it\/wp-json\/wp\/v2\/users\/525"}],"replies":[{"embeddable":true,"href":"https:\/\/www.intoscana.it\/it\/wp-json\/wp\/v2\/comments?post=228430"}],"version-history":[{"count":0,"href":"https:\/\/www.intoscana.it\/it\/wp-json\/wp\/v2\/posts\/228430\/revisions"}],"wp:featuredmedia":[{"embeddable":true,"href":"https:\/\/www.intoscana.it\/it\/wp-json\/wp\/v2\/media\/159400"}],"wp:attachment":[{"href":"https:\/\/www.intoscana.it\/it\/wp-json\/wp\/v2\/media?parent=228430"}],"wp:term":[{"taxonomy":"category","embeddable":true,"href":"https:\/\/www.intoscana.it\/it\/wp-json\/wp\/v2\/categories?post=228430"},{"taxonomy":"post_tag","embeddable":true,"href":"https:\/\/www.intoscana.it\/it\/wp-json\/wp\/v2\/tags?post=228430"}],"curies":[{"name":"wp","href":"https:\/\/api.w.org\/{rel}","templated":true}]}}