{"id":228470,"date":"2022-05-13T17:44:04","date_gmt":"2022-05-13T15:44:04","guid":{"rendered":"https:\/\/www.intoscana.it\/it\/?p=228470"},"modified":"2022-05-24T12:07:02","modified_gmt":"2022-05-24T10:07:02","slug":"creativita-e-innovazione-idee-imprenditoriali-in-gara-per-il-concorso-primavera-dimpresa","status":"publish","type":"post","link":"https:\/\/www.intoscana.it\/it\/creativita-e-innovazione-idee-imprenditoriali-in-gara-per-il-concorso-primavera-dimpresa\/","title":{"rendered":"Creativit\u00e0 e innovazione, idee imprenditoriali in gara per il concorso &#8220;Primavera d&#8217;impresa&#8221;"},"content":{"rendered":"<p>Nuove sfide e nuovi scenari riaprono la competizione sui mercati e le imprese, dopo due anni di pandemia, si sono reiventate e riposizionate. \u00c8 su questo terreno che si gioca <strong>&#8220;Primavera d&#8217;impresa&#8221;<\/strong>, il consorso regionale organizzato dalla cooperativa <strong>Crisis<\/strong> che vuole premiare le idee pi\u00f9 innovative, che hanno fatto della creativit\u00e0 e della ricerca il loro valore. Protagoniste le micro, piccole e medie realt\u00e0 imprenditoriali toscane e i loro nuovi approcci al business con ricadute economiche e sociali anche sul territorio.<\/p>\n<p>Quest&#8217;anno, tra le novit\u00e0 pi\u00f9 attese, c&#8217;\u00e8\u00a0 il ritorno in presenza <mark>con la premiazione a Firenze, nell&#8217;evento conclusivo il 14 e 15 giugno al palazzo dei Congressi. Prima per\u00f2 c&#8217;\u00e8 la competizione vera e propria delle aziende. <a href=\"https:\/\/www.primaveraimpresa.it\/iscriviti\/\" target=\"_blank\" rel=\"noopener\">Le iscrizioni<\/a> sono aperte fino al 3 giugno.<\/mark><\/p>\n<p><em>\u201cDopo due anni di crisi pandemica siamo di fronte a una nuova primavera in cui nuove idee, imprese e progetti possono crescere&#8221;<\/em>, commenta <strong>Cristina Nati<\/strong>, presidente di Crisis. <em>\u201cIn questo quadro \u00e8 ancora pi\u00f9 necessario costruire luoghi nei quali impresa, ricerca e pubblici decisori s\u2019incontrino per elaborare progetti di sviluppo sostenibili economicamente, socialmente e ambientalmente, per creare sinergie e collaborazioni efficaci e concrete\u201d.<\/em><\/p>\n<h3><em>Il programma della due giorni di Firenze<\/em><\/h3>\n<p>Il 14 e il 15 giugno il programma prevede incontri diretti e formativi, con workshop che verteranno sui temi di ambiente, salute, turismo, innovazione tecnologica e lavoro, declinati in ottica di sostenibilit\u00e0 economica, ambientale e sociale. Nel pomeriggio del 15 giugno si svolger\u00e0 un incontro che vedr\u00e0 la partecipazione di enti, universit\u00e0, associazioni e ospiti nazionali, moderata da giornalisti coordinati dai direttori della testata \u201cStradenuove\u201d, <strong>Francesco Carrassi e Luca Telese<\/strong>.<\/p>\n<p>Verr\u00e0 allestita anche una <strong>mostra fotografica<\/strong>, organizzata dall\u2019Associazione 46\u00b0 Parallelo, con il supporto della Regione Toscana, con gli scatti di giovani fotografi emergenti che raccontano la \u201cRinascita dei Territori\u201d, attraverso immagini che ispirino positivit\u00e0 e sviluppo.<\/p>\n<figure id=\"post-228479 media-228479\" class=\"align-none\"><img decoding=\"async\" src=\"https:\/\/www.intoscana.it\/wp-content\/uploads\/Premiati-2019-ultima-edizione-in-presenza.jpeg\" alt=\"\" \/><\/figure>\n<div class=\"titleimg\" style=\"text-align: center;\"><em>L&#8217;edizione 2019<\/em><\/div>\n<h3><em>Il progetto &#8220;Primavera d&#8217;impresa&#8221;<\/em><\/h3>\n<p>Primavera d\u2019impresa \u00e8 nata nel 2017 con l\u2019obiettivo di creare una rete regionale tra pubblico e privato e\u00a0 far conoscere le migliori esperienze di lavoro, ricerca e innovazione presenti nel territorio, divulgare l\u2019innovazione e l\u2019impresa, premiando la creativit\u00e0 imprenditoriale. <mark>Nel tempo l\u2019iniziativa \u00e8 cresciuta ed \u00e8 diventata un network sempre pi\u00f9 esteso, passando dai 41 candidati e 11 partner della prima edizione del 2018, ai 128 candidati e 15 partners dell\u2019edizione 2020.<\/mark><\/p>\n<p>Nel 2021 causa Covid non \u00e8 stato svolto nessun evento in presenza, ma sono stati avviati webinar tematici e di formazione on line per imprese e professionisti, e pillole video delle aziende promosse su social e stampa online: sono state 450 aziende presenti nella piattaforma del network.<\/p>\n<p>Ad oggi la rete di Primavera d\u2019impresa conta <mark>580 aziende rappresentative di tutte le province toscane, pi\u00f9 il 5% di aziende fuori regione.<\/mark><\/p>\n<p>&nbsp;<\/p>\n","protected":false},"excerpt":{"rendered":"<p>Iscrizioni aperte fino al 3 giugno. Evento finale a Firenze con la premiazione il 14 e il 15 giugno: in programma incontri e seminari con istituzioni e enti<\/p>\n","protected":false},"author":545,"featured_media":228981,"comment_status":"open","ping_status":"open","sticky":false,"template":"","format":"standard","meta":{"_acf_changed":false,"footnotes":""},"categories":[9],"tags":[211,267,1635],"class_list":["post-228470","post","type-post","status-publish","format-standard","has-post-thumbnail","hentry","category-made-in-toscana","tag-economia","tag-imprese","tag-primavera-dimpresa"],"acf":[],"yoast_head":"<!-- This site is optimized with the Yoast SEO Premium plugin v24.2 (Yoast SEO v25.6) - https:\/\/yoast.com\/wordpress\/plugins\/seo\/ -->\n<title>Creativit\u00e0 e innovazione, idee imprenditoriali in gara per il concorso &quot;Primavera d&#039;impresa&quot; - intoscana<\/title>\n<meta name=\"description\" content=\"Iscrizioni aperte fino al 30 maggio. Evento finale a Firenze con la premiazione il 14 e il 15 giugno: in programma incontri e seminari con istituzioni e enti\" \/>\n<meta name=\"robots\" content=\"index, follow, max-snippet:-1, max-image-preview:large, max-video-preview:-1\" \/>\n<link rel=\"canonical\" href=\"https:\/\/www.intoscana.it\/it\/creativita-e-innovazione-idee-imprenditoriali-in-gara-per-il-concorso-primavera-dimpresa\/\" \/>\n<meta property=\"og:locale\" content=\"it_IT\" \/>\n<meta property=\"og:type\" content=\"article\" \/>\n<meta property=\"og:title\" content=\"Creativit\u00e0 e innovazione, idee imprenditoriali in gara per il concorso &quot;Primavera d&#039;impresa&quot;\" \/>\n<meta property=\"og:description\" content=\"Iscrizioni aperte fino al 30 maggio. Evento finale a Firenze con la premiazione il 14 e il 15 giugno: in programma incontri e seminari con istituzioni e enti\" \/>\n<meta property=\"og:url\" content=\"https:\/\/www.intoscana.it\/it\/creativita-e-innovazione-idee-imprenditoriali-in-gara-per-il-concorso-primavera-dimpresa\/\" \/>\n<meta property=\"og:site_name\" content=\"intoscana\" \/>\n<meta property=\"article:publisher\" content=\"https:\/\/www.facebook.com\/intoscana.it\" \/>\n<meta property=\"article:published_time\" content=\"2022-05-13T15:44:04+00:00\" \/>\n<meta property=\"article:modified_time\" content=\"2022-05-24T10:07:02+00:00\" \/>\n<meta property=\"og:image\" content=\"https:\/\/www.intoscana.it\/wp-content\/uploads\/shutterstock_315145430-scaled-e1652782320903.jpg\" \/>\n\t<meta property=\"og:image:width\" content=\"2048\" \/>\n\t<meta property=\"og:image:height\" content=\"844\" \/>\n\t<meta property=\"og:image:type\" content=\"image\/jpeg\" \/>\n<meta name=\"author\" content=\"Clara D&#039;Acunto\" \/>\n<meta name=\"twitter:card\" content=\"summary_large_image\" \/>\n<meta name=\"twitter:creator\" content=\"@intoscana\" \/>\n<meta name=\"twitter:site\" content=\"@intoscana\" \/>\n<meta name=\"twitter:label1\" content=\"Written by\" \/>\n\t<meta name=\"twitter:data1\" content=\"Clara D&#039;Acunto\" \/>\n\t<meta name=\"twitter:label2\" content=\"Est. reading time\" \/>\n\t<meta name=\"twitter:data2\" content=\"2 minuti\" \/>\n<script type=\"application\/ld+json\" class=\"yoast-schema-graph\">{\"@context\":\"https:\/\/schema.org\",\"@graph\":[{\"@type\":\"WebPage\",\"@id\":\"https:\/\/www.intoscana.it\/it\/creativita-e-innovazione-idee-imprenditoriali-in-gara-per-il-concorso-primavera-dimpresa\/\",\"url\":\"https:\/\/www.intoscana.it\/it\/creativita-e-innovazione-idee-imprenditoriali-in-gara-per-il-concorso-primavera-dimpresa\/\",\"name\":\"Creativit\u00e0 e innovazione, idee imprenditoriali in gara per il concorso \\\"Primavera d'impresa\\\" - intoscana\",\"isPartOf\":{\"@id\":\"https:\/\/www.intoscana.it\/it\/#website\"},\"primaryImageOfPage\":{\"@id\":\"https:\/\/www.intoscana.it\/it\/creativita-e-innovazione-idee-imprenditoriali-in-gara-per-il-concorso-primavera-dimpresa\/#primaryimage\"},\"image\":{\"@id\":\"https:\/\/www.intoscana.it\/it\/creativita-e-innovazione-idee-imprenditoriali-in-gara-per-il-concorso-primavera-dimpresa\/#primaryimage\"},\"thumbnailUrl\":\"https:\/\/www.intoscana.it\/wp-content\/uploads\/shutterstock_315145430-scaled-e1652782320903.jpg\",\"datePublished\":\"2022-05-13T15:44:04+00:00\",\"dateModified\":\"2022-05-24T10:07:02+00:00\",\"author\":{\"@id\":\"https:\/\/www.intoscana.it\/it\/#\/schema\/person\/137419af9ef5d385bde52864a841e6ce\"},\"description\":\"Iscrizioni aperte fino al 30 maggio. Evento finale a Firenze con la premiazione il 14 e il 15 giugno: in programma incontri e seminari con istituzioni e enti\",\"breadcrumb\":{\"@id\":\"https:\/\/www.intoscana.it\/it\/creativita-e-innovazione-idee-imprenditoriali-in-gara-per-il-concorso-primavera-dimpresa\/#breadcrumb\"},\"inLanguage\":\"it-IT\",\"potentialAction\":[{\"@type\":\"ReadAction\",\"target\":[\"https:\/\/www.intoscana.it\/it\/creativita-e-innovazione-idee-imprenditoriali-in-gara-per-il-concorso-primavera-dimpresa\/\"]}]},{\"@type\":\"ImageObject\",\"inLanguage\":\"it-IT\",\"@id\":\"https:\/\/www.intoscana.it\/it\/creativita-e-innovazione-idee-imprenditoriali-in-gara-per-il-concorso-primavera-dimpresa\/#primaryimage\",\"url\":\"https:\/\/www.intoscana.it\/wp-content\/uploads\/shutterstock_315145430-scaled-e1652782320903.jpg\",\"contentUrl\":\"https:\/\/www.intoscana.it\/wp-content\/uploads\/shutterstock_315145430-scaled-e1652782320903.jpg\",\"width\":2048,\"height\":844},{\"@type\":\"BreadcrumbList\",\"@id\":\"https:\/\/www.intoscana.it\/it\/creativita-e-innovazione-idee-imprenditoriali-in-gara-per-il-concorso-primavera-dimpresa\/#breadcrumb\",\"itemListElement\":[{\"@type\":\"ListItem\",\"position\":1,\"name\":\"Home\",\"item\":\"https:\/\/www.intoscana.it\/it\/\"},{\"@type\":\"ListItem\",\"position\":2,\"name\":\"Creativit\u00e0 e innovazione, idee imprenditoriali in gara per il concorso &#8220;Primavera d&#8217;impresa&#8221;\"}]},{\"@type\":\"WebSite\",\"@id\":\"https:\/\/www.intoscana.it\/it\/#website\",\"url\":\"https:\/\/www.intoscana.it\/it\/\",\"name\":\"intoscana\",\"description\":\"\",\"potentialAction\":[{\"@type\":\"SearchAction\",\"target\":{\"@type\":\"EntryPoint\",\"urlTemplate\":\"https:\/\/www.intoscana.it\/it\/?s={search_term_string}\"},\"query-input\":{\"@type\":\"PropertyValueSpecification\",\"valueRequired\":true,\"valueName\":\"search_term_string\"}}],\"inLanguage\":\"it-IT\"},{\"@type\":\"Person\",\"@id\":\"https:\/\/www.intoscana.it\/it\/#\/schema\/person\/137419af9ef5d385bde52864a841e6ce\",\"name\":\"Clara D'Acunto\",\"url\":\"https:\/\/www.intoscana.it\/it\/author\/clara-d_acunto\/\"}]}<\/script>\n<!-- \/ Yoast SEO Premium plugin. -->","yoast_head_json":{"title":"Creativit\u00e0 e innovazione, idee imprenditoriali in gara per il concorso \"Primavera d'impresa\" - intoscana","description":"Iscrizioni aperte fino al 30 maggio. Evento finale a Firenze con la premiazione il 14 e il 15 giugno: in programma incontri e seminari con istituzioni e enti","robots":{"index":"index","follow":"follow","max-snippet":"max-snippet:-1","max-image-preview":"max-image-preview:large","max-video-preview":"max-video-preview:-1"},"canonical":"https:\/\/www.intoscana.it\/it\/creativita-e-innovazione-idee-imprenditoriali-in-gara-per-il-concorso-primavera-dimpresa\/","og_locale":"it_IT","og_type":"article","og_title":"Creativit\u00e0 e innovazione, idee imprenditoriali in gara per il concorso \"Primavera d'impresa\"","og_description":"Iscrizioni aperte fino al 30 maggio. Evento finale a Firenze con la premiazione il 14 e il 15 giugno: in programma incontri e seminari con istituzioni e enti","og_url":"https:\/\/www.intoscana.it\/it\/creativita-e-innovazione-idee-imprenditoriali-in-gara-per-il-concorso-primavera-dimpresa\/","og_site_name":"intoscana","article_publisher":"https:\/\/www.facebook.com\/intoscana.it","article_published_time":"2022-05-13T15:44:04+00:00","article_modified_time":"2022-05-24T10:07:02+00:00","og_image":[{"width":2048,"height":844,"url":"https:\/\/www.intoscana.it\/wp-content\/uploads\/shutterstock_315145430-scaled-e1652782320903.jpg","type":"image\/jpeg"}],"author":"Clara D'Acunto","twitter_card":"summary_large_image","twitter_creator":"@intoscana","twitter_site":"@intoscana","twitter_misc":{"Written by":"Clara D'Acunto","Est. reading time":"2 minuti"},"schema":{"@context":"https:\/\/schema.org","@graph":[{"@type":"WebPage","@id":"https:\/\/www.intoscana.it\/it\/creativita-e-innovazione-idee-imprenditoriali-in-gara-per-il-concorso-primavera-dimpresa\/","url":"https:\/\/www.intoscana.it\/it\/creativita-e-innovazione-idee-imprenditoriali-in-gara-per-il-concorso-primavera-dimpresa\/","name":"Creativit\u00e0 e innovazione, idee imprenditoriali in gara per il concorso \"Primavera d'impresa\" - intoscana","isPartOf":{"@id":"https:\/\/www.intoscana.it\/it\/#website"},"primaryImageOfPage":{"@id":"https:\/\/www.intoscana.it\/it\/creativita-e-innovazione-idee-imprenditoriali-in-gara-per-il-concorso-primavera-dimpresa\/#primaryimage"},"image":{"@id":"https:\/\/www.intoscana.it\/it\/creativita-e-innovazione-idee-imprenditoriali-in-gara-per-il-concorso-primavera-dimpresa\/#primaryimage"},"thumbnailUrl":"https:\/\/www.intoscana.it\/wp-content\/uploads\/shutterstock_315145430-scaled-e1652782320903.jpg","datePublished":"2022-05-13T15:44:04+00:00","dateModified":"2022-05-24T10:07:02+00:00","author":{"@id":"https:\/\/www.intoscana.it\/it\/#\/schema\/person\/137419af9ef5d385bde52864a841e6ce"},"description":"Iscrizioni aperte fino al 30 maggio. Evento finale a Firenze con la premiazione il 14 e il 15 giugno: in programma incontri e seminari con istituzioni e enti","breadcrumb":{"@id":"https:\/\/www.intoscana.it\/it\/creativita-e-innovazione-idee-imprenditoriali-in-gara-per-il-concorso-primavera-dimpresa\/#breadcrumb"},"inLanguage":"it-IT","potentialAction":[{"@type":"ReadAction","target":["https:\/\/www.intoscana.it\/it\/creativita-e-innovazione-idee-imprenditoriali-in-gara-per-il-concorso-primavera-dimpresa\/"]}]},{"@type":"ImageObject","inLanguage":"it-IT","@id":"https:\/\/www.intoscana.it\/it\/creativita-e-innovazione-idee-imprenditoriali-in-gara-per-il-concorso-primavera-dimpresa\/#primaryimage","url":"https:\/\/www.intoscana.it\/wp-content\/uploads\/shutterstock_315145430-scaled-e1652782320903.jpg","contentUrl":"https:\/\/www.intoscana.it\/wp-content\/uploads\/shutterstock_315145430-scaled-e1652782320903.jpg","width":2048,"height":844},{"@type":"BreadcrumbList","@id":"https:\/\/www.intoscana.it\/it\/creativita-e-innovazione-idee-imprenditoriali-in-gara-per-il-concorso-primavera-dimpresa\/#breadcrumb","itemListElement":[{"@type":"ListItem","position":1,"name":"Home","item":"https:\/\/www.intoscana.it\/it\/"},{"@type":"ListItem","position":2,"name":"Creativit\u00e0 e innovazione, idee imprenditoriali in gara per il concorso &#8220;Primavera d&#8217;impresa&#8221;"}]},{"@type":"WebSite","@id":"https:\/\/www.intoscana.it\/it\/#website","url":"https:\/\/www.intoscana.it\/it\/","name":"intoscana","description":"","potentialAction":[{"@type":"SearchAction","target":{"@type":"EntryPoint","urlTemplate":"https:\/\/www.intoscana.it\/it\/?s={search_term_string}"},"query-input":{"@type":"PropertyValueSpecification","valueRequired":true,"valueName":"search_term_string"}}],"inLanguage":"it-IT"},{"@type":"Person","@id":"https:\/\/www.intoscana.it\/it\/#\/schema\/person\/137419af9ef5d385bde52864a841e6ce","name":"Clara D'Acunto","url":"https:\/\/www.intoscana.it\/it\/author\/clara-d_acunto\/"}]}},"_links":{"self":[{"href":"https:\/\/www.intoscana.it\/it\/wp-json\/wp\/v2\/posts\/228470","targetHints":{"allow":["GET"]}}],"collection":[{"href":"https:\/\/www.intoscana.it\/it\/wp-json\/wp\/v2\/posts"}],"about":[{"href":"https:\/\/www.intoscana.it\/it\/wp-json\/wp\/v2\/types\/post"}],"author":[{"embeddable":true,"href":"https:\/\/www.intoscana.it\/it\/wp-json\/wp\/v2\/users\/545"}],"replies":[{"embeddable":true,"href":"https:\/\/www.intoscana.it\/it\/wp-json\/wp\/v2\/comments?post=228470"}],"version-history":[{"count":0,"href":"https:\/\/www.intoscana.it\/it\/wp-json\/wp\/v2\/posts\/228470\/revisions"}],"wp:featuredmedia":[{"embeddable":true,"href":"https:\/\/www.intoscana.it\/it\/wp-json\/wp\/v2\/media\/228981"}],"wp:attachment":[{"href":"https:\/\/www.intoscana.it\/it\/wp-json\/wp\/v2\/media?parent=228470"}],"wp:term":[{"taxonomy":"category","embeddable":true,"href":"https:\/\/www.intoscana.it\/it\/wp-json\/wp\/v2\/categories?post=228470"},{"taxonomy":"post_tag","embeddable":true,"href":"https:\/\/www.intoscana.it\/it\/wp-json\/wp\/v2\/tags?post=228470"}],"curies":[{"name":"wp","href":"https:\/\/api.w.org\/{rel}","templated":true}]}}