{"id":228548,"date":"2022-05-14T11:12:59","date_gmt":"2022-05-14T09:12:59","guid":{"rendered":"https:\/\/www.intoscana.it\/it\/?p=228548"},"modified":"2022-05-14T11:12:59","modified_gmt":"2022-05-14T09:12:59","slug":"una-trentenne-alla-guida-del-consorzio-del-vino-orcia-e-giulitta-zamperini","status":"publish","type":"post","link":"https:\/\/www.intoscana.it\/it\/una-trentenne-alla-guida-del-consorzio-del-vino-orcia-e-giulitta-zamperini\/","title":{"rendered":"Una trentenne alla guida del Consorzio del vino Orcia: \u00e8 Giulitta Zamperini"},"content":{"rendered":"<p>Una giovane imprentitrice vinicola, classe 1990, guider\u00e0 per i prossimi tre anni il <strong>Consorzio del Vino Orcia<\/strong>. \u00c8 <strong>Giulitta Zamperini<\/strong>, gi\u00e0 vicepresidente nei due precedenti mandati, nominata dal nuovo consiglio di amministrazione. Al suo fianco ci saranno l\u2019ex presidente del Consorzio, <strong>Donatella Cinelli Colombini<\/strong>, e il gi\u00e0 vicepresidente <strong>Roberto Terzuoli<\/strong>.<\/p>\n<p>Zamperini, nata a Siena, ma cresciuta a San Quirico d&#8217;Orcia, \u00e8 perito chimico. <mark>L&#8217;amore per la terra e per il vino arrivano dal padre, Luca, che ha fondato l&#8217;azienda nel 1999. Nel 2011 Giulitta Zamperini \u00e8 stata tra i fondatori della delegazione Onav Siena della quale tutt&#8217;oggi fa parte.<\/mark><\/p>\n<h3><em>Gli obiettivi del Consorzio del &#8220;vino pi\u00f9 bello del mondo&#8221;<\/em><\/h3>\n<p>Crescita della denominazione in continuit\u00e0 con il lavoro svolto negli anni precedenti, \u00e8 questa la principale linea guida. Tra gli obiettivi illustrati dal nuovo presidente del Consorzio, c&#8217;\u00e8 prima di tutto la <mark>salvaguardia del paesaggio agricolo della Valdorcia, uno tra i pi\u00f9 belli del mondo, dove si registrano ogni anno in media circa 1,4 milioni di presenze turistiche, con un milione di escursionisti.<\/mark> Non a caso il 65% delle aziende vitivinicole dell\u2019Orcia Doc \u00e8 impegnata anche nell\u2019ospitalit\u00e0 con un agriturismo o un servizio di ristorazione.<\/p>\n<p>Tutte le attivit\u00e0 e le strutture sono inserite in un contesto unico al mondo, sito Unesco, un \u201cmuseo del paesaggio\u201d. <em>&#8220;Siamo stati i primi a coniare il termine &#8220;il vino pi\u00f9 bello del mondo&#8221; e da questo punto di vista siamo stati dei visionari che hanno per\u00f2 saputo cogliere l\u2019evoluzione di un territorio che negli ultimi trent\u2019anni si \u00e8 imposto agli occhi del mondo come meta sempre pi\u00f9 ambita dai turisti&#8221;<\/em>, commenta la neo presidente. Occorrer\u00e0 dunque <em>&#8220;rafforzare e consolidare il rapporto tra vino, paesaggio ed enoturismo perch\u00e9 essere parte di una Doc che si estende all\u2019interno di un sito Unesco \u00e8 un onore quanto un onere e proprio per questo motivo dovremo attivare azioni per intercettare i nuovi consumer che corrispondono al profilo degli <strong>&#8220;Orcia lovers&#8221;<\/strong> partendo dal potenziamento della sinergia tra cantine, strutture ricettive, produttori e, naturalmente, il Consorzio&#8221;.<\/em><\/p>\n<p>L\u2019Orcia Doc, secondo il nuovo Consiglio, deve ambire a diventare e ad essere percepita come <mark>l\u2019icona enologica del paesaggio simbolo della Toscana nel mondo. Sar\u00e0 portato avanti e a conclusione il progetto gi\u00e0 partito con la precedente amministrazione: inserire\u00a0 &#8220;Toscana&#8221; nell\u2019etichetta della Doc, per potenziare la riconoscibilit\u00e0 nei mercati esteri. Mentre, come obiettivo pi\u00f9 a lungo termine, sar\u00e0 a breve avviato il percorso per il passaggio da Doc a Docg.<\/mark><\/p>\n<h3><em>Il Consiglio di Amministrazione<\/em><\/h3>\n<p>Oltre che dalla presidente Giulitta Zamperini e dai Vicepresidenti Donatella Cinelli Colombini e Roberto Terzuoli, il nuovo cda \u00e8 composto da Elena Salviucci, Giovanna Santi, Gabriella Giannetti, Antonio Rovito, Pasquale Forte, Luca Mastrojanni, Giuseppe Basta, Angelo Capitoni. Nel ruolo di Segretario del Consorzio di tutela \u00e8 stato confermato Andrea Giorgi.<\/p>\n<figure id=\"post-228551 media-228551\" class=\"align-none\"><img decoding=\"async\" src=\"https:\/\/www.intoscana.it\/wp-content\/uploads\/bagnaia_panoramicavigna.jpg\" alt=\"\" \/><\/figure>\n<div class=\"titleimg\" style=\"text-align: center;\"><em>Consorzio vino orcia<\/em><\/div>\n<h3><em>I numeri della Doc<\/em><\/h3>\n<p>Nata nel febbraio del 2000, l\u2019<strong>Orcia Doc<\/strong> raccoglie nella sua area di produzione dodici comuni a sud di Siena: Buonconvento, Castiglione d\u2019Orcia, Pienza, Radicofani, San Quirico d\u2019Orcia, Trequanda, parte dei territori di Abbadia San Salvatore, Chianciano Terme, Montalcino, San Casciano dei Bagni, Sarteano e Torrita di Siena. Il disciplinare di produzione prevede la tipologia \u201cOrcia\u201d (uve rosse con almeno il 60% di Sangiovese), l\u2019\u201dOrcia Sangiovese\u201d (con almeno il 90% di Sangiovese) entrambe anche con la menzione Riserva in base a un prolungato invecchiamento (rispettivamente 24 e 30 mesi tra botte di legno e bottiglia).<\/p>\n<p>Fanno inoltre parte della Doc il bianco, il rosato e il Vin Santo. <mark>A oggi sono 153 gli ettari di vigneti dichiarati su un totale potenziale di 400 ettari. La produzione media annua si attesta intorno alle 255.631 bottiglie realizzate dalle circa 60 cantine nel territorio di cui oltre 30 socie del Consorzio di tutela<\/mark> che dal 2014 ha l\u2019incarico di vigilanza e promozione nei confronti di tutti i produttori della denominazione.<\/p>\n<p>Il Consorzio di tutela si occupa di promuovere la denominazione attraverso azioni varie, dal web alla segnaletica sul territorio, passando per incoming di giornalisti e buyers da tutto il mondo. Sono ormai di riferimento eventi territoriali tra cui proprio l\u2019<a href=\"https:\/\/www.intoscana.it\/it\/articolo\/orcia-wine-festival-promozione-turistica\/\" target=\"_blank\" rel=\"noopener\"><strong>Orcia Wine Festival<\/strong><\/a>.<\/p>\n<figure id=\"post-228552 media-228552\" class=\"align-none\"><img decoding=\"async\" src=\"https:\/\/www.intoscana.it\/wp-content\/uploads\/Rocca-dOrcia-vigne-lt.jpg\" alt=\"\" \/><\/figure>\n<div class=\"titleimg\" style=\"text-align: center;\"><em>Rocca d\u2019Orcia, vigne<\/em><\/div>\n","protected":false},"excerpt":{"rendered":"<p>Senese, perito chimico, succede a Donatella Cinelli Colombini (che resta vice). Tra gli obiettivi: promozione, rafforzare il rapporto con la vocazione turistica del territorio e il passaggio da Doc a Docg<\/p>\n","protected":false},"author":525,"featured_media":228550,"comment_status":"open","ping_status":"open","sticky":false,"template":"","format":"standard","meta":{"_acf_changed":false,"footnotes":""},"categories":[8],"tags":[5342,224],"class_list":["post-228548","post","type-post","status-publish","format-standard","has-post-thumbnail","hentry","category-enogastronomia","tag-val-dorcia","tag-vino"],"acf":[],"yoast_head":"<!-- This site is optimized with the Yoast SEO Premium plugin v24.2 (Yoast SEO v25.6) - https:\/\/yoast.com\/wordpress\/plugins\/seo\/ -->\n<title>Una trentenne alla guida del Consorzio del vino Orcia: \u00e8 Giulitta Zamperini - intoscana<\/title>\n<meta name=\"description\" content=\"Senese, perito chimico, succede a Donatella Cinelli Colombini (che resta vice). Tra gli obiettivi: promozione, rafforzare il rapporto con la vocazione turistica del territorio e il passaggio da Doc a Docg\" \/>\n<meta name=\"robots\" content=\"index, follow, max-snippet:-1, max-image-preview:large, max-video-preview:-1\" \/>\n<link rel=\"canonical\" href=\"https:\/\/www.intoscana.it\/it\/una-trentenne-alla-guida-del-consorzio-del-vino-orcia-e-giulitta-zamperini\/\" \/>\n<meta property=\"og:locale\" content=\"it_IT\" \/>\n<meta property=\"og:type\" content=\"article\" \/>\n<meta property=\"og:title\" content=\"Una trentenne alla guida del Consorzio del vino Orcia: \u00e8 Giulitta Zamperini\" \/>\n<meta property=\"og:description\" content=\"Senese, perito chimico, succede a Donatella Cinelli Colombini (che resta vice). Tra gli obiettivi: promozione, rafforzare il rapporto con la vocazione turistica del territorio e il passaggio da Doc a Docg\" \/>\n<meta property=\"og:url\" content=\"https:\/\/www.intoscana.it\/it\/una-trentenne-alla-guida-del-consorzio-del-vino-orcia-e-giulitta-zamperini\/\" \/>\n<meta property=\"og:site_name\" content=\"intoscana\" \/>\n<meta property=\"article:publisher\" content=\"https:\/\/www.facebook.com\/intoscana.it\" \/>\n<meta property=\"article:published_time\" content=\"2022-05-14T09:12:59+00:00\" \/>\n<meta property=\"og:image\" content=\"https:\/\/www.intoscana.it\/wp-content\/uploads\/Giulitta-Zamperini-e1652516686732.jpg\" \/>\n\t<meta property=\"og:image:width\" content=\"1200\" \/>\n\t<meta property=\"og:image:height\" content=\"1116\" \/>\n\t<meta property=\"og:image:type\" content=\"image\/jpeg\" \/>\n<meta name=\"author\" content=\"Redazione\" \/>\n<meta name=\"twitter:card\" content=\"summary_large_image\" \/>\n<meta name=\"twitter:creator\" content=\"@intoscana\" \/>\n<meta name=\"twitter:site\" content=\"@intoscana\" \/>\n<meta name=\"twitter:label1\" content=\"Written by\" \/>\n\t<meta name=\"twitter:data1\" content=\"Redazione\" \/>\n\t<meta name=\"twitter:label2\" content=\"Est. reading time\" \/>\n\t<meta name=\"twitter:data2\" content=\"3 minuti\" \/>\n<script type=\"application\/ld+json\" class=\"yoast-schema-graph\">{\"@context\":\"https:\/\/schema.org\",\"@graph\":[{\"@type\":\"WebPage\",\"@id\":\"https:\/\/www.intoscana.it\/it\/una-trentenne-alla-guida-del-consorzio-del-vino-orcia-e-giulitta-zamperini\/\",\"url\":\"https:\/\/www.intoscana.it\/it\/una-trentenne-alla-guida-del-consorzio-del-vino-orcia-e-giulitta-zamperini\/\",\"name\":\"Una trentenne alla guida del Consorzio del vino Orcia: \u00e8 Giulitta Zamperini - intoscana\",\"isPartOf\":{\"@id\":\"https:\/\/www.intoscana.it\/it\/#website\"},\"primaryImageOfPage\":{\"@id\":\"https:\/\/www.intoscana.it\/it\/una-trentenne-alla-guida-del-consorzio-del-vino-orcia-e-giulitta-zamperini\/#primaryimage\"},\"image\":{\"@id\":\"https:\/\/www.intoscana.it\/it\/una-trentenne-alla-guida-del-consorzio-del-vino-orcia-e-giulitta-zamperini\/#primaryimage\"},\"thumbnailUrl\":\"https:\/\/www.intoscana.it\/wp-content\/uploads\/Giulitta-Zamperini-e1652516686732.jpg\",\"datePublished\":\"2022-05-14T09:12:59+00:00\",\"author\":{\"@id\":\"https:\/\/www.intoscana.it\/it\/#\/schema\/person\/9223810753230f20bd670fdd322661f8\"},\"description\":\"Senese, perito chimico, succede a Donatella Cinelli Colombini (che resta vice). Tra gli obiettivi: promozione, rafforzare il rapporto con la vocazione turistica del territorio e il passaggio da Doc a Docg\",\"breadcrumb\":{\"@id\":\"https:\/\/www.intoscana.it\/it\/una-trentenne-alla-guida-del-consorzio-del-vino-orcia-e-giulitta-zamperini\/#breadcrumb\"},\"inLanguage\":\"it-IT\",\"potentialAction\":[{\"@type\":\"ReadAction\",\"target\":[\"https:\/\/www.intoscana.it\/it\/una-trentenne-alla-guida-del-consorzio-del-vino-orcia-e-giulitta-zamperini\/\"]}]},{\"@type\":\"ImageObject\",\"inLanguage\":\"it-IT\",\"@id\":\"https:\/\/www.intoscana.it\/it\/una-trentenne-alla-guida-del-consorzio-del-vino-orcia-e-giulitta-zamperini\/#primaryimage\",\"url\":\"https:\/\/www.intoscana.it\/wp-content\/uploads\/Giulitta-Zamperini-e1652516686732.jpg\",\"contentUrl\":\"https:\/\/www.intoscana.it\/wp-content\/uploads\/Giulitta-Zamperini-e1652516686732.jpg\",\"width\":1200,\"height\":1116},{\"@type\":\"BreadcrumbList\",\"@id\":\"https:\/\/www.intoscana.it\/it\/una-trentenne-alla-guida-del-consorzio-del-vino-orcia-e-giulitta-zamperini\/#breadcrumb\",\"itemListElement\":[{\"@type\":\"ListItem\",\"position\":1,\"name\":\"Home\",\"item\":\"https:\/\/www.intoscana.it\/it\/\"},{\"@type\":\"ListItem\",\"position\":2,\"name\":\"Una trentenne alla guida del Consorzio del vino Orcia: \u00e8 Giulitta Zamperini\"}]},{\"@type\":\"WebSite\",\"@id\":\"https:\/\/www.intoscana.it\/it\/#website\",\"url\":\"https:\/\/www.intoscana.it\/it\/\",\"name\":\"intoscana\",\"description\":\"\",\"potentialAction\":[{\"@type\":\"SearchAction\",\"target\":{\"@type\":\"EntryPoint\",\"urlTemplate\":\"https:\/\/www.intoscana.it\/it\/?s={search_term_string}\"},\"query-input\":{\"@type\":\"PropertyValueSpecification\",\"valueRequired\":true,\"valueName\":\"search_term_string\"}}],\"inLanguage\":\"it-IT\"},{\"@type\":\"Person\",\"@id\":\"https:\/\/www.intoscana.it\/it\/#\/schema\/person\/9223810753230f20bd670fdd322661f8\",\"name\":\"Redazione\",\"url\":\"https:\/\/www.intoscana.it\/it\/author\/redazione\/\"}]}<\/script>\n<!-- \/ Yoast SEO Premium plugin. -->","yoast_head_json":{"title":"Una trentenne alla guida del Consorzio del vino Orcia: \u00e8 Giulitta Zamperini - intoscana","description":"Senese, perito chimico, succede a Donatella Cinelli Colombini (che resta vice). Tra gli obiettivi: promozione, rafforzare il rapporto con la vocazione turistica del territorio e il passaggio da Doc a Docg","robots":{"index":"index","follow":"follow","max-snippet":"max-snippet:-1","max-image-preview":"max-image-preview:large","max-video-preview":"max-video-preview:-1"},"canonical":"https:\/\/www.intoscana.it\/it\/una-trentenne-alla-guida-del-consorzio-del-vino-orcia-e-giulitta-zamperini\/","og_locale":"it_IT","og_type":"article","og_title":"Una trentenne alla guida del Consorzio del vino Orcia: \u00e8 Giulitta Zamperini","og_description":"Senese, perito chimico, succede a Donatella Cinelli Colombini (che resta vice). Tra gli obiettivi: promozione, rafforzare il rapporto con la vocazione turistica del territorio e il passaggio da Doc a Docg","og_url":"https:\/\/www.intoscana.it\/it\/una-trentenne-alla-guida-del-consorzio-del-vino-orcia-e-giulitta-zamperini\/","og_site_name":"intoscana","article_publisher":"https:\/\/www.facebook.com\/intoscana.it","article_published_time":"2022-05-14T09:12:59+00:00","og_image":[{"width":1200,"height":1116,"url":"https:\/\/www.intoscana.it\/wp-content\/uploads\/Giulitta-Zamperini-e1652516686732.jpg","type":"image\/jpeg"}],"author":"Redazione","twitter_card":"summary_large_image","twitter_creator":"@intoscana","twitter_site":"@intoscana","twitter_misc":{"Written by":"Redazione","Est. reading time":"3 minuti"},"schema":{"@context":"https:\/\/schema.org","@graph":[{"@type":"WebPage","@id":"https:\/\/www.intoscana.it\/it\/una-trentenne-alla-guida-del-consorzio-del-vino-orcia-e-giulitta-zamperini\/","url":"https:\/\/www.intoscana.it\/it\/una-trentenne-alla-guida-del-consorzio-del-vino-orcia-e-giulitta-zamperini\/","name":"Una trentenne alla guida del Consorzio del vino Orcia: \u00e8 Giulitta Zamperini - intoscana","isPartOf":{"@id":"https:\/\/www.intoscana.it\/it\/#website"},"primaryImageOfPage":{"@id":"https:\/\/www.intoscana.it\/it\/una-trentenne-alla-guida-del-consorzio-del-vino-orcia-e-giulitta-zamperini\/#primaryimage"},"image":{"@id":"https:\/\/www.intoscana.it\/it\/una-trentenne-alla-guida-del-consorzio-del-vino-orcia-e-giulitta-zamperini\/#primaryimage"},"thumbnailUrl":"https:\/\/www.intoscana.it\/wp-content\/uploads\/Giulitta-Zamperini-e1652516686732.jpg","datePublished":"2022-05-14T09:12:59+00:00","author":{"@id":"https:\/\/www.intoscana.it\/it\/#\/schema\/person\/9223810753230f20bd670fdd322661f8"},"description":"Senese, perito chimico, succede a Donatella Cinelli Colombini (che resta vice). Tra gli obiettivi: promozione, rafforzare il rapporto con la vocazione turistica del territorio e il passaggio da Doc a Docg","breadcrumb":{"@id":"https:\/\/www.intoscana.it\/it\/una-trentenne-alla-guida-del-consorzio-del-vino-orcia-e-giulitta-zamperini\/#breadcrumb"},"inLanguage":"it-IT","potentialAction":[{"@type":"ReadAction","target":["https:\/\/www.intoscana.it\/it\/una-trentenne-alla-guida-del-consorzio-del-vino-orcia-e-giulitta-zamperini\/"]}]},{"@type":"ImageObject","inLanguage":"it-IT","@id":"https:\/\/www.intoscana.it\/it\/una-trentenne-alla-guida-del-consorzio-del-vino-orcia-e-giulitta-zamperini\/#primaryimage","url":"https:\/\/www.intoscana.it\/wp-content\/uploads\/Giulitta-Zamperini-e1652516686732.jpg","contentUrl":"https:\/\/www.intoscana.it\/wp-content\/uploads\/Giulitta-Zamperini-e1652516686732.jpg","width":1200,"height":1116},{"@type":"BreadcrumbList","@id":"https:\/\/www.intoscana.it\/it\/una-trentenne-alla-guida-del-consorzio-del-vino-orcia-e-giulitta-zamperini\/#breadcrumb","itemListElement":[{"@type":"ListItem","position":1,"name":"Home","item":"https:\/\/www.intoscana.it\/it\/"},{"@type":"ListItem","position":2,"name":"Una trentenne alla guida del Consorzio del vino Orcia: \u00e8 Giulitta Zamperini"}]},{"@type":"WebSite","@id":"https:\/\/www.intoscana.it\/it\/#website","url":"https:\/\/www.intoscana.it\/it\/","name":"intoscana","description":"","potentialAction":[{"@type":"SearchAction","target":{"@type":"EntryPoint","urlTemplate":"https:\/\/www.intoscana.it\/it\/?s={search_term_string}"},"query-input":{"@type":"PropertyValueSpecification","valueRequired":true,"valueName":"search_term_string"}}],"inLanguage":"it-IT"},{"@type":"Person","@id":"https:\/\/www.intoscana.it\/it\/#\/schema\/person\/9223810753230f20bd670fdd322661f8","name":"Redazione","url":"https:\/\/www.intoscana.it\/it\/author\/redazione\/"}]}},"_links":{"self":[{"href":"https:\/\/www.intoscana.it\/it\/wp-json\/wp\/v2\/posts\/228548","targetHints":{"allow":["GET"]}}],"collection":[{"href":"https:\/\/www.intoscana.it\/it\/wp-json\/wp\/v2\/posts"}],"about":[{"href":"https:\/\/www.intoscana.it\/it\/wp-json\/wp\/v2\/types\/post"}],"author":[{"embeddable":true,"href":"https:\/\/www.intoscana.it\/it\/wp-json\/wp\/v2\/users\/525"}],"replies":[{"embeddable":true,"href":"https:\/\/www.intoscana.it\/it\/wp-json\/wp\/v2\/comments?post=228548"}],"version-history":[{"count":0,"href":"https:\/\/www.intoscana.it\/it\/wp-json\/wp\/v2\/posts\/228548\/revisions"}],"wp:featuredmedia":[{"embeddable":true,"href":"https:\/\/www.intoscana.it\/it\/wp-json\/wp\/v2\/media\/228550"}],"wp:attachment":[{"href":"https:\/\/www.intoscana.it\/it\/wp-json\/wp\/v2\/media?parent=228548"}],"wp:term":[{"taxonomy":"category","embeddable":true,"href":"https:\/\/www.intoscana.it\/it\/wp-json\/wp\/v2\/categories?post=228548"},{"taxonomy":"post_tag","embeddable":true,"href":"https:\/\/www.intoscana.it\/it\/wp-json\/wp\/v2\/tags?post=228548"}],"curies":[{"name":"wp","href":"https:\/\/api.w.org\/{rel}","templated":true}]}}