{"id":228561,"date":"2022-05-14T13:01:59","date_gmt":"2022-05-14T11:01:59","guid":{"rendered":"https:\/\/www.intoscana.it\/it\/?p=228561"},"modified":"2022-05-16T12:27:45","modified_gmt":"2022-05-16T10:27:45","slug":"covid-2-091-nuovi-casi-calano-i-ricoveri-quattro-i-decessi","status":"publish","type":"post","link":"https:\/\/www.intoscana.it\/it\/covid-2-091-nuovi-casi-calano-i-ricoveri-quattro-i-decessi\/","title":{"rendered":"Covid, 2.091 nuovi casi:  calano i ricoveri, quattro i decessi"},"content":{"rendered":"<p>I nuovi casi positivi al <strong>Covid<\/strong> registrati nelle ultime 24 ore in Toscana sono 2.091 su 14.285 test di cui 2.418 tamponi molecolari e 11.867 test rapidi. Il tasso dei nuovi positivi \u00e8 14,64% (68,6% sulle prime diagnosi). <mark>L&#8217;et\u00e0 media dei 2.091 nuovi positivi odierni \u00e8 di 45 anni: 18% ha meno di 20 anni, 17% tra 20 e 39 anni, 30% tra 40 e 59 anni, 24% tra 60 e 79 anni, 9% ha 80 anni o pi\u00f9.<\/mark><\/p>\n<p>I <strong>ricoverati<\/strong> sono 432 (58 in meno rispetto a ieri), di cui 18 in terapia intensiva (1 in pi\u00f9). <mark>Oggi si registrano 4 nuovi decessi: 3 uomini e una donna con un&#8217;et\u00e0 media di 79,3 anni.<\/mark><\/p>\n<h3><em>I casi di positivit\u00e0 sul territorio<\/em><\/h3>\n<p>Sono 314.039 i casi complessivi ad oggi a Firenze (510 in pi\u00f9 rispetto a ieri), 77.657 a Prato (128 in pi\u00f9), 90.594 a Pistoia (134 in pi\u00f9), 55.382 a Massa-Carrara (125 in pi\u00f9), 118.333 a Lucca (231 in pi\u00f9), 129.566 a Pisa (246 in pi\u00f9), 100.143 a Livorno (204 in pi\u00f9), 103.112 ad Arezzo (192 in pi\u00f9), 79.225 a Siena (208 in pi\u00f9), 60.007 a Grosseto (113 in pi\u00f9).<\/p>\n<p>Complessivamente, 40.154 persone sono in <strong>isolamento<\/strong> a casa, poich\u00e9 presentano sintomi lievi che non richiedono cure ospedaliere, o risultano prive di sintomi (799 in pi\u00f9 rispetto a ieri, pi\u00f9 2%).<\/p>\n<p><mark>Sono 9.983 i deceduti dall&#8217;inizio dell&#8217;epidemia:<\/mark> 3.140 a Firenze, 831 a Prato, 893 a Pistoia, 650 a Massa Carrara, 934 a Lucca, 1.095 a Pisa, 730 a Livorno, 655 ad Arezzo, 532 a Siena, 387 a Grosseto, 136 persone sono decedute sul suolo toscano ma erano residenti fuori regione.<\/p>\n","protected":false},"excerpt":{"rendered":"<p>L&#8217;et\u00e0 media dei nuovi positivi \u00e8 di 45 anni. Oggi sono stati processati 14.285 tamponi<\/p>\n","protected":false},"author":525,"featured_media":222673,"comment_status":"open","ping_status":"open","sticky":false,"template":"","format":"standard","meta":{"_acf_changed":false,"footnotes":""},"categories":[494],"tags":[418],"class_list":["post-228561","post","type-post","status-publish","format-standard","has-post-thumbnail","hentry","category-attualita","tag-covid-19"],"acf":[],"yoast_head":"<!-- This site is optimized with the Yoast SEO Premium plugin v24.2 (Yoast SEO v25.6) - https:\/\/yoast.com\/wordpress\/plugins\/seo\/ -->\n<title>Covid, 2.091 nuovi casi: calano i ricoveri, quattro i decessi - intoscana<\/title>\n<meta name=\"description\" content=\"L&#039;et\u00e0 media dei nuovi positivi \u00e8 di 45 anni. Oggi sono stati processati 14.285 tamponi\" \/>\n<meta name=\"robots\" content=\"index, follow, max-snippet:-1, max-image-preview:large, max-video-preview:-1\" \/>\n<link rel=\"canonical\" href=\"https:\/\/www.intoscana.it\/it\/covid-2-091-nuovi-casi-calano-i-ricoveri-quattro-i-decessi\/\" \/>\n<meta property=\"og:locale\" content=\"it_IT\" \/>\n<meta property=\"og:type\" content=\"article\" \/>\n<meta property=\"og:title\" content=\"Covid, 2.091 nuovi casi: calano i ricoveri, quattro i decessi\" \/>\n<meta property=\"og:description\" content=\"L&#039;et\u00e0 media dei nuovi positivi \u00e8 di 45 anni. Oggi sono stati processati 14.285 tamponi\" \/>\n<meta property=\"og:url\" content=\"https:\/\/www.intoscana.it\/it\/covid-2-091-nuovi-casi-calano-i-ricoveri-quattro-i-decessi\/\" \/>\n<meta property=\"og:site_name\" content=\"intoscana\" \/>\n<meta property=\"article:publisher\" content=\"https:\/\/www.facebook.com\/intoscana.it\" \/>\n<meta property=\"article:published_time\" content=\"2022-05-14T11:01:59+00:00\" \/>\n<meta property=\"article:modified_time\" content=\"2022-05-16T10:27:45+00:00\" \/>\n<meta property=\"og:image\" content=\"https:\/\/www.intoscana.it\/wp-content\/uploads\/Ragazza-con-mascherina-Jan-Babora\u0301k-Unsplash.jpg\" \/>\n\t<meta property=\"og:image:width\" content=\"1920\" \/>\n\t<meta property=\"og:image:height\" content=\"1280\" \/>\n\t<meta property=\"og:image:type\" content=\"image\/jpeg\" \/>\n<meta name=\"author\" content=\"Redazione\" \/>\n<meta name=\"twitter:card\" content=\"summary_large_image\" \/>\n<meta name=\"twitter:creator\" content=\"@intoscana\" \/>\n<meta name=\"twitter:site\" content=\"@intoscana\" \/>\n<meta name=\"twitter:label1\" content=\"Written by\" \/>\n\t<meta name=\"twitter:data1\" content=\"Redazione\" \/>\n\t<meta name=\"twitter:label2\" content=\"Est. reading time\" \/>\n\t<meta name=\"twitter:data2\" content=\"1 minuto\" \/>\n<script type=\"application\/ld+json\" class=\"yoast-schema-graph\">{\"@context\":\"https:\/\/schema.org\",\"@graph\":[{\"@type\":\"WebPage\",\"@id\":\"https:\/\/www.intoscana.it\/it\/covid-2-091-nuovi-casi-calano-i-ricoveri-quattro-i-decessi\/\",\"url\":\"https:\/\/www.intoscana.it\/it\/covid-2-091-nuovi-casi-calano-i-ricoveri-quattro-i-decessi\/\",\"name\":\"Covid, 2.091 nuovi casi: calano i ricoveri, quattro i decessi - intoscana\",\"isPartOf\":{\"@id\":\"https:\/\/www.intoscana.it\/it\/#website\"},\"primaryImageOfPage\":{\"@id\":\"https:\/\/www.intoscana.it\/it\/covid-2-091-nuovi-casi-calano-i-ricoveri-quattro-i-decessi\/#primaryimage\"},\"image\":{\"@id\":\"https:\/\/www.intoscana.it\/it\/covid-2-091-nuovi-casi-calano-i-ricoveri-quattro-i-decessi\/#primaryimage\"},\"thumbnailUrl\":\"https:\/\/www.intoscana.it\/wp-content\/uploads\/Ragazza-con-mascherina-Jan-Babora\u0301k-Unsplash.jpg\",\"datePublished\":\"2022-05-14T11:01:59+00:00\",\"dateModified\":\"2022-05-16T10:27:45+00:00\",\"author\":{\"@id\":\"https:\/\/www.intoscana.it\/it\/#\/schema\/person\/9223810753230f20bd670fdd322661f8\"},\"description\":\"L'et\u00e0 media dei nuovi positivi \u00e8 di 45 anni. Oggi sono stati processati 14.285 tamponi\",\"breadcrumb\":{\"@id\":\"https:\/\/www.intoscana.it\/it\/covid-2-091-nuovi-casi-calano-i-ricoveri-quattro-i-decessi\/#breadcrumb\"},\"inLanguage\":\"it-IT\",\"potentialAction\":[{\"@type\":\"ReadAction\",\"target\":[\"https:\/\/www.intoscana.it\/it\/covid-2-091-nuovi-casi-calano-i-ricoveri-quattro-i-decessi\/\"]}]},{\"@type\":\"ImageObject\",\"inLanguage\":\"it-IT\",\"@id\":\"https:\/\/www.intoscana.it\/it\/covid-2-091-nuovi-casi-calano-i-ricoveri-quattro-i-decessi\/#primaryimage\",\"url\":\"https:\/\/www.intoscana.it\/wp-content\/uploads\/Ragazza-con-mascherina-Jan-Babora\u0301k-Unsplash.jpg\",\"contentUrl\":\"https:\/\/www.intoscana.it\/wp-content\/uploads\/Ragazza-con-mascherina-Jan-Babora\u0301k-Unsplash.jpg\",\"width\":1920,\"height\":1280},{\"@type\":\"BreadcrumbList\",\"@id\":\"https:\/\/www.intoscana.it\/it\/covid-2-091-nuovi-casi-calano-i-ricoveri-quattro-i-decessi\/#breadcrumb\",\"itemListElement\":[{\"@type\":\"ListItem\",\"position\":1,\"name\":\"Home\",\"item\":\"https:\/\/www.intoscana.it\/it\/\"},{\"@type\":\"ListItem\",\"position\":2,\"name\":\"Covid, 2.091 nuovi casi: calano i ricoveri, quattro i decessi\"}]},{\"@type\":\"WebSite\",\"@id\":\"https:\/\/www.intoscana.it\/it\/#website\",\"url\":\"https:\/\/www.intoscana.it\/it\/\",\"name\":\"intoscana\",\"description\":\"\",\"potentialAction\":[{\"@type\":\"SearchAction\",\"target\":{\"@type\":\"EntryPoint\",\"urlTemplate\":\"https:\/\/www.intoscana.it\/it\/?s={search_term_string}\"},\"query-input\":{\"@type\":\"PropertyValueSpecification\",\"valueRequired\":true,\"valueName\":\"search_term_string\"}}],\"inLanguage\":\"it-IT\"},{\"@type\":\"Person\",\"@id\":\"https:\/\/www.intoscana.it\/it\/#\/schema\/person\/9223810753230f20bd670fdd322661f8\",\"name\":\"Redazione\",\"url\":\"https:\/\/www.intoscana.it\/it\/author\/redazione\/\"}]}<\/script>\n<!-- \/ Yoast SEO Premium plugin. -->","yoast_head_json":{"title":"Covid, 2.091 nuovi casi: calano i ricoveri, quattro i decessi - intoscana","description":"L'et\u00e0 media dei nuovi positivi \u00e8 di 45 anni. Oggi sono stati processati 14.285 tamponi","robots":{"index":"index","follow":"follow","max-snippet":"max-snippet:-1","max-image-preview":"max-image-preview:large","max-video-preview":"max-video-preview:-1"},"canonical":"https:\/\/www.intoscana.it\/it\/covid-2-091-nuovi-casi-calano-i-ricoveri-quattro-i-decessi\/","og_locale":"it_IT","og_type":"article","og_title":"Covid, 2.091 nuovi casi: calano i ricoveri, quattro i decessi","og_description":"L'et\u00e0 media dei nuovi positivi \u00e8 di 45 anni. Oggi sono stati processati 14.285 tamponi","og_url":"https:\/\/www.intoscana.it\/it\/covid-2-091-nuovi-casi-calano-i-ricoveri-quattro-i-decessi\/","og_site_name":"intoscana","article_publisher":"https:\/\/www.facebook.com\/intoscana.it","article_published_time":"2022-05-14T11:01:59+00:00","article_modified_time":"2022-05-16T10:27:45+00:00","og_image":[{"width":1920,"height":1280,"url":"https:\/\/www.intoscana.it\/wp-content\/uploads\/Ragazza-con-mascherina-Jan-Babora\u0301k-Unsplash.jpg","type":"image\/jpeg"}],"author":"Redazione","twitter_card":"summary_large_image","twitter_creator":"@intoscana","twitter_site":"@intoscana","twitter_misc":{"Written by":"Redazione","Est. reading time":"1 minuto"},"schema":{"@context":"https:\/\/schema.org","@graph":[{"@type":"WebPage","@id":"https:\/\/www.intoscana.it\/it\/covid-2-091-nuovi-casi-calano-i-ricoveri-quattro-i-decessi\/","url":"https:\/\/www.intoscana.it\/it\/covid-2-091-nuovi-casi-calano-i-ricoveri-quattro-i-decessi\/","name":"Covid, 2.091 nuovi casi: calano i ricoveri, quattro i decessi - intoscana","isPartOf":{"@id":"https:\/\/www.intoscana.it\/it\/#website"},"primaryImageOfPage":{"@id":"https:\/\/www.intoscana.it\/it\/covid-2-091-nuovi-casi-calano-i-ricoveri-quattro-i-decessi\/#primaryimage"},"image":{"@id":"https:\/\/www.intoscana.it\/it\/covid-2-091-nuovi-casi-calano-i-ricoveri-quattro-i-decessi\/#primaryimage"},"thumbnailUrl":"https:\/\/www.intoscana.it\/wp-content\/uploads\/Ragazza-con-mascherina-Jan-Babora\u0301k-Unsplash.jpg","datePublished":"2022-05-14T11:01:59+00:00","dateModified":"2022-05-16T10:27:45+00:00","author":{"@id":"https:\/\/www.intoscana.it\/it\/#\/schema\/person\/9223810753230f20bd670fdd322661f8"},"description":"L'et\u00e0 media dei nuovi positivi \u00e8 di 45 anni. Oggi sono stati processati 14.285 tamponi","breadcrumb":{"@id":"https:\/\/www.intoscana.it\/it\/covid-2-091-nuovi-casi-calano-i-ricoveri-quattro-i-decessi\/#breadcrumb"},"inLanguage":"it-IT","potentialAction":[{"@type":"ReadAction","target":["https:\/\/www.intoscana.it\/it\/covid-2-091-nuovi-casi-calano-i-ricoveri-quattro-i-decessi\/"]}]},{"@type":"ImageObject","inLanguage":"it-IT","@id":"https:\/\/www.intoscana.it\/it\/covid-2-091-nuovi-casi-calano-i-ricoveri-quattro-i-decessi\/#primaryimage","url":"https:\/\/www.intoscana.it\/wp-content\/uploads\/Ragazza-con-mascherina-Jan-Babora\u0301k-Unsplash.jpg","contentUrl":"https:\/\/www.intoscana.it\/wp-content\/uploads\/Ragazza-con-mascherina-Jan-Babora\u0301k-Unsplash.jpg","width":1920,"height":1280},{"@type":"BreadcrumbList","@id":"https:\/\/www.intoscana.it\/it\/covid-2-091-nuovi-casi-calano-i-ricoveri-quattro-i-decessi\/#breadcrumb","itemListElement":[{"@type":"ListItem","position":1,"name":"Home","item":"https:\/\/www.intoscana.it\/it\/"},{"@type":"ListItem","position":2,"name":"Covid, 2.091 nuovi casi: calano i ricoveri, quattro i decessi"}]},{"@type":"WebSite","@id":"https:\/\/www.intoscana.it\/it\/#website","url":"https:\/\/www.intoscana.it\/it\/","name":"intoscana","description":"","potentialAction":[{"@type":"SearchAction","target":{"@type":"EntryPoint","urlTemplate":"https:\/\/www.intoscana.it\/it\/?s={search_term_string}"},"query-input":{"@type":"PropertyValueSpecification","valueRequired":true,"valueName":"search_term_string"}}],"inLanguage":"it-IT"},{"@type":"Person","@id":"https:\/\/www.intoscana.it\/it\/#\/schema\/person\/9223810753230f20bd670fdd322661f8","name":"Redazione","url":"https:\/\/www.intoscana.it\/it\/author\/redazione\/"}]}},"_links":{"self":[{"href":"https:\/\/www.intoscana.it\/it\/wp-json\/wp\/v2\/posts\/228561","targetHints":{"allow":["GET"]}}],"collection":[{"href":"https:\/\/www.intoscana.it\/it\/wp-json\/wp\/v2\/posts"}],"about":[{"href":"https:\/\/www.intoscana.it\/it\/wp-json\/wp\/v2\/types\/post"}],"author":[{"embeddable":true,"href":"https:\/\/www.intoscana.it\/it\/wp-json\/wp\/v2\/users\/525"}],"replies":[{"embeddable":true,"href":"https:\/\/www.intoscana.it\/it\/wp-json\/wp\/v2\/comments?post=228561"}],"version-history":[{"count":0,"href":"https:\/\/www.intoscana.it\/it\/wp-json\/wp\/v2\/posts\/228561\/revisions"}],"wp:featuredmedia":[{"embeddable":true,"href":"https:\/\/www.intoscana.it\/it\/wp-json\/wp\/v2\/media\/222673"}],"wp:attachment":[{"href":"https:\/\/www.intoscana.it\/it\/wp-json\/wp\/v2\/media?parent=228561"}],"wp:term":[{"taxonomy":"category","embeddable":true,"href":"https:\/\/www.intoscana.it\/it\/wp-json\/wp\/v2\/categories?post=228561"},{"taxonomy":"post_tag","embeddable":true,"href":"https:\/\/www.intoscana.it\/it\/wp-json\/wp\/v2\/tags?post=228561"}],"curies":[{"name":"wp","href":"https:\/\/api.w.org\/{rel}","templated":true}]}}