{"id":228601,"date":"2022-05-16T09:25:48","date_gmt":"2022-05-16T07:25:48","guid":{"rendered":"https:\/\/www.intoscana.it\/it\/?p=228601"},"modified":"2022-05-16T12:59:24","modified_gmt":"2022-05-16T10:59:24","slug":"litfiba-concerti-firenze-2022","status":"publish","type":"post","link":"https:\/\/www.intoscana.it\/it\/litfiba-concerti-firenze-2022\/","title":{"rendered":"I Litfiba salutano i fan con due concerti: il tour dell&#8217;addio arriva a Firenze"},"content":{"rendered":"<p>Sar\u00e0 davvero <em><strong>&#8220;L&#8217;ultimo girone&#8221;<\/strong><\/em> per i <strong>Litfiba<\/strong>? I concerti di<strong> luned\u00ec 16 e marted\u00ec 17<\/strong> <strong>maggio al Tuscany Hall a Firenze<\/strong> sar\u00e0 veramente l&#8217;ultima occasione per vedere <strong>Ghigo Renzulli e Piero\u00a0Pel\u00f9 insieme<\/strong> sul palco?<\/p>\n<p>Chi pu\u00f2 dirlo, intanto si prepara<strong> una grande festa d&#8217;addio<\/strong>\u00a0tappa immancabile di <strong>un tour gi\u00e0 tutto esaurito.<\/strong><\/p>\n<p>I <strong>Litfiba<\/strong> sono stati negli ultimi 40 anni <strong>la rock band pi\u00f9 longeva e tra le pi\u00f9 apprezzate del panorama musicale italiano.<\/strong><\/p>\n<p>Una storia fatta di <strong>10 milioni di copie vendute<\/strong> e migliaia di <strong>concerti in Italia, Europa e nel resto del mondo.<\/strong><\/p>\n<p>Pochi artisti, infatti, possono vantare di aver affrontato, con cos\u00ec grande successo e perseveranza, una gavetta e un percorso lungo e tortuoso come quello dei <strong>Litfiba,<\/strong> la band presente ancora oggi non solo nel cuore di centinaia di migliaia di fan ma anche nella<strong> hall of fame della musica italiana.<\/strong><\/p>\n<p>Nel 2022 <strong>Piero Pel\u00f9 e Ghigo Renzulli<\/strong>\u00a0in occasione dei<strong> 40 + 2 anni di vita dei Litfiba,<\/strong> porteranno in tour per l\u2019ultima volta la musica della band.<\/p>\n<p><em><strong>L\u2019ultimo girone<\/strong> <\/em>sar\u00e0 il tour d\u2019addio della band nata nell\u2019autunno del 1980 nell\u2019ormai mitica cantina di via de\u2019Bardi, a Firenze.<\/p>\n<p><strong>Piero e Ghigo hanno dichiarato:<\/strong> <em>\u201cCi sentiamo molto felici e appagati di quello che la musica ci ha regalato in tutti questi anni. Il modo migliore di salutarci \u00e8 sul palco e in una tourn\u00e9e che sar\u00e0 pazzesca. Ci vogliamo bene come fratelli, e litighiamo pure come fratelli\u201d.<\/em><\/p>\n<p>I Litfiba saranno accompagnati sul palco da: <strong>Luca \u201cLuc Mitraglia\u201d Martelli<\/strong> alla batteria,<strong> Fabrizio \u201cSimoncia\u201d Simoncioni<\/strong> alle tastiere e<strong> Dado \u201cBlack Dado\u201d Neri<\/strong> al basso.<\/p>\n<div class=\"titleimg\">\n<figure id=\"post-161028 media-161028\" class=\"align-none\"><img decoding=\"async\" src=\"https:\/\/www.intoscana.it\/wp-content\/uploads\/litfiba-anni-80.jpg\" alt=\"\" \/><\/figure>\n<div class=\"titleimg\"><em>Litfiba &#8211; \u00a9 www.litfiba.net<\/em><\/div>\n<\/div>\n<h3>Litfiba: un po&#8217; di storia<\/h3>\n<p>Nell\u2019o<strong>ttobre del 1980,<a href=\"https:\/\/www.intoscana.it\/it\/articolo\/litfiba-quelle-notti-nella-firenze-anni-80\/\" target=\"_blank\" rel=\"noopener\"> in Via de\u2019 Bardi a Firenze<\/a><\/strong>, in una fumosa e umida cantina adibita a sala prove, si formano i <strong>Litfiba.<\/strong><\/p>\n<p>Il loro nome \u00e8 un acronimo che unisce: <strong>LIT (L\u2019Italia) FI (Firenze) BA (Via de\u2019Bardi).<\/strong><\/p>\n<p>La formazione originale prevede:\u00a0<strong>Antonio Aiazzi<\/strong> (tastiere), <a href=\"https:\/\/www.intoscana.it\/it\/articolo\/ghigo-renzulli-litfiba-intervista\/\" target=\"_blank\" rel=\"noopener\"><strong>Federico \u201cGhigo\u201d Renzulli<\/strong><\/a> (chitarra), <strong>Francesco Calamai<\/strong> (Batteria),<strong>\u00a0Gianni Maroccolo<\/strong> (basso), <strong>Piero Pel\u00f9<\/strong> (voce).<\/p>\n<p>La data ufficiale del<strong> primo concerto dei Litfiba<\/strong> \u00e8 il <a href=\"https:\/\/www.intoscana.it\/it\/articolo\/litfiba-6-dicembre-1980\/\" target=\"_blank\" rel=\"noopener\"><strong>6 dicembre 1980, alla Rokkoteca Brighton,<\/strong><\/a> anche se qualcuno sostiene che sia l\u20198 dicembre 1980.\u00a0La musica proposta \u00e8 un <strong>post-punk con sfumature dark-wave.<\/strong><\/p>\n<p>Da allora i <strong>Litfiba cominciano a suonare in tutto il territorio italiano<\/strong> e nel giugno 1982 vincono il Festival Rock Italiano di Bologna presentando anche il loro primo EP autoprodotto <em><strong>\u201cGuerra\u201d<\/strong><\/em> (Maso Rec.)<\/p>\n<p>Nel 1983 esce il 45 giri <em><strong>\u201cLuna\/La preda\u201d<\/strong><\/em> (Fonit Cetra).<\/p>\n<p>Nell\u2019ottobre 1983 esce l\u2019album<em><strong> \u201cEneide di Krypton\u201d<\/strong><\/em> (Suono Rec.) colonna sonora dello spettacolo teatrale multimediale della compagnia Krypton, rappresentato in tutto il mondo compreso il <strong>MoMa di New York.<\/strong><\/p>\n<p>Sempre nello stesso periodo, <strong>Ringo de Palma prende il posto alla batteria di Renzo Franchi,<\/strong> che aveva gi\u00e0 sostituito Francesco Calamai.<\/p>\n<p><strong>Nel dicembre 1983 i Litfiba fanno la loro prima tourn\u00e9e all\u2019estero<\/strong> con una decina di date in Francia suonando anche al Festival Transmusicales di Rennes che li segnala al pubblico e alla critica francese. Da allora suoneranno all\u2019estero con la stessa frequenza che in Italia.<\/p>\n<p>Seguiranno nel 1984 <em><strong>\u201cYassassin&#8221;<\/strong><\/em>, poi<em><strong>\u00a0<a href=\"https:\/\/www.intoscana.it\/it\/articolo\/bruno-casini-i-litfiba-dalla-rokkoteca-brighton-ai-palchi-di-tutta-europa\/\" target=\"_blank\" rel=\"noopener\">\u201cLive in Berlin\u201d<\/a><\/strong><\/em> un tape registrato durante il concerto al Loft di Berlino.<\/p>\n<p>Nella primavera 1985 esce <em><strong>\u201cDesaparecido\u201d<\/strong><\/em> primo atto della <strong>trilogia dedicata alle vittime del potere,<\/strong> salutato dalla critica e dal pubblico come la pietra miliare del nuovo Rock italiano. Pubblicato dalla Sony Francia in una versione differente, seguir\u00e0 una lunga tourn\u00e9e tra Italia, Francia, Belgio, Svizzera, Spagna e Australia.<\/p>\n<p>Nella primavera del 1988 esce <em><strong>\u201cLitfiba 3\u201d<\/strong><\/em>\u00a0che segna un allargamento degli orizzonti musicali anche verso il rock latino e il blues, cui segui\u2019 un interminabile tour, compresa la Russia in tempi di Perestroika. Pubblicato in Francia sempre da Just\u2019ine Rec., segna la fine della <strong>\u201cTrilogia delle vittime del potere\u201d.<\/strong><\/p>\n<p><strong>Nell\u2019estate del 1989, si svolge l\u2019ultimo tour dei Litfiba con la formazione originaria<\/strong> (Aiazzi, Maroccolo, Pel\u00f9, Renzulli, Ringo de Palma); suonano anche al Festival di Nyon in Svizzera e al Festival Rock di Montreal in Canada.<\/p>\n<p><iframe loading=\"lazy\" title=\"YouTube video player\" src=\"https:\/\/www.youtube.com\/embed\/48vsxX-oqog\" width=\"800\" height=\"500\" frameborder=\"0\" allowfullscreen=\"allowfullscreen\"><span data-mce-type=\"bookmark\" style=\"display: inline-block; width: 0px; overflow: hidden; line-height: 0;\" class=\"mce_SELRES_start\">\ufeff<\/span><\/iframe><\/p>\n","protected":false},"excerpt":{"rendered":"<p>Luned\u00ec 16 e marted\u00ec 17 maggio due concerti al Tuscany Hall per &#8220;L&#8217;ultimo girone&#8221; Tour, Ghigo e Piero per l&#8217;ultima volta insieme sul palco<\/p>\n","protected":false},"author":518,"featured_media":228608,"comment_status":"open","ping_status":"open","sticky":false,"template":"","format":"standard","meta":{"_acf_changed":false,"footnotes":""},"categories":[14],"tags":[216,4474,202,5125],"class_list":["post-228601","post","type-post","status-publish","format-standard","has-post-thumbnail","hentry","category-musica","tag-concerti","tag-eventi","tag-firenze","tag-litfiba"],"acf":[],"yoast_head":"<!-- This site is optimized with the Yoast SEO Premium plugin v24.2 (Yoast SEO v25.6) - https:\/\/yoast.com\/wordpress\/plugins\/seo\/ -->\n<title>I Litfiba salutano i fan con due concerti: il tour dell&#039;addio arriva a Firenze - intoscana<\/title>\n<meta name=\"description\" content=\"Luned\u00ec 16 e marted\u00ec 17 maggio due concerti al Tuscany Hall per salutare per sempre i fan toscani con &quot;L&#039;ultimo girone&quot; Tour\" \/>\n<meta name=\"robots\" content=\"index, follow, max-snippet:-1, max-image-preview:large, max-video-preview:-1\" \/>\n<link rel=\"canonical\" href=\"https:\/\/www.intoscana.it\/it\/litfiba-concerti-firenze-2022\/\" \/>\n<meta property=\"og:locale\" content=\"it_IT\" \/>\n<meta property=\"og:type\" content=\"article\" \/>\n<meta property=\"og:title\" content=\"I Litfiba salutano i fan con due concerti: il tour dell&#039;addio arriva a Firenze\" \/>\n<meta property=\"og:description\" content=\"Luned\u00ec 16 e marted\u00ec 17 maggio due concerti al Tuscany Hall per salutare per sempre i fan toscani con &quot;L&#039;ultimo girone&quot; Tour\" \/>\n<meta property=\"og:url\" content=\"https:\/\/www.intoscana.it\/it\/litfiba-concerti-firenze-2022\/\" \/>\n<meta property=\"og:site_name\" content=\"intoscana\" \/>\n<meta property=\"article:publisher\" content=\"https:\/\/www.facebook.com\/intoscana.it\" \/>\n<meta property=\"article:published_time\" content=\"2022-05-16T07:25:48+00:00\" \/>\n<meta property=\"article:modified_time\" content=\"2022-05-16T10:59:24+00:00\" \/>\n<meta property=\"og:image\" content=\"https:\/\/www.intoscana.it\/wp-content\/uploads\/Litifba.jpg\" \/>\n\t<meta property=\"og:image:width\" content=\"907\" \/>\n\t<meta property=\"og:image:height\" content=\"596\" \/>\n\t<meta property=\"og:image:type\" content=\"image\/jpeg\" \/>\n<meta name=\"author\" content=\"Costanza Baldini\" \/>\n<meta name=\"twitter:card\" content=\"summary_large_image\" \/>\n<meta name=\"twitter:creator\" content=\"@intoscana\" \/>\n<meta name=\"twitter:site\" content=\"@intoscana\" \/>\n<meta name=\"twitter:label1\" content=\"Written by\" \/>\n\t<meta name=\"twitter:data1\" content=\"Costanza Baldini\" \/>\n\t<meta name=\"twitter:label2\" content=\"Est. reading time\" \/>\n\t<meta name=\"twitter:data2\" content=\"3 minuti\" \/>\n<script type=\"application\/ld+json\" class=\"yoast-schema-graph\">{\"@context\":\"https:\/\/schema.org\",\"@graph\":[{\"@type\":\"WebPage\",\"@id\":\"https:\/\/www.intoscana.it\/it\/litfiba-concerti-firenze-2022\/\",\"url\":\"https:\/\/www.intoscana.it\/it\/litfiba-concerti-firenze-2022\/\",\"name\":\"I Litfiba salutano i fan con due concerti: il tour dell'addio arriva a Firenze - intoscana\",\"isPartOf\":{\"@id\":\"https:\/\/www.intoscana.it\/it\/#website\"},\"primaryImageOfPage\":{\"@id\":\"https:\/\/www.intoscana.it\/it\/litfiba-concerti-firenze-2022\/#primaryimage\"},\"image\":{\"@id\":\"https:\/\/www.intoscana.it\/it\/litfiba-concerti-firenze-2022\/#primaryimage\"},\"thumbnailUrl\":\"https:\/\/www.intoscana.it\/wp-content\/uploads\/Litifba.jpg\",\"datePublished\":\"2022-05-16T07:25:48+00:00\",\"dateModified\":\"2022-05-16T10:59:24+00:00\",\"author\":{\"@id\":\"https:\/\/www.intoscana.it\/it\/#\/schema\/person\/d469f35f09739bdf00bf5dd3f0647a82\"},\"description\":\"Luned\u00ec 16 e marted\u00ec 17 maggio due concerti al Tuscany Hall per salutare per sempre i fan toscani con \\\"L'ultimo girone\\\" Tour\",\"breadcrumb\":{\"@id\":\"https:\/\/www.intoscana.it\/it\/litfiba-concerti-firenze-2022\/#breadcrumb\"},\"inLanguage\":\"it-IT\",\"potentialAction\":[{\"@type\":\"ReadAction\",\"target\":[\"https:\/\/www.intoscana.it\/it\/litfiba-concerti-firenze-2022\/\"]}]},{\"@type\":\"ImageObject\",\"inLanguage\":\"it-IT\",\"@id\":\"https:\/\/www.intoscana.it\/it\/litfiba-concerti-firenze-2022\/#primaryimage\",\"url\":\"https:\/\/www.intoscana.it\/wp-content\/uploads\/Litifba.jpg\",\"contentUrl\":\"https:\/\/www.intoscana.it\/wp-content\/uploads\/Litifba.jpg\",\"width\":907,\"height\":596},{\"@type\":\"BreadcrumbList\",\"@id\":\"https:\/\/www.intoscana.it\/it\/litfiba-concerti-firenze-2022\/#breadcrumb\",\"itemListElement\":[{\"@type\":\"ListItem\",\"position\":1,\"name\":\"Home\",\"item\":\"https:\/\/www.intoscana.it\/it\/\"},{\"@type\":\"ListItem\",\"position\":2,\"name\":\"I Litfiba salutano i fan con due concerti: il tour dell&#8217;addio arriva a Firenze\"}]},{\"@type\":\"WebSite\",\"@id\":\"https:\/\/www.intoscana.it\/it\/#website\",\"url\":\"https:\/\/www.intoscana.it\/it\/\",\"name\":\"intoscana\",\"description\":\"\",\"potentialAction\":[{\"@type\":\"SearchAction\",\"target\":{\"@type\":\"EntryPoint\",\"urlTemplate\":\"https:\/\/www.intoscana.it\/it\/?s={search_term_string}\"},\"query-input\":{\"@type\":\"PropertyValueSpecification\",\"valueRequired\":true,\"valueName\":\"search_term_string\"}}],\"inLanguage\":\"it-IT\"},{\"@type\":\"Person\",\"@id\":\"https:\/\/www.intoscana.it\/it\/#\/schema\/person\/d469f35f09739bdf00bf5dd3f0647a82\",\"name\":\"Costanza Baldini\",\"url\":\"https:\/\/www.intoscana.it\/it\/author\/costanza-baldini\/\"}]}<\/script>\n<!-- \/ Yoast SEO Premium plugin. -->","yoast_head_json":{"title":"I Litfiba salutano i fan con due concerti: il tour dell'addio arriva a Firenze - intoscana","description":"Luned\u00ec 16 e marted\u00ec 17 maggio due concerti al Tuscany Hall per salutare per sempre i fan toscani con \"L'ultimo girone\" Tour","robots":{"index":"index","follow":"follow","max-snippet":"max-snippet:-1","max-image-preview":"max-image-preview:large","max-video-preview":"max-video-preview:-1"},"canonical":"https:\/\/www.intoscana.it\/it\/litfiba-concerti-firenze-2022\/","og_locale":"it_IT","og_type":"article","og_title":"I Litfiba salutano i fan con due concerti: il tour dell'addio arriva a Firenze","og_description":"Luned\u00ec 16 e marted\u00ec 17 maggio due concerti al Tuscany Hall per salutare per sempre i fan toscani con \"L'ultimo girone\" Tour","og_url":"https:\/\/www.intoscana.it\/it\/litfiba-concerti-firenze-2022\/","og_site_name":"intoscana","article_publisher":"https:\/\/www.facebook.com\/intoscana.it","article_published_time":"2022-05-16T07:25:48+00:00","article_modified_time":"2022-05-16T10:59:24+00:00","og_image":[{"width":907,"height":596,"url":"https:\/\/www.intoscana.it\/wp-content\/uploads\/Litifba.jpg","type":"image\/jpeg"}],"author":"Costanza Baldini","twitter_card":"summary_large_image","twitter_creator":"@intoscana","twitter_site":"@intoscana","twitter_misc":{"Written by":"Costanza Baldini","Est. reading time":"3 minuti"},"schema":{"@context":"https:\/\/schema.org","@graph":[{"@type":"WebPage","@id":"https:\/\/www.intoscana.it\/it\/litfiba-concerti-firenze-2022\/","url":"https:\/\/www.intoscana.it\/it\/litfiba-concerti-firenze-2022\/","name":"I Litfiba salutano i fan con due concerti: il tour dell'addio arriva a Firenze - intoscana","isPartOf":{"@id":"https:\/\/www.intoscana.it\/it\/#website"},"primaryImageOfPage":{"@id":"https:\/\/www.intoscana.it\/it\/litfiba-concerti-firenze-2022\/#primaryimage"},"image":{"@id":"https:\/\/www.intoscana.it\/it\/litfiba-concerti-firenze-2022\/#primaryimage"},"thumbnailUrl":"https:\/\/www.intoscana.it\/wp-content\/uploads\/Litifba.jpg","datePublished":"2022-05-16T07:25:48+00:00","dateModified":"2022-05-16T10:59:24+00:00","author":{"@id":"https:\/\/www.intoscana.it\/it\/#\/schema\/person\/d469f35f09739bdf00bf5dd3f0647a82"},"description":"Luned\u00ec 16 e marted\u00ec 17 maggio due concerti al Tuscany Hall per salutare per sempre i fan toscani con \"L'ultimo girone\" Tour","breadcrumb":{"@id":"https:\/\/www.intoscana.it\/it\/litfiba-concerti-firenze-2022\/#breadcrumb"},"inLanguage":"it-IT","potentialAction":[{"@type":"ReadAction","target":["https:\/\/www.intoscana.it\/it\/litfiba-concerti-firenze-2022\/"]}]},{"@type":"ImageObject","inLanguage":"it-IT","@id":"https:\/\/www.intoscana.it\/it\/litfiba-concerti-firenze-2022\/#primaryimage","url":"https:\/\/www.intoscana.it\/wp-content\/uploads\/Litifba.jpg","contentUrl":"https:\/\/www.intoscana.it\/wp-content\/uploads\/Litifba.jpg","width":907,"height":596},{"@type":"BreadcrumbList","@id":"https:\/\/www.intoscana.it\/it\/litfiba-concerti-firenze-2022\/#breadcrumb","itemListElement":[{"@type":"ListItem","position":1,"name":"Home","item":"https:\/\/www.intoscana.it\/it\/"},{"@type":"ListItem","position":2,"name":"I Litfiba salutano i fan con due concerti: il tour dell&#8217;addio arriva a Firenze"}]},{"@type":"WebSite","@id":"https:\/\/www.intoscana.it\/it\/#website","url":"https:\/\/www.intoscana.it\/it\/","name":"intoscana","description":"","potentialAction":[{"@type":"SearchAction","target":{"@type":"EntryPoint","urlTemplate":"https:\/\/www.intoscana.it\/it\/?s={search_term_string}"},"query-input":{"@type":"PropertyValueSpecification","valueRequired":true,"valueName":"search_term_string"}}],"inLanguage":"it-IT"},{"@type":"Person","@id":"https:\/\/www.intoscana.it\/it\/#\/schema\/person\/d469f35f09739bdf00bf5dd3f0647a82","name":"Costanza Baldini","url":"https:\/\/www.intoscana.it\/it\/author\/costanza-baldini\/"}]}},"_links":{"self":[{"href":"https:\/\/www.intoscana.it\/it\/wp-json\/wp\/v2\/posts\/228601","targetHints":{"allow":["GET"]}}],"collection":[{"href":"https:\/\/www.intoscana.it\/it\/wp-json\/wp\/v2\/posts"}],"about":[{"href":"https:\/\/www.intoscana.it\/it\/wp-json\/wp\/v2\/types\/post"}],"author":[{"embeddable":true,"href":"https:\/\/www.intoscana.it\/it\/wp-json\/wp\/v2\/users\/518"}],"replies":[{"embeddable":true,"href":"https:\/\/www.intoscana.it\/it\/wp-json\/wp\/v2\/comments?post=228601"}],"version-history":[{"count":0,"href":"https:\/\/www.intoscana.it\/it\/wp-json\/wp\/v2\/posts\/228601\/revisions"}],"wp:featuredmedia":[{"embeddable":true,"href":"https:\/\/www.intoscana.it\/it\/wp-json\/wp\/v2\/media\/228608"}],"wp:attachment":[{"href":"https:\/\/www.intoscana.it\/it\/wp-json\/wp\/v2\/media?parent=228601"}],"wp:term":[{"taxonomy":"category","embeddable":true,"href":"https:\/\/www.intoscana.it\/it\/wp-json\/wp\/v2\/categories?post=228601"},{"taxonomy":"post_tag","embeddable":true,"href":"https:\/\/www.intoscana.it\/it\/wp-json\/wp\/v2\/tags?post=228601"}],"curies":[{"name":"wp","href":"https:\/\/api.w.org\/{rel}","templated":true}]}}