{"id":228685,"date":"2022-05-16T15:03:00","date_gmt":"2022-05-16T13:03:00","guid":{"rendered":"https:\/\/www.intoscana.it\/it\/?p=228685"},"modified":"2022-05-16T15:44:32","modified_gmt":"2022-05-16T13:44:32","slug":"riapre-bucolica-circolo-culturale-agricolo-che-proporra-100-eventi-per-100-giorni","status":"publish","type":"post","link":"https:\/\/www.intoscana.it\/it\/riapre-bucolica-circolo-culturale-agricolo-che-proporra-100-eventi-per-100-giorni\/","title":{"rendered":"Bucolica, 100 eventi in 100 giorni per il &#8220;circolo culturale agricolo&#8221;"},"content":{"rendered":"<p><strong>Biodiversit\u00e0, cultura e comunit\u00e0<\/strong> sono le parole d&#8217;ordine di <a href=\"https:\/\/www.bucolica.farm\" target=\"_blank\" rel=\"noopener\"><strong>Bucolica<\/strong><\/a> la fattoria aperta in piena pandemia nel 2020 dai<strong> fratelli Riccardo e Filippo Zammarchi<\/strong>\u00a0a <strong>Lastra a Signa<\/strong> per <strong>unire agricoltura e cultura.<\/strong><\/p>\n<p>Per la terza stagione consecutiva <strong>Bucolica apre le sue porte a tutti<\/strong>\u00a0e lo fa con un programma di <strong>oltre 100 attivit\u00e0 culturali<\/strong>\u00a0<strong>per 100 giorni<\/strong> pensate per promuovere i suoi valori e far stare insieme le persone.<\/p>\n<p>La stagione prende il via\u00a0<strong>mercoled\u00ec 18 maggio<em> \u201cA cena con Ginevra e Margherita\u201d<\/em><\/strong>: un omaggio a <strong>Margherita Hack<\/strong> nell&#8217;anno del suo centenario, in compagnia di <strong>Ginevra Di Marco, Francesco Magnelli e Andrea Salvadori,<\/strong> artisti che con la celebre astrofisica hanno condiviso lo spettacolo<em><strong> &#8220;L\u2019anima della terra vista dalle stelle\u201d,<\/strong><\/em> per anni in giro per l&#8217;Italia. Per l&#8217;occasione sar\u00e0 proiettato l&#8217;omonimo docufilm liberamente ispirato allo spettacolo (info e prenotazioni evento 366 9793632).<\/p>\n<figure id=\"post-98188 media-98188\" class=\"align-none\"><img decoding=\"async\" src=\"https:\/\/www.intoscana.it\/wp-content\/uploads\/ginevra-di-marco-3.jpg\" alt=\"\" \/><\/figure>\n<div class=\"titleimg\"><em>Ginevra di Marco<\/em><\/div>\n<p>Durante l&#8217;<strong>estate 2022<\/strong> ci sar\u00e0 spazio per le <strong>tradizioni popolari toscane,<\/strong> con balli, canzoni e ottava rima; per lo <strong>yoga e benessere,<\/strong> con yoga nell\u2019oliveta, nindra, meditazione, biodanza, bagno sonoro e automassaggio; alle<strong> attivit\u00e0 bambini in fattoria<\/strong>, con i centri estivi, l&#8217;inglese nell\u2019orto, i laboratori con l\u2019agronomo e gli incontri di avvicinamento al mondo dei cani.<\/p>\n<p>Senza dimenticare<strong> il trekking immersi nella natura alla scoperta delle colline di Lastra a Signa<\/strong>, con passeggiate cinofile, ascolto e riconoscimento del canto degli uccelli o delle impronte degli animali selvatici. Spazio inoltre ai workshop di erboristeria, al teatro in natura e alle<strong> visite in apiario:<\/strong> per capire un tassello fondamentale dell&#8217;ecosistema in cui viviamo.<\/p>\n<p>Ogni gioved\u00ec si terr\u00e0<strong> Talk &amp; Taste<\/strong>: qui si parler\u00e0 di agricoltura e comunit\u00e0, tra degustazioni e presentazioni. Per conoscere le persone con cui collabora Bucolica; <strong>i piccoli produttori<\/strong>, colleghi che portano avanti un\u2019idea di fare agricoltura con la stessa attenzione per la natura e dimensione sociale.<\/p>\n<p>Si parte <strong>gioved\u00ec 19 maggio<\/strong> con la presentazione del <strong>Bucolica Summer Camp<\/strong> assieme a Centro Allenamente, Associazione Daimon, Pippolo Music School e Helen Doron Lastra a Signa.<\/p>\n<p><strong>Gioved\u00ec 26 maggio<\/strong> invece sar\u00e0 il turno della birra realizzata dal <strong>Birrificio Agricolo Rasinia<\/strong> con i Grani Antichi coltivati nei terreni di Bucolica.<\/p>\n<figure id=\"post-228659 media-228659\" class=\"align-none\"><img decoding=\"async\" src=\"https:\/\/www.intoscana.it\/wp-content\/uploads\/Bucolica.jpg\" alt=\"\" \/><\/figure>\n<h3>A Bucolica si cucina con il cuore<\/h3>\n<p>Al <strong>\u201cBar agricolo\u201d\u00a0a chilometro zero<\/strong> sono presenti prodotti da bere e da mangiare: dalla stessa fattoria, da cantine di Lastra a Signa o da altri piccoli produttori agricoli in giro per la Toscana.<\/p>\n<p><strong>Lo Spritz \u00e8 fatto con uno sciroppo agro di finocchietto<\/strong> e susine selvatiche raccolte nei terreni di Bucolica, <strong>il vino-spumante proviene da vigne che si trovano nella collina accanto.<\/strong><\/p>\n<p><strong>Tutti i cocktails sono fatti con sciroppi, miele, liquori e botaniche coltivate a <a href=\"https:\/\/www.bucolica.farm\" target=\"_blank\" rel=\"noopener\">Bucolica<\/a>.<\/strong> La piccola selezione di vini naturali \u00e8 tutta locale, dal comune di Lastra a Signa, tutto a meno di 10 Km di distanza. Al circolo non troverete patatine fritte in busta ma ceci croccanti dell\u2019ultimo raccolto, bastoncini piccanti fatti con un prodotto di recupero come la crusca di grani antichi o sottoli con le olive e fave scottate dall&#8217;orto.<\/p>\n<p>Al posto della coca-cola, ci sono<strong> infusi freschi con le erbe officinali o succhi di frutta con albicocche raccolte ad un migliaio di metri<\/strong> da dove vengono consumate. Anche il caff\u00e8 viene torrefatto in Toscana, dopo essere stato acquistato direttamente da un\u2019azienda agricola che gestisce in maniera socialmente responsabile una piantagione in Honduras.<\/p>\n<p><strong>Le schiacciate vengono realizzate con i grani antichi<\/strong> coltivati nei campi dell&#8217;azienda e vengono farcite con salumi igp, formaggi provenienti da caseifici agricoli e verdure dall&#8217;orto. Sono inoltre disponibili piatti freddi per una cena leggera, taglieri, primi con pasta fresca fatta in casa, gli ortaggi del mese, dolci con il miele e le confetture di frutta prodotte dall&#8217;azienda.<\/p>\n<p><em>\u201cNon ci sono chef in cucina, cercheremo di farvi sentire il sapore delle materie prime nella maniera pi\u00f9 sincera, semplice e naturale possibile \u2013<\/em><strong> ricordano Riccardo e Filippo Zammarchi<\/strong><em> &#8211; \u201cabbiamo selezionato vini prodotti ad una distanza massima di 6km da qui. I formaggi provengono da caseifici agricoli, fatti da famiglie di pastori che allevano direttamente i propri animali e trasformano solo il proprio latte. I maiali con cui sono fatti i salumi vengono da allevamenti allo stato brado e da alcuni presidi Slow Food. Dal Chianti, dal Mugello, dall\u2019Amiata, dalla Piana fiorentina, dalla Val di Sieve e dalle Balze Volterrane. La scorsa stagione 4000 persone sono passate a trovarci e hanno consumato una tonnellata e mezzo di cibo prodotto da noi in maniera naturale nel raggio di 100 metri, 1000 litri di vino e 400 kg fra formaggi e salumi da piccoli produttori locali. Ci piace l&#8217;idea di aver contribuito a creare, nel nostro piccolo, un indotto in grado di valorizzare quello in cui crediamo\u201d.<\/em><\/p>\n<p>Negli spazi di <strong>Bucolica<\/strong> presente anche <strong>uno spaccio agricolo, dove poter acquistare le le eccedenze<\/strong>\u00a0<strong>dell&#8217;azienda <\/strong>come <strong>farina e birra di grani antichi, pasta<\/strong> ad essiccazione naturale, <strong>miele, marmellate, uova, bottarga di gallina, biscotti di grani antichi all&#8217;olio e vino rosso<\/strong>, erbe aromatiche, idromele.<\/p>\n","protected":false},"excerpt":{"rendered":"<p>La terza stagione di &#8220;Open Farm&#8221; prender\u00e0 il via il 18 maggio e sar\u00e0 aperta ogni settimana, dal mercoled\u00ec alla domenica, dalle 16 alla mezzanotte<\/p>\n","protected":false},"author":518,"featured_media":228657,"comment_status":"open","ping_status":"open","sticky":false,"template":"","format":"standard","meta":{"_acf_changed":false,"footnotes":""},"categories":[493],"tags":[5993,5465,194],"class_list":["post-228685","post","type-post","status-publish","format-standard","has-post-thumbnail","hentry","category-cultura","tag-agricoltura-bio","tag-agricoltura-innovativa","tag-aziende"],"acf":[],"yoast_head":"<!-- This site is optimized with the Yoast SEO Premium plugin v24.2 (Yoast SEO v25.6) - https:\/\/yoast.com\/wordpress\/plugins\/seo\/ -->\n<title>Bucolica, 100 eventi in 100 giorni per il &quot;circolo culturale agricolo&quot; - intoscana<\/title>\n<meta name=\"description\" content=\"La terza stagione di Open Farm prender\u00e0 il via il 18 maggio e sar\u00e0 aperta ogni settimana, dal mercoled\u00ec alla domenica, dalle 16 a mezzanotte\" \/>\n<meta name=\"robots\" content=\"index, follow, max-snippet:-1, max-image-preview:large, max-video-preview:-1\" \/>\n<link rel=\"canonical\" href=\"https:\/\/www.intoscana.it\/it\/riapre-bucolica-circolo-culturale-agricolo-che-proporra-100-eventi-per-100-giorni\/\" \/>\n<meta property=\"og:locale\" content=\"it_IT\" \/>\n<meta property=\"og:type\" content=\"article\" \/>\n<meta property=\"og:title\" content=\"Bucolica, 100 eventi in 100 giorni per il &quot;circolo culturale agricolo&quot;\" \/>\n<meta property=\"og:description\" content=\"La terza stagione di Open Farm prender\u00e0 il via il 18 maggio e sar\u00e0 aperta ogni settimana, dal mercoled\u00ec alla domenica, dalle 16 a mezzanotte\" \/>\n<meta property=\"og:url\" content=\"https:\/\/www.intoscana.it\/it\/riapre-bucolica-circolo-culturale-agricolo-che-proporra-100-eventi-per-100-giorni\/\" \/>\n<meta property=\"og:site_name\" content=\"intoscana\" \/>\n<meta property=\"article:publisher\" content=\"https:\/\/www.facebook.com\/intoscana.it\" \/>\n<meta property=\"article:published_time\" content=\"2022-05-16T13:03:00+00:00\" \/>\n<meta property=\"article:modified_time\" content=\"2022-05-16T13:44:32+00:00\" \/>\n<meta property=\"og:image\" content=\"https:\/\/www.intoscana.it\/wp-content\/uploads\/Bucolica-circolo-culturale-agricolo-Riccardo-Zammarchi-e-Filippo-Zammarchi.jpg\" \/>\n\t<meta property=\"og:image:width\" content=\"1157\" \/>\n\t<meta property=\"og:image:height\" content=\"1157\" \/>\n\t<meta property=\"og:image:type\" content=\"image\/jpeg\" \/>\n<meta name=\"author\" content=\"Costanza Baldini\" \/>\n<meta name=\"twitter:card\" content=\"summary_large_image\" \/>\n<meta name=\"twitter:creator\" content=\"@intoscana\" \/>\n<meta name=\"twitter:site\" content=\"@intoscana\" \/>\n<meta name=\"twitter:label1\" content=\"Written by\" \/>\n\t<meta name=\"twitter:data1\" content=\"Costanza Baldini\" \/>\n\t<meta name=\"twitter:label2\" content=\"Est. reading time\" \/>\n\t<meta name=\"twitter:data2\" content=\"4 minuti\" \/>\n<script type=\"application\/ld+json\" class=\"yoast-schema-graph\">{\"@context\":\"https:\/\/schema.org\",\"@graph\":[{\"@type\":\"WebPage\",\"@id\":\"https:\/\/www.intoscana.it\/it\/riapre-bucolica-circolo-culturale-agricolo-che-proporra-100-eventi-per-100-giorni\/\",\"url\":\"https:\/\/www.intoscana.it\/it\/riapre-bucolica-circolo-culturale-agricolo-che-proporra-100-eventi-per-100-giorni\/\",\"name\":\"Bucolica, 100 eventi in 100 giorni per il \\\"circolo culturale agricolo\\\" - intoscana\",\"isPartOf\":{\"@id\":\"https:\/\/www.intoscana.it\/it\/#website\"},\"primaryImageOfPage\":{\"@id\":\"https:\/\/www.intoscana.it\/it\/riapre-bucolica-circolo-culturale-agricolo-che-proporra-100-eventi-per-100-giorni\/#primaryimage\"},\"image\":{\"@id\":\"https:\/\/www.intoscana.it\/it\/riapre-bucolica-circolo-culturale-agricolo-che-proporra-100-eventi-per-100-giorni\/#primaryimage\"},\"thumbnailUrl\":\"https:\/\/www.intoscana.it\/wp-content\/uploads\/Bucolica-circolo-culturale-agricolo-Riccardo-Zammarchi-e-Filippo-Zammarchi.jpg\",\"datePublished\":\"2022-05-16T13:03:00+00:00\",\"dateModified\":\"2022-05-16T13:44:32+00:00\",\"author\":{\"@id\":\"https:\/\/www.intoscana.it\/it\/#\/schema\/person\/d469f35f09739bdf00bf5dd3f0647a82\"},\"description\":\"La terza stagione di Open Farm prender\u00e0 il via il 18 maggio e sar\u00e0 aperta ogni settimana, dal mercoled\u00ec alla domenica, dalle 16 a mezzanotte\",\"breadcrumb\":{\"@id\":\"https:\/\/www.intoscana.it\/it\/riapre-bucolica-circolo-culturale-agricolo-che-proporra-100-eventi-per-100-giorni\/#breadcrumb\"},\"inLanguage\":\"it-IT\",\"potentialAction\":[{\"@type\":\"ReadAction\",\"target\":[\"https:\/\/www.intoscana.it\/it\/riapre-bucolica-circolo-culturale-agricolo-che-proporra-100-eventi-per-100-giorni\/\"]}]},{\"@type\":\"ImageObject\",\"inLanguage\":\"it-IT\",\"@id\":\"https:\/\/www.intoscana.it\/it\/riapre-bucolica-circolo-culturale-agricolo-che-proporra-100-eventi-per-100-giorni\/#primaryimage\",\"url\":\"https:\/\/www.intoscana.it\/wp-content\/uploads\/Bucolica-circolo-culturale-agricolo-Riccardo-Zammarchi-e-Filippo-Zammarchi.jpg\",\"contentUrl\":\"https:\/\/www.intoscana.it\/wp-content\/uploads\/Bucolica-circolo-culturale-agricolo-Riccardo-Zammarchi-e-Filippo-Zammarchi.jpg\",\"width\":1157,\"height\":1157},{\"@type\":\"BreadcrumbList\",\"@id\":\"https:\/\/www.intoscana.it\/it\/riapre-bucolica-circolo-culturale-agricolo-che-proporra-100-eventi-per-100-giorni\/#breadcrumb\",\"itemListElement\":[{\"@type\":\"ListItem\",\"position\":1,\"name\":\"Home\",\"item\":\"https:\/\/www.intoscana.it\/it\/\"},{\"@type\":\"ListItem\",\"position\":2,\"name\":\"Bucolica, 100 eventi in 100 giorni per il &#8220;circolo culturale agricolo&#8221;\"}]},{\"@type\":\"WebSite\",\"@id\":\"https:\/\/www.intoscana.it\/it\/#website\",\"url\":\"https:\/\/www.intoscana.it\/it\/\",\"name\":\"intoscana\",\"description\":\"\",\"potentialAction\":[{\"@type\":\"SearchAction\",\"target\":{\"@type\":\"EntryPoint\",\"urlTemplate\":\"https:\/\/www.intoscana.it\/it\/?s={search_term_string}\"},\"query-input\":{\"@type\":\"PropertyValueSpecification\",\"valueRequired\":true,\"valueName\":\"search_term_string\"}}],\"inLanguage\":\"it-IT\"},{\"@type\":\"Person\",\"@id\":\"https:\/\/www.intoscana.it\/it\/#\/schema\/person\/d469f35f09739bdf00bf5dd3f0647a82\",\"name\":\"Costanza Baldini\",\"url\":\"https:\/\/www.intoscana.it\/it\/author\/costanza-baldini\/\"}]}<\/script>\n<!-- \/ Yoast SEO Premium plugin. -->","yoast_head_json":{"title":"Bucolica, 100 eventi in 100 giorni per il \"circolo culturale agricolo\" - intoscana","description":"La terza stagione di Open Farm prender\u00e0 il via il 18 maggio e sar\u00e0 aperta ogni settimana, dal mercoled\u00ec alla domenica, dalle 16 a mezzanotte","robots":{"index":"index","follow":"follow","max-snippet":"max-snippet:-1","max-image-preview":"max-image-preview:large","max-video-preview":"max-video-preview:-1"},"canonical":"https:\/\/www.intoscana.it\/it\/riapre-bucolica-circolo-culturale-agricolo-che-proporra-100-eventi-per-100-giorni\/","og_locale":"it_IT","og_type":"article","og_title":"Bucolica, 100 eventi in 100 giorni per il \"circolo culturale agricolo\"","og_description":"La terza stagione di Open Farm prender\u00e0 il via il 18 maggio e sar\u00e0 aperta ogni settimana, dal mercoled\u00ec alla domenica, dalle 16 a mezzanotte","og_url":"https:\/\/www.intoscana.it\/it\/riapre-bucolica-circolo-culturale-agricolo-che-proporra-100-eventi-per-100-giorni\/","og_site_name":"intoscana","article_publisher":"https:\/\/www.facebook.com\/intoscana.it","article_published_time":"2022-05-16T13:03:00+00:00","article_modified_time":"2022-05-16T13:44:32+00:00","og_image":[{"width":1157,"height":1157,"url":"https:\/\/www.intoscana.it\/wp-content\/uploads\/Bucolica-circolo-culturale-agricolo-Riccardo-Zammarchi-e-Filippo-Zammarchi.jpg","type":"image\/jpeg"}],"author":"Costanza Baldini","twitter_card":"summary_large_image","twitter_creator":"@intoscana","twitter_site":"@intoscana","twitter_misc":{"Written by":"Costanza Baldini","Est. reading time":"4 minuti"},"schema":{"@context":"https:\/\/schema.org","@graph":[{"@type":"WebPage","@id":"https:\/\/www.intoscana.it\/it\/riapre-bucolica-circolo-culturale-agricolo-che-proporra-100-eventi-per-100-giorni\/","url":"https:\/\/www.intoscana.it\/it\/riapre-bucolica-circolo-culturale-agricolo-che-proporra-100-eventi-per-100-giorni\/","name":"Bucolica, 100 eventi in 100 giorni per il \"circolo culturale agricolo\" - intoscana","isPartOf":{"@id":"https:\/\/www.intoscana.it\/it\/#website"},"primaryImageOfPage":{"@id":"https:\/\/www.intoscana.it\/it\/riapre-bucolica-circolo-culturale-agricolo-che-proporra-100-eventi-per-100-giorni\/#primaryimage"},"image":{"@id":"https:\/\/www.intoscana.it\/it\/riapre-bucolica-circolo-culturale-agricolo-che-proporra-100-eventi-per-100-giorni\/#primaryimage"},"thumbnailUrl":"https:\/\/www.intoscana.it\/wp-content\/uploads\/Bucolica-circolo-culturale-agricolo-Riccardo-Zammarchi-e-Filippo-Zammarchi.jpg","datePublished":"2022-05-16T13:03:00+00:00","dateModified":"2022-05-16T13:44:32+00:00","author":{"@id":"https:\/\/www.intoscana.it\/it\/#\/schema\/person\/d469f35f09739bdf00bf5dd3f0647a82"},"description":"La terza stagione di Open Farm prender\u00e0 il via il 18 maggio e sar\u00e0 aperta ogni settimana, dal mercoled\u00ec alla domenica, dalle 16 a mezzanotte","breadcrumb":{"@id":"https:\/\/www.intoscana.it\/it\/riapre-bucolica-circolo-culturale-agricolo-che-proporra-100-eventi-per-100-giorni\/#breadcrumb"},"inLanguage":"it-IT","potentialAction":[{"@type":"ReadAction","target":["https:\/\/www.intoscana.it\/it\/riapre-bucolica-circolo-culturale-agricolo-che-proporra-100-eventi-per-100-giorni\/"]}]},{"@type":"ImageObject","inLanguage":"it-IT","@id":"https:\/\/www.intoscana.it\/it\/riapre-bucolica-circolo-culturale-agricolo-che-proporra-100-eventi-per-100-giorni\/#primaryimage","url":"https:\/\/www.intoscana.it\/wp-content\/uploads\/Bucolica-circolo-culturale-agricolo-Riccardo-Zammarchi-e-Filippo-Zammarchi.jpg","contentUrl":"https:\/\/www.intoscana.it\/wp-content\/uploads\/Bucolica-circolo-culturale-agricolo-Riccardo-Zammarchi-e-Filippo-Zammarchi.jpg","width":1157,"height":1157},{"@type":"BreadcrumbList","@id":"https:\/\/www.intoscana.it\/it\/riapre-bucolica-circolo-culturale-agricolo-che-proporra-100-eventi-per-100-giorni\/#breadcrumb","itemListElement":[{"@type":"ListItem","position":1,"name":"Home","item":"https:\/\/www.intoscana.it\/it\/"},{"@type":"ListItem","position":2,"name":"Bucolica, 100 eventi in 100 giorni per il &#8220;circolo culturale agricolo&#8221;"}]},{"@type":"WebSite","@id":"https:\/\/www.intoscana.it\/it\/#website","url":"https:\/\/www.intoscana.it\/it\/","name":"intoscana","description":"","potentialAction":[{"@type":"SearchAction","target":{"@type":"EntryPoint","urlTemplate":"https:\/\/www.intoscana.it\/it\/?s={search_term_string}"},"query-input":{"@type":"PropertyValueSpecification","valueRequired":true,"valueName":"search_term_string"}}],"inLanguage":"it-IT"},{"@type":"Person","@id":"https:\/\/www.intoscana.it\/it\/#\/schema\/person\/d469f35f09739bdf00bf5dd3f0647a82","name":"Costanza Baldini","url":"https:\/\/www.intoscana.it\/it\/author\/costanza-baldini\/"}]}},"_links":{"self":[{"href":"https:\/\/www.intoscana.it\/it\/wp-json\/wp\/v2\/posts\/228685","targetHints":{"allow":["GET"]}}],"collection":[{"href":"https:\/\/www.intoscana.it\/it\/wp-json\/wp\/v2\/posts"}],"about":[{"href":"https:\/\/www.intoscana.it\/it\/wp-json\/wp\/v2\/types\/post"}],"author":[{"embeddable":true,"href":"https:\/\/www.intoscana.it\/it\/wp-json\/wp\/v2\/users\/518"}],"replies":[{"embeddable":true,"href":"https:\/\/www.intoscana.it\/it\/wp-json\/wp\/v2\/comments?post=228685"}],"version-history":[{"count":0,"href":"https:\/\/www.intoscana.it\/it\/wp-json\/wp\/v2\/posts\/228685\/revisions"}],"wp:featuredmedia":[{"embeddable":true,"href":"https:\/\/www.intoscana.it\/it\/wp-json\/wp\/v2\/media\/228657"}],"wp:attachment":[{"href":"https:\/\/www.intoscana.it\/it\/wp-json\/wp\/v2\/media?parent=228685"}],"wp:term":[{"taxonomy":"category","embeddable":true,"href":"https:\/\/www.intoscana.it\/it\/wp-json\/wp\/v2\/categories?post=228685"},{"taxonomy":"post_tag","embeddable":true,"href":"https:\/\/www.intoscana.it\/it\/wp-json\/wp\/v2\/tags?post=228685"}],"curies":[{"name":"wp","href":"https:\/\/api.w.org\/{rel}","templated":true}]}}