{"id":228840,"date":"2022-05-17T10:47:10","date_gmt":"2022-05-17T08:47:10","guid":{"rendered":"https:\/\/www.intoscana.it\/it\/?p=228840"},"modified":"2022-05-17T11:03:42","modified_gmt":"2022-05-17T09:03:42","slug":"giornata-contro-lomofobia-nardini-che-sia-lultimo-17-maggio-senza-una-legge-gli-eventi-in-toscana","status":"publish","type":"post","link":"https:\/\/www.intoscana.it\/it\/giornata-contro-lomofobia-nardini-che-sia-lultimo-17-maggio-senza-una-legge-gli-eventi-in-toscana\/","title":{"rendered":"Giornata contro l&#8217;omofobia, Nardini: &#8220;Che sia l&#8217;ultimo 17 maggio senza una legge&#8221;. Gli eventi in Toscana"},"content":{"rendered":"<p>Fino agli anni Novanta l&#8217;omosessualit\u00e0 era considerata addirittura una malattia mentale. Da allora di strada se ne \u00e8 fatta, certo, ma \u00e8 un percorso a ostacoli con un traguardo (soprattutto in italia) ancora lontano. Da fare ce ne \u00e8 ancora tanto. Ecco che la <strong>Giornata internazionale contro l&#8217;omofobia, la bifobia e transfobia<\/strong> del 17 maggio assume un significato sociale e civile importante.<\/p>\n<p>La <a href=\"https:\/\/may17.org\/\" target=\"_blank\" rel=\"noopener\">Giornata<\/a> \u00e8 riconosciuta dall&#8217;Onu e si festeggia in 130 paesi del mondo. Il tema scelto per il 2022 \u00e8 <strong>&#8220;<em>Our Bodies, Our Lives, Our Rights&#8221;<\/em><\/strong>, tradotto &#8220;I nostri corpi, le nostre vite, i nostri diritti&#8221;. Come spiega il comitato organizzatore, la scelta pu\u00f2 essere interpretata in diversi modi, <em>&#8220;dall&#8217;affermazione del diritto di esprimere liberamente la propria sessualit\u00e0 e il proprio genere alla condanna di ogni forma di violenza&#8221;<\/em>.<\/p>\n<h3><em>Il messaggio del presidente della Repubblica Sergio Mattarella<\/em><\/h3>\n<p>&#8220;<em>Questa Giornata internazionale chiede l&#8217;attenzione sulle violazioni alla dignit\u00e0 della persona motivate con orientamenti sessuali diversi dal proprio. <mark>Occorre educare a una cultura della non discriminazione, per costruire una comunit\u00e0 che metta al bando ogni forma di prevaricazione radicata nel rifiuto delle differenze. Il rispetto dei diritti di ogni persona, l&#8217;uguaglianza fra tutti i cittadini, sancita dalla nostra Costituzione e dagli ordinamenti internazionali che abbiamo fatto nostri, non sono derogabili&#8221;<\/em>,<\/mark> \u00e8 il messaggio del presidente Mattarella. <em>&#8220;Solidariet\u00e0 e responsabilit\u00e0<\/em> &#8211; prosegue il Capo dello Stato &#8211; <em>sono alla base della nostra comune convivenza. Solo la comprensione reciproca pu\u00f2 portare alla piena accettazione di tutto ci\u00f2 che \u00e8 &#8220;altro&#8221; da s\u00e9 e al riconoscimento di ciascuna individuali\u00e0. Il messaggio di questa giornata \u00e8 l&#8217;invito a rinnovare l&#8217;impegno al rispetto dell&#8217;altro e delle sue scelte: elementi alla base del vivere collettivo&#8221;.<\/em><\/p>\n<h3><em>L&#8217;impegno della Toscana<\/em><\/h3>\n<p><em>&#8220;Oggi, come ogni giorno, un messaggio forte e chiaro: combattiamo le discriminazioni per orientamento sessuale e identit\u00e0 di genere, costruiamo una societ\u00e0 di uguaglianza e diritti &#8211; <\/em>\u00e8 il messaggio dell&#8217;assessora alle pari opportinit\u00e0 della Regione Toscana <strong>Alessandra Nardini <\/strong>&#8211; <em>Che sia davvero l&#8217;ultimo 17 maggio senza una legge che ci renda, finalmente, un Paese pi\u00f9 civile. Contro gli stereotipi, contro ogni violenza, la Toscana \u00e8 di tutti\/e&#8221;<\/em>,<\/p>\n<p>Diversi gli appuntamenti in Toscana a cui parteciper\u00e0 l&#8217;assessora Nardini. La mattina a <strong>Fucecchio<\/strong>, un incontro con studentesse e studenti presso il Nuovo Cinema Teatro Pacini in piazza Montanelli con la testimonianza della professoressa Andrea Perinetti sulla sua esperienza di transizione.<br \/>\nA Firenze, alle 18.30, al Corner delle pari opportunit\u00e0 nel parco del San Donato a Novoli, il Comitato inter-ordinistico \u201cInsiemeperleprofessioni\u201d, nato per combattere tutte le discriminazioni nel mondo della professioni, invita ad un <em>\u201cmomento di riflessione contro omofobia, bifobia e transfobia\u201d<\/em>. E poco dopo, alle 19.30, sempre dal Parco di San Donato, partir\u00e0 \u201cStiaccia il pregiudizio\u201d, una <strong>passeggiata sui tacchi<\/strong> contro le le discriminazioni. La manifestazione \u00e8 organizzata da Arcigay Firenze Altre Sponde, insieme al Comune di Firenze e al Quartiere 5, Azione Gay e Lesbica, Agedo, UISP, e ha il Patrocinio della Regione Toscana. La camminata si snoder\u00e0 poi su via di Novoli, fino ad arrivare alla sede di Arcigay Firenze in via di Novoli 9r, presso il Circolo Arci.<\/p>\n<h3><em>Perch\u00e9 la Giornata \u00e8 proprio il 17 maggio?<\/em><\/h3>\n<p>La Giornata, nota con l&#8217;acronimo <strong>Idahobit<\/strong> di International Day Against Homophobia, Biphobia and Transphobia, \u00e8 stato pensata da Louis-Georges Tin, curatore del &#8220;Dictionnaire de l&#8217;homophobie&#8221;, per sensibilizzare l&#8217;attenzione di politici, opinion leader, movimenti sociali, pubblico e media sulle violenze e le discriminazioni subite dagli appartenenti alla comunit\u00e0 Lgbttqia+ in tutto il mondo.<\/p>\n<p><mark><\/mark> L&#8217;<strong>Unione Europea<\/strong> sostiene l&#8217;iniziativa dal 2007\u00a0 con la nota &#8220;Risoluzione del Parlamento europeo sull&#8217;omofobia in Europa&#8221; che, all&#8217;articolo 8, invita <em>&#8220;tutti gli Stati membri a proporre leggi che superino le discriminazioni subite da coppie dello stesso sesso e chiede alla Commissione di presentare proposte per garantire che il principio del riconoscimento reciproco sia applicato anche in questo settore al fine di garantire la libert\u00e0 di circolazione per tutte le persone nell&#8217;Unione europea senza discriminazioni&#8221;<\/em>.<\/p>\n","protected":false},"excerpt":{"rendered":"<p>In 130 paesi del mondo iniziative e momenti di riflessione contro la discriminazione di genere. Il messaggio del presidente Mattarella: &#8220;Il rispetto dei diritti e l&#8217;uguaglianza non sono derogabili&#8221;<\/p>\n","protected":false},"author":545,"featured_media":102330,"comment_status":"open","ping_status":"open","sticky":false,"template":"","format":"standard","meta":{"_acf_changed":false,"footnotes":""},"categories":[494],"tags":[6226,5449,5908],"class_list":["post-228840","post","type-post","status-publish","format-standard","has-post-thumbnail","hentry","category-attualita","tag-alessandra-nardini","tag-discriminazione","tag-omofobia"],"acf":[],"yoast_head":"<!-- This site is optimized with the Yoast SEO Premium plugin v24.2 (Yoast SEO v25.6) - https:\/\/yoast.com\/wordpress\/plugins\/seo\/ -->\n<title>Giornata contro l&#039;omofobia, Nardini: &quot;Che sia l&#039;ultimo 17 maggio senza una legge&quot;. Gli eventi in Toscana - intoscana<\/title>\n<meta name=\"description\" content=\"In 130 paesi del mondo iniziative e momenti di riflessione contro la discriminazione di genere. Il messaggio del presidente Mattarella: &quot;Il rispetto dei dirittti e l&#039;uguaglianza non sono derogabili&quot;\" \/>\n<meta name=\"robots\" content=\"index, follow, max-snippet:-1, max-image-preview:large, max-video-preview:-1\" \/>\n<link rel=\"canonical\" href=\"https:\/\/www.intoscana.it\/it\/giornata-contro-lomofobia-nardini-che-sia-lultimo-17-maggio-senza-una-legge-gli-eventi-in-toscana\/\" \/>\n<meta property=\"og:locale\" content=\"it_IT\" \/>\n<meta property=\"og:type\" content=\"article\" \/>\n<meta property=\"og:title\" content=\"Giornata contro l&#039;omofobia, Nardini: &quot;Che sia l&#039;ultimo 17 maggio senza una legge&quot;. Gli eventi in Toscana\" \/>\n<meta property=\"og:description\" content=\"In 130 paesi del mondo iniziative e momenti di riflessione contro la discriminazione di genere. Il messaggio del presidente Mattarella: &quot;Il rispetto dei dirittti e l&#039;uguaglianza non sono derogabili&quot;\" \/>\n<meta property=\"og:url\" content=\"https:\/\/www.intoscana.it\/it\/giornata-contro-lomofobia-nardini-che-sia-lultimo-17-maggio-senza-una-legge-gli-eventi-in-toscana\/\" \/>\n<meta property=\"og:site_name\" content=\"intoscana\" \/>\n<meta property=\"article:publisher\" content=\"https:\/\/www.facebook.com\/intoscana.it\" \/>\n<meta property=\"article:published_time\" content=\"2022-05-17T08:47:10+00:00\" \/>\n<meta property=\"article:modified_time\" content=\"2022-05-17T09:03:42+00:00\" \/>\n<meta property=\"og:image\" content=\"https:\/\/www.intoscana.it\/wp-content\/uploads\/premio-tesi-stereotipi-di-genere.jpg\" \/>\n\t<meta property=\"og:image:width\" content=\"1200\" \/>\n\t<meta property=\"og:image:height\" content=\"795\" \/>\n\t<meta property=\"og:image:type\" content=\"image\/jpeg\" \/>\n<meta name=\"author\" content=\"Clara D&#039;Acunto\" \/>\n<meta name=\"twitter:card\" content=\"summary_large_image\" \/>\n<meta name=\"twitter:creator\" content=\"@intoscana\" \/>\n<meta name=\"twitter:site\" content=\"@intoscana\" \/>\n<meta name=\"twitter:label1\" content=\"Written by\" \/>\n\t<meta name=\"twitter:data1\" content=\"Clara D&#039;Acunto\" \/>\n\t<meta name=\"twitter:label2\" content=\"Est. reading time\" \/>\n\t<meta name=\"twitter:data2\" content=\"3 minuti\" \/>\n<script type=\"application\/ld+json\" class=\"yoast-schema-graph\">{\"@context\":\"https:\/\/schema.org\",\"@graph\":[{\"@type\":\"WebPage\",\"@id\":\"https:\/\/www.intoscana.it\/it\/giornata-contro-lomofobia-nardini-che-sia-lultimo-17-maggio-senza-una-legge-gli-eventi-in-toscana\/\",\"url\":\"https:\/\/www.intoscana.it\/it\/giornata-contro-lomofobia-nardini-che-sia-lultimo-17-maggio-senza-una-legge-gli-eventi-in-toscana\/\",\"name\":\"Giornata contro l'omofobia, Nardini: \\\"Che sia l'ultimo 17 maggio senza una legge\\\". Gli eventi in Toscana - intoscana\",\"isPartOf\":{\"@id\":\"https:\/\/www.intoscana.it\/it\/#website\"},\"primaryImageOfPage\":{\"@id\":\"https:\/\/www.intoscana.it\/it\/giornata-contro-lomofobia-nardini-che-sia-lultimo-17-maggio-senza-una-legge-gli-eventi-in-toscana\/#primaryimage\"},\"image\":{\"@id\":\"https:\/\/www.intoscana.it\/it\/giornata-contro-lomofobia-nardini-che-sia-lultimo-17-maggio-senza-una-legge-gli-eventi-in-toscana\/#primaryimage\"},\"thumbnailUrl\":\"https:\/\/www.intoscana.it\/wp-content\/uploads\/premio-tesi-stereotipi-di-genere.jpg\",\"datePublished\":\"2022-05-17T08:47:10+00:00\",\"dateModified\":\"2022-05-17T09:03:42+00:00\",\"author\":{\"@id\":\"https:\/\/www.intoscana.it\/it\/#\/schema\/person\/137419af9ef5d385bde52864a841e6ce\"},\"description\":\"In 130 paesi del mondo iniziative e momenti di riflessione contro la discriminazione di genere. Il messaggio del presidente Mattarella: \\\"Il rispetto dei dirittti e l'uguaglianza non sono derogabili\\\"\",\"breadcrumb\":{\"@id\":\"https:\/\/www.intoscana.it\/it\/giornata-contro-lomofobia-nardini-che-sia-lultimo-17-maggio-senza-una-legge-gli-eventi-in-toscana\/#breadcrumb\"},\"inLanguage\":\"it-IT\",\"potentialAction\":[{\"@type\":\"ReadAction\",\"target\":[\"https:\/\/www.intoscana.it\/it\/giornata-contro-lomofobia-nardini-che-sia-lultimo-17-maggio-senza-una-legge-gli-eventi-in-toscana\/\"]}]},{\"@type\":\"ImageObject\",\"inLanguage\":\"it-IT\",\"@id\":\"https:\/\/www.intoscana.it\/it\/giornata-contro-lomofobia-nardini-che-sia-lultimo-17-maggio-senza-una-legge-gli-eventi-in-toscana\/#primaryimage\",\"url\":\"https:\/\/www.intoscana.it\/wp-content\/uploads\/premio-tesi-stereotipi-di-genere.jpg\",\"contentUrl\":\"https:\/\/www.intoscana.it\/wp-content\/uploads\/premio-tesi-stereotipi-di-genere.jpg\",\"width\":1200,\"height\":795,\"caption\":\"La Toscana premia le tesi contro gli stereotipi di genere\"},{\"@type\":\"BreadcrumbList\",\"@id\":\"https:\/\/www.intoscana.it\/it\/giornata-contro-lomofobia-nardini-che-sia-lultimo-17-maggio-senza-una-legge-gli-eventi-in-toscana\/#breadcrumb\",\"itemListElement\":[{\"@type\":\"ListItem\",\"position\":1,\"name\":\"Home\",\"item\":\"https:\/\/www.intoscana.it\/it\/\"},{\"@type\":\"ListItem\",\"position\":2,\"name\":\"Giornata contro l&#8217;omofobia, Nardini: &#8220;Che sia l&#8217;ultimo 17 maggio senza una legge&#8221;. Gli eventi in Toscana\"}]},{\"@type\":\"WebSite\",\"@id\":\"https:\/\/www.intoscana.it\/it\/#website\",\"url\":\"https:\/\/www.intoscana.it\/it\/\",\"name\":\"intoscana\",\"description\":\"\",\"potentialAction\":[{\"@type\":\"SearchAction\",\"target\":{\"@type\":\"EntryPoint\",\"urlTemplate\":\"https:\/\/www.intoscana.it\/it\/?s={search_term_string}\"},\"query-input\":{\"@type\":\"PropertyValueSpecification\",\"valueRequired\":true,\"valueName\":\"search_term_string\"}}],\"inLanguage\":\"it-IT\"},{\"@type\":\"Person\",\"@id\":\"https:\/\/www.intoscana.it\/it\/#\/schema\/person\/137419af9ef5d385bde52864a841e6ce\",\"name\":\"Clara D'Acunto\",\"url\":\"https:\/\/www.intoscana.it\/it\/author\/clara-d_acunto\/\"}]}<\/script>\n<!-- \/ Yoast SEO Premium plugin. -->","yoast_head_json":{"title":"Giornata contro l'omofobia, Nardini: \"Che sia l'ultimo 17 maggio senza una legge\". Gli eventi in Toscana - intoscana","description":"In 130 paesi del mondo iniziative e momenti di riflessione contro la discriminazione di genere. Il messaggio del presidente Mattarella: \"Il rispetto dei dirittti e l'uguaglianza non sono derogabili\"","robots":{"index":"index","follow":"follow","max-snippet":"max-snippet:-1","max-image-preview":"max-image-preview:large","max-video-preview":"max-video-preview:-1"},"canonical":"https:\/\/www.intoscana.it\/it\/giornata-contro-lomofobia-nardini-che-sia-lultimo-17-maggio-senza-una-legge-gli-eventi-in-toscana\/","og_locale":"it_IT","og_type":"article","og_title":"Giornata contro l'omofobia, Nardini: \"Che sia l'ultimo 17 maggio senza una legge\". Gli eventi in Toscana","og_description":"In 130 paesi del mondo iniziative e momenti di riflessione contro la discriminazione di genere. Il messaggio del presidente Mattarella: \"Il rispetto dei dirittti e l'uguaglianza non sono derogabili\"","og_url":"https:\/\/www.intoscana.it\/it\/giornata-contro-lomofobia-nardini-che-sia-lultimo-17-maggio-senza-una-legge-gli-eventi-in-toscana\/","og_site_name":"intoscana","article_publisher":"https:\/\/www.facebook.com\/intoscana.it","article_published_time":"2022-05-17T08:47:10+00:00","article_modified_time":"2022-05-17T09:03:42+00:00","og_image":[{"width":1200,"height":795,"url":"https:\/\/www.intoscana.it\/wp-content\/uploads\/premio-tesi-stereotipi-di-genere.jpg","type":"image\/jpeg"}],"author":"Clara D'Acunto","twitter_card":"summary_large_image","twitter_creator":"@intoscana","twitter_site":"@intoscana","twitter_misc":{"Written by":"Clara D'Acunto","Est. reading time":"3 minuti"},"schema":{"@context":"https:\/\/schema.org","@graph":[{"@type":"WebPage","@id":"https:\/\/www.intoscana.it\/it\/giornata-contro-lomofobia-nardini-che-sia-lultimo-17-maggio-senza-una-legge-gli-eventi-in-toscana\/","url":"https:\/\/www.intoscana.it\/it\/giornata-contro-lomofobia-nardini-che-sia-lultimo-17-maggio-senza-una-legge-gli-eventi-in-toscana\/","name":"Giornata contro l'omofobia, Nardini: \"Che sia l'ultimo 17 maggio senza una legge\". Gli eventi in Toscana - intoscana","isPartOf":{"@id":"https:\/\/www.intoscana.it\/it\/#website"},"primaryImageOfPage":{"@id":"https:\/\/www.intoscana.it\/it\/giornata-contro-lomofobia-nardini-che-sia-lultimo-17-maggio-senza-una-legge-gli-eventi-in-toscana\/#primaryimage"},"image":{"@id":"https:\/\/www.intoscana.it\/it\/giornata-contro-lomofobia-nardini-che-sia-lultimo-17-maggio-senza-una-legge-gli-eventi-in-toscana\/#primaryimage"},"thumbnailUrl":"https:\/\/www.intoscana.it\/wp-content\/uploads\/premio-tesi-stereotipi-di-genere.jpg","datePublished":"2022-05-17T08:47:10+00:00","dateModified":"2022-05-17T09:03:42+00:00","author":{"@id":"https:\/\/www.intoscana.it\/it\/#\/schema\/person\/137419af9ef5d385bde52864a841e6ce"},"description":"In 130 paesi del mondo iniziative e momenti di riflessione contro la discriminazione di genere. Il messaggio del presidente Mattarella: \"Il rispetto dei dirittti e l'uguaglianza non sono derogabili\"","breadcrumb":{"@id":"https:\/\/www.intoscana.it\/it\/giornata-contro-lomofobia-nardini-che-sia-lultimo-17-maggio-senza-una-legge-gli-eventi-in-toscana\/#breadcrumb"},"inLanguage":"it-IT","potentialAction":[{"@type":"ReadAction","target":["https:\/\/www.intoscana.it\/it\/giornata-contro-lomofobia-nardini-che-sia-lultimo-17-maggio-senza-una-legge-gli-eventi-in-toscana\/"]}]},{"@type":"ImageObject","inLanguage":"it-IT","@id":"https:\/\/www.intoscana.it\/it\/giornata-contro-lomofobia-nardini-che-sia-lultimo-17-maggio-senza-una-legge-gli-eventi-in-toscana\/#primaryimage","url":"https:\/\/www.intoscana.it\/wp-content\/uploads\/premio-tesi-stereotipi-di-genere.jpg","contentUrl":"https:\/\/www.intoscana.it\/wp-content\/uploads\/premio-tesi-stereotipi-di-genere.jpg","width":1200,"height":795,"caption":"La Toscana premia le tesi contro gli stereotipi di genere"},{"@type":"BreadcrumbList","@id":"https:\/\/www.intoscana.it\/it\/giornata-contro-lomofobia-nardini-che-sia-lultimo-17-maggio-senza-una-legge-gli-eventi-in-toscana\/#breadcrumb","itemListElement":[{"@type":"ListItem","position":1,"name":"Home","item":"https:\/\/www.intoscana.it\/it\/"},{"@type":"ListItem","position":2,"name":"Giornata contro l&#8217;omofobia, Nardini: &#8220;Che sia l&#8217;ultimo 17 maggio senza una legge&#8221;. Gli eventi in Toscana"}]},{"@type":"WebSite","@id":"https:\/\/www.intoscana.it\/it\/#website","url":"https:\/\/www.intoscana.it\/it\/","name":"intoscana","description":"","potentialAction":[{"@type":"SearchAction","target":{"@type":"EntryPoint","urlTemplate":"https:\/\/www.intoscana.it\/it\/?s={search_term_string}"},"query-input":{"@type":"PropertyValueSpecification","valueRequired":true,"valueName":"search_term_string"}}],"inLanguage":"it-IT"},{"@type":"Person","@id":"https:\/\/www.intoscana.it\/it\/#\/schema\/person\/137419af9ef5d385bde52864a841e6ce","name":"Clara D'Acunto","url":"https:\/\/www.intoscana.it\/it\/author\/clara-d_acunto\/"}]}},"_links":{"self":[{"href":"https:\/\/www.intoscana.it\/it\/wp-json\/wp\/v2\/posts\/228840","targetHints":{"allow":["GET"]}}],"collection":[{"href":"https:\/\/www.intoscana.it\/it\/wp-json\/wp\/v2\/posts"}],"about":[{"href":"https:\/\/www.intoscana.it\/it\/wp-json\/wp\/v2\/types\/post"}],"author":[{"embeddable":true,"href":"https:\/\/www.intoscana.it\/it\/wp-json\/wp\/v2\/users\/545"}],"replies":[{"embeddable":true,"href":"https:\/\/www.intoscana.it\/it\/wp-json\/wp\/v2\/comments?post=228840"}],"version-history":[{"count":0,"href":"https:\/\/www.intoscana.it\/it\/wp-json\/wp\/v2\/posts\/228840\/revisions"}],"wp:featuredmedia":[{"embeddable":true,"href":"https:\/\/www.intoscana.it\/it\/wp-json\/wp\/v2\/media\/102330"}],"wp:attachment":[{"href":"https:\/\/www.intoscana.it\/it\/wp-json\/wp\/v2\/media?parent=228840"}],"wp:term":[{"taxonomy":"category","embeddable":true,"href":"https:\/\/www.intoscana.it\/it\/wp-json\/wp\/v2\/categories?post=228840"},{"taxonomy":"post_tag","embeddable":true,"href":"https:\/\/www.intoscana.it\/it\/wp-json\/wp\/v2\/tags?post=228840"}],"curies":[{"name":"wp","href":"https:\/\/api.w.org\/{rel}","templated":true}]}}