{"id":228912,"date":"2022-05-17T10:42:38","date_gmt":"2022-05-17T08:42:38","guid":{"rendered":"https:\/\/www.intoscana.it\/it\/?p=228912"},"modified":"2022-05-17T11:14:16","modified_gmt":"2022-05-17T09:14:16","slug":"incendi-estivi-la-regione-toscana-e-pronta-con-4200-volontari-450-forestali-10-elicotteri","status":"publish","type":"post","link":"https:\/\/www.intoscana.it\/it\/incendi-estivi-la-regione-toscana-e-pronta-con-4200-volontari-450-forestali-10-elicotteri\/","title":{"rendered":"Incendi estivi: la Regione Toscana \u00e8 pronta con 4200 volontari, 450 forestali, 10 elicotteri"},"content":{"rendered":"<p>L&#8217;<strong>Organizzazione regionale antincendi boschivi<\/strong> \u00e8 pronta per affrontare la campagna antincendi boschivi per l&#8217;<strong>estate 2022.<\/strong><\/p>\n<p>La sala operativa unificata della protezione civile regionale ha a disposizione per i mesi pi\u00f9 caldi dell&#8217;anno:<strong>\u00a04.200 volontari<\/strong> appositamente formati, <strong>450 operai forestali, 600 mezzi operativi<\/strong> (circa 470 leggeri e 130 pesanti),<strong> 10 elicotteri, sette Centri operativi provinciali, 180 direttori delle operazioni.<\/strong><\/p>\n<p>Tutta l&#8217;<strong>organizzazione antincendi boschivi \u00e8 in carico alla Regione Toscana,<\/strong> con il contributo delle <strong>Unioni di Comuni, dei Comuni<\/strong> e, tramite convenzioni, del <strong>Volontariato antincendi boschivi,<\/strong> dei <strong>Vigili del Fuoco<\/strong> e dei <strong>Carabinieri Forestali.<\/strong><\/p>\n<p>Anche quest&#8217;anno <strong>per luglio e agosto la Regione Toscana ha previsto un rafforzamento dei servizi di lotta attiva<\/strong>, con una <strong>squadra di volontariato AIB aggiuntiva all\u2019isola del Giglio<\/strong> e all\u2019<strong>isola di Capraia<\/strong> (dove esiste gi\u00e0 un presidio ordinario durante tutto l\u2019anno) e<strong> una squadra di volontariato AIB per l\u2019isola di Pianosa.<\/strong><\/p>\n<p>Il territorio dell\u2019Arcipelago sar\u00e0 inoltre coperto dalla flotta regionale, in particolare con<strong> elicotteri in base Elba, Livorno e Grosseto.<\/strong><\/p>\n<p>Infine, per rafforzare ulteriormente la <strong>tempestivit\u00e0 di intervento nelle aree a maggior\u00a0rischio<\/strong>, come nel sud della Toscana, la Regione ha previsto anche un&#8217;ulteriore <strong>squadra di volontariato AIB nella zona del Parco di Alberese.<\/strong><\/p>\n<p><em>&#8220;Tempestivit\u00e0 di intervento e concentrazione delle forze sono da sempre i principi che contraddistinguono l\u2019AIB toscano &#8211; <\/em><strong>spiega la vicepresidente ed assessora regionale ad agricoltura e foreste Stefania Saccardi <\/strong><em>&#8211; grazie all&#8217;efficienza delle nostre squadre gli interventi\u00a0sulla grande maggioranza degli eventi avvengono in tempi rapidissimi, limitando i danni.\u00a0Questo ha portato la Toscana ad avere una superficie boscata media percorsa dal fuoco negli ultimi 10 anni tra le pi\u00f9 basse a livello nazionale, con solo 2,04 ettari di media a fronte di 412 eventi annui. Questo \u00e8 possibile solo perch\u00e8 la maggior parte degli incendi viene contenuta in superfici estremamente ridotte, l&#8217;83% addirittura viene chiuso prima di interessare un ettaro di bosco. Siamo fieri della nostra Organizzazione antincendi boschivi e per questo investiamo in\u00a0potenziamento e formazione del personale tecnico, degli operai forestali e dei volontari, una risorsa che conferma il grande cuore e la grande capacit\u00e0 di azione della societ\u00e0 toscana&#8221;.<\/em><\/p>\n<h3>Come segnalare un incendio<\/h3>\n<p>La segnalazione di incendi boschivi pu\u00f2 essere fatta sia dalle strutture del servizio antincendi boschivi che dai cittadini tramite il <strong>numero verde 800425425 della Regione Toscana o il Numero unico di Emergenza 112.<\/strong><\/p>\n","protected":false},"excerpt":{"rendered":"<p>Tutta l&#8217;organizzazione antincendi boschivi \u00e8 in carico alla Regione Toscana, con il contributo delle Unioni di Comuni, dei Comuni e, tramite convenzioni, del Volontariato antincendi boschivi, dei Vigili del Fuoco e dei Carabinieri Forestali<\/p>\n","protected":false},"author":525,"featured_media":228914,"comment_status":"open","ping_status":"open","sticky":false,"template":"","format":"standard","meta":{"_acf_changed":false,"footnotes":""},"categories":[494],"tags":[4433,151],"class_list":["post-228912","post","type-post","status-publish","format-standard","has-post-thumbnail","hentry","category-attualita","tag-incendio","tag-regione-toscana"],"acf":[],"yoast_head":"<!-- This site is optimized with the Yoast SEO Premium plugin v24.2 (Yoast SEO v25.6) - https:\/\/yoast.com\/wordpress\/plugins\/seo\/ -->\n<title>Incendi estivi: la Regione Toscana \u00e8 pronta con 4200 volontari, 450 forestali, 10 elicotteri - intoscana<\/title>\n<meta name=\"description\" content=\"Tutta l&#039;organizzazione antincendi boschivi \u00e8 in carico alla Regione Toscana, con il contributo delle Unioni di Comuni e dei volontari\" \/>\n<meta name=\"robots\" content=\"index, follow, max-snippet:-1, max-image-preview:large, max-video-preview:-1\" \/>\n<link rel=\"canonical\" href=\"https:\/\/www.intoscana.it\/it\/incendi-estivi-la-regione-toscana-e-pronta-con-4200-volontari-450-forestali-10-elicotteri\/\" \/>\n<meta property=\"og:locale\" content=\"it_IT\" \/>\n<meta property=\"og:type\" content=\"article\" \/>\n<meta property=\"og:title\" content=\"Incendi estivi: la Regione Toscana \u00e8 pronta con 4200 volontari, 450 forestali, 10 elicotteri\" \/>\n<meta property=\"og:description\" content=\"Tutta l&#039;organizzazione antincendi boschivi \u00e8 in carico alla Regione Toscana, con il contributo delle Unioni di Comuni e dei volontari\" \/>\n<meta property=\"og:url\" content=\"https:\/\/www.intoscana.it\/it\/incendi-estivi-la-regione-toscana-e-pronta-con-4200-volontari-450-forestali-10-elicotteri\/\" \/>\n<meta property=\"og:site_name\" content=\"intoscana\" \/>\n<meta property=\"article:publisher\" content=\"https:\/\/www.facebook.com\/intoscana.it\" \/>\n<meta property=\"article:published_time\" content=\"2022-05-17T08:42:38+00:00\" \/>\n<meta property=\"article:modified_time\" content=\"2022-05-17T09:14:16+00:00\" \/>\n<meta property=\"og:image\" content=\"https:\/\/www.intoscana.it\/wp-content\/uploads\/Incendio-scaled.jpg\" \/>\n\t<meta property=\"og:image:width\" content=\"2048\" \/>\n\t<meta property=\"og:image:height\" content=\"1365\" \/>\n\t<meta property=\"og:image:type\" content=\"image\/jpeg\" \/>\n<meta name=\"author\" content=\"Redazione\" \/>\n<meta name=\"twitter:card\" content=\"summary_large_image\" \/>\n<meta name=\"twitter:creator\" content=\"@intoscana\" \/>\n<meta name=\"twitter:site\" content=\"@intoscana\" \/>\n<meta name=\"twitter:label1\" content=\"Written by\" \/>\n\t<meta name=\"twitter:data1\" content=\"Redazione\" \/>\n\t<meta name=\"twitter:label2\" content=\"Est. reading time\" \/>\n\t<meta name=\"twitter:data2\" content=\"2 minuti\" \/>\n<script type=\"application\/ld+json\" class=\"yoast-schema-graph\">{\"@context\":\"https:\/\/schema.org\",\"@graph\":[{\"@type\":\"WebPage\",\"@id\":\"https:\/\/www.intoscana.it\/it\/incendi-estivi-la-regione-toscana-e-pronta-con-4200-volontari-450-forestali-10-elicotteri\/\",\"url\":\"https:\/\/www.intoscana.it\/it\/incendi-estivi-la-regione-toscana-e-pronta-con-4200-volontari-450-forestali-10-elicotteri\/\",\"name\":\"Incendi estivi: la Regione Toscana \u00e8 pronta con 4200 volontari, 450 forestali, 10 elicotteri - intoscana\",\"isPartOf\":{\"@id\":\"https:\/\/www.intoscana.it\/it\/#website\"},\"primaryImageOfPage\":{\"@id\":\"https:\/\/www.intoscana.it\/it\/incendi-estivi-la-regione-toscana-e-pronta-con-4200-volontari-450-forestali-10-elicotteri\/#primaryimage\"},\"image\":{\"@id\":\"https:\/\/www.intoscana.it\/it\/incendi-estivi-la-regione-toscana-e-pronta-con-4200-volontari-450-forestali-10-elicotteri\/#primaryimage\"},\"thumbnailUrl\":\"https:\/\/www.intoscana.it\/wp-content\/uploads\/Incendio-scaled.jpg\",\"datePublished\":\"2022-05-17T08:42:38+00:00\",\"dateModified\":\"2022-05-17T09:14:16+00:00\",\"author\":{\"@id\":\"https:\/\/www.intoscana.it\/it\/#\/schema\/person\/9223810753230f20bd670fdd322661f8\"},\"description\":\"Tutta l'organizzazione antincendi boschivi \u00e8 in carico alla Regione Toscana, con il contributo delle Unioni di Comuni e dei volontari\",\"breadcrumb\":{\"@id\":\"https:\/\/www.intoscana.it\/it\/incendi-estivi-la-regione-toscana-e-pronta-con-4200-volontari-450-forestali-10-elicotteri\/#breadcrumb\"},\"inLanguage\":\"it-IT\",\"potentialAction\":[{\"@type\":\"ReadAction\",\"target\":[\"https:\/\/www.intoscana.it\/it\/incendi-estivi-la-regione-toscana-e-pronta-con-4200-volontari-450-forestali-10-elicotteri\/\"]}]},{\"@type\":\"ImageObject\",\"inLanguage\":\"it-IT\",\"@id\":\"https:\/\/www.intoscana.it\/it\/incendi-estivi-la-regione-toscana-e-pronta-con-4200-volontari-450-forestali-10-elicotteri\/#primaryimage\",\"url\":\"https:\/\/www.intoscana.it\/wp-content\/uploads\/Incendio-scaled.jpg\",\"contentUrl\":\"https:\/\/www.intoscana.it\/wp-content\/uploads\/Incendio-scaled.jpg\",\"width\":2048,\"height\":1365,\"caption\":\"Incendio\"},{\"@type\":\"BreadcrumbList\",\"@id\":\"https:\/\/www.intoscana.it\/it\/incendi-estivi-la-regione-toscana-e-pronta-con-4200-volontari-450-forestali-10-elicotteri\/#breadcrumb\",\"itemListElement\":[{\"@type\":\"ListItem\",\"position\":1,\"name\":\"Home\",\"item\":\"https:\/\/www.intoscana.it\/it\/\"},{\"@type\":\"ListItem\",\"position\":2,\"name\":\"Incendi estivi: la Regione Toscana \u00e8 pronta con 4200 volontari, 450 forestali, 10 elicotteri\"}]},{\"@type\":\"WebSite\",\"@id\":\"https:\/\/www.intoscana.it\/it\/#website\",\"url\":\"https:\/\/www.intoscana.it\/it\/\",\"name\":\"intoscana\",\"description\":\"\",\"potentialAction\":[{\"@type\":\"SearchAction\",\"target\":{\"@type\":\"EntryPoint\",\"urlTemplate\":\"https:\/\/www.intoscana.it\/it\/?s={search_term_string}\"},\"query-input\":{\"@type\":\"PropertyValueSpecification\",\"valueRequired\":true,\"valueName\":\"search_term_string\"}}],\"inLanguage\":\"it-IT\"},{\"@type\":\"Person\",\"@id\":\"https:\/\/www.intoscana.it\/it\/#\/schema\/person\/9223810753230f20bd670fdd322661f8\",\"name\":\"Redazione\",\"url\":\"https:\/\/www.intoscana.it\/it\/author\/redazione\/\"}]}<\/script>\n<!-- \/ Yoast SEO Premium plugin. -->","yoast_head_json":{"title":"Incendi estivi: la Regione Toscana \u00e8 pronta con 4200 volontari, 450 forestali, 10 elicotteri - intoscana","description":"Tutta l'organizzazione antincendi boschivi \u00e8 in carico alla Regione Toscana, con il contributo delle Unioni di Comuni e dei volontari","robots":{"index":"index","follow":"follow","max-snippet":"max-snippet:-1","max-image-preview":"max-image-preview:large","max-video-preview":"max-video-preview:-1"},"canonical":"https:\/\/www.intoscana.it\/it\/incendi-estivi-la-regione-toscana-e-pronta-con-4200-volontari-450-forestali-10-elicotteri\/","og_locale":"it_IT","og_type":"article","og_title":"Incendi estivi: la Regione Toscana \u00e8 pronta con 4200 volontari, 450 forestali, 10 elicotteri","og_description":"Tutta l'organizzazione antincendi boschivi \u00e8 in carico alla Regione Toscana, con il contributo delle Unioni di Comuni e dei volontari","og_url":"https:\/\/www.intoscana.it\/it\/incendi-estivi-la-regione-toscana-e-pronta-con-4200-volontari-450-forestali-10-elicotteri\/","og_site_name":"intoscana","article_publisher":"https:\/\/www.facebook.com\/intoscana.it","article_published_time":"2022-05-17T08:42:38+00:00","article_modified_time":"2022-05-17T09:14:16+00:00","og_image":[{"width":2048,"height":1365,"url":"https:\/\/www.intoscana.it\/wp-content\/uploads\/Incendio-scaled.jpg","type":"image\/jpeg"}],"author":"Redazione","twitter_card":"summary_large_image","twitter_creator":"@intoscana","twitter_site":"@intoscana","twitter_misc":{"Written by":"Redazione","Est. reading time":"2 minuti"},"schema":{"@context":"https:\/\/schema.org","@graph":[{"@type":"WebPage","@id":"https:\/\/www.intoscana.it\/it\/incendi-estivi-la-regione-toscana-e-pronta-con-4200-volontari-450-forestali-10-elicotteri\/","url":"https:\/\/www.intoscana.it\/it\/incendi-estivi-la-regione-toscana-e-pronta-con-4200-volontari-450-forestali-10-elicotteri\/","name":"Incendi estivi: la Regione Toscana \u00e8 pronta con 4200 volontari, 450 forestali, 10 elicotteri - intoscana","isPartOf":{"@id":"https:\/\/www.intoscana.it\/it\/#website"},"primaryImageOfPage":{"@id":"https:\/\/www.intoscana.it\/it\/incendi-estivi-la-regione-toscana-e-pronta-con-4200-volontari-450-forestali-10-elicotteri\/#primaryimage"},"image":{"@id":"https:\/\/www.intoscana.it\/it\/incendi-estivi-la-regione-toscana-e-pronta-con-4200-volontari-450-forestali-10-elicotteri\/#primaryimage"},"thumbnailUrl":"https:\/\/www.intoscana.it\/wp-content\/uploads\/Incendio-scaled.jpg","datePublished":"2022-05-17T08:42:38+00:00","dateModified":"2022-05-17T09:14:16+00:00","author":{"@id":"https:\/\/www.intoscana.it\/it\/#\/schema\/person\/9223810753230f20bd670fdd322661f8"},"description":"Tutta l'organizzazione antincendi boschivi \u00e8 in carico alla Regione Toscana, con il contributo delle Unioni di Comuni e dei volontari","breadcrumb":{"@id":"https:\/\/www.intoscana.it\/it\/incendi-estivi-la-regione-toscana-e-pronta-con-4200-volontari-450-forestali-10-elicotteri\/#breadcrumb"},"inLanguage":"it-IT","potentialAction":[{"@type":"ReadAction","target":["https:\/\/www.intoscana.it\/it\/incendi-estivi-la-regione-toscana-e-pronta-con-4200-volontari-450-forestali-10-elicotteri\/"]}]},{"@type":"ImageObject","inLanguage":"it-IT","@id":"https:\/\/www.intoscana.it\/it\/incendi-estivi-la-regione-toscana-e-pronta-con-4200-volontari-450-forestali-10-elicotteri\/#primaryimage","url":"https:\/\/www.intoscana.it\/wp-content\/uploads\/Incendio-scaled.jpg","contentUrl":"https:\/\/www.intoscana.it\/wp-content\/uploads\/Incendio-scaled.jpg","width":2048,"height":1365,"caption":"Incendio"},{"@type":"BreadcrumbList","@id":"https:\/\/www.intoscana.it\/it\/incendi-estivi-la-regione-toscana-e-pronta-con-4200-volontari-450-forestali-10-elicotteri\/#breadcrumb","itemListElement":[{"@type":"ListItem","position":1,"name":"Home","item":"https:\/\/www.intoscana.it\/it\/"},{"@type":"ListItem","position":2,"name":"Incendi estivi: la Regione Toscana \u00e8 pronta con 4200 volontari, 450 forestali, 10 elicotteri"}]},{"@type":"WebSite","@id":"https:\/\/www.intoscana.it\/it\/#website","url":"https:\/\/www.intoscana.it\/it\/","name":"intoscana","description":"","potentialAction":[{"@type":"SearchAction","target":{"@type":"EntryPoint","urlTemplate":"https:\/\/www.intoscana.it\/it\/?s={search_term_string}"},"query-input":{"@type":"PropertyValueSpecification","valueRequired":true,"valueName":"search_term_string"}}],"inLanguage":"it-IT"},{"@type":"Person","@id":"https:\/\/www.intoscana.it\/it\/#\/schema\/person\/9223810753230f20bd670fdd322661f8","name":"Redazione","url":"https:\/\/www.intoscana.it\/it\/author\/redazione\/"}]}},"_links":{"self":[{"href":"https:\/\/www.intoscana.it\/it\/wp-json\/wp\/v2\/posts\/228912","targetHints":{"allow":["GET"]}}],"collection":[{"href":"https:\/\/www.intoscana.it\/it\/wp-json\/wp\/v2\/posts"}],"about":[{"href":"https:\/\/www.intoscana.it\/it\/wp-json\/wp\/v2\/types\/post"}],"author":[{"embeddable":true,"href":"https:\/\/www.intoscana.it\/it\/wp-json\/wp\/v2\/users\/525"}],"replies":[{"embeddable":true,"href":"https:\/\/www.intoscana.it\/it\/wp-json\/wp\/v2\/comments?post=228912"}],"version-history":[{"count":0,"href":"https:\/\/www.intoscana.it\/it\/wp-json\/wp\/v2\/posts\/228912\/revisions"}],"wp:featuredmedia":[{"embeddable":true,"href":"https:\/\/www.intoscana.it\/it\/wp-json\/wp\/v2\/media\/228914"}],"wp:attachment":[{"href":"https:\/\/www.intoscana.it\/it\/wp-json\/wp\/v2\/media?parent=228912"}],"wp:term":[{"taxonomy":"category","embeddable":true,"href":"https:\/\/www.intoscana.it\/it\/wp-json\/wp\/v2\/categories?post=228912"},{"taxonomy":"post_tag","embeddable":true,"href":"https:\/\/www.intoscana.it\/it\/wp-json\/wp\/v2\/tags?post=228912"}],"curies":[{"name":"wp","href":"https:\/\/api.w.org\/{rel}","templated":true}]}}