{"id":229038,"date":"2022-05-17T15:44:47","date_gmt":"2022-05-17T13:44:47","guid":{"rendered":"https:\/\/www.intoscana.it\/it\/?p=229038"},"modified":"2022-05-18T13:28:35","modified_gmt":"2022-05-18T11:28:35","slug":"covid-19-in-toscana-2-625-nuovi-casi-eta-media-47-anni-i-decessi-sono-sei","status":"publish","type":"post","link":"https:\/\/www.intoscana.it\/it\/covid-19-in-toscana-2-625-nuovi-casi-eta-media-47-anni-i-decessi-sono-sei\/","title":{"rendered":"Covid-19: in Toscana 2.625 nuovi casi, et\u00e0 media 47 anni. I decessi sono sei"},"content":{"rendered":"<p>In Toscana sono<strong> 1.133.738 i casi di positivit\u00e0 al Coronavirus, 2.625 in pi\u00f9 rispetto a ieri<\/strong> (410 confermati con tampone molecolare e 2.215 da test rapido antigenico). I nuovi casi sono lo 0,2% in pi\u00f9 rispetto al totale del giorno precedente. I guariti crescono dello 0,3% e raggiungono quota 1.086.237 (95,8% dei casi totali).<\/p>\n<p>Oggi sono stati eseguiti <strong>2.426 tamponi molecolari e 15.916 tamponi antigenici rapidi,<\/strong> di questi il 14,3% \u00e8 risultato positivo. Sono invece 3.735 i soggetti testati oggi (con tampone antigenico e\/o molecolare, escludendo i tamponi di controllo), di cui il 70,3% \u00e8 risultato positivo.<\/p>\n<p><strong>Gli attualmente positivi sono oggi 37.488<\/strong>, -1,2% rispetto a ieri. <strong>I ricoverati sono 435<\/strong> (11 in meno rispetto a ieri), di cui 16 in terapia intensiva (3 in meno). Oggi si registrano <strong>6 nuovi decessi:<\/strong> 2 uomini e 4 donne con un&#8217;et\u00e0 media di 84,8 anni.<\/p>\n<p>L&#8217;et\u00e0 media dei 2.625 nuovi positivi odierni \u00e8 di <strong>47 anni circa<\/strong> (16% ha meno di 20 anni, 18% tra 20 e 39 anni, 33% tra 40 e 59 anni, 24% tra 60 e 79 anni, 7% ha 80 anni o pi\u00f9).<\/p>\n<h3>I casi di positivit\u00e0 sul territorio<\/h3>\n<p>Di seguito i casi di positivit\u00e0 sul territorio con la variazione rispetto a ieri (410 confermati con tampone molecolare e 2.215 da test rapido antigenico). Sono 315.306 i casi complessivi ad oggi a Firenze (608 in pi\u00f9 rispetto a ieri), 77.988 a Prato (181 in pi\u00f9), 91.005 a Pistoia (199 in pi\u00f9), 55.666 a Massa (139 in pi\u00f9), 118.876 a Lucca (315 in pi\u00f9), 130.155 a Pisa (318 in pi\u00f9), 100.605 a Livorno (218 in pi\u00f9), 103.582 ad Arezzo (247 in pi\u00f9), 79.667 a Siena (225 in pi\u00f9), 60.333 a Grosseto (175 in pi\u00f9). Sono 555 i casi positivi notificati in Toscana, ma residenti in altre regioni.<\/p>\n<p><strong>Sono 1.028 i casi riscontrati oggi nell&#8217;Asl Centro<\/strong>, 950 nella Nord Ovest, 647 nella Sud est.<\/p>\n<p>La Toscana si trova al 8\u00b0 posto in Italia come numerosit\u00e0 di casi (comprensivi di residenti e non residenti), con circa 30.701 casi per 100.000 abitanti (media italiana circa 28.820 x100.000, dato di ieri). Le province di notifica con il tasso pi\u00f9 alto sono Firenze con 31.580 casi x100.000 abitanti, Pistoia con 31.355, Pisa con 31.139, la pi\u00f9 bassa Grosseto con 27.695.<\/p>\n<p>Complessivamente, <strong>37.053 persone sono in isolamento a casa<\/strong>, poich\u00e9 presentano sintomi lievi che non richiedono cure ospedaliere, o risultano prive di sintomi (451 in meno rispetto a ieri, meno 1,2%).<\/p>\n<p><strong>Le persone ricoverate nei posti letto dedicati ai pazienti COVID oggi sono complessivamente 435<\/strong> (11 in meno rispetto a ieri, meno 2,5%), 16 in terapia intensiva (3 in meno rispetto a ieri, meno 15,8%).<\/p>\n<p><strong>Le persone complessivamente guarite sono 1.086.237<\/strong> (3.081 in pi\u00f9 rispetto a ieri, pi\u00f9 0,3%): 0 persone clinicamente guarite (stabili rispetto a ieri), divenute cio\u00e8 asintomatiche dopo aver presentato manifestazioni cliniche associate all&#8217;infezione e 1.086.237 (3.081 in pi\u00f9 rispetto a ieri, pi\u00f9 0,3%) dichiarate guarite a tutti gli effetti, le cosiddette guarigioni virali, con tampone negativo.<\/p>\n<h3>I decessi<\/h3>\n<p>Relativamente alla provincia di residenza, le 6 persone decedute sono: 3 a Firenze, 3 a Pisa.<\/p>\n<p><strong>Sono 10.013 i deceduti dall&#8217;inizio dell&#8217;epidemia<\/strong> cosi ripartiti: 3.150 a Firenze, 833 a Prato, 896 a Pistoia, 651 a Massa Carrara, 938 a Lucca, 1.102 a Pisa, 733 a Livorno, 655 ad Arezzo, 532 a Siena, 387 a Grosseto, 136 persone sono decedute sul suolo toscano ma erano residenti fuori regione.<\/p>\n<p>Il tasso grezzo di mortalit\u00e0 toscano (numero di deceduti\/popolazione residente) per Covid-19 \u00e8 di 271,1 x100.000 residenti contro il 279,1 x100.000 della media italiana (10\u00b0 regione). Per quanto riguarda le province, il tasso di mortalit\u00e0 pi\u00f9 alto si riscontra a Massa Carrara (342,9 x100.000), Firenze (315,5 x100.000) e Prato (314,0 x100.000), il pi\u00f9 basso a Grosseto (177,6 x100.000).<\/p>\n","protected":false},"excerpt":{"rendered":"<p>Oggi sono stati eseguiti 2.426 tamponi molecolari e 15.916 tamponi antigenici rapidi, di questi il 14,3% \u00e8 risultato positivo<\/p>\n","protected":false},"author":525,"featured_media":168194,"comment_status":"open","ping_status":"open","sticky":false,"template":"","format":"standard","meta":{"_acf_changed":false,"footnotes":""},"categories":[494],"tags":[4868,418],"class_list":["post-229038","post","type-post","status-publish","format-standard","has-post-thumbnail","hentry","category-attualita","tag-bollettino-covid-toscana","tag-covid-19"],"acf":[],"yoast_head":"<!-- This site is optimized with the Yoast SEO Premium plugin v24.2 (Yoast SEO v25.6) - https:\/\/yoast.com\/wordpress\/plugins\/seo\/ -->\n<title>Covid-19: in Toscana 2.625 nuovi casi, et\u00e0 media 47 anni. I decessi sono sei - intoscana<\/title>\n<meta name=\"description\" content=\"Oggi sono stati eseguiti 2.426 tamponi molecolari e 15.916 tamponi antigenici rapidi, di questi il 14,3% \u00e8 risultato positivo\" \/>\n<meta name=\"robots\" content=\"index, follow, max-snippet:-1, max-image-preview:large, max-video-preview:-1\" \/>\n<link rel=\"canonical\" href=\"https:\/\/www.intoscana.it\/it\/covid-19-in-toscana-2-625-nuovi-casi-eta-media-47-anni-i-decessi-sono-sei\/\" \/>\n<meta property=\"og:locale\" content=\"it_IT\" \/>\n<meta property=\"og:type\" content=\"article\" \/>\n<meta property=\"og:title\" content=\"Covid-19: in Toscana 2.625 nuovi casi, et\u00e0 media 47 anni. I decessi sono sei\" \/>\n<meta property=\"og:description\" content=\"Oggi sono stati eseguiti 2.426 tamponi molecolari e 15.916 tamponi antigenici rapidi, di questi il 14,3% \u00e8 risultato positivo\" \/>\n<meta property=\"og:url\" content=\"https:\/\/www.intoscana.it\/it\/covid-19-in-toscana-2-625-nuovi-casi-eta-media-47-anni-i-decessi-sono-sei\/\" \/>\n<meta property=\"og:site_name\" content=\"intoscana\" \/>\n<meta property=\"article:publisher\" content=\"https:\/\/www.facebook.com\/intoscana.it\" \/>\n<meta property=\"article:published_time\" content=\"2022-05-17T13:44:47+00:00\" \/>\n<meta property=\"article:modified_time\" content=\"2022-05-18T11:28:35+00:00\" \/>\n<meta property=\"og:image\" content=\"https:\/\/www.intoscana.it\/wp-content\/uploads\/Ragazza-con-mascherina-Engin-Akyurt-Pixabay.jpg\" \/>\n\t<meta property=\"og:image:width\" content=\"1280\" \/>\n\t<meta property=\"og:image:height\" content=\"853\" \/>\n\t<meta property=\"og:image:type\" content=\"image\/jpeg\" \/>\n<meta name=\"author\" content=\"Redazione\" \/>\n<meta name=\"twitter:card\" content=\"summary_large_image\" \/>\n<meta name=\"twitter:creator\" content=\"@intoscana\" \/>\n<meta name=\"twitter:site\" content=\"@intoscana\" \/>\n<meta name=\"twitter:label1\" content=\"Written by\" \/>\n\t<meta name=\"twitter:data1\" content=\"Redazione\" \/>\n\t<meta name=\"twitter:label2\" content=\"Est. reading time\" \/>\n\t<meta name=\"twitter:data2\" content=\"3 minuti\" \/>\n<script type=\"application\/ld+json\" class=\"yoast-schema-graph\">{\"@context\":\"https:\/\/schema.org\",\"@graph\":[{\"@type\":\"WebPage\",\"@id\":\"https:\/\/www.intoscana.it\/it\/covid-19-in-toscana-2-625-nuovi-casi-eta-media-47-anni-i-decessi-sono-sei\/\",\"url\":\"https:\/\/www.intoscana.it\/it\/covid-19-in-toscana-2-625-nuovi-casi-eta-media-47-anni-i-decessi-sono-sei\/\",\"name\":\"Covid-19: in Toscana 2.625 nuovi casi, et\u00e0 media 47 anni. I decessi sono sei - intoscana\",\"isPartOf\":{\"@id\":\"https:\/\/www.intoscana.it\/it\/#website\"},\"primaryImageOfPage\":{\"@id\":\"https:\/\/www.intoscana.it\/it\/covid-19-in-toscana-2-625-nuovi-casi-eta-media-47-anni-i-decessi-sono-sei\/#primaryimage\"},\"image\":{\"@id\":\"https:\/\/www.intoscana.it\/it\/covid-19-in-toscana-2-625-nuovi-casi-eta-media-47-anni-i-decessi-sono-sei\/#primaryimage\"},\"thumbnailUrl\":\"https:\/\/www.intoscana.it\/wp-content\/uploads\/Ragazza-con-mascherina-Engin-Akyurt-Pixabay.jpg\",\"datePublished\":\"2022-05-17T13:44:47+00:00\",\"dateModified\":\"2022-05-18T11:28:35+00:00\",\"author\":{\"@id\":\"https:\/\/www.intoscana.it\/it\/#\/schema\/person\/9223810753230f20bd670fdd322661f8\"},\"description\":\"Oggi sono stati eseguiti 2.426 tamponi molecolari e 15.916 tamponi antigenici rapidi, di questi il 14,3% \u00e8 risultato positivo\",\"breadcrumb\":{\"@id\":\"https:\/\/www.intoscana.it\/it\/covid-19-in-toscana-2-625-nuovi-casi-eta-media-47-anni-i-decessi-sono-sei\/#breadcrumb\"},\"inLanguage\":\"it-IT\",\"potentialAction\":[{\"@type\":\"ReadAction\",\"target\":[\"https:\/\/www.intoscana.it\/it\/covid-19-in-toscana-2-625-nuovi-casi-eta-media-47-anni-i-decessi-sono-sei\/\"]}]},{\"@type\":\"ImageObject\",\"inLanguage\":\"it-IT\",\"@id\":\"https:\/\/www.intoscana.it\/it\/covid-19-in-toscana-2-625-nuovi-casi-eta-media-47-anni-i-decessi-sono-sei\/#primaryimage\",\"url\":\"https:\/\/www.intoscana.it\/wp-content\/uploads\/Ragazza-con-mascherina-Engin-Akyurt-Pixabay.jpg\",\"contentUrl\":\"https:\/\/www.intoscana.it\/wp-content\/uploads\/Ragazza-con-mascherina-Engin-Akyurt-Pixabay.jpg\",\"width\":1280,\"height\":853,\"caption\":\"Ragazza con mascherina\"},{\"@type\":\"BreadcrumbList\",\"@id\":\"https:\/\/www.intoscana.it\/it\/covid-19-in-toscana-2-625-nuovi-casi-eta-media-47-anni-i-decessi-sono-sei\/#breadcrumb\",\"itemListElement\":[{\"@type\":\"ListItem\",\"position\":1,\"name\":\"Home\",\"item\":\"https:\/\/www.intoscana.it\/it\/\"},{\"@type\":\"ListItem\",\"position\":2,\"name\":\"Covid-19: in Toscana 2.625 nuovi casi, et\u00e0 media 47 anni. I decessi sono sei\"}]},{\"@type\":\"WebSite\",\"@id\":\"https:\/\/www.intoscana.it\/it\/#website\",\"url\":\"https:\/\/www.intoscana.it\/it\/\",\"name\":\"intoscana\",\"description\":\"\",\"potentialAction\":[{\"@type\":\"SearchAction\",\"target\":{\"@type\":\"EntryPoint\",\"urlTemplate\":\"https:\/\/www.intoscana.it\/it\/?s={search_term_string}\"},\"query-input\":{\"@type\":\"PropertyValueSpecification\",\"valueRequired\":true,\"valueName\":\"search_term_string\"}}],\"inLanguage\":\"it-IT\"},{\"@type\":\"Person\",\"@id\":\"https:\/\/www.intoscana.it\/it\/#\/schema\/person\/9223810753230f20bd670fdd322661f8\",\"name\":\"Redazione\",\"url\":\"https:\/\/www.intoscana.it\/it\/author\/redazione\/\"}]}<\/script>\n<!-- \/ Yoast SEO Premium plugin. -->","yoast_head_json":{"title":"Covid-19: in Toscana 2.625 nuovi casi, et\u00e0 media 47 anni. I decessi sono sei - intoscana","description":"Oggi sono stati eseguiti 2.426 tamponi molecolari e 15.916 tamponi antigenici rapidi, di questi il 14,3% \u00e8 risultato positivo","robots":{"index":"index","follow":"follow","max-snippet":"max-snippet:-1","max-image-preview":"max-image-preview:large","max-video-preview":"max-video-preview:-1"},"canonical":"https:\/\/www.intoscana.it\/it\/covid-19-in-toscana-2-625-nuovi-casi-eta-media-47-anni-i-decessi-sono-sei\/","og_locale":"it_IT","og_type":"article","og_title":"Covid-19: in Toscana 2.625 nuovi casi, et\u00e0 media 47 anni. I decessi sono sei","og_description":"Oggi sono stati eseguiti 2.426 tamponi molecolari e 15.916 tamponi antigenici rapidi, di questi il 14,3% \u00e8 risultato positivo","og_url":"https:\/\/www.intoscana.it\/it\/covid-19-in-toscana-2-625-nuovi-casi-eta-media-47-anni-i-decessi-sono-sei\/","og_site_name":"intoscana","article_publisher":"https:\/\/www.facebook.com\/intoscana.it","article_published_time":"2022-05-17T13:44:47+00:00","article_modified_time":"2022-05-18T11:28:35+00:00","og_image":[{"width":1280,"height":853,"url":"https:\/\/www.intoscana.it\/wp-content\/uploads\/Ragazza-con-mascherina-Engin-Akyurt-Pixabay.jpg","type":"image\/jpeg"}],"author":"Redazione","twitter_card":"summary_large_image","twitter_creator":"@intoscana","twitter_site":"@intoscana","twitter_misc":{"Written by":"Redazione","Est. reading time":"3 minuti"},"schema":{"@context":"https:\/\/schema.org","@graph":[{"@type":"WebPage","@id":"https:\/\/www.intoscana.it\/it\/covid-19-in-toscana-2-625-nuovi-casi-eta-media-47-anni-i-decessi-sono-sei\/","url":"https:\/\/www.intoscana.it\/it\/covid-19-in-toscana-2-625-nuovi-casi-eta-media-47-anni-i-decessi-sono-sei\/","name":"Covid-19: in Toscana 2.625 nuovi casi, et\u00e0 media 47 anni. I decessi sono sei - intoscana","isPartOf":{"@id":"https:\/\/www.intoscana.it\/it\/#website"},"primaryImageOfPage":{"@id":"https:\/\/www.intoscana.it\/it\/covid-19-in-toscana-2-625-nuovi-casi-eta-media-47-anni-i-decessi-sono-sei\/#primaryimage"},"image":{"@id":"https:\/\/www.intoscana.it\/it\/covid-19-in-toscana-2-625-nuovi-casi-eta-media-47-anni-i-decessi-sono-sei\/#primaryimage"},"thumbnailUrl":"https:\/\/www.intoscana.it\/wp-content\/uploads\/Ragazza-con-mascherina-Engin-Akyurt-Pixabay.jpg","datePublished":"2022-05-17T13:44:47+00:00","dateModified":"2022-05-18T11:28:35+00:00","author":{"@id":"https:\/\/www.intoscana.it\/it\/#\/schema\/person\/9223810753230f20bd670fdd322661f8"},"description":"Oggi sono stati eseguiti 2.426 tamponi molecolari e 15.916 tamponi antigenici rapidi, di questi il 14,3% \u00e8 risultato positivo","breadcrumb":{"@id":"https:\/\/www.intoscana.it\/it\/covid-19-in-toscana-2-625-nuovi-casi-eta-media-47-anni-i-decessi-sono-sei\/#breadcrumb"},"inLanguage":"it-IT","potentialAction":[{"@type":"ReadAction","target":["https:\/\/www.intoscana.it\/it\/covid-19-in-toscana-2-625-nuovi-casi-eta-media-47-anni-i-decessi-sono-sei\/"]}]},{"@type":"ImageObject","inLanguage":"it-IT","@id":"https:\/\/www.intoscana.it\/it\/covid-19-in-toscana-2-625-nuovi-casi-eta-media-47-anni-i-decessi-sono-sei\/#primaryimage","url":"https:\/\/www.intoscana.it\/wp-content\/uploads\/Ragazza-con-mascherina-Engin-Akyurt-Pixabay.jpg","contentUrl":"https:\/\/www.intoscana.it\/wp-content\/uploads\/Ragazza-con-mascherina-Engin-Akyurt-Pixabay.jpg","width":1280,"height":853,"caption":"Ragazza con mascherina"},{"@type":"BreadcrumbList","@id":"https:\/\/www.intoscana.it\/it\/covid-19-in-toscana-2-625-nuovi-casi-eta-media-47-anni-i-decessi-sono-sei\/#breadcrumb","itemListElement":[{"@type":"ListItem","position":1,"name":"Home","item":"https:\/\/www.intoscana.it\/it\/"},{"@type":"ListItem","position":2,"name":"Covid-19: in Toscana 2.625 nuovi casi, et\u00e0 media 47 anni. I decessi sono sei"}]},{"@type":"WebSite","@id":"https:\/\/www.intoscana.it\/it\/#website","url":"https:\/\/www.intoscana.it\/it\/","name":"intoscana","description":"","potentialAction":[{"@type":"SearchAction","target":{"@type":"EntryPoint","urlTemplate":"https:\/\/www.intoscana.it\/it\/?s={search_term_string}"},"query-input":{"@type":"PropertyValueSpecification","valueRequired":true,"valueName":"search_term_string"}}],"inLanguage":"it-IT"},{"@type":"Person","@id":"https:\/\/www.intoscana.it\/it\/#\/schema\/person\/9223810753230f20bd670fdd322661f8","name":"Redazione","url":"https:\/\/www.intoscana.it\/it\/author\/redazione\/"}]}},"_links":{"self":[{"href":"https:\/\/www.intoscana.it\/it\/wp-json\/wp\/v2\/posts\/229038","targetHints":{"allow":["GET"]}}],"collection":[{"href":"https:\/\/www.intoscana.it\/it\/wp-json\/wp\/v2\/posts"}],"about":[{"href":"https:\/\/www.intoscana.it\/it\/wp-json\/wp\/v2\/types\/post"}],"author":[{"embeddable":true,"href":"https:\/\/www.intoscana.it\/it\/wp-json\/wp\/v2\/users\/525"}],"replies":[{"embeddable":true,"href":"https:\/\/www.intoscana.it\/it\/wp-json\/wp\/v2\/comments?post=229038"}],"version-history":[{"count":0,"href":"https:\/\/www.intoscana.it\/it\/wp-json\/wp\/v2\/posts\/229038\/revisions"}],"wp:featuredmedia":[{"embeddable":true,"href":"https:\/\/www.intoscana.it\/it\/wp-json\/wp\/v2\/media\/168194"}],"wp:attachment":[{"href":"https:\/\/www.intoscana.it\/it\/wp-json\/wp\/v2\/media?parent=229038"}],"wp:term":[{"taxonomy":"category","embeddable":true,"href":"https:\/\/www.intoscana.it\/it\/wp-json\/wp\/v2\/categories?post=229038"},{"taxonomy":"post_tag","embeddable":true,"href":"https:\/\/www.intoscana.it\/it\/wp-json\/wp\/v2\/tags?post=229038"}],"curies":[{"name":"wp","href":"https:\/\/api.w.org\/{rel}","templated":true}]}}