{"id":229417,"date":"2022-05-19T13:07:32","date_gmt":"2022-05-19T11:07:32","guid":{"rendered":"https:\/\/www.intoscana.it\/it\/?p=229417"},"modified":"2022-05-19T13:07:32","modified_gmt":"2022-05-19T11:07:32","slug":"sanita-migliorano-i-tempi-di-attesa-per-le-prestazioni-in-ambulatorio","status":"publish","type":"post","link":"https:\/\/www.intoscana.it\/it\/sanita-migliorano-i-tempi-di-attesa-per-le-prestazioni-in-ambulatorio\/","title":{"rendered":"Sanit\u00e0, migliorano i tempi di attesa per le prestazioni in ambulatorio"},"content":{"rendered":"<p>Sono <mark>in miglioramento in Toscana i tempi di attesa delle prestazioni ambulatoriali<\/mark>. Lo rende noto la Regione in base all&#8217;ultimo monitoraggio che &#8220;<em>restituisce un quadro molto incoraggiante sia per quanto riguarda l&#8217;incremento di offerta di prestazioni che il rispetto dei tempi massimi<\/em>&#8220;. La Toscana utilizza <strong>un indicatore specifico<\/strong>, spiega una nota, il cosiddetto Ci (<strong>Catchment index<\/strong>, ovvero capacit\u00e0 di risposta), che confronta <strong>le prescrizioni effettuate dai medici<\/strong> in un periodo di 15 giorni con le prenotazioni dello stesso periodo.<\/p>\n<p>Tale indicatore, in sofferenza negli ultimi mesi soprattutto per il significativo <strong>aumento di richieste di prestazioni<\/strong> (una media del 25% in pi\u00f9 con punte che hanno superato il 40% per alcune discipline, legate soprattutto alle conseguenze derivanti dal contagio Covid), nell&#8217;ultima quindicina di aprile ha fatto registrare, a livello regionale, un incremento di circa <strong>il 6% per le visite<\/strong>, attestandosi al 67,6%, e di circa <strong>8% per le prestazioni diagnostiche<\/strong>, attestandosi al 63%.<\/p>\n<figure id=\"post-100334 media-100334\" class=\"align-none\"><img decoding=\"async\" src=\"https:\/\/www.intoscana.it\/wp-content\/uploads\/0badcf8ce771509160a5ef6d2bde56ce-3.jpg\" alt=\"\" \/><\/figure>\n<div class=\"titleimg\">medico<\/div>\n<p><mark>La Toscana da tempo si \u00e8 data obiettivi che sono la met\u00e0 dei tempi previsti dal Ministero<\/mark>. Le visite per le quali c&#8217;\u00e8 stata maggiore risposta sono<strong> l&#8217;oculistica<\/strong> (77,5%),<strong> l&#8217;otorinolaringoiatrica<\/strong> (71,2%), <strong>la reumatologica<\/strong> (70,3%). Importante incremento di offerta \u00e8 stato registrato per <strong>la visita cardiologica<\/strong>. Dal confronto tra il periodo 16-30 aprile con la quindicina precedente dello stesso mese si rileva che le visite garantite entro i tempi massimi regionali sono passate dal 73,4% al 74,7%, dall&#8217;82,4% all&#8217;86,8% in base a quelli nazionali.<\/p>\n<h3>Gli effetti del piano da 31 milioni<\/h3>\n<p>&#8220;<em>Questi passi avanti sul fronte delle liste d&#8217;attesa dimostrano che siamo sulla strada giusta<\/em> &#8211; commenta l&#8217;assessore regionale al diritto alla salute <strong>Simone Bezzini<\/strong> &#8211;<em> e sono il risultato delle azioni che abbiamo intrapreso a livello regionale e dell\u2019impegno di tutto il servizio sanitario della Toscana<\/em>&#8220;. L&#8217;assessore ha sottolineato che ci troviamo di fronte agli effetti del <strong>piano straordinario da 31,5 milioni<\/strong> deliberato in Giunta.<\/p>\n<p>&#8220;<em>Un piano per il recupero delle prestazioni ambulatoriali, degli interventi chirurgici, degli screening oncologici, e delle altre iniziative che abbiamo messo in campo, in particolare su aumento volumi di prestazioni erogate, appropriatezza, prenotazioni online, cup, telemedicina e visite post Covid &#8211; <\/em>ha concluso <strong>Bezzini<\/strong><em> &#8211; Dai dati Agenas la Toscana \u00e8 risultata essere la Regione con il maggior incremento di prestazioni di specialistica ambulatoriale tra luglio e dicembre 2021, ma c\u2019\u00e8 ancora tanto da fare ed \u00e8 necessario proseguire in questa direzione per superare le difficolt\u00e0 portate dalla pandemia e offrire un servizio sempre migliore ai cittadini<\/em>\u201d.<\/p>\n","protected":false},"excerpt":{"rendered":"<p>La soddisfazione dell&#8217;assessore Bezzini: &#8220;Abbiamo fatto dei passi in avanti. Siamo sulla giusta strada per rispondere alle richieste dei malati&#8221;<\/p>\n","protected":false},"author":525,"featured_media":229419,"comment_status":"open","ping_status":"open","sticky":false,"template":"","format":"standard","meta":{"_acf_changed":false,"footnotes":""},"categories":[18],"tags":[349,4883],"class_list":["post-229417","post","type-post","status-publish","format-standard","has-post-thumbnail","hentry","category-salute","tag-sanita","tag-simone-bezzini"],"acf":[],"yoast_head":"<!-- This site is optimized with the Yoast SEO Premium plugin v24.2 (Yoast SEO v25.6) - https:\/\/yoast.com\/wordpress\/plugins\/seo\/ -->\n<title>Sanit\u00e0, migliorano i tempi di attesa per le prestazioni in ambulatorio - intoscana<\/title>\n<meta name=\"description\" content=\"La soddisfazione dell&#039;assessore Bezzini: &quot;Abbiamo fatto passi in avanti. Siamo sulla giusta strada per rispondere alle richieste dei malati&quot;\" \/>\n<meta name=\"robots\" content=\"index, follow, max-snippet:-1, max-image-preview:large, max-video-preview:-1\" \/>\n<link rel=\"canonical\" href=\"https:\/\/www.intoscana.it\/it\/sanita-migliorano-i-tempi-di-attesa-per-le-prestazioni-in-ambulatorio\/\" \/>\n<meta property=\"og:locale\" content=\"it_IT\" \/>\n<meta property=\"og:type\" content=\"article\" \/>\n<meta property=\"og:title\" content=\"Sanit\u00e0, migliorano i tempi di attesa per le prestazioni in ambulatorio\" \/>\n<meta property=\"og:description\" content=\"La soddisfazione dell&#039;assessore Bezzini: &quot;Abbiamo fatto passi in avanti. Siamo sulla giusta strada per rispondere alle richieste dei malati&quot;\" \/>\n<meta property=\"og:url\" content=\"https:\/\/www.intoscana.it\/it\/sanita-migliorano-i-tempi-di-attesa-per-le-prestazioni-in-ambulatorio\/\" \/>\n<meta property=\"og:site_name\" content=\"intoscana\" \/>\n<meta property=\"article:publisher\" content=\"https:\/\/www.facebook.com\/intoscana.it\" \/>\n<meta property=\"article:published_time\" content=\"2022-05-19T11:07:32+00:00\" \/>\n<meta property=\"og:image\" content=\"https:\/\/www.intoscana.it\/wp-content\/uploads\/WhatsApp-Image-2022-04-27-at-18.18.44-3.jpeg\" \/>\n\t<meta property=\"og:image:width\" content=\"1600\" \/>\n\t<meta property=\"og:image:height\" content=\"1066\" \/>\n\t<meta property=\"og:image:type\" content=\"image\/jpeg\" \/>\n<meta name=\"author\" content=\"Redazione\" \/>\n<meta name=\"twitter:card\" content=\"summary_large_image\" \/>\n<meta name=\"twitter:creator\" content=\"@intoscana\" \/>\n<meta name=\"twitter:site\" content=\"@intoscana\" \/>\n<meta name=\"twitter:label1\" content=\"Written by\" \/>\n\t<meta name=\"twitter:data1\" content=\"Redazione\" \/>\n\t<meta name=\"twitter:label2\" content=\"Est. reading time\" \/>\n\t<meta name=\"twitter:data2\" content=\"2 minuti\" \/>\n<script type=\"application\/ld+json\" class=\"yoast-schema-graph\">{\"@context\":\"https:\/\/schema.org\",\"@graph\":[{\"@type\":\"WebPage\",\"@id\":\"https:\/\/www.intoscana.it\/it\/sanita-migliorano-i-tempi-di-attesa-per-le-prestazioni-in-ambulatorio\/\",\"url\":\"https:\/\/www.intoscana.it\/it\/sanita-migliorano-i-tempi-di-attesa-per-le-prestazioni-in-ambulatorio\/\",\"name\":\"Sanit\u00e0, migliorano i tempi di attesa per le prestazioni in ambulatorio - intoscana\",\"isPartOf\":{\"@id\":\"https:\/\/www.intoscana.it\/it\/#website\"},\"primaryImageOfPage\":{\"@id\":\"https:\/\/www.intoscana.it\/it\/sanita-migliorano-i-tempi-di-attesa-per-le-prestazioni-in-ambulatorio\/#primaryimage\"},\"image\":{\"@id\":\"https:\/\/www.intoscana.it\/it\/sanita-migliorano-i-tempi-di-attesa-per-le-prestazioni-in-ambulatorio\/#primaryimage\"},\"thumbnailUrl\":\"https:\/\/www.intoscana.it\/wp-content\/uploads\/WhatsApp-Image-2022-04-27-at-18.18.44-3.jpeg\",\"datePublished\":\"2022-05-19T11:07:32+00:00\",\"author\":{\"@id\":\"https:\/\/www.intoscana.it\/it\/#\/schema\/person\/9223810753230f20bd670fdd322661f8\"},\"description\":\"La soddisfazione dell'assessore Bezzini: \\\"Abbiamo fatto passi in avanti. Siamo sulla giusta strada per rispondere alle richieste dei malati\\\"\",\"breadcrumb\":{\"@id\":\"https:\/\/www.intoscana.it\/it\/sanita-migliorano-i-tempi-di-attesa-per-le-prestazioni-in-ambulatorio\/#breadcrumb\"},\"inLanguage\":\"it-IT\",\"potentialAction\":[{\"@type\":\"ReadAction\",\"target\":[\"https:\/\/www.intoscana.it\/it\/sanita-migliorano-i-tempi-di-attesa-per-le-prestazioni-in-ambulatorio\/\"]}]},{\"@type\":\"ImageObject\",\"inLanguage\":\"it-IT\",\"@id\":\"https:\/\/www.intoscana.it\/it\/sanita-migliorano-i-tempi-di-attesa-per-le-prestazioni-in-ambulatorio\/#primaryimage\",\"url\":\"https:\/\/www.intoscana.it\/wp-content\/uploads\/WhatsApp-Image-2022-04-27-at-18.18.44-3.jpeg\",\"contentUrl\":\"https:\/\/www.intoscana.it\/wp-content\/uploads\/WhatsApp-Image-2022-04-27-at-18.18.44-3.jpeg\",\"width\":1600,\"height\":1066,\"caption\":\"Simone Bezzini\"},{\"@type\":\"BreadcrumbList\",\"@id\":\"https:\/\/www.intoscana.it\/it\/sanita-migliorano-i-tempi-di-attesa-per-le-prestazioni-in-ambulatorio\/#breadcrumb\",\"itemListElement\":[{\"@type\":\"ListItem\",\"position\":1,\"name\":\"Home\",\"item\":\"https:\/\/www.intoscana.it\/it\/\"},{\"@type\":\"ListItem\",\"position\":2,\"name\":\"Sanit\u00e0, migliorano i tempi di attesa per le prestazioni in ambulatorio\"}]},{\"@type\":\"WebSite\",\"@id\":\"https:\/\/www.intoscana.it\/it\/#website\",\"url\":\"https:\/\/www.intoscana.it\/it\/\",\"name\":\"intoscana\",\"description\":\"\",\"potentialAction\":[{\"@type\":\"SearchAction\",\"target\":{\"@type\":\"EntryPoint\",\"urlTemplate\":\"https:\/\/www.intoscana.it\/it\/?s={search_term_string}\"},\"query-input\":{\"@type\":\"PropertyValueSpecification\",\"valueRequired\":true,\"valueName\":\"search_term_string\"}}],\"inLanguage\":\"it-IT\"},{\"@type\":\"Person\",\"@id\":\"https:\/\/www.intoscana.it\/it\/#\/schema\/person\/9223810753230f20bd670fdd322661f8\",\"name\":\"Redazione\",\"url\":\"https:\/\/www.intoscana.it\/it\/author\/redazione\/\"}]}<\/script>\n<!-- \/ Yoast SEO Premium plugin. -->","yoast_head_json":{"title":"Sanit\u00e0, migliorano i tempi di attesa per le prestazioni in ambulatorio - intoscana","description":"La soddisfazione dell'assessore Bezzini: \"Abbiamo fatto passi in avanti. Siamo sulla giusta strada per rispondere alle richieste dei malati\"","robots":{"index":"index","follow":"follow","max-snippet":"max-snippet:-1","max-image-preview":"max-image-preview:large","max-video-preview":"max-video-preview:-1"},"canonical":"https:\/\/www.intoscana.it\/it\/sanita-migliorano-i-tempi-di-attesa-per-le-prestazioni-in-ambulatorio\/","og_locale":"it_IT","og_type":"article","og_title":"Sanit\u00e0, migliorano i tempi di attesa per le prestazioni in ambulatorio","og_description":"La soddisfazione dell'assessore Bezzini: \"Abbiamo fatto passi in avanti. Siamo sulla giusta strada per rispondere alle richieste dei malati\"","og_url":"https:\/\/www.intoscana.it\/it\/sanita-migliorano-i-tempi-di-attesa-per-le-prestazioni-in-ambulatorio\/","og_site_name":"intoscana","article_publisher":"https:\/\/www.facebook.com\/intoscana.it","article_published_time":"2022-05-19T11:07:32+00:00","og_image":[{"width":1600,"height":1066,"url":"https:\/\/www.intoscana.it\/wp-content\/uploads\/WhatsApp-Image-2022-04-27-at-18.18.44-3.jpeg","type":"image\/jpeg"}],"author":"Redazione","twitter_card":"summary_large_image","twitter_creator":"@intoscana","twitter_site":"@intoscana","twitter_misc":{"Written by":"Redazione","Est. reading time":"2 minuti"},"schema":{"@context":"https:\/\/schema.org","@graph":[{"@type":"WebPage","@id":"https:\/\/www.intoscana.it\/it\/sanita-migliorano-i-tempi-di-attesa-per-le-prestazioni-in-ambulatorio\/","url":"https:\/\/www.intoscana.it\/it\/sanita-migliorano-i-tempi-di-attesa-per-le-prestazioni-in-ambulatorio\/","name":"Sanit\u00e0, migliorano i tempi di attesa per le prestazioni in ambulatorio - intoscana","isPartOf":{"@id":"https:\/\/www.intoscana.it\/it\/#website"},"primaryImageOfPage":{"@id":"https:\/\/www.intoscana.it\/it\/sanita-migliorano-i-tempi-di-attesa-per-le-prestazioni-in-ambulatorio\/#primaryimage"},"image":{"@id":"https:\/\/www.intoscana.it\/it\/sanita-migliorano-i-tempi-di-attesa-per-le-prestazioni-in-ambulatorio\/#primaryimage"},"thumbnailUrl":"https:\/\/www.intoscana.it\/wp-content\/uploads\/WhatsApp-Image-2022-04-27-at-18.18.44-3.jpeg","datePublished":"2022-05-19T11:07:32+00:00","author":{"@id":"https:\/\/www.intoscana.it\/it\/#\/schema\/person\/9223810753230f20bd670fdd322661f8"},"description":"La soddisfazione dell'assessore Bezzini: \"Abbiamo fatto passi in avanti. Siamo sulla giusta strada per rispondere alle richieste dei malati\"","breadcrumb":{"@id":"https:\/\/www.intoscana.it\/it\/sanita-migliorano-i-tempi-di-attesa-per-le-prestazioni-in-ambulatorio\/#breadcrumb"},"inLanguage":"it-IT","potentialAction":[{"@type":"ReadAction","target":["https:\/\/www.intoscana.it\/it\/sanita-migliorano-i-tempi-di-attesa-per-le-prestazioni-in-ambulatorio\/"]}]},{"@type":"ImageObject","inLanguage":"it-IT","@id":"https:\/\/www.intoscana.it\/it\/sanita-migliorano-i-tempi-di-attesa-per-le-prestazioni-in-ambulatorio\/#primaryimage","url":"https:\/\/www.intoscana.it\/wp-content\/uploads\/WhatsApp-Image-2022-04-27-at-18.18.44-3.jpeg","contentUrl":"https:\/\/www.intoscana.it\/wp-content\/uploads\/WhatsApp-Image-2022-04-27-at-18.18.44-3.jpeg","width":1600,"height":1066,"caption":"Simone Bezzini"},{"@type":"BreadcrumbList","@id":"https:\/\/www.intoscana.it\/it\/sanita-migliorano-i-tempi-di-attesa-per-le-prestazioni-in-ambulatorio\/#breadcrumb","itemListElement":[{"@type":"ListItem","position":1,"name":"Home","item":"https:\/\/www.intoscana.it\/it\/"},{"@type":"ListItem","position":2,"name":"Sanit\u00e0, migliorano i tempi di attesa per le prestazioni in ambulatorio"}]},{"@type":"WebSite","@id":"https:\/\/www.intoscana.it\/it\/#website","url":"https:\/\/www.intoscana.it\/it\/","name":"intoscana","description":"","potentialAction":[{"@type":"SearchAction","target":{"@type":"EntryPoint","urlTemplate":"https:\/\/www.intoscana.it\/it\/?s={search_term_string}"},"query-input":{"@type":"PropertyValueSpecification","valueRequired":true,"valueName":"search_term_string"}}],"inLanguage":"it-IT"},{"@type":"Person","@id":"https:\/\/www.intoscana.it\/it\/#\/schema\/person\/9223810753230f20bd670fdd322661f8","name":"Redazione","url":"https:\/\/www.intoscana.it\/it\/author\/redazione\/"}]}},"_links":{"self":[{"href":"https:\/\/www.intoscana.it\/it\/wp-json\/wp\/v2\/posts\/229417","targetHints":{"allow":["GET"]}}],"collection":[{"href":"https:\/\/www.intoscana.it\/it\/wp-json\/wp\/v2\/posts"}],"about":[{"href":"https:\/\/www.intoscana.it\/it\/wp-json\/wp\/v2\/types\/post"}],"author":[{"embeddable":true,"href":"https:\/\/www.intoscana.it\/it\/wp-json\/wp\/v2\/users\/525"}],"replies":[{"embeddable":true,"href":"https:\/\/www.intoscana.it\/it\/wp-json\/wp\/v2\/comments?post=229417"}],"version-history":[{"count":0,"href":"https:\/\/www.intoscana.it\/it\/wp-json\/wp\/v2\/posts\/229417\/revisions"}],"wp:featuredmedia":[{"embeddable":true,"href":"https:\/\/www.intoscana.it\/it\/wp-json\/wp\/v2\/media\/229419"}],"wp:attachment":[{"href":"https:\/\/www.intoscana.it\/it\/wp-json\/wp\/v2\/media?parent=229417"}],"wp:term":[{"taxonomy":"category","embeddable":true,"href":"https:\/\/www.intoscana.it\/it\/wp-json\/wp\/v2\/categories?post=229417"},{"taxonomy":"post_tag","embeddable":true,"href":"https:\/\/www.intoscana.it\/it\/wp-json\/wp\/v2\/tags?post=229417"}],"curies":[{"name":"wp","href":"https:\/\/api.w.org\/{rel}","templated":true}]}}