{"id":229424,"date":"2022-05-19T13:15:47","date_gmt":"2022-05-19T11:15:47","guid":{"rendered":"https:\/\/www.intoscana.it\/it\/?p=229424"},"modified":"2022-05-20T14:28:45","modified_gmt":"2022-05-20T12:28:45","slug":"covid-19-bollettino-toscana-5","status":"publish","type":"post","link":"https:\/\/www.intoscana.it\/it\/covid-19-bollettino-toscana-5\/","title":{"rendered":"Covid-19, 1.849 nuovi casi, et\u00e0 media 45 anni. I decessi sono sette"},"content":{"rendered":"<p>In Toscana sono <strong>1.137.293 i casi di positivit\u00e0<\/strong> al Covid-19, <strong>1.849 in pi\u00f9 rispetto a ieri<\/strong> (481 confermati con tampone molecolare e 1.368 da test rapido antigenico). <strong>L&#8217;et\u00e0 media \u00e8 di 45 anni<\/strong>. I nuovi casi sono lo 0,2% in pi\u00f9 rispetto al totale del giorno precedente. <strong>I guariti<\/strong> raggiungono <strong>quota 1.091.728<\/strong> (96% dei casi totali).<\/p>\n<p>Oggi sono stati eseguiti <strong>2.449 tamponi molecolari<\/strong> e <strong>11.866 tamponi antigenici rapidi<\/strong>, di questi il 12,9% \u00e8 risultato positivo. Sono invece 2.920 i soggetti testati oggi (con tampone antigenico e\/o molecolare, escludendo i tamponi di controllo), di cui il 63,3% \u00e8 risultato positivo. Gli attualmente <strong>positivi sono oggi 35.538<\/strong>, -1,8% rispetto a ieri.<\/p>\n<p>Sono <strong>316.265 i casi complessivi ad oggi a Firenze<\/strong> (473 in pi\u00f9 rispetto a ieri), 78.173 a Prato (107 in pi\u00f9), 91.232 a Pistoia (123 in pi\u00f9), 55.855 a Massa-Carrara\u00a0 (110 in pi\u00f9), 119.234 a Lucca (178 in pi\u00f9), 130.615 a Pisa (224 in pi\u00f9), 100.958 a Livorno (202 in pi\u00f9), 103.858 ad Arezzo (142 in pi\u00f9), 79.967 a Siena (154 in pi\u00f9), 60.581 a Grosseto (136 in pi\u00f9). Sono 555 i casi positivi notificati in Toscana, ma residenti in altre regioni.<\/p>\n<p>Sono <strong>35.137\u00a0 in isolamento a casa<\/strong>, poich\u00e9 presentano sintomi lievi che non richiedono cure ospedaliere, o risultano prive di sintomi (630 in meno rispetto a ieri, meno 1,8%).<\/p>\n<p><strong>Le persone ricoverate<\/strong> nei posti letto dedicati ai pazienti COVID <strong>oggi sono 401<\/strong> (3 in meno rispetto a ieri, &#8211; 0,7%), <strong>15 in terapia intensiva<\/strong> (1 in pi\u00f9 rispetto a ieri, + 7,1%).<\/p>\n<p>Si registrano <strong>7 nuovi decessi<\/strong>: 4 uomini e 3 donne con un&#8217;<strong>et\u00e0 media di 85,9 anni<\/strong> (3 a Firenze, 1 a Pistoia, 2 a Massa Carrara, 1 a Pisa). Sono<strong> 10.027 i deceduti dall&#8217;inizio dell&#8217;epidemia<\/strong> cosi ripartiti: 3.155 a Firenze, 833 a Prato, 897 a Pistoia, 654 a Massa Carrara, 941 a Lucca, 1.103 a Pisa, 733 a Livorno, 655 ad Arezzo, 533 a Siena, 387 a Grosseto, 136 persone sono decedute sul suolo toscano ma erano residenti fuori regione.<\/p>\n","protected":false},"excerpt":{"rendered":"<p>Le persone ricoverate sono 401 (3 in meno rispetto a ieri, &#8211; 0,7%), 15 in terapia intensiva (1 in pi\u00f9 rispetto a ieri, + 7,1%)<\/p>\n","protected":false},"author":525,"featured_media":144060,"comment_status":"open","ping_status":"open","sticky":false,"template":"","format":"standard","meta":{"_acf_changed":false,"footnotes":""},"categories":[494],"tags":[4868,418],"class_list":["post-229424","post","type-post","status-publish","format-standard","has-post-thumbnail","hentry","category-attualita","tag-bollettino-covid-toscana","tag-covid-19"],"acf":[],"yoast_head":"<!-- This site is optimized with the Yoast SEO Premium plugin v24.2 (Yoast SEO v25.6) - https:\/\/yoast.com\/wordpress\/plugins\/seo\/ -->\n<title>Covid-19, 1.849 nuovi casi, et\u00e0 media 45 anni. I decessi sono 7 - intoscana<\/title>\n<meta name=\"description\" content=\"Le persone ricoverate sono 401 (3 in meno rispetto a ieri, - 0,7%), 15 in terapia intensiva (1 in pi\u00f9 rispetto a ieri, + 7,1%)\" \/>\n<meta name=\"robots\" content=\"index, follow, max-snippet:-1, max-image-preview:large, max-video-preview:-1\" \/>\n<link rel=\"canonical\" href=\"https:\/\/www.intoscana.it\/it\/covid-19-bollettino-toscana-5\/\" \/>\n<meta property=\"og:locale\" content=\"it_IT\" \/>\n<meta property=\"og:type\" content=\"article\" \/>\n<meta property=\"og:title\" content=\"Covid-19, 1.849 nuovi casi, et\u00e0 media 45 anni. I decessi sono sette\" \/>\n<meta property=\"og:description\" content=\"Le persone ricoverate sono 401 (3 in meno rispetto a ieri, - 0,7%), 15 in terapia intensiva (1 in pi\u00f9 rispetto a ieri, + 7,1%)\" \/>\n<meta property=\"og:url\" content=\"https:\/\/www.intoscana.it\/it\/covid-19-bollettino-toscana-5\/\" \/>\n<meta property=\"og:site_name\" content=\"intoscana\" \/>\n<meta property=\"article:publisher\" content=\"https:\/\/www.facebook.com\/intoscana.it\" \/>\n<meta property=\"article:published_time\" content=\"2022-05-19T11:15:47+00:00\" \/>\n<meta property=\"article:modified_time\" content=\"2022-05-20T12:28:45+00:00\" \/>\n<meta property=\"og:image\" content=\"https:\/\/www.intoscana.it\/wp-content\/uploads\/covid-19-blood-test-2.jpg\" \/>\n\t<meta property=\"og:image:width\" content=\"1000\" \/>\n\t<meta property=\"og:image:height\" content=\"750\" \/>\n\t<meta property=\"og:image:type\" content=\"image\/jpeg\" \/>\n<meta name=\"author\" content=\"Redazione\" \/>\n<meta name=\"twitter:card\" content=\"summary_large_image\" \/>\n<meta name=\"twitter:creator\" content=\"@intoscana\" \/>\n<meta name=\"twitter:site\" content=\"@intoscana\" \/>\n<meta name=\"twitter:label1\" content=\"Written by\" \/>\n\t<meta name=\"twitter:data1\" content=\"Redazione\" \/>\n\t<meta name=\"twitter:label2\" content=\"Est. reading time\" \/>\n\t<meta name=\"twitter:data2\" content=\"1 minuto\" \/>\n<script type=\"application\/ld+json\" class=\"yoast-schema-graph\">{\"@context\":\"https:\/\/schema.org\",\"@graph\":[{\"@type\":\"WebPage\",\"@id\":\"https:\/\/www.intoscana.it\/it\/covid-19-bollettino-toscana-5\/\",\"url\":\"https:\/\/www.intoscana.it\/it\/covid-19-bollettino-toscana-5\/\",\"name\":\"Covid-19, 1.849 nuovi casi, et\u00e0 media 45 anni. I decessi sono 7 - intoscana\",\"isPartOf\":{\"@id\":\"https:\/\/www.intoscana.it\/it\/#website\"},\"primaryImageOfPage\":{\"@id\":\"https:\/\/www.intoscana.it\/it\/covid-19-bollettino-toscana-5\/#primaryimage\"},\"image\":{\"@id\":\"https:\/\/www.intoscana.it\/it\/covid-19-bollettino-toscana-5\/#primaryimage\"},\"thumbnailUrl\":\"https:\/\/www.intoscana.it\/wp-content\/uploads\/covid-19-blood-test-2.jpg\",\"datePublished\":\"2022-05-19T11:15:47+00:00\",\"dateModified\":\"2022-05-20T12:28:45+00:00\",\"author\":{\"@id\":\"https:\/\/www.intoscana.it\/it\/#\/schema\/person\/9223810753230f20bd670fdd322661f8\"},\"description\":\"Le persone ricoverate sono 401 (3 in meno rispetto a ieri, - 0,7%), 15 in terapia intensiva (1 in pi\u00f9 rispetto a ieri, + 7,1%)\",\"breadcrumb\":{\"@id\":\"https:\/\/www.intoscana.it\/it\/covid-19-bollettino-toscana-5\/#breadcrumb\"},\"inLanguage\":\"it-IT\",\"potentialAction\":[{\"@type\":\"ReadAction\",\"target\":[\"https:\/\/www.intoscana.it\/it\/covid-19-bollettino-toscana-5\/\"]}]},{\"@type\":\"ImageObject\",\"inLanguage\":\"it-IT\",\"@id\":\"https:\/\/www.intoscana.it\/it\/covid-19-bollettino-toscana-5\/#primaryimage\",\"url\":\"https:\/\/www.intoscana.it\/wp-content\/uploads\/covid-19-blood-test-2.jpg\",\"contentUrl\":\"https:\/\/www.intoscana.it\/wp-content\/uploads\/covid-19-blood-test-2.jpg\",\"width\":1000,\"height\":750,\"caption\":\"Coronavirus\"},{\"@type\":\"BreadcrumbList\",\"@id\":\"https:\/\/www.intoscana.it\/it\/covid-19-bollettino-toscana-5\/#breadcrumb\",\"itemListElement\":[{\"@type\":\"ListItem\",\"position\":1,\"name\":\"Home\",\"item\":\"https:\/\/www.intoscana.it\/it\/\"},{\"@type\":\"ListItem\",\"position\":2,\"name\":\"Covid-19, 1.849 nuovi casi, et\u00e0 media 45 anni. I decessi sono sette\"}]},{\"@type\":\"WebSite\",\"@id\":\"https:\/\/www.intoscana.it\/it\/#website\",\"url\":\"https:\/\/www.intoscana.it\/it\/\",\"name\":\"intoscana\",\"description\":\"\",\"potentialAction\":[{\"@type\":\"SearchAction\",\"target\":{\"@type\":\"EntryPoint\",\"urlTemplate\":\"https:\/\/www.intoscana.it\/it\/?s={search_term_string}\"},\"query-input\":{\"@type\":\"PropertyValueSpecification\",\"valueRequired\":true,\"valueName\":\"search_term_string\"}}],\"inLanguage\":\"it-IT\"},{\"@type\":\"Person\",\"@id\":\"https:\/\/www.intoscana.it\/it\/#\/schema\/person\/9223810753230f20bd670fdd322661f8\",\"name\":\"Redazione\",\"url\":\"https:\/\/www.intoscana.it\/it\/author\/redazione\/\"}]}<\/script>\n<!-- \/ Yoast SEO Premium plugin. -->","yoast_head_json":{"title":"Covid-19, 1.849 nuovi casi, et\u00e0 media 45 anni. I decessi sono 7 - intoscana","description":"Le persone ricoverate sono 401 (3 in meno rispetto a ieri, - 0,7%), 15 in terapia intensiva (1 in pi\u00f9 rispetto a ieri, + 7,1%)","robots":{"index":"index","follow":"follow","max-snippet":"max-snippet:-1","max-image-preview":"max-image-preview:large","max-video-preview":"max-video-preview:-1"},"canonical":"https:\/\/www.intoscana.it\/it\/covid-19-bollettino-toscana-5\/","og_locale":"it_IT","og_type":"article","og_title":"Covid-19, 1.849 nuovi casi, et\u00e0 media 45 anni. I decessi sono sette","og_description":"Le persone ricoverate sono 401 (3 in meno rispetto a ieri, - 0,7%), 15 in terapia intensiva (1 in pi\u00f9 rispetto a ieri, + 7,1%)","og_url":"https:\/\/www.intoscana.it\/it\/covid-19-bollettino-toscana-5\/","og_site_name":"intoscana","article_publisher":"https:\/\/www.facebook.com\/intoscana.it","article_published_time":"2022-05-19T11:15:47+00:00","article_modified_time":"2022-05-20T12:28:45+00:00","og_image":[{"width":1000,"height":750,"url":"https:\/\/www.intoscana.it\/wp-content\/uploads\/covid-19-blood-test-2.jpg","type":"image\/jpeg"}],"author":"Redazione","twitter_card":"summary_large_image","twitter_creator":"@intoscana","twitter_site":"@intoscana","twitter_misc":{"Written by":"Redazione","Est. reading time":"1 minuto"},"schema":{"@context":"https:\/\/schema.org","@graph":[{"@type":"WebPage","@id":"https:\/\/www.intoscana.it\/it\/covid-19-bollettino-toscana-5\/","url":"https:\/\/www.intoscana.it\/it\/covid-19-bollettino-toscana-5\/","name":"Covid-19, 1.849 nuovi casi, et\u00e0 media 45 anni. I decessi sono 7 - intoscana","isPartOf":{"@id":"https:\/\/www.intoscana.it\/it\/#website"},"primaryImageOfPage":{"@id":"https:\/\/www.intoscana.it\/it\/covid-19-bollettino-toscana-5\/#primaryimage"},"image":{"@id":"https:\/\/www.intoscana.it\/it\/covid-19-bollettino-toscana-5\/#primaryimage"},"thumbnailUrl":"https:\/\/www.intoscana.it\/wp-content\/uploads\/covid-19-blood-test-2.jpg","datePublished":"2022-05-19T11:15:47+00:00","dateModified":"2022-05-20T12:28:45+00:00","author":{"@id":"https:\/\/www.intoscana.it\/it\/#\/schema\/person\/9223810753230f20bd670fdd322661f8"},"description":"Le persone ricoverate sono 401 (3 in meno rispetto a ieri, - 0,7%), 15 in terapia intensiva (1 in pi\u00f9 rispetto a ieri, + 7,1%)","breadcrumb":{"@id":"https:\/\/www.intoscana.it\/it\/covid-19-bollettino-toscana-5\/#breadcrumb"},"inLanguage":"it-IT","potentialAction":[{"@type":"ReadAction","target":["https:\/\/www.intoscana.it\/it\/covid-19-bollettino-toscana-5\/"]}]},{"@type":"ImageObject","inLanguage":"it-IT","@id":"https:\/\/www.intoscana.it\/it\/covid-19-bollettino-toscana-5\/#primaryimage","url":"https:\/\/www.intoscana.it\/wp-content\/uploads\/covid-19-blood-test-2.jpg","contentUrl":"https:\/\/www.intoscana.it\/wp-content\/uploads\/covid-19-blood-test-2.jpg","width":1000,"height":750,"caption":"Coronavirus"},{"@type":"BreadcrumbList","@id":"https:\/\/www.intoscana.it\/it\/covid-19-bollettino-toscana-5\/#breadcrumb","itemListElement":[{"@type":"ListItem","position":1,"name":"Home","item":"https:\/\/www.intoscana.it\/it\/"},{"@type":"ListItem","position":2,"name":"Covid-19, 1.849 nuovi casi, et\u00e0 media 45 anni. I decessi sono sette"}]},{"@type":"WebSite","@id":"https:\/\/www.intoscana.it\/it\/#website","url":"https:\/\/www.intoscana.it\/it\/","name":"intoscana","description":"","potentialAction":[{"@type":"SearchAction","target":{"@type":"EntryPoint","urlTemplate":"https:\/\/www.intoscana.it\/it\/?s={search_term_string}"},"query-input":{"@type":"PropertyValueSpecification","valueRequired":true,"valueName":"search_term_string"}}],"inLanguage":"it-IT"},{"@type":"Person","@id":"https:\/\/www.intoscana.it\/it\/#\/schema\/person\/9223810753230f20bd670fdd322661f8","name":"Redazione","url":"https:\/\/www.intoscana.it\/it\/author\/redazione\/"}]}},"_links":{"self":[{"href":"https:\/\/www.intoscana.it\/it\/wp-json\/wp\/v2\/posts\/229424","targetHints":{"allow":["GET"]}}],"collection":[{"href":"https:\/\/www.intoscana.it\/it\/wp-json\/wp\/v2\/posts"}],"about":[{"href":"https:\/\/www.intoscana.it\/it\/wp-json\/wp\/v2\/types\/post"}],"author":[{"embeddable":true,"href":"https:\/\/www.intoscana.it\/it\/wp-json\/wp\/v2\/users\/525"}],"replies":[{"embeddable":true,"href":"https:\/\/www.intoscana.it\/it\/wp-json\/wp\/v2\/comments?post=229424"}],"version-history":[{"count":0,"href":"https:\/\/www.intoscana.it\/it\/wp-json\/wp\/v2\/posts\/229424\/revisions"}],"wp:featuredmedia":[{"embeddable":true,"href":"https:\/\/www.intoscana.it\/it\/wp-json\/wp\/v2\/media\/144060"}],"wp:attachment":[{"href":"https:\/\/www.intoscana.it\/it\/wp-json\/wp\/v2\/media?parent=229424"}],"wp:term":[{"taxonomy":"category","embeddable":true,"href":"https:\/\/www.intoscana.it\/it\/wp-json\/wp\/v2\/categories?post=229424"},{"taxonomy":"post_tag","embeddable":true,"href":"https:\/\/www.intoscana.it\/it\/wp-json\/wp\/v2\/tags?post=229424"}],"curies":[{"name":"wp","href":"https:\/\/api.w.org\/{rel}","templated":true}]}}