{"id":229575,"date":"2022-05-20T09:55:35","date_gmt":"2022-05-20T07:55:35","guid":{"rendered":"https:\/\/www.intoscana.it\/it\/?p=229575"},"modified":"2022-05-20T09:55:35","modified_gmt":"2022-05-20T07:55:35","slug":"a-firenze-i-sogni-diventano-opere-darte-nellinstallazione-di-jacopo-baboni-schilingi","status":"publish","type":"post","link":"https:\/\/www.intoscana.it\/it\/a-firenze-i-sogni-diventano-opere-darte-nellinstallazione-di-jacopo-baboni-schilingi\/","title":{"rendered":"A Firenze i sogni &#8220;diventano&#8221; opere d&#8217;arte nell&#8217;installazione di Jacopo Baboni Schilingi"},"content":{"rendered":"<p><strong>Trasformare i sogni in un&#8217;opera d&#8217;arte:<\/strong> \u00e8 il progetto di <strong>Murate Art District<\/strong> e dell&#8217;artista <strong>Jacopo Baboni Schilingi,<\/strong> intitolato <em><strong>&#8216;Il respiro dei sogni&#8217;<\/strong> <\/em>e previsto per <strong>il 24, 25 e 26 maggio a Firenze.<\/strong><\/p>\n<p>In pratica Schilingi invita i fiorentini a <strong>passeggiare liberamente nel Terzo Giardino,<\/strong> polmone verde sulla riva dell&#8217;Arno a cui si accede dal <strong>lungarno Serristori,<\/strong> per un massimo di dieci minuti registrando sul telefono (sotto forma di messaggio vocale) <strong>uno o pi\u00f9 sogni da &#8216;regalare&#8217; alla citt\u00e0 di Firenze.<\/strong><\/p>\n<figure id=\"post-229564 media-229564\" class=\"align-none\"><img decoding=\"async\" src=\"https:\/\/www.intoscana.it\/wp-content\/uploads\/Terzo-Giardino_Studio-Photo-di-Gabriele-Galimberti-2.jpg\" alt=\"\" \/><\/figure>\n<div class=\"titleimg\"><em>Terzo Giardino<\/em><\/div>\n<p><strong>Ciascun vocale verr\u00e0 in seguito interpretato da un&#8217;attrice\u00a0o da un attore<\/strong>, in modo da tutelare l&#8217;anonimato di chi avr\u00e0 &#8220;donato&#8221; la propria riflessione.<\/p>\n<p>A ciascuno dei partecipanti verr\u00e0 inoltre sistemato <strong>sul torace il sensore Argo, che registra le pulsazioni cardiache<\/strong> e <strong>misura le respirazioni<\/strong>, dati fisiologici che saranno anch&#8217;essi utilizzati dall&#8217;artista per integrarli nell&#8217;opera e nella partitura sonora che comporr\u00e0 e dedicher\u00e0 a ciascun sogno.<\/p>\n<p>Tutto questo produrr\u00e0 <strong>un&#8217;installazione finale che sar\u00e0 presentata al pubblico a inizio settembre<\/strong> al Terzo Giardino grazie al lavoro anche di Murate Art District, lo spazio del Comune di Firenze gestito da Muse.<\/p>\n<p>Nella doppia installazione finale il pubblico potr\u00e0 riascoltare tutti i sogni, accompagnati da una serie di<strong> video realizzati dall&#8217;artista<\/strong> e da una musica composta a partire dall&#8217;integrazione del racconto con le respirazioni e le pulsazioni cardiache.<\/p>\n<p><em>&#8220;Un&#8217;installazione collettiva fatta di sogni, sotto la guida di un artista contemporaneo di prim&#8217;ordine&#8221;,<\/em> ha dichiarato la\u00a0<strong>vicesindaca di Firenze Alessia Bettini.<\/strong><\/p>\n<p><strong>Valentina Gensini, direttore artistico di Mad,<\/strong> ha aggiunto che questo evento pu\u00f2 creare <em>&#8220;un nuovo momento magico in citt\u00e0, in cui cittadini di ogni et\u00e0 e provenienza possano contribuire ad una grande opera collettiva condividendo -seppur nel completo anonimato &#8211; la propria dimensione onirica, il proprio immaginario proiettato sul futuro e le utopie che vorremmo nutrire insieme ad altri&#8221;.\u00a0<\/em><\/p>\n<figure id=\"post-229563 media-229563\" class=\"align-none\"><img decoding=\"async\" src=\"https:\/\/www.intoscana.it\/wp-content\/uploads\/Jacopo_Baboni_Schilingi.jpeg\" alt=\"\" \/><\/figure>\n<div class=\"titleimg\"><em>Jacopo Baboni Schilingi<\/em><\/div>\n","protected":false},"excerpt":{"rendered":"<p>Nel Terzo Giardino sulle rive dell&#8217;Arno il 24, 24 e 26 maggio prende il via il progetto artistico &#8220;Il respiro dei sogni&#8221; che coinvolger\u00e0 direttamente chiunque vorr\u00e0 partecipare<\/p>\n","protected":false},"author":525,"featured_media":229565,"comment_status":"open","ping_status":"open","sticky":false,"template":"","format":"standard","meta":{"_acf_changed":false,"footnotes":""},"categories":[493],"tags":[227,202,222],"class_list":["post-229575","post","type-post","status-publish","format-standard","has-post-thumbnail","hentry","category-cultura","tag-arte-contemporanea","tag-firenze","tag-mostre"],"acf":[],"yoast_head":"<!-- This site is optimized with the Yoast SEO Premium plugin v24.2 (Yoast SEO v25.6) - https:\/\/yoast.com\/wordpress\/plugins\/seo\/ -->\n<title>A Firenze i sogni &quot;diventano&quot; opere d&#039;arte nell&#039;installazione di Jacopo Baboni Schilingi - intoscana<\/title>\n<meta name=\"description\" content=\"Nel Terzo Giardino sulle rive dell&#039;Arno il 24, 24 e 26 maggio prende il via il progetto artistico &quot;Il respiro dei sogni&quot;\" \/>\n<meta name=\"robots\" content=\"index, follow, max-snippet:-1, max-image-preview:large, max-video-preview:-1\" \/>\n<link rel=\"canonical\" href=\"https:\/\/www.intoscana.it\/it\/a-firenze-i-sogni-diventano-opere-darte-nellinstallazione-di-jacopo-baboni-schilingi\/\" \/>\n<meta property=\"og:locale\" content=\"it_IT\" \/>\n<meta property=\"og:type\" content=\"article\" \/>\n<meta property=\"og:title\" content=\"A Firenze i sogni &quot;diventano&quot; opere d&#039;arte nell&#039;installazione di Jacopo Baboni Schilingi\" \/>\n<meta property=\"og:description\" content=\"Nel Terzo Giardino sulle rive dell&#039;Arno il 24, 24 e 26 maggio prende il via il progetto artistico &quot;Il respiro dei sogni&quot;\" \/>\n<meta property=\"og:url\" content=\"https:\/\/www.intoscana.it\/it\/a-firenze-i-sogni-diventano-opere-darte-nellinstallazione-di-jacopo-baboni-schilingi\/\" \/>\n<meta property=\"og:site_name\" content=\"intoscana\" \/>\n<meta property=\"article:publisher\" content=\"https:\/\/www.facebook.com\/intoscana.it\" \/>\n<meta property=\"article:published_time\" content=\"2022-05-20T07:55:35+00:00\" \/>\n<meta property=\"og:image\" content=\"https:\/\/www.intoscana.it\/wp-content\/uploads\/Argo_Baboni-Schilingi-1.jpg\" \/>\n\t<meta property=\"og:image:width\" content=\"543\" \/>\n\t<meta property=\"og:image:height\" content=\"399\" \/>\n\t<meta property=\"og:image:type\" content=\"image\/jpeg\" \/>\n<meta name=\"author\" content=\"Redazione\" \/>\n<meta name=\"twitter:card\" content=\"summary_large_image\" \/>\n<meta name=\"twitter:creator\" content=\"@intoscana\" \/>\n<meta name=\"twitter:site\" content=\"@intoscana\" \/>\n<meta name=\"twitter:label1\" content=\"Written by\" \/>\n\t<meta name=\"twitter:data1\" content=\"Redazione\" \/>\n\t<meta name=\"twitter:label2\" content=\"Est. reading time\" \/>\n\t<meta name=\"twitter:data2\" content=\"1 minuto\" \/>\n<script type=\"application\/ld+json\" class=\"yoast-schema-graph\">{\"@context\":\"https:\/\/schema.org\",\"@graph\":[{\"@type\":\"WebPage\",\"@id\":\"https:\/\/www.intoscana.it\/it\/a-firenze-i-sogni-diventano-opere-darte-nellinstallazione-di-jacopo-baboni-schilingi\/\",\"url\":\"https:\/\/www.intoscana.it\/it\/a-firenze-i-sogni-diventano-opere-darte-nellinstallazione-di-jacopo-baboni-schilingi\/\",\"name\":\"A Firenze i sogni \\\"diventano\\\" opere d'arte nell'installazione di Jacopo Baboni Schilingi - intoscana\",\"isPartOf\":{\"@id\":\"https:\/\/www.intoscana.it\/it\/#website\"},\"primaryImageOfPage\":{\"@id\":\"https:\/\/www.intoscana.it\/it\/a-firenze-i-sogni-diventano-opere-darte-nellinstallazione-di-jacopo-baboni-schilingi\/#primaryimage\"},\"image\":{\"@id\":\"https:\/\/www.intoscana.it\/it\/a-firenze-i-sogni-diventano-opere-darte-nellinstallazione-di-jacopo-baboni-schilingi\/#primaryimage\"},\"thumbnailUrl\":\"https:\/\/www.intoscana.it\/wp-content\/uploads\/Argo_Baboni-Schilingi-1.jpg\",\"datePublished\":\"2022-05-20T07:55:35+00:00\",\"author\":{\"@id\":\"https:\/\/www.intoscana.it\/it\/#\/schema\/person\/9223810753230f20bd670fdd322661f8\"},\"description\":\"Nel Terzo Giardino sulle rive dell'Arno il 24, 24 e 26 maggio prende il via il progetto artistico \\\"Il respiro dei sogni\\\"\",\"breadcrumb\":{\"@id\":\"https:\/\/www.intoscana.it\/it\/a-firenze-i-sogni-diventano-opere-darte-nellinstallazione-di-jacopo-baboni-schilingi\/#breadcrumb\"},\"inLanguage\":\"it-IT\",\"potentialAction\":[{\"@type\":\"ReadAction\",\"target\":[\"https:\/\/www.intoscana.it\/it\/a-firenze-i-sogni-diventano-opere-darte-nellinstallazione-di-jacopo-baboni-schilingi\/\"]}]},{\"@type\":\"ImageObject\",\"inLanguage\":\"it-IT\",\"@id\":\"https:\/\/www.intoscana.it\/it\/a-firenze-i-sogni-diventano-opere-darte-nellinstallazione-di-jacopo-baboni-schilingi\/#primaryimage\",\"url\":\"https:\/\/www.intoscana.it\/wp-content\/uploads\/Argo_Baboni-Schilingi-1.jpg\",\"contentUrl\":\"https:\/\/www.intoscana.it\/wp-content\/uploads\/Argo_Baboni-Schilingi-1.jpg\",\"width\":543,\"height\":399},{\"@type\":\"BreadcrumbList\",\"@id\":\"https:\/\/www.intoscana.it\/it\/a-firenze-i-sogni-diventano-opere-darte-nellinstallazione-di-jacopo-baboni-schilingi\/#breadcrumb\",\"itemListElement\":[{\"@type\":\"ListItem\",\"position\":1,\"name\":\"Home\",\"item\":\"https:\/\/www.intoscana.it\/it\/\"},{\"@type\":\"ListItem\",\"position\":2,\"name\":\"A Firenze i sogni &#8220;diventano&#8221; opere d&#8217;arte nell&#8217;installazione di Jacopo Baboni Schilingi\"}]},{\"@type\":\"WebSite\",\"@id\":\"https:\/\/www.intoscana.it\/it\/#website\",\"url\":\"https:\/\/www.intoscana.it\/it\/\",\"name\":\"intoscana\",\"description\":\"\",\"potentialAction\":[{\"@type\":\"SearchAction\",\"target\":{\"@type\":\"EntryPoint\",\"urlTemplate\":\"https:\/\/www.intoscana.it\/it\/?s={search_term_string}\"},\"query-input\":{\"@type\":\"PropertyValueSpecification\",\"valueRequired\":true,\"valueName\":\"search_term_string\"}}],\"inLanguage\":\"it-IT\"},{\"@type\":\"Person\",\"@id\":\"https:\/\/www.intoscana.it\/it\/#\/schema\/person\/9223810753230f20bd670fdd322661f8\",\"name\":\"Redazione\",\"url\":\"https:\/\/www.intoscana.it\/it\/author\/redazione\/\"}]}<\/script>\n<!-- \/ Yoast SEO Premium plugin. -->","yoast_head_json":{"title":"A Firenze i sogni \"diventano\" opere d'arte nell'installazione di Jacopo Baboni Schilingi - intoscana","description":"Nel Terzo Giardino sulle rive dell'Arno il 24, 24 e 26 maggio prende il via il progetto artistico \"Il respiro dei sogni\"","robots":{"index":"index","follow":"follow","max-snippet":"max-snippet:-1","max-image-preview":"max-image-preview:large","max-video-preview":"max-video-preview:-1"},"canonical":"https:\/\/www.intoscana.it\/it\/a-firenze-i-sogni-diventano-opere-darte-nellinstallazione-di-jacopo-baboni-schilingi\/","og_locale":"it_IT","og_type":"article","og_title":"A Firenze i sogni \"diventano\" opere d'arte nell'installazione di Jacopo Baboni Schilingi","og_description":"Nel Terzo Giardino sulle rive dell'Arno il 24, 24 e 26 maggio prende il via il progetto artistico \"Il respiro dei sogni\"","og_url":"https:\/\/www.intoscana.it\/it\/a-firenze-i-sogni-diventano-opere-darte-nellinstallazione-di-jacopo-baboni-schilingi\/","og_site_name":"intoscana","article_publisher":"https:\/\/www.facebook.com\/intoscana.it","article_published_time":"2022-05-20T07:55:35+00:00","og_image":[{"width":543,"height":399,"url":"https:\/\/www.intoscana.it\/wp-content\/uploads\/Argo_Baboni-Schilingi-1.jpg","type":"image\/jpeg"}],"author":"Redazione","twitter_card":"summary_large_image","twitter_creator":"@intoscana","twitter_site":"@intoscana","twitter_misc":{"Written by":"Redazione","Est. reading time":"1 minuto"},"schema":{"@context":"https:\/\/schema.org","@graph":[{"@type":"WebPage","@id":"https:\/\/www.intoscana.it\/it\/a-firenze-i-sogni-diventano-opere-darte-nellinstallazione-di-jacopo-baboni-schilingi\/","url":"https:\/\/www.intoscana.it\/it\/a-firenze-i-sogni-diventano-opere-darte-nellinstallazione-di-jacopo-baboni-schilingi\/","name":"A Firenze i sogni \"diventano\" opere d'arte nell'installazione di Jacopo Baboni Schilingi - intoscana","isPartOf":{"@id":"https:\/\/www.intoscana.it\/it\/#website"},"primaryImageOfPage":{"@id":"https:\/\/www.intoscana.it\/it\/a-firenze-i-sogni-diventano-opere-darte-nellinstallazione-di-jacopo-baboni-schilingi\/#primaryimage"},"image":{"@id":"https:\/\/www.intoscana.it\/it\/a-firenze-i-sogni-diventano-opere-darte-nellinstallazione-di-jacopo-baboni-schilingi\/#primaryimage"},"thumbnailUrl":"https:\/\/www.intoscana.it\/wp-content\/uploads\/Argo_Baboni-Schilingi-1.jpg","datePublished":"2022-05-20T07:55:35+00:00","author":{"@id":"https:\/\/www.intoscana.it\/it\/#\/schema\/person\/9223810753230f20bd670fdd322661f8"},"description":"Nel Terzo Giardino sulle rive dell'Arno il 24, 24 e 26 maggio prende il via il progetto artistico \"Il respiro dei sogni\"","breadcrumb":{"@id":"https:\/\/www.intoscana.it\/it\/a-firenze-i-sogni-diventano-opere-darte-nellinstallazione-di-jacopo-baboni-schilingi\/#breadcrumb"},"inLanguage":"it-IT","potentialAction":[{"@type":"ReadAction","target":["https:\/\/www.intoscana.it\/it\/a-firenze-i-sogni-diventano-opere-darte-nellinstallazione-di-jacopo-baboni-schilingi\/"]}]},{"@type":"ImageObject","inLanguage":"it-IT","@id":"https:\/\/www.intoscana.it\/it\/a-firenze-i-sogni-diventano-opere-darte-nellinstallazione-di-jacopo-baboni-schilingi\/#primaryimage","url":"https:\/\/www.intoscana.it\/wp-content\/uploads\/Argo_Baboni-Schilingi-1.jpg","contentUrl":"https:\/\/www.intoscana.it\/wp-content\/uploads\/Argo_Baboni-Schilingi-1.jpg","width":543,"height":399},{"@type":"BreadcrumbList","@id":"https:\/\/www.intoscana.it\/it\/a-firenze-i-sogni-diventano-opere-darte-nellinstallazione-di-jacopo-baboni-schilingi\/#breadcrumb","itemListElement":[{"@type":"ListItem","position":1,"name":"Home","item":"https:\/\/www.intoscana.it\/it\/"},{"@type":"ListItem","position":2,"name":"A Firenze i sogni &#8220;diventano&#8221; opere d&#8217;arte nell&#8217;installazione di Jacopo Baboni Schilingi"}]},{"@type":"WebSite","@id":"https:\/\/www.intoscana.it\/it\/#website","url":"https:\/\/www.intoscana.it\/it\/","name":"intoscana","description":"","potentialAction":[{"@type":"SearchAction","target":{"@type":"EntryPoint","urlTemplate":"https:\/\/www.intoscana.it\/it\/?s={search_term_string}"},"query-input":{"@type":"PropertyValueSpecification","valueRequired":true,"valueName":"search_term_string"}}],"inLanguage":"it-IT"},{"@type":"Person","@id":"https:\/\/www.intoscana.it\/it\/#\/schema\/person\/9223810753230f20bd670fdd322661f8","name":"Redazione","url":"https:\/\/www.intoscana.it\/it\/author\/redazione\/"}]}},"_links":{"self":[{"href":"https:\/\/www.intoscana.it\/it\/wp-json\/wp\/v2\/posts\/229575","targetHints":{"allow":["GET"]}}],"collection":[{"href":"https:\/\/www.intoscana.it\/it\/wp-json\/wp\/v2\/posts"}],"about":[{"href":"https:\/\/www.intoscana.it\/it\/wp-json\/wp\/v2\/types\/post"}],"author":[{"embeddable":true,"href":"https:\/\/www.intoscana.it\/it\/wp-json\/wp\/v2\/users\/525"}],"replies":[{"embeddable":true,"href":"https:\/\/www.intoscana.it\/it\/wp-json\/wp\/v2\/comments?post=229575"}],"version-history":[{"count":0,"href":"https:\/\/www.intoscana.it\/it\/wp-json\/wp\/v2\/posts\/229575\/revisions"}],"wp:featuredmedia":[{"embeddable":true,"href":"https:\/\/www.intoscana.it\/it\/wp-json\/wp\/v2\/media\/229565"}],"wp:attachment":[{"href":"https:\/\/www.intoscana.it\/it\/wp-json\/wp\/v2\/media?parent=229575"}],"wp:term":[{"taxonomy":"category","embeddable":true,"href":"https:\/\/www.intoscana.it\/it\/wp-json\/wp\/v2\/categories?post=229575"},{"taxonomy":"post_tag","embeddable":true,"href":"https:\/\/www.intoscana.it\/it\/wp-json\/wp\/v2\/tags?post=229575"}],"curies":[{"name":"wp","href":"https:\/\/api.w.org\/{rel}","templated":true}]}}